{"id":3496,"date":"2026-04-27T13:15:08","date_gmt":"2026-04-27T16:15:08","guid":{"rendered":"https:\/\/calmondivulgacoes.com.br\/?p=3496"},"modified":"2026-04-27T13:15:12","modified_gmt":"2026-04-27T16:15:12","slug":"centro-velorios-miguel-calmon-polemica","status":"publish","type":"post","link":"https:\/\/calmondivulgacoes.com.br\/en\/centro-velorios-miguel-calmon-polemica\/","title":{"rendered":"Advogada falar\u00e1 no Jornal Tribuna Livre sobre a pol\u00eamica do Centro Municipal de Vel\u00f3rios em Miguel Calmon"},"content":{"rendered":"<figure class=\"wp-block-image size-large\"><img fetchpriority=\"high\" decoding=\"async\" width=\"1024\" height=\"107\" src=\"https:\/\/calmondivulgacoes.com.br\/wp-content\/uploads\/2026\/04\/site-1-1024x107.png\" alt=\"\" class=\"wp-image-3483\" srcset=\"https:\/\/calmondivulgacoes.com.br\/wp-content\/uploads\/2026\/04\/site-1-1024x107.png 1024w, https:\/\/calmondivulgacoes.com.br\/wp-content\/uploads\/2026\/04\/site-1-300x31.png 300w, https:\/\/calmondivulgacoes.com.br\/wp-content\/uploads\/2026\/04\/site-1-150x16.png 150w, https:\/\/calmondivulgacoes.com.br\/wp-content\/uploads\/2026\/04\/site-1-768x80.png 768w, https:\/\/calmondivulgacoes.com.br\/wp-content\/uploads\/2026\/04\/site-1-1536x160.png 1536w, https:\/\/calmondivulgacoes.com.br\/wp-content\/uploads\/2026\/04\/site-1-18x2.png 18w, https:\/\/calmondivulgacoes.com.br\/wp-content\/uploads\/2026\/04\/site-1.png 1920w\" sizes=\"(max-width: 1024px) 100vw, 1024px\" \/><\/figure>\n\n\n\n<p>A edi\u00e7\u00e3o do programa <em>Tribuna Livre<\/em>, da R\u00e1dio Comunit\u00e1ria Canabrava FM 87,9, desta ter\u00e7a-feira (28\/04\/2026), trar\u00e1 como tema central a repercuss\u00e3o em torno da constru\u00e7\u00e3o do Centro Municipal de Vel\u00f3rios em Miguel Calmon.<\/p>\n\n\n\n<p>A pauta deve abordar questionamentos levantados por moradores, especialmente quanto \u00e0 localiza\u00e7\u00e3o da obra em \u00e1rea pr\u00f3xima a resid\u00eancias. Nos \u00faltimos dias, tamb\u00e9m circulam informa\u00e7\u00f5es sobre a poss\u00edvel organiza\u00e7\u00e3o de um abaixo-assinado contr\u00e1rio ao empreendimento, embora ainda n\u00e3o haja confirma\u00e7\u00e3o oficial sobre respons\u00e1veis ou n\u00famero de participantes.<\/p>\n\n\n\n<p>A advogada Dra. Rose Pires participar\u00e1 do programa, contribuindo com esclarecimentos jur\u00eddicos sobre a situa\u00e7\u00e3o, incluindo aspectos legais relacionados ao planejamento urbano e ao direito dos moradores.<\/p>\n\n\n\n<p>O debate ir\u00e1 ao ar das 17h \u00e0s 18h e promete ampliar a discuss\u00e3o p\u00fablica sobre o tema, ouvindo diferentes pontos de vista e refor\u00e7ando a import\u00e2ncia da transpar\u00eancia e do di\u00e1logo entre poder p\u00fablico e popula\u00e7\u00e3o.<\/p>\n\n\n\n<figure class=\"wp-block-image size-full\"><img decoding=\"async\" width=\"467\" height=\"591\" src=\"https:\/\/calmondivulgacoes.com.br\/wp-content\/uploads\/2026\/04\/rose.png\" alt=\"\" class=\"wp-image-3497\" srcset=\"https:\/\/calmondivulgacoes.com.br\/wp-content\/uploads\/2026\/04\/rose.png 467w, https:\/\/calmondivulgacoes.com.br\/wp-content\/uploads\/2026\/04\/rose-237x300.png 237w, https:\/\/calmondivulgacoes.com.br\/wp-content\/uploads\/2026\/04\/rose-119x150.png 119w, https:\/\/calmondivulgacoes.com.br\/wp-content\/uploads\/2026\/04\/rose-9x12.png 9w\" sizes=\"(max-width: 467px) 100vw, 467px\" \/><\/figure>","protected":false},"excerpt":{"rendered":"<p>Advogada Rose Pires participa do Tribuna Livre para debater a pol\u00eamica do Centro Municipal de Vel\u00f3rios em Miguel Calmon. Entenda os questionamentos e aspectos jur\u00eddicos.<\/p>","protected":false},"author":1,"featured_media":3498,"comment_status":"closed","ping_status":"closed","sticky":false,"template":"","format":"standard","meta":{"_uag_custom_page_level_css":"","_monsterinsights_skip_tracking":false,"_monsterinsights_sitenote_active":false,"_monsterinsights_sitenote_note":"","_monsterinsights_sitenote_category":0,"maa_idioma":"","maa_pais":"","footnotes":""},"categories":[40],"tags":[84,83,126,192,145,127],"class_list":["post-3496","post","type-post","status-publish","format-standard","has-post-thumbnail","hentry","category-miguel-calmon","tag-centro-de-velorios","tag-miguel-calmon","tag-polemica","tag-rose-pires","tag-tribuna-livre","tag-urbanismo"],"yoast_head":"<!-- This site is optimized with the Yoast SEO plugin v27.4 - https:\/\/yoast.com\/product\/yoast-seo-wordpress\/ -->\n<title>Advogada falar\u00e1 no Jornal Tribuna Livre sobre a pol\u00eamica do Centro Municipal de Vel\u00f3rios em Miguel Calmon - Calmon Divulga\u00e7\u00f5es<\/title>\n<meta name=\"robots\" content=\"index, follow, max-snippet:-1, max-image-preview:large, max-video-preview:-1\" \/>\n<link rel=\"canonical\" href=\"https:\/\/calmondivulgacoes.com.br\/en\/centro-velorios-miguel-calmon-polemica\/\" \/>\n<meta property=\"og:locale\" content=\"en_US\" \/>\n<meta property=\"og:type\" content=\"article\" \/>\n<meta property=\"og:title\" content=\"Advogada falar\u00e1 no Jornal Tribuna Livre sobre a pol\u00eamica do Centro Municipal de Vel\u00f3rios em Miguel Calmon - Calmon Divulga\u00e7\u00f5es\" \/>\n<meta property=\"og:description\" content=\"Advogada Rose Pires participa do Tribuna Livre para debater a pol\u00eamica do Centro Municipal de Vel\u00f3rios em Miguel Calmon. Entenda os questionamentos e aspectos jur\u00eddicos.\" \/>\n<meta property=\"og:url\" content=\"https:\/\/calmondivulgacoes.com.br\/en\/centro-velorios-miguel-calmon-polemica\/\" \/>\n<meta property=\"og:site_name\" content=\"Calmon Divulga\u00e7\u00f5es\" \/>\n<meta property=\"article:publisher\" content=\"https:\/\/www.facebook.com\/calmondivulgacoes\" \/>\n<meta property=\"article:published_time\" content=\"2026-04-27T16:15:08+00:00\" \/>\n<meta property=\"article:modified_time\" content=\"2026-04-27T16:15:12+00:00\" \/>\n<meta property=\"og:image\" content=\"https:\/\/calmondivulgacoes.com.br\/wp-content\/uploads\/2026\/04\/6365e687-034c-4aae-923e-2c86c4f24237.jpeg\" \/>\n\t<meta property=\"og:image:width\" content=\"959\" \/>\n\t<meta property=\"og:image:height\" content=\"1280\" \/>\n\t<meta property=\"og:image:type\" content=\"image\/jpeg\" \/>\n<meta name=\"author\" content=\"Calmon Divulga\u00e7\u00f5es\" \/>\n<meta name=\"twitter:card\" content=\"summary_large_image\" \/>\n<meta name=\"twitter:label1\" content=\"Written by\" \/>\n\t<meta name=\"twitter:data1\" content=\"Calmon Divulga\u00e7\u00f5es\" \/>\n\t<meta name=\"twitter:label2\" content=\"Est. reading time\" \/>\n\t<meta name=\"twitter:data2\" content=\"2 minutes\" \/>\n<script type=\"application\/ld+json\" class=\"yoast-schema-graph\">{\"@context\":\"https:\\\/\\\/schema.org\",\"@graph\":[{\"@type\":\"Article\",\"@id\":\"https:\\\/\\\/calmondivulgacoes.com.br\\\/centro-velorios-miguel-calmon-polemica\\\/#article\",\"isPartOf\":{\"@id\":\"https:\\\/\\\/calmondivulgacoes.com.br\\\/centro-velorios-miguel-calmon-polemica\\\/\"},\"author\":{\"name\":\"Calmon Divulga\u00e7\u00f5es\",\"@id\":\"https:\\\/\\\/calmondivulgacoes.com.br\\\/#\\\/schema\\\/person\\\/f51b6a75a3e31b01ea8f6fea23fc01fa\"},\"headline\":\"Advogada falar\u00e1 no Jornal Tribuna Livre sobre a pol\u00eamica do Centro Municipal de Vel\u00f3rios em Miguel Calmon\",\"datePublished\":\"2026-04-27T16:15:08+00:00\",\"dateModified\":\"2026-04-27T16:15:12+00:00\",\"mainEntityOfPage\":{\"@id\":\"https:\\\/\\\/calmondivulgacoes.com.br\\\/centro-velorios-miguel-calmon-polemica\\\/\"},\"wordCount\":189,\"publisher\":{\"@id\":\"https:\\\/\\\/calmondivulgacoes.com.br\\\/#organization\"},\"image\":{\"@id\":\"https:\\\/\\\/calmondivulgacoes.com.br\\\/centro-velorios-miguel-calmon-polemica\\\/#primaryimage\"},\"thumbnailUrl\":\"https:\\\/\\\/calmondivulgacoes.com.br\\\/wp-content\\\/uploads\\\/2026\\\/04\\\/6365e687-034c-4aae-923e-2c86c4f24237.jpeg\",\"keywords\":[\"Centro de Vel\u00f3rios\",\"Miguel Calmon\",\"Pol\u00eamica\",\"Rose Pires\",\"Tribuna Livre\",\"Urbanismo\"],\"articleSection\":[\"Miguel Calmon\"],\"inLanguage\":\"en-US\"},{\"@type\":\"WebPage\",\"@id\":\"https:\\\/\\\/calmondivulgacoes.com.br\\\/centro-velorios-miguel-calmon-polemica\\\/\",\"url\":\"https:\\\/\\\/calmondivulgacoes.com.br\\\/centro-velorios-miguel-calmon-polemica\\\/\",\"name\":\"Advogada falar\u00e1 no Jornal Tribuna Livre sobre a pol\u00eamica do Centro Municipal de Vel\u00f3rios em Miguel Calmon - Calmon Divulga\u00e7\u00f5es\",\"isPartOf\":{\"@id\":\"https:\\\/\\\/calmondivulgacoes.com.br\\\/#website\"},\"primaryImageOfPage\":{\"@id\":\"https:\\\/\\\/calmondivulgacoes.com.br\\\/centro-velorios-miguel-calmon-polemica\\\/#primaryimage\"},\"image\":{\"@id\":\"https:\\\/\\\/calmondivulgacoes.com.br\\\/centro-velorios-miguel-calmon-polemica\\\/#primaryimage\"},\"thumbnailUrl\":\"https:\\\/\\\/calmondivulgacoes.com.br\\\/wp-content\\\/uploads\\\/2026\\\/04\\\/6365e687-034c-4aae-923e-2c86c4f24237.jpeg\",\"datePublished\":\"2026-04-27T16:15:08+00:00\",\"dateModified\":\"2026-04-27T16:15:12+00:00\",\"breadcrumb\":{\"@id\":\"https:\\\/\\\/calmondivulgacoes.com.br\\\/centro-velorios-miguel-calmon-polemica\\\/#breadcrumb\"},\"inLanguage\":\"en-US\",\"potentialAction\":[{\"@type\":\"ReadAction\",\"target\":[\"https:\\\/\\\/calmondivulgacoes.com.br\\\/centro-velorios-miguel-calmon-polemica\\\/\"]}]},{\"@type\":\"ImageObject\",\"inLanguage\":\"en-US\",\"@id\":\"https:\\\/\\\/calmondivulgacoes.com.br\\\/centro-velorios-miguel-calmon-polemica\\\/#primaryimage\",\"url\":\"https:\\\/\\\/calmondivulgacoes.com.br\\\/wp-content\\\/uploads\\\/2026\\\/04\\\/6365e687-034c-4aae-923e-2c86c4f24237.jpeg\",\"contentUrl\":\"https:\\\/\\\/calmondivulgacoes.com.br\\\/wp-content\\\/uploads\\\/2026\\\/04\\\/6365e687-034c-4aae-923e-2c86c4f24237.jpeg\",\"width\":959,\"height\":1280},{\"@type\":\"BreadcrumbList\",\"@id\":\"https:\\\/\\\/calmondivulgacoes.com.br\\\/centro-velorios-miguel-calmon-polemica\\\/#breadcrumb\",\"itemListElement\":[{\"@type\":\"ListItem\",\"position\":1,\"name\":\"In\u00edcio\",\"item\":\"https:\\\/\\\/calmondivulgacoes.com.br\\\/\"},{\"@type\":\"ListItem\",\"position\":2,\"name\":\"Advogada falar\u00e1 no Jornal Tribuna Livre sobre a pol\u00eamica do Centro Municipal de Vel\u00f3rios em Miguel Calmon\"}]},{\"@type\":\"WebSite\",\"@id\":\"https:\\\/\\\/calmondivulgacoes.com.br\\\/#website\",\"url\":\"https:\\\/\\\/calmondivulgacoes.com.br\\\/\",\"name\":\"Calmon Divulga\u00e7\u00f5es\",\"description\":\"e Not\u00edcias\",\"publisher\":{\"@id\":\"https:\\\/\\\/calmondivulgacoes.com.br\\\/#organization\"},\"potentialAction\":[{\"@type\":\"SearchAction\",\"target\":{\"@type\":\"EntryPoint\",\"urlTemplate\":\"https:\\\/\\\/calmondivulgacoes.com.br\\\/?s={search_term_string}\"},\"query-input\":{\"@type\":\"PropertyValueSpecification\",\"valueRequired\":true,\"valueName\":\"search_term_string\"}}],\"inLanguage\":\"en-US\"},{\"@type\":\"Organization\",\"@id\":\"https:\\\/\\\/calmondivulgacoes.com.br\\\/#organization\",\"name\":\"Calmon Divulga\u00e7\u00f5es\",\"url\":\"https:\\\/\\\/calmondivulgacoes.com.br\\\/\",\"logo\":{\"@type\":\"ImageObject\",\"inLanguage\":\"en-US\",\"@id\":\"https:\\\/\\\/calmondivulgacoes.com.br\\\/#\\\/schema\\\/logo\\\/image\\\/\",\"url\":\"https:\\\/\\\/calmondivulgacoes.com.br\\\/wp-content\\\/uploads\\\/2026\\\/04\\\/cropped-WhatsApp_Image_2025-12-02_at_20.44.08-removebg-preview.png\",\"contentUrl\":\"https:\\\/\\\/calmondivulgacoes.com.br\\\/wp-content\\\/uploads\\\/2026\\\/04\\\/cropped-WhatsApp_Image_2025-12-02_at_20.44.08-removebg-preview.png\",\"width\":120,\"height\":120,\"caption\":\"Calmon Divulga\u00e7\u00f5es\"},\"image\":{\"@id\":\"https:\\\/\\\/calmondivulgacoes.com.br\\\/#\\\/schema\\\/logo\\\/image\\\/\"},\"sameAs\":[\"https:\\\/\\\/www.facebook.com\\\/calmondivulgacoes\",\"https:\\\/\\\/www.instagram.com\\\/calmondivulgacoes\\\/\"]},{\"@type\":\"Person\",\"@id\":\"https:\\\/\\\/calmondivulgacoes.com.br\\\/#\\\/schema\\\/person\\\/f51b6a75a3e31b01ea8f6fea23fc01fa\",\"name\":\"Calmon Divulga\u00e7\u00f5es\",\"image\":{\"@type\":\"ImageObject\",\"inLanguage\":\"en-US\",\"@id\":\"https:\\\/\\\/calmondivulgacoes.com.br\\\/wp-content\\\/litespeed\\\/avatar\\\/70d8f8af3b6e7945511481b97d22e67c.jpg?ver=1777223803\",\"url\":\"https:\\\/\\\/calmondivulgacoes.com.br\\\/wp-content\\\/litespeed\\\/avatar\\\/70d8f8af3b6e7945511481b97d22e67c.jpg?ver=1777223803\",\"contentUrl\":\"https:\\\/\\\/calmondivulgacoes.com.br\\\/wp-content\\\/litespeed\\\/avatar\\\/70d8f8af3b6e7945511481b97d22e67c.jpg?ver=1777223803\",\"caption\":\"Calmon Divulga\u00e7\u00f5es\"},\"sameAs\":[\"http:\\\/\\\/calmondivulgacoes.com.br\"],\"url\":\"https:\\\/\\\/calmondivulgacoes.com.br\\\/en\\\/autor\\\/calmondivulgacoesgmail-com\\\/\"}]}<\/script>\n<!-- \/ Yoast SEO plugin. -->","yoast_head_json":{"title":"Advogada falar\u00e1 no Jornal Tribuna Livre sobre a pol\u00eamica do Centro Municipal de Vel\u00f3rios em Miguel Calmon - Calmon Divulga\u00e7\u00f5es","robots":{"index":"index","follow":"follow","max-snippet":"max-snippet:-1","max-image-preview":"max-image-preview:large","max-video-preview":"max-video-preview:-1"},"canonical":"https:\/\/calmondivulgacoes.com.br\/en\/centro-velorios-miguel-calmon-polemica\/","og_locale":"en_US","og_type":"article","og_title":"Advogada falar\u00e1 no Jornal Tribuna Livre sobre a pol\u00eamica do Centro Municipal de Vel\u00f3rios em Miguel Calmon - Calmon Divulga\u00e7\u00f5es","og_description":"Advogada Rose Pires participa do Tribuna Livre para debater a pol\u00eamica do Centro Municipal de Vel\u00f3rios em Miguel Calmon. Entenda os questionamentos e aspectos jur\u00eddicos.","og_url":"https:\/\/calmondivulgacoes.com.br\/en\/centro-velorios-miguel-calmon-polemica\/","og_site_name":"Calmon Divulga\u00e7\u00f5es","article_publisher":"https:\/\/www.facebook.com\/calmondivulgacoes","article_published_time":"2026-04-27T16:15:08+00:00","article_modified_time":"2026-04-27T16:15:12+00:00","og_image":[{"width":959,"height":1280,"url":"https:\/\/calmondivulgacoes.com.br\/wp-content\/uploads\/2026\/04\/6365e687-034c-4aae-923e-2c86c4f24237.jpeg","type":"image\/jpeg"}],"author":"Calmon Divulga\u00e7\u00f5es","twitter_card":"summary_large_image","twitter_misc":{"Written by":"Calmon Divulga\u00e7\u00f5es","Est. reading time":"2 minutes"},"schema":{"@context":"https:\/\/schema.org","@graph":[{"@type":"Article","@id":"https:\/\/calmondivulgacoes.com.br\/centro-velorios-miguel-calmon-polemica\/#article","isPartOf":{"@id":"https:\/\/calmondivulgacoes.com.br\/centro-velorios-miguel-calmon-polemica\/"},"author":{"name":"Calmon Divulga\u00e7\u00f5es","@id":"https:\/\/calmondivulgacoes.com.br\/#\/schema\/person\/f51b6a75a3e31b01ea8f6fea23fc01fa"},"headline":"Advogada falar\u00e1 no Jornal Tribuna Livre sobre a pol\u00eamica do Centro Municipal de Vel\u00f3rios em Miguel Calmon","datePublished":"2026-04-27T16:15:08+00:00","dateModified":"2026-04-27T16:15:12+00:00","mainEntityOfPage":{"@id":"https:\/\/calmondivulgacoes.com.br\/centro-velorios-miguel-calmon-polemica\/"},"wordCount":189,"publisher":{"@id":"https:\/\/calmondivulgacoes.com.br\/#organization"},"image":{"@id":"https:\/\/calmondivulgacoes.com.br\/centro-velorios-miguel-calmon-polemica\/#primaryimage"},"thumbnailUrl":"https:\/\/calmondivulgacoes.com.br\/wp-content\/uploads\/2026\/04\/6365e687-034c-4aae-923e-2c86c4f24237.jpeg","keywords":["Centro de Vel\u00f3rios","Miguel Calmon","Pol\u00eamica","Rose Pires","Tribuna Livre","Urbanismo"],"articleSection":["Miguel Calmon"],"inLanguage":"en-US"},{"@type":"WebPage","@id":"https:\/\/calmondivulgacoes.com.br\/centro-velorios-miguel-calmon-polemica\/","url":"https:\/\/calmondivulgacoes.com.br\/centro-velorios-miguel-calmon-polemica\/","name":"Advogada falar\u00e1 no Jornal Tribuna Livre sobre a pol\u00eamica do Centro Municipal de Vel\u00f3rios em Miguel Calmon - Calmon Divulga\u00e7\u00f5es","isPartOf":{"@id":"https:\/\/calmondivulgacoes.com.br\/#website"},"primaryImageOfPage":{"@id":"https:\/\/calmondivulgacoes.com.br\/centro-velorios-miguel-calmon-polemica\/#primaryimage"},"image":{"@id":"https:\/\/calmondivulgacoes.com.br\/centro-velorios-miguel-calmon-polemica\/#primaryimage"},"thumbnailUrl":"https:\/\/calmondivulgacoes.com.br\/wp-content\/uploads\/2026\/04\/6365e687-034c-4aae-923e-2c86c4f24237.jpeg","datePublished":"2026-04-27T16:15:08+00:00","dateModified":"2026-04-27T16:15:12+00:00","breadcrumb":{"@id":"https:\/\/calmondivulgacoes.com.br\/centro-velorios-miguel-calmon-polemica\/#breadcrumb"},"inLanguage":"en-US","potentialAction":[{"@type":"ReadAction","target":["https:\/\/calmondivulgacoes.com.br\/centro-velorios-miguel-calmon-polemica\/"]}]},{"@type":"ImageObject","inLanguage":"en-US","@id":"https:\/\/calmondivulgacoes.com.br\/centro-velorios-miguel-calmon-polemica\/#primaryimage","url":"https:\/\/calmondivulgacoes.com.br\/wp-content\/uploads\/2026\/04\/6365e687-034c-4aae-923e-2c86c4f24237.jpeg","contentUrl":"https:\/\/calmondivulgacoes.com.br\/wp-content\/uploads\/2026\/04\/6365e687-034c-4aae-923e-2c86c4f24237.jpeg","width":959,"height":1280},{"@type":"BreadcrumbList","@id":"https:\/\/calmondivulgacoes.com.br\/centro-velorios-miguel-calmon-polemica\/#breadcrumb","itemListElement":[{"@type":"ListItem","position":1,"name":"In\u00edcio","item":"https:\/\/calmondivulgacoes.com.br\/"},{"@type":"ListItem","position":2,"name":"Advogada falar\u00e1 no Jornal Tribuna Livre sobre a pol\u00eamica do Centro Municipal de Vel\u00f3rios em Miguel Calmon"}]},{"@type":"WebSite","@id":"https:\/\/calmondivulgacoes.com.br\/#website","url":"https:\/\/calmondivulgacoes.com.br\/","name":"Calmon Divulga\u00e7\u00f5es","description":"e Not\u00edcias","publisher":{"@id":"https:\/\/calmondivulgacoes.com.br\/#organization"},"potentialAction":[{"@type":"SearchAction","target":{"@type":"EntryPoint","urlTemplate":"https:\/\/calmondivulgacoes.com.br\/?s={search_term_string}"},"query-input":{"@type":"PropertyValueSpecification","valueRequired":true,"valueName":"search_term_string"}}],"inLanguage":"en-US"},{"@type":"Organization","@id":"https:\/\/calmondivulgacoes.com.br\/#organization","name":"Calmon Divulga\u00e7\u00f5es","url":"https:\/\/calmondivulgacoes.com.br\/","logo":{"@type":"ImageObject","inLanguage":"en-US","@id":"https:\/\/calmondivulgacoes.com.br\/#\/schema\/logo\/image\/","url":"https:\/\/calmondivulgacoes.com.br\/wp-content\/uploads\/2026\/04\/cropped-WhatsApp_Image_2025-12-02_at_20.44.08-removebg-preview.png","contentUrl":"https:\/\/calmondivulgacoes.com.br\/wp-content\/uploads\/2026\/04\/cropped-WhatsApp_Image_2025-12-02_at_20.44.08-removebg-preview.png","width":120,"height":120,"caption":"Calmon Divulga\u00e7\u00f5es"},"image":{"@id":"https:\/\/calmondivulgacoes.com.br\/#\/schema\/logo\/image\/"},"sameAs":["https:\/\/www.facebook.com\/calmondivulgacoes","https:\/\/www.instagram.com\/calmondivulgacoes\/"]},{"@type":"Person","@id":"https:\/\/calmondivulgacoes.com.br\/#\/schema\/person\/f51b6a75a3e31b01ea8f6fea23fc01fa","name":"Calmon Divulga\u00e7\u00f5es","image":{"@type":"ImageObject","inLanguage":"en-US","@id":"https:\/\/calmondivulgacoes.com.br\/wp-content\/litespeed\/avatar\/70d8f8af3b6e7945511481b97d22e67c.jpg?ver=1777223803","url":"https:\/\/calmondivulgacoes.com.br\/wp-content\/litespeed\/avatar\/70d8f8af3b6e7945511481b97d22e67c.jpg?ver=1777223803","contentUrl":"https:\/\/calmondivulgacoes.com.br\/wp-content\/litespeed\/avatar\/70d8f8af3b6e7945511481b97d22e67c.jpg?ver=1777223803","caption":"Calmon Divulga\u00e7\u00f5es"},"sameAs":["http:\/\/calmondivulgacoes.com.br"],"url":"https:\/\/calmondivulgacoes.com.br\/en\/autor\/calmondivulgacoesgmail-com\/"}]}},"uagb_featured_image_src":{"full":["https:\/\/calmondivulgacoes.com.br\/wp-content\/uploads\/2026\/04\/6365e687-034c-4aae-923e-2c86c4f24237.jpeg",959,1280,false],"thumbnail":["https:\/\/calmondivulgacoes.com.br\/wp-content\/uploads\/2026\/04\/6365e687-034c-4aae-923e-2c86c4f24237-112x150.jpeg",112,150,true],"medium":["https:\/\/calmondivulgacoes.com.br\/wp-content\/uploads\/2026\/04\/6365e687-034c-4aae-923e-2c86c4f24237-225x300.jpeg",225,300,true],"medium_large":["https:\/\/calmondivulgacoes.com.br\/wp-content\/uploads\/2026\/04\/6365e687-034c-4aae-923e-2c86c4f24237-768x1025.jpeg",640,854,true],"large":["https:\/\/calmondivulgacoes.com.br\/wp-content\/uploads\/2026\/04\/6365e687-034c-4aae-923e-2c86c4f24237-767x1024.jpeg",640,854,true],"1536x1536":["https:\/\/calmondivulgacoes.com.br\/wp-content\/uploads\/2026\/04\/6365e687-034c-4aae-923e-2c86c4f24237.jpeg",959,1280,false],"2048x2048":["https:\/\/calmondivulgacoes.com.br\/wp-content\/uploads\/2026\/04\/6365e687-034c-4aae-923e-2c86c4f24237.jpeg",959,1280,false],"trp-custom-language-flag":["https:\/\/calmondivulgacoes.com.br\/wp-content\/uploads\/2026\/04\/6365e687-034c-4aae-923e-2c86c4f24237-9x12.jpeg",9,12,true],"cvmm-medium":["https:\/\/calmondivulgacoes.com.br\/wp-content\/uploads\/2026\/04\/6365e687-034c-4aae-923e-2c86c4f24237-300x300.jpeg",300,300,true],"cvmm-medium-plus":["https:\/\/calmondivulgacoes.com.br\/wp-content\/uploads\/2026\/04\/6365e687-034c-4aae-923e-2c86c4f24237-305x207.jpeg",305,207,true],"cvmm-portrait":["https:\/\/calmondivulgacoes.com.br\/wp-content\/uploads\/2026\/04\/6365e687-034c-4aae-923e-2c86c4f24237-400x600.jpeg",400,600,true],"cvmm-medium-square":["https:\/\/calmondivulgacoes.com.br\/wp-content\/uploads\/2026\/04\/6365e687-034c-4aae-923e-2c86c4f24237-600x600.jpeg",600,600,true],"cvmm-large":["https:\/\/calmondivulgacoes.com.br\/wp-content\/uploads\/2026\/04\/6365e687-034c-4aae-923e-2c86c4f24237-959x1024.jpeg",959,1024,true],"cvmm-small":["https:\/\/calmondivulgacoes.com.br\/wp-content\/uploads\/2026\/04\/6365e687-034c-4aae-923e-2c86c4f24237-130x95.jpeg",130,95,true]},"uagb_author_info":{"display_name":"Calmon Divulga\u00e7\u00f5es","author_link":"https:\/\/calmondivulgacoes.com.br\/en\/autor\/calmondivulgacoesgmail-com\/"},"uagb_comment_info":0,"uagb_excerpt":"Advogada Rose Pires participa do Tribuna Livre para debater a pol\u00eamica do Centro Municipal de Vel\u00f3rios em Miguel Calmon. Entenda os questionamentos e aspectos jur\u00eddicos.","blog_post_layout_featured_media_urls":{"thumbnail":["https:\/\/calmondivulgacoes.com.br\/wp-content\/uploads\/2026\/04\/6365e687-034c-4aae-923e-2c86c4f24237-112x150.jpeg",112,150,true],"full":["https:\/\/calmondivulgacoes.com.br\/wp-content\/uploads\/2026\/04\/6365e687-034c-4aae-923e-2c86c4f24237.jpeg",959,1280,false]},"categories_names":{"40":{"name":"Miguel Calmon","link":"https:\/\/calmondivulgacoes.com.br\/en\/category\/miguel-calmon\/"}},"tags_names":{"84":{"name":"Centro de Vel\u00f3rios","link":"https:\/\/calmondivulgacoes.com.br\/en\/tag\/centro-de-velorios\/"},"83":{"name":"Miguel Calmon","link":"https:\/\/calmondivulgacoes.com.br\/en\/tag\/miguel-calmon\/"},"126":{"name":"Pol\u00eamica","link":"https:\/\/calmondivulgacoes.com.br\/en\/tag\/polemica\/"},"192":{"name":"Rose Pires","link":"https:\/\/calmondivulgacoes.com.br\/en\/tag\/rose-pires\/"},"145":{"name":"Tribuna Livre","link":"https:\/\/calmondivulgacoes.com.br\/en\/tag\/tribuna-livre\/"},"127":{"name":"Urbanismo","link":"https:\/\/calmondivulgacoes.com.br\/en\/tag\/urbanismo\/"}},"comments_number":"0","wpmagazine_modules_lite_featured_media_urls":{"thumbnail":["https:\/\/calmondivulgacoes.com.br\/wp-content\/uploads\/2026\/04\/6365e687-034c-4aae-923e-2c86c4f24237-112x150.jpeg",112,150,true],"cvmm-medium":["https:\/\/calmondivulgacoes.com.br\/wp-content\/uploads\/2026\/04\/6365e687-034c-4aae-923e-2c86c4f24237-300x300.jpeg",300,300,true],"cvmm-medium-plus":["https:\/\/calmondivulgacoes.com.br\/wp-content\/uploads\/2026\/04\/6365e687-034c-4aae-923e-2c86c4f24237-305x207.jpeg",305,207,true],"cvmm-portrait":["https:\/\/calmondivulgacoes.com.br\/wp-content\/uploads\/2026\/04\/6365e687-034c-4aae-923e-2c86c4f24237-400x600.jpeg",400,600,true],"cvmm-medium-square":["https:\/\/calmondivulgacoes.com.br\/wp-content\/uploads\/2026\/04\/6365e687-034c-4aae-923e-2c86c4f24237-600x600.jpeg",600,600,true],"cvmm-large":["https:\/\/calmondivulgacoes.com.br\/wp-content\/uploads\/2026\/04\/6365e687-034c-4aae-923e-2c86c4f24237-959x1024.jpeg",959,1024,true],"cvmm-small":["https:\/\/calmondivulgacoes.com.br\/wp-content\/uploads\/2026\/04\/6365e687-034c-4aae-923e-2c86c4f24237-130x95.jpeg",130,95,true],"full":["https:\/\/calmondivulgacoes.com.br\/wp-content\/uploads\/2026\/04\/6365e687-034c-4aae-923e-2c86c4f24237.jpeg",959,1280,false]},"_links":{"self":[{"href":"https:\/\/calmondivulgacoes.com.br\/en\/wp-json\/wp\/v2\/posts\/3496","targetHints":{"allow":["GET"]}}],"collection":[{"href":"https:\/\/calmondivulgacoes.com.br\/en\/wp-json\/wp\/v2\/posts"}],"about":[{"href":"https:\/\/calmondivulgacoes.com.br\/en\/wp-json\/wp\/v2\/types\/post"}],"author":[{"embeddable":true,"href":"https:\/\/calmondivulgacoes.com.br\/en\/wp-json\/wp\/v2\/users\/1"}],"replies":[{"embeddable":true,"href":"https:\/\/calmondivulgacoes.com.br\/en\/wp-json\/wp\/v2\/comments?post=3496"}],"version-history":[{"count":1,"href":"https:\/\/calmondivulgacoes.com.br\/en\/wp-json\/wp\/v2\/posts\/3496\/revisions"}],"predecessor-version":[{"id":3499,"href":"https:\/\/calmondivulgacoes.com.br\/en\/wp-json\/wp\/v2\/posts\/3496\/revisions\/3499"}],"wp:featuredmedia":[{"embeddable":true,"href":"https:\/\/calmondivulgacoes.com.br\/en\/wp-json\/wp\/v2\/media\/3498"}],"wp:attachment":[{"href":"https:\/\/calmondivulgacoes.com.br\/en\/wp-json\/wp\/v2\/media?parent=3496"}],"wp:term":[{"taxonomy":"category","embeddable":true,"href":"https:\/\/calmondivulgacoes.com.br\/en\/wp-json\/wp\/v2\/categories?post=3496"},{"taxonomy":"post_tag","embeddable":true,"href":"https:\/\/calmondivulgacoes.com.br\/en\/wp-json\/wp\/v2\/tags?post=3496"}],"curies":[{"name":"wp","href":"https:\/\/api.w.org\/{rel}","templated":true}]}}