{"id":3471,"date":"2026-04-26T15:33:52","date_gmt":"2026-04-26T18:33:52","guid":{"rendered":"https:\/\/calmondivulgacoes.com.br\/?p=3471"},"modified":"2026-04-26T15:33:56","modified_gmt":"2026-04-26T18:33:56","slug":"fios-de-poste-pegam-fogo","status":"publish","type":"post","link":"https:\/\/calmondivulgacoes.com.br\/en\/fios-de-poste-pegam-fogo\/","title":{"rendered":"Fios de poste pegam fogo na Avenida Luiz Eduardo Magalh\u00e3es, regi\u00e3o da Canabrava em Miguel Calmon"},"content":{"rendered":"<figure class=\"wp-block-image size-large\"><img fetchpriority=\"high\" decoding=\"async\" width=\"1024\" height=\"107\" src=\"https:\/\/calmondivulgacoes.com.br\/wp-content\/uploads\/2026\/04\/site-1024x107.png\" alt=\"\" class=\"wp-image-3369\" srcset=\"https:\/\/calmondivulgacoes.com.br\/wp-content\/uploads\/2026\/04\/site-1024x107.png 1024w, https:\/\/calmondivulgacoes.com.br\/wp-content\/uploads\/2026\/04\/site-300x31.png 300w, https:\/\/calmondivulgacoes.com.br\/wp-content\/uploads\/2026\/04\/site-150x16.png 150w, https:\/\/calmondivulgacoes.com.br\/wp-content\/uploads\/2026\/04\/site-768x80.png 768w, https:\/\/calmondivulgacoes.com.br\/wp-content\/uploads\/2026\/04\/site-1536x160.png 1536w, https:\/\/calmondivulgacoes.com.br\/wp-content\/uploads\/2026\/04\/site-18x2.png 18w, https:\/\/calmondivulgacoes.com.br\/wp-content\/uploads\/2026\/04\/site.png 1920w\" sizes=\"(max-width: 1024px) 100vw, 1024px\" \/><\/figure>\n\n\n\n<p>Na manh\u00e3 deste domingo (26), moradores registraram um princ\u00edpio de inc\u00eandio em fios de um poste de energia el\u00e9trica na Avenida Luiz Eduardo Magalh\u00e3es, na regi\u00e3o de Canabrava, em Miguel Calmon.<\/p>\n\n\n\n<p>Imagens que circulam nas redes sociais mostram o momento em que os cabos apresentam fa\u00edscas e sinais de fogo na parte superior do poste.<\/p>\n\n\n\n<p>A situa\u00e7\u00e3o gerou preocupa\u00e7\u00e3o entre moradores da localidade, principalmente pelo risco de curto-circuito e poss\u00edvel interrup\u00e7\u00e3o no fornecimento de energia.<\/p>\n\n\n\n<p>At\u00e9 o momento, n\u00e3o h\u00e1 informa\u00e7\u00f5es sobre feridos ou sobre as causas do incidente.<\/p>\n\n\n\n<p>Tamb\u00e9m n\u00e3o foi confirmado se houve queda de energia na regi\u00e3o.<\/p>\n\n\n\n<p>A recomenda\u00e7\u00e3o em casos como esse \u00e9 que a popula\u00e7\u00e3o mantenha dist\u00e2ncia da \u00e1rea e acione imediatamente a concession\u00e1ria respons\u00e1vel pelo fornecimento de energia el\u00e9trica, al\u00e9m do Corpo de Bombeiros, quando necess\u00e1rio.<\/p>\n\n\n\n<p>O caso deve ser apurado pelas autoridades competentes para identificar as circunst\u00e2ncias do ocorrido e adotar as medidas cab\u00edveis.<\/p>\n\n\n\n<p>26\/04\/2026<\/p>\n\n\n\n<p><a href=\"https:\/\/www.instagram.com\/reel\/DXmi6jpiRuI\/?utm_source=ig_web_copy_link&amp;igsh=MzRlODBiNWFlZA==\" target=\"_blank\" rel=\"noopener\">Veja o v\u00eddeo clicando no link ou na imagem<\/a><\/p>\n\n\n\n<figure class=\"wp-block-image size-full\"><a href=\"https:\/\/www.instagram.com\/reel\/DXmi6jpiRuI\/?utm_source=ig_web_copy_link&amp;igsh=MzRlODBiNWFlZA==\" target=\"_blank\" rel=\"noopener\"><img decoding=\"async\" width=\"500\" height=\"500\" src=\"https:\/\/calmondivulgacoes.com.br\/wp-content\/uploads\/2026\/04\/fff1.png\" alt=\"\" class=\"wp-image-3472\" srcset=\"https:\/\/calmondivulgacoes.com.br\/wp-content\/uploads\/2026\/04\/fff1.png 500w, https:\/\/calmondivulgacoes.com.br\/wp-content\/uploads\/2026\/04\/fff1-300x300.png 300w, https:\/\/calmondivulgacoes.com.br\/wp-content\/uploads\/2026\/04\/fff1-150x150.png 150w, https:\/\/calmondivulgacoes.com.br\/wp-content\/uploads\/2026\/04\/fff1-12x12.png 12w\" sizes=\"(max-width: 500px) 100vw, 500px\" \/><\/a><\/figure>","protected":false},"excerpt":{"rendered":"<p>Fios de poste pegam fogo na Av. Luiz Eduardo Magalh\u00e3es, Canabrava, Miguel Calmon.<\/p>","protected":false},"author":1,"featured_media":3472,"comment_status":"closed","ping_status":"closed","sticky":false,"template":"","format":"standard","meta":{"_uag_custom_page_level_css":"","_monsterinsights_skip_tracking":false,"_monsterinsights_sitenote_active":false,"_monsterinsights_sitenote_note":"","_monsterinsights_sitenote_category":0,"maa_idioma":"","maa_pais":"","footnotes":""},"categories":[40],"tags":[179,105,178,180,181,83],"class_list":["post-3471","post","type-post","status-publish","format-standard","has-post-thumbnail","hentry","category-miguel-calmon","tag-canabrava","tag-energia-eletrica","tag-fios-de-poste","tag-incendio","tag-luiz-eduardo-magalhaes","tag-miguel-calmon"],"yoast_head":"<!-- This site is optimized with the Yoast SEO plugin v27.4 - https:\/\/yoast.com\/product\/yoast-seo-wordpress\/ -->\n<title>Fios de poste pegam fogo na Avenida Luiz Eduardo Magalh\u00e3es, regi\u00e3o da Canabrava em Miguel Calmon - Calmon Divulga\u00e7\u00f5es<\/title>\n<meta name=\"robots\" content=\"index, follow, max-snippet:-1, max-image-preview:large, max-video-preview:-1\" \/>\n<link rel=\"canonical\" href=\"https:\/\/calmondivulgacoes.com.br\/en\/fios-de-poste-pegam-fogo\/\" \/>\n<meta property=\"og:locale\" content=\"en_US\" \/>\n<meta property=\"og:type\" content=\"article\" \/>\n<meta property=\"og:title\" content=\"Fios de poste pegam fogo na Avenida Luiz Eduardo Magalh\u00e3es, regi\u00e3o da Canabrava em Miguel Calmon - Calmon Divulga\u00e7\u00f5es\" \/>\n<meta property=\"og:description\" content=\"Fios de poste pegam fogo na Av. Luiz Eduardo Magalh\u00e3es, Canabrava, Miguel Calmon.\" \/>\n<meta property=\"og:url\" content=\"https:\/\/calmondivulgacoes.com.br\/en\/fios-de-poste-pegam-fogo\/\" \/>\n<meta property=\"og:site_name\" content=\"Calmon Divulga\u00e7\u00f5es\" \/>\n<meta property=\"article:publisher\" content=\"https:\/\/www.facebook.com\/calmondivulgacoes\" \/>\n<meta property=\"article:published_time\" content=\"2026-04-26T18:33:52+00:00\" \/>\n<meta property=\"article:modified_time\" content=\"2026-04-26T18:33:56+00:00\" \/>\n<meta property=\"og:image\" content=\"https:\/\/calmondivulgacoes.com.br\/wp-content\/uploads\/2026\/04\/fff1.png\" \/>\n\t<meta property=\"og:image:width\" content=\"500\" \/>\n\t<meta property=\"og:image:height\" content=\"500\" \/>\n\t<meta property=\"og:image:type\" content=\"image\/png\" \/>\n<meta name=\"author\" content=\"Calmon Divulga\u00e7\u00f5es\" \/>\n<meta name=\"twitter:card\" content=\"summary_large_image\" \/>\n<meta name=\"twitter:label1\" content=\"Written by\" \/>\n\t<meta name=\"twitter:data1\" content=\"Calmon Divulga\u00e7\u00f5es\" \/>\n\t<meta name=\"twitter:label2\" content=\"Est. reading time\" \/>\n\t<meta name=\"twitter:data2\" content=\"2 minutes\" \/>\n<script type=\"application\/ld+json\" class=\"yoast-schema-graph\">{\"@context\":\"https:\\\/\\\/schema.org\",\"@graph\":[{\"@type\":\"Article\",\"@id\":\"https:\\\/\\\/calmondivulgacoes.com.br\\\/fios-de-poste-pegam-fogo\\\/#article\",\"isPartOf\":{\"@id\":\"https:\\\/\\\/calmondivulgacoes.com.br\\\/fios-de-poste-pegam-fogo\\\/\"},\"author\":{\"name\":\"Calmon Divulga\u00e7\u00f5es\",\"@id\":\"https:\\\/\\\/calmondivulgacoes.com.br\\\/#\\\/schema\\\/person\\\/f51b6a75a3e31b01ea8f6fea23fc01fa\"},\"headline\":\"Fios de poste pegam fogo na Avenida Luiz Eduardo Magalh\u00e3es, regi\u00e3o da Canabrava em Miguel Calmon\",\"datePublished\":\"2026-04-26T18:33:52+00:00\",\"dateModified\":\"2026-04-26T18:33:56+00:00\",\"mainEntityOfPage\":{\"@id\":\"https:\\\/\\\/calmondivulgacoes.com.br\\\/fios-de-poste-pegam-fogo\\\/\"},\"wordCount\":202,\"publisher\":{\"@id\":\"https:\\\/\\\/calmondivulgacoes.com.br\\\/#organization\"},\"image\":{\"@id\":\"https:\\\/\\\/calmondivulgacoes.com.br\\\/fios-de-poste-pegam-fogo\\\/#primaryimage\"},\"thumbnailUrl\":\"https:\\\/\\\/calmondivulgacoes.com.br\\\/wp-content\\\/uploads\\\/2026\\\/04\\\/fff1.png\",\"keywords\":[\"Canabrava\",\"energia el\u00e9trica\",\"fios de poste\",\"inc\u00eandio\",\"Luiz Eduardo Magalh\u00e3es\",\"Miguel Calmon\"],\"articleSection\":[\"Miguel Calmon\"],\"inLanguage\":\"en-US\"},{\"@type\":\"WebPage\",\"@id\":\"https:\\\/\\\/calmondivulgacoes.com.br\\\/fios-de-poste-pegam-fogo\\\/\",\"url\":\"https:\\\/\\\/calmondivulgacoes.com.br\\\/fios-de-poste-pegam-fogo\\\/\",\"name\":\"Fios de poste pegam fogo na Avenida Luiz Eduardo Magalh\u00e3es, regi\u00e3o da Canabrava em Miguel Calmon - Calmon Divulga\u00e7\u00f5es\",\"isPartOf\":{\"@id\":\"https:\\\/\\\/calmondivulgacoes.com.br\\\/#website\"},\"primaryImageOfPage\":{\"@id\":\"https:\\\/\\\/calmondivulgacoes.com.br\\\/fios-de-poste-pegam-fogo\\\/#primaryimage\"},\"image\":{\"@id\":\"https:\\\/\\\/calmondivulgacoes.com.br\\\/fios-de-poste-pegam-fogo\\\/#primaryimage\"},\"thumbnailUrl\":\"https:\\\/\\\/calmondivulgacoes.com.br\\\/wp-content\\\/uploads\\\/2026\\\/04\\\/fff1.png\",\"datePublished\":\"2026-04-26T18:33:52+00:00\",\"dateModified\":\"2026-04-26T18:33:56+00:00\",\"breadcrumb\":{\"@id\":\"https:\\\/\\\/calmondivulgacoes.com.br\\\/fios-de-poste-pegam-fogo\\\/#breadcrumb\"},\"inLanguage\":\"en-US\",\"potentialAction\":[{\"@type\":\"ReadAction\",\"target\":[\"https:\\\/\\\/calmondivulgacoes.com.br\\\/fios-de-poste-pegam-fogo\\\/\"]}]},{\"@type\":\"ImageObject\",\"inLanguage\":\"en-US\",\"@id\":\"https:\\\/\\\/calmondivulgacoes.com.br\\\/fios-de-poste-pegam-fogo\\\/#primaryimage\",\"url\":\"https:\\\/\\\/calmondivulgacoes.com.br\\\/wp-content\\\/uploads\\\/2026\\\/04\\\/fff1.png\",\"contentUrl\":\"https:\\\/\\\/calmondivulgacoes.com.br\\\/wp-content\\\/uploads\\\/2026\\\/04\\\/fff1.png\",\"width\":500,\"height\":500},{\"@type\":\"BreadcrumbList\",\"@id\":\"https:\\\/\\\/calmondivulgacoes.com.br\\\/fios-de-poste-pegam-fogo\\\/#breadcrumb\",\"itemListElement\":[{\"@type\":\"ListItem\",\"position\":1,\"name\":\"In\u00edcio\",\"item\":\"https:\\\/\\\/calmondivulgacoes.com.br\\\/\"},{\"@type\":\"ListItem\",\"position\":2,\"name\":\"Fios de poste pegam fogo na Avenida Luiz Eduardo Magalh\u00e3es, regi\u00e3o da Canabrava em Miguel Calmon\"}]},{\"@type\":\"WebSite\",\"@id\":\"https:\\\/\\\/calmondivulgacoes.com.br\\\/#website\",\"url\":\"https:\\\/\\\/calmondivulgacoes.com.br\\\/\",\"name\":\"Calmon Divulga\u00e7\u00f5es\",\"description\":\"e Not\u00edcias\",\"publisher\":{\"@id\":\"https:\\\/\\\/calmondivulgacoes.com.br\\\/#organization\"},\"potentialAction\":[{\"@type\":\"SearchAction\",\"target\":{\"@type\":\"EntryPoint\",\"urlTemplate\":\"https:\\\/\\\/calmondivulgacoes.com.br\\\/?s={search_term_string}\"},\"query-input\":{\"@type\":\"PropertyValueSpecification\",\"valueRequired\":true,\"valueName\":\"search_term_string\"}}],\"inLanguage\":\"en-US\"},{\"@type\":\"Organization\",\"@id\":\"https:\\\/\\\/calmondivulgacoes.com.br\\\/#organization\",\"name\":\"Calmon Divulga\u00e7\u00f5es\",\"url\":\"https:\\\/\\\/calmondivulgacoes.com.br\\\/\",\"logo\":{\"@type\":\"ImageObject\",\"inLanguage\":\"en-US\",\"@id\":\"https:\\\/\\\/calmondivulgacoes.com.br\\\/#\\\/schema\\\/logo\\\/image\\\/\",\"url\":\"https:\\\/\\\/calmondivulgacoes.com.br\\\/wp-content\\\/uploads\\\/2026\\\/04\\\/cropped-WhatsApp_Image_2025-12-02_at_20.44.08-removebg-preview.png\",\"contentUrl\":\"https:\\\/\\\/calmondivulgacoes.com.br\\\/wp-content\\\/uploads\\\/2026\\\/04\\\/cropped-WhatsApp_Image_2025-12-02_at_20.44.08-removebg-preview.png\",\"width\":120,\"height\":120,\"caption\":\"Calmon Divulga\u00e7\u00f5es\"},\"image\":{\"@id\":\"https:\\\/\\\/calmondivulgacoes.com.br\\\/#\\\/schema\\\/logo\\\/image\\\/\"},\"sameAs\":[\"https:\\\/\\\/www.facebook.com\\\/calmondivulgacoes\",\"https:\\\/\\\/www.instagram.com\\\/calmondivulgacoes\\\/\"]},{\"@type\":\"Person\",\"@id\":\"https:\\\/\\\/calmondivulgacoes.com.br\\\/#\\\/schema\\\/person\\\/f51b6a75a3e31b01ea8f6fea23fc01fa\",\"name\":\"Calmon Divulga\u00e7\u00f5es\",\"image\":{\"@type\":\"ImageObject\",\"inLanguage\":\"en-US\",\"@id\":\"https:\\\/\\\/calmondivulgacoes.com.br\\\/wp-content\\\/litespeed\\\/avatar\\\/70d8f8af3b6e7945511481b97d22e67c.jpg?ver=1777223803\",\"url\":\"https:\\\/\\\/calmondivulgacoes.com.br\\\/wp-content\\\/litespeed\\\/avatar\\\/70d8f8af3b6e7945511481b97d22e67c.jpg?ver=1777223803\",\"contentUrl\":\"https:\\\/\\\/calmondivulgacoes.com.br\\\/wp-content\\\/litespeed\\\/avatar\\\/70d8f8af3b6e7945511481b97d22e67c.jpg?ver=1777223803\",\"caption\":\"Calmon Divulga\u00e7\u00f5es\"},\"sameAs\":[\"http:\\\/\\\/calmondivulgacoes.com.br\"],\"url\":\"https:\\\/\\\/calmondivulgacoes.com.br\\\/en\\\/autor\\\/calmondivulgacoesgmail-com\\\/\"}]}<\/script>\n<!-- \/ Yoast SEO plugin. -->","yoast_head_json":{"title":"Fios de poste pegam fogo na Avenida Luiz Eduardo Magalh\u00e3es, regi\u00e3o da Canabrava em Miguel Calmon - Calmon Divulga\u00e7\u00f5es","robots":{"index":"index","follow":"follow","max-snippet":"max-snippet:-1","max-image-preview":"max-image-preview:large","max-video-preview":"max-video-preview:-1"},"canonical":"https:\/\/calmondivulgacoes.com.br\/en\/fios-de-poste-pegam-fogo\/","og_locale":"en_US","og_type":"article","og_title":"Fios de poste pegam fogo na Avenida Luiz Eduardo Magalh\u00e3es, regi\u00e3o da Canabrava em Miguel Calmon - Calmon Divulga\u00e7\u00f5es","og_description":"Fios de poste pegam fogo na Av. Luiz Eduardo Magalh\u00e3es, Canabrava, Miguel Calmon.","og_url":"https:\/\/calmondivulgacoes.com.br\/en\/fios-de-poste-pegam-fogo\/","og_site_name":"Calmon Divulga\u00e7\u00f5es","article_publisher":"https:\/\/www.facebook.com\/calmondivulgacoes","article_published_time":"2026-04-26T18:33:52+00:00","article_modified_time":"2026-04-26T18:33:56+00:00","og_image":[{"width":500,"height":500,"url":"https:\/\/calmondivulgacoes.com.br\/wp-content\/uploads\/2026\/04\/fff1.png","type":"image\/png"}],"author":"Calmon Divulga\u00e7\u00f5es","twitter_card":"summary_large_image","twitter_misc":{"Written by":"Calmon Divulga\u00e7\u00f5es","Est. reading time":"2 minutes"},"schema":{"@context":"https:\/\/schema.org","@graph":[{"@type":"Article","@id":"https:\/\/calmondivulgacoes.com.br\/fios-de-poste-pegam-fogo\/#article","isPartOf":{"@id":"https:\/\/calmondivulgacoes.com.br\/fios-de-poste-pegam-fogo\/"},"author":{"name":"Calmon Divulga\u00e7\u00f5es","@id":"https:\/\/calmondivulgacoes.com.br\/#\/schema\/person\/f51b6a75a3e31b01ea8f6fea23fc01fa"},"headline":"Fios de poste pegam fogo na Avenida Luiz Eduardo Magalh\u00e3es, regi\u00e3o da Canabrava em Miguel Calmon","datePublished":"2026-04-26T18:33:52+00:00","dateModified":"2026-04-26T18:33:56+00:00","mainEntityOfPage":{"@id":"https:\/\/calmondivulgacoes.com.br\/fios-de-poste-pegam-fogo\/"},"wordCount":202,"publisher":{"@id":"https:\/\/calmondivulgacoes.com.br\/#organization"},"image":{"@id":"https:\/\/calmondivulgacoes.com.br\/fios-de-poste-pegam-fogo\/#primaryimage"},"thumbnailUrl":"https:\/\/calmondivulgacoes.com.br\/wp-content\/uploads\/2026\/04\/fff1.png","keywords":["Canabrava","energia el\u00e9trica","fios de poste","inc\u00eandio","Luiz Eduardo Magalh\u00e3es","Miguel Calmon"],"articleSection":["Miguel Calmon"],"inLanguage":"en-US"},{"@type":"WebPage","@id":"https:\/\/calmondivulgacoes.com.br\/fios-de-poste-pegam-fogo\/","url":"https:\/\/calmondivulgacoes.com.br\/fios-de-poste-pegam-fogo\/","name":"Fios de poste pegam fogo na Avenida Luiz Eduardo Magalh\u00e3es, regi\u00e3o da Canabrava em Miguel Calmon - Calmon Divulga\u00e7\u00f5es","isPartOf":{"@id":"https:\/\/calmondivulgacoes.com.br\/#website"},"primaryImageOfPage":{"@id":"https:\/\/calmondivulgacoes.com.br\/fios-de-poste-pegam-fogo\/#primaryimage"},"image":{"@id":"https:\/\/calmondivulgacoes.com.br\/fios-de-poste-pegam-fogo\/#primaryimage"},"thumbnailUrl":"https:\/\/calmondivulgacoes.com.br\/wp-content\/uploads\/2026\/04\/fff1.png","datePublished":"2026-04-26T18:33:52+00:00","dateModified":"2026-04-26T18:33:56+00:00","breadcrumb":{"@id":"https:\/\/calmondivulgacoes.com.br\/fios-de-poste-pegam-fogo\/#breadcrumb"},"inLanguage":"en-US","potentialAction":[{"@type":"ReadAction","target":["https:\/\/calmondivulgacoes.com.br\/fios-de-poste-pegam-fogo\/"]}]},{"@type":"ImageObject","inLanguage":"en-US","@id":"https:\/\/calmondivulgacoes.com.br\/fios-de-poste-pegam-fogo\/#primaryimage","url":"https:\/\/calmondivulgacoes.com.br\/wp-content\/uploads\/2026\/04\/fff1.png","contentUrl":"https:\/\/calmondivulgacoes.com.br\/wp-content\/uploads\/2026\/04\/fff1.png","width":500,"height":500},{"@type":"BreadcrumbList","@id":"https:\/\/calmondivulgacoes.com.br\/fios-de-poste-pegam-fogo\/#breadcrumb","itemListElement":[{"@type":"ListItem","position":1,"name":"In\u00edcio","item":"https:\/\/calmondivulgacoes.com.br\/"},{"@type":"ListItem","position":2,"name":"Fios de poste pegam fogo na Avenida Luiz Eduardo Magalh\u00e3es, regi\u00e3o da Canabrava em Miguel Calmon"}]},{"@type":"WebSite","@id":"https:\/\/calmondivulgacoes.com.br\/#website","url":"https:\/\/calmondivulgacoes.com.br\/","name":"Calmon Divulga\u00e7\u00f5es","description":"e Not\u00edcias","publisher":{"@id":"https:\/\/calmondivulgacoes.com.br\/#organization"},"potentialAction":[{"@type":"SearchAction","target":{"@type":"EntryPoint","urlTemplate":"https:\/\/calmondivulgacoes.com.br\/?s={search_term_string}"},"query-input":{"@type":"PropertyValueSpecification","valueRequired":true,"valueName":"search_term_string"}}],"inLanguage":"en-US"},{"@type":"Organization","@id":"https:\/\/calmondivulgacoes.com.br\/#organization","name":"Calmon Divulga\u00e7\u00f5es","url":"https:\/\/calmondivulgacoes.com.br\/","logo":{"@type":"ImageObject","inLanguage":"en-US","@id":"https:\/\/calmondivulgacoes.com.br\/#\/schema\/logo\/image\/","url":"https:\/\/calmondivulgacoes.com.br\/wp-content\/uploads\/2026\/04\/cropped-WhatsApp_Image_2025-12-02_at_20.44.08-removebg-preview.png","contentUrl":"https:\/\/calmondivulgacoes.com.br\/wp-content\/uploads\/2026\/04\/cropped-WhatsApp_Image_2025-12-02_at_20.44.08-removebg-preview.png","width":120,"height":120,"caption":"Calmon Divulga\u00e7\u00f5es"},"image":{"@id":"https:\/\/calmondivulgacoes.com.br\/#\/schema\/logo\/image\/"},"sameAs":["https:\/\/www.facebook.com\/calmondivulgacoes","https:\/\/www.instagram.com\/calmondivulgacoes\/"]},{"@type":"Person","@id":"https:\/\/calmondivulgacoes.com.br\/#\/schema\/person\/f51b6a75a3e31b01ea8f6fea23fc01fa","name":"Calmon Divulga\u00e7\u00f5es","image":{"@type":"ImageObject","inLanguage":"en-US","@id":"https:\/\/calmondivulgacoes.com.br\/wp-content\/litespeed\/avatar\/70d8f8af3b6e7945511481b97d22e67c.jpg?ver=1777223803","url":"https:\/\/calmondivulgacoes.com.br\/wp-content\/litespeed\/avatar\/70d8f8af3b6e7945511481b97d22e67c.jpg?ver=1777223803","contentUrl":"https:\/\/calmondivulgacoes.com.br\/wp-content\/litespeed\/avatar\/70d8f8af3b6e7945511481b97d22e67c.jpg?ver=1777223803","caption":"Calmon Divulga\u00e7\u00f5es"},"sameAs":["http:\/\/calmondivulgacoes.com.br"],"url":"https:\/\/calmondivulgacoes.com.br\/en\/autor\/calmondivulgacoesgmail-com\/"}]}},"uagb_featured_image_src":{"full":["https:\/\/calmondivulgacoes.com.br\/wp-content\/uploads\/2026\/04\/fff1.png",500,500,false],"thumbnail":["https:\/\/calmondivulgacoes.com.br\/wp-content\/uploads\/2026\/04\/fff1-150x150.png",150,150,true],"medium":["https:\/\/calmondivulgacoes.com.br\/wp-content\/uploads\/2026\/04\/fff1-300x300.png",300,300,true],"medium_large":["https:\/\/calmondivulgacoes.com.br\/wp-content\/uploads\/2026\/04\/fff1.png",500,500,false],"large":["https:\/\/calmondivulgacoes.com.br\/wp-content\/uploads\/2026\/04\/fff1.png",500,500,false],"1536x1536":["https:\/\/calmondivulgacoes.com.br\/wp-content\/uploads\/2026\/04\/fff1.png",500,500,false],"2048x2048":["https:\/\/calmondivulgacoes.com.br\/wp-content\/uploads\/2026\/04\/fff1.png",500,500,false],"trp-custom-language-flag":["https:\/\/calmondivulgacoes.com.br\/wp-content\/uploads\/2026\/04\/fff1-12x12.png",12,12,true],"cvmm-medium":["https:\/\/calmondivulgacoes.com.br\/wp-content\/uploads\/2026\/04\/fff1-300x300.png",300,300,true],"cvmm-medium-plus":["https:\/\/calmondivulgacoes.com.br\/wp-content\/uploads\/2026\/04\/fff1-305x207.png",305,207,true],"cvmm-portrait":["https:\/\/calmondivulgacoes.com.br\/wp-content\/uploads\/2026\/04\/fff1-400x500.png",400,500,true],"cvmm-medium-square":["https:\/\/calmondivulgacoes.com.br\/wp-content\/uploads\/2026\/04\/fff1.png",500,500,false],"cvmm-large":["https:\/\/calmondivulgacoes.com.br\/wp-content\/uploads\/2026\/04\/fff1.png",500,500,false],"cvmm-small":["https:\/\/calmondivulgacoes.com.br\/wp-content\/uploads\/2026\/04\/fff1-130x95.png",130,95,true]},"uagb_author_info":{"display_name":"Calmon Divulga\u00e7\u00f5es","author_link":"https:\/\/calmondivulgacoes.com.br\/en\/autor\/calmondivulgacoesgmail-com\/"},"uagb_comment_info":0,"uagb_excerpt":"Fios de poste pegam fogo na Av. Luiz Eduardo Magalh\u00e3es, Canabrava, Miguel Calmon.","blog_post_layout_featured_media_urls":{"thumbnail":["https:\/\/calmondivulgacoes.com.br\/wp-content\/uploads\/2026\/04\/fff1-150x150.png",150,150,true],"full":["https:\/\/calmondivulgacoes.com.br\/wp-content\/uploads\/2026\/04\/fff1.png",500,500,false]},"categories_names":{"40":{"name":"Miguel Calmon","link":"https:\/\/calmondivulgacoes.com.br\/en\/category\/miguel-calmon\/"}},"tags_names":{"179":{"name":"Canabrava","link":"https:\/\/calmondivulgacoes.com.br\/en\/tag\/canabrava\/"},"105":{"name":"energia el\u00e9trica","link":"https:\/\/calmondivulgacoes.com.br\/en\/tag\/energia-eletrica\/"},"178":{"name":"fios de poste","link":"https:\/\/calmondivulgacoes.com.br\/en\/tag\/fios-de-poste\/"},"180":{"name":"inc\u00eandio","link":"https:\/\/calmondivulgacoes.com.br\/en\/tag\/incendio\/"},"181":{"name":"Luiz Eduardo Magalh\u00e3es","link":"https:\/\/calmondivulgacoes.com.br\/en\/tag\/luiz-eduardo-magalhaes\/"},"83":{"name":"Miguel Calmon","link":"https:\/\/calmondivulgacoes.com.br\/en\/tag\/miguel-calmon\/"}},"comments_number":"0","wpmagazine_modules_lite_featured_media_urls":{"thumbnail":["https:\/\/calmondivulgacoes.com.br\/wp-content\/uploads\/2026\/04\/fff1-150x150.png",150,150,true],"cvmm-medium":["https:\/\/calmondivulgacoes.com.br\/wp-content\/uploads\/2026\/04\/fff1-300x300.png",300,300,true],"cvmm-medium-plus":["https:\/\/calmondivulgacoes.com.br\/wp-content\/uploads\/2026\/04\/fff1-305x207.png",305,207,true],"cvmm-portrait":["https:\/\/calmondivulgacoes.com.br\/wp-content\/uploads\/2026\/04\/fff1-400x500.png",400,500,true],"cvmm-medium-square":["https:\/\/calmondivulgacoes.com.br\/wp-content\/uploads\/2026\/04\/fff1.png",500,500,false],"cvmm-large":["https:\/\/calmondivulgacoes.com.br\/wp-content\/uploads\/2026\/04\/fff1.png",500,500,false],"cvmm-small":["https:\/\/calmondivulgacoes.com.br\/wp-content\/uploads\/2026\/04\/fff1-130x95.png",130,95,true],"full":["https:\/\/calmondivulgacoes.com.br\/wp-content\/uploads\/2026\/04\/fff1.png",500,500,false]},"_links":{"self":[{"href":"https:\/\/calmondivulgacoes.com.br\/en\/wp-json\/wp\/v2\/posts\/3471","targetHints":{"allow":["GET"]}}],"collection":[{"href":"https:\/\/calmondivulgacoes.com.br\/en\/wp-json\/wp\/v2\/posts"}],"about":[{"href":"https:\/\/calmondivulgacoes.com.br\/en\/wp-json\/wp\/v2\/types\/post"}],"author":[{"embeddable":true,"href":"https:\/\/calmondivulgacoes.com.br\/en\/wp-json\/wp\/v2\/users\/1"}],"replies":[{"embeddable":true,"href":"https:\/\/calmondivulgacoes.com.br\/en\/wp-json\/wp\/v2\/comments?post=3471"}],"version-history":[{"count":1,"href":"https:\/\/calmondivulgacoes.com.br\/en\/wp-json\/wp\/v2\/posts\/3471\/revisions"}],"predecessor-version":[{"id":3473,"href":"https:\/\/calmondivulgacoes.com.br\/en\/wp-json\/wp\/v2\/posts\/3471\/revisions\/3473"}],"wp:featuredmedia":[{"embeddable":true,"href":"https:\/\/calmondivulgacoes.com.br\/en\/wp-json\/wp\/v2\/media\/3472"}],"wp:attachment":[{"href":"https:\/\/calmondivulgacoes.com.br\/en\/wp-json\/wp\/v2\/media?parent=3471"}],"wp:term":[{"taxonomy":"category","embeddable":true,"href":"https:\/\/calmondivulgacoes.com.br\/en\/wp-json\/wp\/v2\/categories?post=3471"},{"taxonomy":"post_tag","embeddable":true,"href":"https:\/\/calmondivulgacoes.com.br\/en\/wp-json\/wp\/v2\/tags?post=3471"}],"curies":[{"name":"wp","href":"https:\/\/api.w.org\/{rel}","templated":true}]}}