{"id":3468,"date":"2026-04-26T13:28:10","date_gmt":"2026-04-26T16:28:10","guid":{"rendered":"https:\/\/calmondivulgacoes.com.br\/?p=3468"},"modified":"2026-04-26T13:28:14","modified_gmt":"2026-04-26T16:28:14","slug":"atletico-mg-x-flamengo-brasileirao","status":"publish","type":"post","link":"https:\/\/calmondivulgacoes.com.br\/en\/atletico-mg-x-flamengo-brasileirao\/","title":{"rendered":"Cl\u00e1ssico da rodada: Atl\u00e9tico-MG recebe o Flamengo em busca de reabilita\u00e7\u00e3o no Brasileir\u00e3o S\u00e9rie A"},"content":{"rendered":"<figure class=\"wp-block-image size-large\"><img fetchpriority=\"high\" decoding=\"async\" width=\"1024\" height=\"107\" src=\"https:\/\/calmondivulgacoes.com.br\/wp-content\/uploads\/2026\/04\/site-1024x107.png\" alt=\"\" class=\"wp-image-3369\" srcset=\"https:\/\/calmondivulgacoes.com.br\/wp-content\/uploads\/2026\/04\/site-1024x107.png 1024w, https:\/\/calmondivulgacoes.com.br\/wp-content\/uploads\/2026\/04\/site-300x31.png 300w, https:\/\/calmondivulgacoes.com.br\/wp-content\/uploads\/2026\/04\/site-150x16.png 150w, https:\/\/calmondivulgacoes.com.br\/wp-content\/uploads\/2026\/04\/site-768x80.png 768w, https:\/\/calmondivulgacoes.com.br\/wp-content\/uploads\/2026\/04\/site-1536x160.png 1536w, https:\/\/calmondivulgacoes.com.br\/wp-content\/uploads\/2026\/04\/site-18x2.png 18w, https:\/\/calmondivulgacoes.com.br\/wp-content\/uploads\/2026\/04\/site.png 1920w\" sizes=\"(max-width: 1024px) 100vw, 1024px\" \/><\/figure>\n\n\n\n<p>O Clube Atl\u00e9tico Mineiro enfrenta o Clube de Regatas do Flamengo nesta rodada do Campeonato Brasileiro S\u00e9rie A, em partida marcada para hoje, \u00e0s 20h30.<\/p>\n\n\n\n<p>O confronto re\u00fane equipes em situa\u00e7\u00f5es distintas na tabela. O Atl\u00e9tico-MG aparece na 13\u00aa coloca\u00e7\u00e3o e busca recupera\u00e7\u00e3o na competi\u00e7\u00e3o, enquanto o Flamengo ocupa a 2\u00aa posi\u00e7\u00e3o e segue na disputa pelas primeiras coloca\u00e7\u00f5es.<\/p>\n\n\n\n<p>De acordo com as proje\u00e7\u00f5es, o Flamengo entra como favorito, com 46% de probabilidade de vit\u00f3ria, contra 26% do time mineiro, al\u00e9m de 28% de chance de empate.<\/p>\n\n\n\n<p>A expectativa \u00e9 de um jogo equilibrado, com o Atl\u00e9tico-MG tentando aproveitar o mando de campo, enquanto o Flamengo aposta na consist\u00eancia do elenco para conquistar pontos fora de casa e manter-se entre os l\u00edderes do campeonato.<\/p>","protected":false},"excerpt":{"rendered":"<p>Atl\u00e9tico-MG x Flamengo hoje pelo Brasileir\u00e3o S\u00e9rie A! Veja o confronto, onde assistir, escala\u00e7\u00f5es prov\u00e1veis e as chances de vit\u00f3ria no jogo.<\/p>","protected":false},"author":1,"featured_media":3469,"comment_status":"closed","ping_status":"closed","sticky":false,"template":"","format":"standard","meta":{"_uag_custom_page_level_css":"","_monsterinsights_skip_tracking":false,"_monsterinsights_sitenote_active":false,"_monsterinsights_sitenote_note":"","_monsterinsights_sitenote_category":0,"maa_idioma":"","maa_pais":"","footnotes":""},"categories":[41],"tags":[175,172,163,176,173,177],"class_list":["post-3468","post","type-post","status-publish","format-standard","has-post-thumbnail","hentry","category-esportes","tag-atletico-mg","tag-brasileirao","tag-campeonato-brasileiro","tag-flamengo","tag-futebol","tag-jogo-de-hoje"],"yoast_head":"<!-- This site is optimized with the Yoast SEO plugin v27.4 - https:\/\/yoast.com\/product\/yoast-seo-wordpress\/ -->\n<title>Cl\u00e1ssico da rodada: Atl\u00e9tico-MG recebe o Flamengo em busca de reabilita\u00e7\u00e3o no Brasileir\u00e3o S\u00e9rie A - Calmon Divulga\u00e7\u00f5es<\/title>\n<meta name=\"robots\" content=\"index, follow, max-snippet:-1, max-image-preview:large, max-video-preview:-1\" \/>\n<link rel=\"canonical\" href=\"https:\/\/calmondivulgacoes.com.br\/en\/atletico-mg-x-flamengo-brasileirao\/\" \/>\n<meta property=\"og:locale\" content=\"en_US\" \/>\n<meta property=\"og:type\" content=\"article\" \/>\n<meta property=\"og:title\" content=\"Cl\u00e1ssico da rodada: Atl\u00e9tico-MG recebe o Flamengo em busca de reabilita\u00e7\u00e3o no Brasileir\u00e3o S\u00e9rie A - Calmon Divulga\u00e7\u00f5es\" \/>\n<meta property=\"og:description\" content=\"Atl\u00e9tico-MG x Flamengo hoje pelo Brasileir\u00e3o S\u00e9rie A! Veja o confronto, onde assistir, escala\u00e7\u00f5es prov\u00e1veis e as chances de vit\u00f3ria no jogo.\" \/>\n<meta property=\"og:url\" content=\"https:\/\/calmondivulgacoes.com.br\/en\/atletico-mg-x-flamengo-brasileirao\/\" \/>\n<meta property=\"og:site_name\" content=\"Calmon Divulga\u00e7\u00f5es\" \/>\n<meta property=\"article:publisher\" content=\"https:\/\/www.facebook.com\/calmondivulgacoes\" \/>\n<meta property=\"article:published_time\" content=\"2026-04-26T16:28:10+00:00\" \/>\n<meta property=\"article:modified_time\" content=\"2026-04-26T16:28:14+00:00\" \/>\n<meta property=\"og:image\" content=\"https:\/\/calmondivulgacoes.com.br\/wp-content\/uploads\/2026\/04\/flamengo.png\" \/>\n\t<meta property=\"og:image:width\" content=\"500\" \/>\n\t<meta property=\"og:image:height\" content=\"500\" \/>\n\t<meta property=\"og:image:type\" content=\"image\/png\" \/>\n<meta name=\"author\" content=\"Calmon Divulga\u00e7\u00f5es\" \/>\n<meta name=\"twitter:card\" content=\"summary_large_image\" \/>\n<meta name=\"twitter:label1\" content=\"Written by\" \/>\n\t<meta name=\"twitter:data1\" content=\"Calmon Divulga\u00e7\u00f5es\" \/>\n\t<meta name=\"twitter:label2\" content=\"Est. reading time\" \/>\n\t<meta name=\"twitter:data2\" content=\"2 minutes\" \/>\n<script type=\"application\/ld+json\" class=\"yoast-schema-graph\">{\"@context\":\"https:\\\/\\\/schema.org\",\"@graph\":[{\"@type\":\"Article\",\"@id\":\"https:\\\/\\\/calmondivulgacoes.com.br\\\/atletico-mg-x-flamengo-brasileirao\\\/#article\",\"isPartOf\":{\"@id\":\"https:\\\/\\\/calmondivulgacoes.com.br\\\/atletico-mg-x-flamengo-brasileirao\\\/\"},\"author\":{\"name\":\"Calmon Divulga\u00e7\u00f5es\",\"@id\":\"https:\\\/\\\/calmondivulgacoes.com.br\\\/#\\\/schema\\\/person\\\/f51b6a75a3e31b01ea8f6fea23fc01fa\"},\"headline\":\"Cl\u00e1ssico da rodada: Atl\u00e9tico-MG recebe o Flamengo em busca de reabilita\u00e7\u00e3o no Brasileir\u00e3o S\u00e9rie A\",\"datePublished\":\"2026-04-26T16:28:10+00:00\",\"dateModified\":\"2026-04-26T16:28:14+00:00\",\"mainEntityOfPage\":{\"@id\":\"https:\\\/\\\/calmondivulgacoes.com.br\\\/atletico-mg-x-flamengo-brasileirao\\\/\"},\"wordCount\":154,\"publisher\":{\"@id\":\"https:\\\/\\\/calmondivulgacoes.com.br\\\/#organization\"},\"image\":{\"@id\":\"https:\\\/\\\/calmondivulgacoes.com.br\\\/atletico-mg-x-flamengo-brasileirao\\\/#primaryimage\"},\"thumbnailUrl\":\"https:\\\/\\\/calmondivulgacoes.com.br\\\/wp-content\\\/uploads\\\/2026\\\/04\\\/flamengo.png\",\"keywords\":[\"Atl\u00e9tico-MG\",\"Brasileir\u00e3o\",\"Campeonato Brasileiro\",\"Flamengo\",\"Futebol\",\"Jogo de hoje\"],\"articleSection\":[\"Esportes\"],\"inLanguage\":\"en-US\"},{\"@type\":\"WebPage\",\"@id\":\"https:\\\/\\\/calmondivulgacoes.com.br\\\/atletico-mg-x-flamengo-brasileirao\\\/\",\"url\":\"https:\\\/\\\/calmondivulgacoes.com.br\\\/atletico-mg-x-flamengo-brasileirao\\\/\",\"name\":\"Cl\u00e1ssico da rodada: Atl\u00e9tico-MG recebe o Flamengo em busca de reabilita\u00e7\u00e3o no Brasileir\u00e3o S\u00e9rie A - Calmon Divulga\u00e7\u00f5es\",\"isPartOf\":{\"@id\":\"https:\\\/\\\/calmondivulgacoes.com.br\\\/#website\"},\"primaryImageOfPage\":{\"@id\":\"https:\\\/\\\/calmondivulgacoes.com.br\\\/atletico-mg-x-flamengo-brasileirao\\\/#primaryimage\"},\"image\":{\"@id\":\"https:\\\/\\\/calmondivulgacoes.com.br\\\/atletico-mg-x-flamengo-brasileirao\\\/#primaryimage\"},\"thumbnailUrl\":\"https:\\\/\\\/calmondivulgacoes.com.br\\\/wp-content\\\/uploads\\\/2026\\\/04\\\/flamengo.png\",\"datePublished\":\"2026-04-26T16:28:10+00:00\",\"dateModified\":\"2026-04-26T16:28:14+00:00\",\"breadcrumb\":{\"@id\":\"https:\\\/\\\/calmondivulgacoes.com.br\\\/atletico-mg-x-flamengo-brasileirao\\\/#breadcrumb\"},\"inLanguage\":\"en-US\",\"potentialAction\":[{\"@type\":\"ReadAction\",\"target\":[\"https:\\\/\\\/calmondivulgacoes.com.br\\\/atletico-mg-x-flamengo-brasileirao\\\/\"]}]},{\"@type\":\"ImageObject\",\"inLanguage\":\"en-US\",\"@id\":\"https:\\\/\\\/calmondivulgacoes.com.br\\\/atletico-mg-x-flamengo-brasileirao\\\/#primaryimage\",\"url\":\"https:\\\/\\\/calmondivulgacoes.com.br\\\/wp-content\\\/uploads\\\/2026\\\/04\\\/flamengo.png\",\"contentUrl\":\"https:\\\/\\\/calmondivulgacoes.com.br\\\/wp-content\\\/uploads\\\/2026\\\/04\\\/flamengo.png\",\"width\":500,\"height\":500},{\"@type\":\"BreadcrumbList\",\"@id\":\"https:\\\/\\\/calmondivulgacoes.com.br\\\/atletico-mg-x-flamengo-brasileirao\\\/#breadcrumb\",\"itemListElement\":[{\"@type\":\"ListItem\",\"position\":1,\"name\":\"In\u00edcio\",\"item\":\"https:\\\/\\\/calmondivulgacoes.com.br\\\/\"},{\"@type\":\"ListItem\",\"position\":2,\"name\":\"Cl\u00e1ssico da rodada: Atl\u00e9tico-MG recebe o Flamengo em busca de reabilita\u00e7\u00e3o no Brasileir\u00e3o S\u00e9rie A\"}]},{\"@type\":\"WebSite\",\"@id\":\"https:\\\/\\\/calmondivulgacoes.com.br\\\/#website\",\"url\":\"https:\\\/\\\/calmondivulgacoes.com.br\\\/\",\"name\":\"Calmon Divulga\u00e7\u00f5es\",\"description\":\"e Not\u00edcias\",\"publisher\":{\"@id\":\"https:\\\/\\\/calmondivulgacoes.com.br\\\/#organization\"},\"potentialAction\":[{\"@type\":\"SearchAction\",\"target\":{\"@type\":\"EntryPoint\",\"urlTemplate\":\"https:\\\/\\\/calmondivulgacoes.com.br\\\/?s={search_term_string}\"},\"query-input\":{\"@type\":\"PropertyValueSpecification\",\"valueRequired\":true,\"valueName\":\"search_term_string\"}}],\"inLanguage\":\"en-US\"},{\"@type\":\"Organization\",\"@id\":\"https:\\\/\\\/calmondivulgacoes.com.br\\\/#organization\",\"name\":\"Calmon Divulga\u00e7\u00f5es\",\"url\":\"https:\\\/\\\/calmondivulgacoes.com.br\\\/\",\"logo\":{\"@type\":\"ImageObject\",\"inLanguage\":\"en-US\",\"@id\":\"https:\\\/\\\/calmondivulgacoes.com.br\\\/#\\\/schema\\\/logo\\\/image\\\/\",\"url\":\"https:\\\/\\\/calmondivulgacoes.com.br\\\/wp-content\\\/uploads\\\/2026\\\/04\\\/cropped-WhatsApp_Image_2025-12-02_at_20.44.08-removebg-preview.png\",\"contentUrl\":\"https:\\\/\\\/calmondivulgacoes.com.br\\\/wp-content\\\/uploads\\\/2026\\\/04\\\/cropped-WhatsApp_Image_2025-12-02_at_20.44.08-removebg-preview.png\",\"width\":120,\"height\":120,\"caption\":\"Calmon Divulga\u00e7\u00f5es\"},\"image\":{\"@id\":\"https:\\\/\\\/calmondivulgacoes.com.br\\\/#\\\/schema\\\/logo\\\/image\\\/\"},\"sameAs\":[\"https:\\\/\\\/www.facebook.com\\\/calmondivulgacoes\",\"https:\\\/\\\/www.instagram.com\\\/calmondivulgacoes\\\/\"]},{\"@type\":\"Person\",\"@id\":\"https:\\\/\\\/calmondivulgacoes.com.br\\\/#\\\/schema\\\/person\\\/f51b6a75a3e31b01ea8f6fea23fc01fa\",\"name\":\"Calmon Divulga\u00e7\u00f5es\",\"image\":{\"@type\":\"ImageObject\",\"inLanguage\":\"en-US\",\"@id\":\"https:\\\/\\\/calmondivulgacoes.com.br\\\/wp-content\\\/litespeed\\\/avatar\\\/70d8f8af3b6e7945511481b97d22e67c.jpg?ver=1777223803\",\"url\":\"https:\\\/\\\/calmondivulgacoes.com.br\\\/wp-content\\\/litespeed\\\/avatar\\\/70d8f8af3b6e7945511481b97d22e67c.jpg?ver=1777223803\",\"contentUrl\":\"https:\\\/\\\/calmondivulgacoes.com.br\\\/wp-content\\\/litespeed\\\/avatar\\\/70d8f8af3b6e7945511481b97d22e67c.jpg?ver=1777223803\",\"caption\":\"Calmon Divulga\u00e7\u00f5es\"},\"sameAs\":[\"http:\\\/\\\/calmondivulgacoes.com.br\"],\"url\":\"https:\\\/\\\/calmondivulgacoes.com.br\\\/en\\\/autor\\\/calmondivulgacoesgmail-com\\\/\"}]}<\/script>\n<!-- \/ Yoast SEO plugin. -->","yoast_head_json":{"title":"Cl\u00e1ssico da rodada: Atl\u00e9tico-MG recebe o Flamengo em busca de reabilita\u00e7\u00e3o no Brasileir\u00e3o S\u00e9rie A - Calmon Divulga\u00e7\u00f5es","robots":{"index":"index","follow":"follow","max-snippet":"max-snippet:-1","max-image-preview":"max-image-preview:large","max-video-preview":"max-video-preview:-1"},"canonical":"https:\/\/calmondivulgacoes.com.br\/en\/atletico-mg-x-flamengo-brasileirao\/","og_locale":"en_US","og_type":"article","og_title":"Cl\u00e1ssico da rodada: Atl\u00e9tico-MG recebe o Flamengo em busca de reabilita\u00e7\u00e3o no Brasileir\u00e3o S\u00e9rie A - Calmon Divulga\u00e7\u00f5es","og_description":"Atl\u00e9tico-MG x Flamengo hoje pelo Brasileir\u00e3o S\u00e9rie A! Veja o confronto, onde assistir, escala\u00e7\u00f5es prov\u00e1veis e as chances de vit\u00f3ria no jogo.","og_url":"https:\/\/calmondivulgacoes.com.br\/en\/atletico-mg-x-flamengo-brasileirao\/","og_site_name":"Calmon Divulga\u00e7\u00f5es","article_publisher":"https:\/\/www.facebook.com\/calmondivulgacoes","article_published_time":"2026-04-26T16:28:10+00:00","article_modified_time":"2026-04-26T16:28:14+00:00","og_image":[{"width":500,"height":500,"url":"https:\/\/calmondivulgacoes.com.br\/wp-content\/uploads\/2026\/04\/flamengo.png","type":"image\/png"}],"author":"Calmon Divulga\u00e7\u00f5es","twitter_card":"summary_large_image","twitter_misc":{"Written by":"Calmon Divulga\u00e7\u00f5es","Est. reading time":"2 minutes"},"schema":{"@context":"https:\/\/schema.org","@graph":[{"@type":"Article","@id":"https:\/\/calmondivulgacoes.com.br\/atletico-mg-x-flamengo-brasileirao\/#article","isPartOf":{"@id":"https:\/\/calmondivulgacoes.com.br\/atletico-mg-x-flamengo-brasileirao\/"},"author":{"name":"Calmon Divulga\u00e7\u00f5es","@id":"https:\/\/calmondivulgacoes.com.br\/#\/schema\/person\/f51b6a75a3e31b01ea8f6fea23fc01fa"},"headline":"Cl\u00e1ssico da rodada: Atl\u00e9tico-MG recebe o Flamengo em busca de reabilita\u00e7\u00e3o no Brasileir\u00e3o S\u00e9rie A","datePublished":"2026-04-26T16:28:10+00:00","dateModified":"2026-04-26T16:28:14+00:00","mainEntityOfPage":{"@id":"https:\/\/calmondivulgacoes.com.br\/atletico-mg-x-flamengo-brasileirao\/"},"wordCount":154,"publisher":{"@id":"https:\/\/calmondivulgacoes.com.br\/#organization"},"image":{"@id":"https:\/\/calmondivulgacoes.com.br\/atletico-mg-x-flamengo-brasileirao\/#primaryimage"},"thumbnailUrl":"https:\/\/calmondivulgacoes.com.br\/wp-content\/uploads\/2026\/04\/flamengo.png","keywords":["Atl\u00e9tico-MG","Brasileir\u00e3o","Campeonato Brasileiro","Flamengo","Futebol","Jogo de hoje"],"articleSection":["Esportes"],"inLanguage":"en-US"},{"@type":"WebPage","@id":"https:\/\/calmondivulgacoes.com.br\/atletico-mg-x-flamengo-brasileirao\/","url":"https:\/\/calmondivulgacoes.com.br\/atletico-mg-x-flamengo-brasileirao\/","name":"Cl\u00e1ssico da rodada: Atl\u00e9tico-MG recebe o Flamengo em busca de reabilita\u00e7\u00e3o no Brasileir\u00e3o S\u00e9rie A - Calmon Divulga\u00e7\u00f5es","isPartOf":{"@id":"https:\/\/calmondivulgacoes.com.br\/#website"},"primaryImageOfPage":{"@id":"https:\/\/calmondivulgacoes.com.br\/atletico-mg-x-flamengo-brasileirao\/#primaryimage"},"image":{"@id":"https:\/\/calmondivulgacoes.com.br\/atletico-mg-x-flamengo-brasileirao\/#primaryimage"},"thumbnailUrl":"https:\/\/calmondivulgacoes.com.br\/wp-content\/uploads\/2026\/04\/flamengo.png","datePublished":"2026-04-26T16:28:10+00:00","dateModified":"2026-04-26T16:28:14+00:00","breadcrumb":{"@id":"https:\/\/calmondivulgacoes.com.br\/atletico-mg-x-flamengo-brasileirao\/#breadcrumb"},"inLanguage":"en-US","potentialAction":[{"@type":"ReadAction","target":["https:\/\/calmondivulgacoes.com.br\/atletico-mg-x-flamengo-brasileirao\/"]}]},{"@type":"ImageObject","inLanguage":"en-US","@id":"https:\/\/calmondivulgacoes.com.br\/atletico-mg-x-flamengo-brasileirao\/#primaryimage","url":"https:\/\/calmondivulgacoes.com.br\/wp-content\/uploads\/2026\/04\/flamengo.png","contentUrl":"https:\/\/calmondivulgacoes.com.br\/wp-content\/uploads\/2026\/04\/flamengo.png","width":500,"height":500},{"@type":"BreadcrumbList","@id":"https:\/\/calmondivulgacoes.com.br\/atletico-mg-x-flamengo-brasileirao\/#breadcrumb","itemListElement":[{"@type":"ListItem","position":1,"name":"In\u00edcio","item":"https:\/\/calmondivulgacoes.com.br\/"},{"@type":"ListItem","position":2,"name":"Cl\u00e1ssico da rodada: Atl\u00e9tico-MG recebe o Flamengo em busca de reabilita\u00e7\u00e3o no Brasileir\u00e3o S\u00e9rie A"}]},{"@type":"WebSite","@id":"https:\/\/calmondivulgacoes.com.br\/#website","url":"https:\/\/calmondivulgacoes.com.br\/","name":"Calmon Divulga\u00e7\u00f5es","description":"e Not\u00edcias","publisher":{"@id":"https:\/\/calmondivulgacoes.com.br\/#organization"},"potentialAction":[{"@type":"SearchAction","target":{"@type":"EntryPoint","urlTemplate":"https:\/\/calmondivulgacoes.com.br\/?s={search_term_string}"},"query-input":{"@type":"PropertyValueSpecification","valueRequired":true,"valueName":"search_term_string"}}],"inLanguage":"en-US"},{"@type":"Organization","@id":"https:\/\/calmondivulgacoes.com.br\/#organization","name":"Calmon Divulga\u00e7\u00f5es","url":"https:\/\/calmondivulgacoes.com.br\/","logo":{"@type":"ImageObject","inLanguage":"en-US","@id":"https:\/\/calmondivulgacoes.com.br\/#\/schema\/logo\/image\/","url":"https:\/\/calmondivulgacoes.com.br\/wp-content\/uploads\/2026\/04\/cropped-WhatsApp_Image_2025-12-02_at_20.44.08-removebg-preview.png","contentUrl":"https:\/\/calmondivulgacoes.com.br\/wp-content\/uploads\/2026\/04\/cropped-WhatsApp_Image_2025-12-02_at_20.44.08-removebg-preview.png","width":120,"height":120,"caption":"Calmon Divulga\u00e7\u00f5es"},"image":{"@id":"https:\/\/calmondivulgacoes.com.br\/#\/schema\/logo\/image\/"},"sameAs":["https:\/\/www.facebook.com\/calmondivulgacoes","https:\/\/www.instagram.com\/calmondivulgacoes\/"]},{"@type":"Person","@id":"https:\/\/calmondivulgacoes.com.br\/#\/schema\/person\/f51b6a75a3e31b01ea8f6fea23fc01fa","name":"Calmon Divulga\u00e7\u00f5es","image":{"@type":"ImageObject","inLanguage":"en-US","@id":"https:\/\/calmondivulgacoes.com.br\/wp-content\/litespeed\/avatar\/70d8f8af3b6e7945511481b97d22e67c.jpg?ver=1777223803","url":"https:\/\/calmondivulgacoes.com.br\/wp-content\/litespeed\/avatar\/70d8f8af3b6e7945511481b97d22e67c.jpg?ver=1777223803","contentUrl":"https:\/\/calmondivulgacoes.com.br\/wp-content\/litespeed\/avatar\/70d8f8af3b6e7945511481b97d22e67c.jpg?ver=1777223803","caption":"Calmon Divulga\u00e7\u00f5es"},"sameAs":["http:\/\/calmondivulgacoes.com.br"],"url":"https:\/\/calmondivulgacoes.com.br\/en\/autor\/calmondivulgacoesgmail-com\/"}]}},"uagb_featured_image_src":{"full":["https:\/\/calmondivulgacoes.com.br\/wp-content\/uploads\/2026\/04\/flamengo.png",500,500,false],"thumbnail":["https:\/\/calmondivulgacoes.com.br\/wp-content\/uploads\/2026\/04\/flamengo-150x150.png",150,150,true],"medium":["https:\/\/calmondivulgacoes.com.br\/wp-content\/uploads\/2026\/04\/flamengo-300x300.png",300,300,true],"medium_large":["https:\/\/calmondivulgacoes.com.br\/wp-content\/uploads\/2026\/04\/flamengo.png",500,500,false],"large":["https:\/\/calmondivulgacoes.com.br\/wp-content\/uploads\/2026\/04\/flamengo.png",500,500,false],"1536x1536":["https:\/\/calmondivulgacoes.com.br\/wp-content\/uploads\/2026\/04\/flamengo.png",500,500,false],"2048x2048":["https:\/\/calmondivulgacoes.com.br\/wp-content\/uploads\/2026\/04\/flamengo.png",500,500,false],"trp-custom-language-flag":["https:\/\/calmondivulgacoes.com.br\/wp-content\/uploads\/2026\/04\/flamengo-12x12.png",12,12,true],"cvmm-medium":["https:\/\/calmondivulgacoes.com.br\/wp-content\/uploads\/2026\/04\/flamengo-300x300.png",300,300,true],"cvmm-medium-plus":["https:\/\/calmondivulgacoes.com.br\/wp-content\/uploads\/2026\/04\/flamengo-305x207.png",305,207,true],"cvmm-portrait":["https:\/\/calmondivulgacoes.com.br\/wp-content\/uploads\/2026\/04\/flamengo-400x500.png",400,500,true],"cvmm-medium-square":["https:\/\/calmondivulgacoes.com.br\/wp-content\/uploads\/2026\/04\/flamengo.png",500,500,false],"cvmm-large":["https:\/\/calmondivulgacoes.com.br\/wp-content\/uploads\/2026\/04\/flamengo.png",500,500,false],"cvmm-small":["https:\/\/calmondivulgacoes.com.br\/wp-content\/uploads\/2026\/04\/flamengo-130x95.png",130,95,true]},"uagb_author_info":{"display_name":"Calmon Divulga\u00e7\u00f5es","author_link":"https:\/\/calmondivulgacoes.com.br\/en\/autor\/calmondivulgacoesgmail-com\/"},"uagb_comment_info":0,"uagb_excerpt":"Atl\u00e9tico-MG x Flamengo hoje pelo Brasileir\u00e3o S\u00e9rie A! Veja o confronto, onde assistir, escala\u00e7\u00f5es prov\u00e1veis e as chances de vit\u00f3ria no jogo.","blog_post_layout_featured_media_urls":{"thumbnail":["https:\/\/calmondivulgacoes.com.br\/wp-content\/uploads\/2026\/04\/flamengo-150x150.png",150,150,true],"full":["https:\/\/calmondivulgacoes.com.br\/wp-content\/uploads\/2026\/04\/flamengo.png",500,500,false]},"categories_names":{"41":{"name":"Esportes","link":"https:\/\/calmondivulgacoes.com.br\/en\/category\/esportes\/"}},"tags_names":{"175":{"name":"Atl\u00e9tico-MG","link":"https:\/\/calmondivulgacoes.com.br\/en\/tag\/atletico-mg\/"},"172":{"name":"Brasileir\u00e3o","link":"https:\/\/calmondivulgacoes.com.br\/en\/tag\/brasileirao\/"},"163":{"name":"Campeonato Brasileiro","link":"https:\/\/calmondivulgacoes.com.br\/en\/tag\/campeonato-brasileiro\/"},"176":{"name":"Flamengo","link":"https:\/\/calmondivulgacoes.com.br\/en\/tag\/flamengo\/"},"173":{"name":"Futebol","link":"https:\/\/calmondivulgacoes.com.br\/en\/tag\/futebol\/"},"177":{"name":"Jogo de hoje","link":"https:\/\/calmondivulgacoes.com.br\/en\/tag\/jogo-de-hoje\/"}},"comments_number":"0","wpmagazine_modules_lite_featured_media_urls":{"thumbnail":["https:\/\/calmondivulgacoes.com.br\/wp-content\/uploads\/2026\/04\/flamengo-150x150.png",150,150,true],"cvmm-medium":["https:\/\/calmondivulgacoes.com.br\/wp-content\/uploads\/2026\/04\/flamengo-300x300.png",300,300,true],"cvmm-medium-plus":["https:\/\/calmondivulgacoes.com.br\/wp-content\/uploads\/2026\/04\/flamengo-305x207.png",305,207,true],"cvmm-portrait":["https:\/\/calmondivulgacoes.com.br\/wp-content\/uploads\/2026\/04\/flamengo-400x500.png",400,500,true],"cvmm-medium-square":["https:\/\/calmondivulgacoes.com.br\/wp-content\/uploads\/2026\/04\/flamengo.png",500,500,false],"cvmm-large":["https:\/\/calmondivulgacoes.com.br\/wp-content\/uploads\/2026\/04\/flamengo.png",500,500,false],"cvmm-small":["https:\/\/calmondivulgacoes.com.br\/wp-content\/uploads\/2026\/04\/flamengo-130x95.png",130,95,true],"full":["https:\/\/calmondivulgacoes.com.br\/wp-content\/uploads\/2026\/04\/flamengo.png",500,500,false]},"_links":{"self":[{"href":"https:\/\/calmondivulgacoes.com.br\/en\/wp-json\/wp\/v2\/posts\/3468","targetHints":{"allow":["GET"]}}],"collection":[{"href":"https:\/\/calmondivulgacoes.com.br\/en\/wp-json\/wp\/v2\/posts"}],"about":[{"href":"https:\/\/calmondivulgacoes.com.br\/en\/wp-json\/wp\/v2\/types\/post"}],"author":[{"embeddable":true,"href":"https:\/\/calmondivulgacoes.com.br\/en\/wp-json\/wp\/v2\/users\/1"}],"replies":[{"embeddable":true,"href":"https:\/\/calmondivulgacoes.com.br\/en\/wp-json\/wp\/v2\/comments?post=3468"}],"version-history":[{"count":1,"href":"https:\/\/calmondivulgacoes.com.br\/en\/wp-json\/wp\/v2\/posts\/3468\/revisions"}],"predecessor-version":[{"id":3470,"href":"https:\/\/calmondivulgacoes.com.br\/en\/wp-json\/wp\/v2\/posts\/3468\/revisions\/3470"}],"wp:featuredmedia":[{"embeddable":true,"href":"https:\/\/calmondivulgacoes.com.br\/en\/wp-json\/wp\/v2\/media\/3469"}],"wp:attachment":[{"href":"https:\/\/calmondivulgacoes.com.br\/en\/wp-json\/wp\/v2\/media?parent=3468"}],"wp:term":[{"taxonomy":"category","embeddable":true,"href":"https:\/\/calmondivulgacoes.com.br\/en\/wp-json\/wp\/v2\/categories?post=3468"},{"taxonomy":"post_tag","embeddable":true,"href":"https:\/\/calmondivulgacoes.com.br\/en\/wp-json\/wp\/v2\/tags?post=3468"}],"curies":[{"name":"wp","href":"https:\/\/api.w.org\/{rel}","templated":true}]}}