{"id":3457,"date":"2026-04-25T21:12:04","date_gmt":"2026-04-26T00:12:04","guid":{"rendered":"https:\/\/calmondivulgacoes.com.br\/?p=3457"},"modified":"2026-04-25T21:12:09","modified_gmt":"2026-04-26T00:12:09","slug":"novo-reajuste-do-valor-de-referencia-do-gas-do-povo-e-oficializado","status":"publish","type":"post","link":"https:\/\/calmondivulgacoes.com.br\/en\/novo-reajuste-do-valor-de-referencia-do-gas-do-povo-e-oficializado\/","title":{"rendered":"Novo reajuste do valor de refer\u00eancia do G\u00e1s do Povo \u00e9 oficializado"},"content":{"rendered":"<figure class=\"wp-block-image size-large\"><img fetchpriority=\"high\" decoding=\"async\" width=\"1024\" height=\"107\" src=\"https:\/\/calmondivulgacoes.com.br\/wp-content\/uploads\/2026\/04\/site-1024x107.png\" alt=\"\" class=\"wp-image-3369\" srcset=\"https:\/\/calmondivulgacoes.com.br\/wp-content\/uploads\/2026\/04\/site-1024x107.png 1024w, https:\/\/calmondivulgacoes.com.br\/wp-content\/uploads\/2026\/04\/site-300x31.png 300w, https:\/\/calmondivulgacoes.com.br\/wp-content\/uploads\/2026\/04\/site-150x16.png 150w, https:\/\/calmondivulgacoes.com.br\/wp-content\/uploads\/2026\/04\/site-768x80.png 768w, https:\/\/calmondivulgacoes.com.br\/wp-content\/uploads\/2026\/04\/site-1536x160.png 1536w, https:\/\/calmondivulgacoes.com.br\/wp-content\/uploads\/2026\/04\/site-18x2.png 18w, https:\/\/calmondivulgacoes.com.br\/wp-content\/uploads\/2026\/04\/site.png 1920w\" sizes=\"(max-width: 1024px) 100vw, 1024px\" \/><\/figure>\n\n\n\n<p>Em Miguel Calmon tem uma revendedora do Programa G\u00e1s do Povo, a Liquig\u00e1s de HUGO BATISTA DE MEDEIROS EIRELI tamb\u00e9m com \u00e1gua mineral de R$ 10 e R$ 25 gal\u00e3o completo, contato (74) 99991-2217, Rua Salvador Prado, n\u00ba 97, Centro, Miguel Calmon.<br><br>O Governo do Brasil reajustou os pre\u00e7os de refer\u00eancia a serem aplicados no programa G\u00e1s do Povo como parte das a\u00e7\u00f5es para mitigar os impactos do conflito no Oriente M\u00e9dio sobre os pre\u00e7os de insumos energ\u00e9ticos e proteger a popula\u00e7\u00e3o brasileira. <\/p>\n\n\n\n<p>O reajuste foi oficializado pelo Minist\u00e9rio de Minas e Energia (MME) e Minist\u00e9rio da Fazenda com a publica\u00e7\u00e3o da\u00a0<a href=\"https:\/\/www.in.gov.br\/web\/dou\/-\/portaria-interministerial-mme\/mf-n-2-de-17-de-abril-de-2026-700468979\" target=\"_blank\" rel=\"noreferrer noopener\">Portaria Interministerial MME\/MF n\u00ba 2<\/a>\u00a0no Di\u00e1rio Oficial da Uni\u00e3o.<\/p>\n\n\n\n<p>A atualiza\u00e7\u00e3o corrige defasagens em estados onde o pre\u00e7o praticado, no \u00e2mbito do G\u00e1s do Povo, estava acima dos limites previstos nas regras do programa, o que vinha impactando o ritmo de ades\u00e3o das revendas.<\/p>\n\n\n\n<p>Esse reajuste refor\u00e7a o papel do programa como principal pol\u00edtica p\u00fablica de acesso ao g\u00e1s de cozinha no Brasil. A iniciativa garante a recarga gratuita do botij\u00e3o de 13 quilos para fam\u00edlias inscritas no Cadastro \u00danico (Cad\u00danico), com renda per capita de at\u00e9 meio sal\u00e1rio-m\u00ednimo e cadastro atualizado.<\/p>\n\n\n\n<p>Atualmente, cerca de 15 milh\u00f5es de lares s\u00e3o atendidos em todos os munic\u00edpios brasileiros, beneficiando aproximadamente 50 milh\u00f5es de pessoas. Ao ampliar a rede de revendas e corrigir distor\u00e7\u00f5es regionais, o governo fortalece a efetividade do programa e assegura que o benef\u00edcio chegue a quem mais precisa.<\/p>\n\n\n\n<p>Com a medida, a expectativa \u00e9 consolidar a ades\u00e3o dos pontos de venda, ampliar a participa\u00e7\u00e3o de distribuidoras e aumentar a oferta de GLP, especialmente em munic\u00edpios ainda desatendidos. O impacto estimado da medida \u00e9 de R$ 300 milh\u00f5es.<\/p>\n\n\n\n<p><strong>Subven\u00e7\u00e3o para o g\u00e1s de cozinha<\/strong><br>Para mitigar o impacto direto da alta internacional sobre as fam\u00edlias brasileiras, o Governo do Brasil tamb\u00e9m instituiu uma subven\u00e7\u00e3o in\u00e9dita para o g\u00e1s de cozinha (GLP). A medida prev\u00ea o pagamento de R$ 850 por tonelada de GLP importado, com dota\u00e7\u00e3o de R$ 330 milh\u00f5es, buscando equalizar o pre\u00e7o do produto importado ao nacional. Na pr\u00e1tica, o subs\u00eddio pode representar cerca de 30% do valor do produto na sa\u00edda das refinarias, contribuindo para reduzir os efeitos da volatilidade externa e preservar o acesso ao g\u00e1s de cozinha no Pa\u00eds.<\/p>\n\n\n\n<p><em>Ag\u00eancia Gov<\/em>, Tauan Alencar\/MME, ptnosenado.org.br<\/p>\n\n\n\n<figure class=\"wp-block-image size-full\"><img decoding=\"async\" width=\"768\" height=\"512\" src=\"https:\/\/calmondivulgacoes.com.br\/wp-content\/uploads\/2026\/04\/Sem-titulo-9.jpg\" alt=\"\" class=\"wp-image-3458\" srcset=\"https:\/\/calmondivulgacoes.com.br\/wp-content\/uploads\/2026\/04\/Sem-titulo-9.jpg 768w, https:\/\/calmondivulgacoes.com.br\/wp-content\/uploads\/2026\/04\/Sem-titulo-9-300x200.jpg 300w, https:\/\/calmondivulgacoes.com.br\/wp-content\/uploads\/2026\/04\/Sem-titulo-9-150x100.jpg 150w, https:\/\/calmondivulgacoes.com.br\/wp-content\/uploads\/2026\/04\/Sem-titulo-9-18x12.jpg 18w\" sizes=\"(max-width: 768px) 100vw, 768px\" \/><\/figure>","protected":false},"excerpt":{"rendered":"<p>Governo oficializa novo reajuste no valor de refer\u00eancia do G\u00e1s do Povo.  <\/p>","protected":false},"author":1,"featured_media":3358,"comment_status":"closed","ping_status":"closed","sticky":false,"template":"","format":"standard","meta":{"_uag_custom_page_level_css":"","_monsterinsights_skip_tracking":false,"_monsterinsights_sitenote_active":false,"_monsterinsights_sitenote_note":"","_monsterinsights_sitenote_category":0,"maa_idioma":"","maa_pais":"","footnotes":""},"categories":[45],"tags":[161,160,162,159,83,157,158],"class_list":["post-3457","post","type-post","status-publish","format-standard","has-post-thumbnail","hentry","category-economia","tag-cadunico","tag-gas-do-povo","tag-glp","tag-governo-federal","tag-miguel-calmon","tag-programa-gas","tag-reajuste-gas"],"yoast_head":"<!-- This site is optimized with the Yoast SEO plugin v27.4 - https:\/\/yoast.com\/product\/yoast-seo-wordpress\/ -->\n<title>Novo reajuste do valor de refer\u00eancia do G\u00e1s do Povo \u00e9 oficializado - Calmon Divulga\u00e7\u00f5es<\/title>\n<meta name=\"robots\" content=\"index, follow, max-snippet:-1, max-image-preview:large, max-video-preview:-1\" \/>\n<link rel=\"canonical\" href=\"https:\/\/calmondivulgacoes.com.br\/en\/novo-reajuste-do-valor-de-referencia-do-gas-do-povo-e-oficializado\/\" \/>\n<meta property=\"og:locale\" content=\"en_US\" \/>\n<meta property=\"og:type\" content=\"article\" \/>\n<meta property=\"og:title\" content=\"Novo reajuste do valor de refer\u00eancia do G\u00e1s do Povo \u00e9 oficializado - Calmon Divulga\u00e7\u00f5es\" \/>\n<meta property=\"og:description\" content=\"Governo oficializa novo reajuste no valor de refer\u00eancia do G\u00e1s do Povo.\" \/>\n<meta property=\"og:url\" content=\"https:\/\/calmondivulgacoes.com.br\/en\/novo-reajuste-do-valor-de-referencia-do-gas-do-povo-e-oficializado\/\" \/>\n<meta property=\"og:site_name\" content=\"Calmon Divulga\u00e7\u00f5es\" \/>\n<meta property=\"article:publisher\" content=\"https:\/\/www.facebook.com\/calmondivulgacoes\" \/>\n<meta property=\"article:published_time\" content=\"2026-04-26T00:12:04+00:00\" \/>\n<meta property=\"article:modified_time\" content=\"2026-04-26T00:12:09+00:00\" \/>\n<meta property=\"og:image\" content=\"https:\/\/calmondivulgacoes.com.br\/wp-content\/uploads\/2026\/04\/liquigas-1.png\" \/>\n\t<meta property=\"og:image:width\" content=\"500\" \/>\n\t<meta property=\"og:image:height\" content=\"500\" \/>\n\t<meta property=\"og:image:type\" content=\"image\/png\" \/>\n<meta name=\"author\" content=\"Calmon Divulga\u00e7\u00f5es\" \/>\n<meta name=\"twitter:card\" content=\"summary_large_image\" \/>\n<meta name=\"twitter:label1\" content=\"Written by\" \/>\n\t<meta name=\"twitter:data1\" content=\"Calmon Divulga\u00e7\u00f5es\" \/>\n\t<meta name=\"twitter:label2\" content=\"Est. reading time\" \/>\n\t<meta name=\"twitter:data2\" content=\"3 minutes\" \/>\n<script type=\"application\/ld+json\" class=\"yoast-schema-graph\">{\"@context\":\"https:\\\/\\\/schema.org\",\"@graph\":[{\"@type\":\"Article\",\"@id\":\"https:\\\/\\\/calmondivulgacoes.com.br\\\/novo-reajuste-do-valor-de-referencia-do-gas-do-povo-e-oficializado\\\/#article\",\"isPartOf\":{\"@id\":\"https:\\\/\\\/calmondivulgacoes.com.br\\\/novo-reajuste-do-valor-de-referencia-do-gas-do-povo-e-oficializado\\\/\"},\"author\":{\"name\":\"Calmon Divulga\u00e7\u00f5es\",\"@id\":\"https:\\\/\\\/calmondivulgacoes.com.br\\\/#\\\/schema\\\/person\\\/f51b6a75a3e31b01ea8f6fea23fc01fa\"},\"headline\":\"Novo reajuste do valor de refer\u00eancia do G\u00e1s do Povo \u00e9 oficializado\",\"datePublished\":\"2026-04-26T00:12:04+00:00\",\"dateModified\":\"2026-04-26T00:12:09+00:00\",\"mainEntityOfPage\":{\"@id\":\"https:\\\/\\\/calmondivulgacoes.com.br\\\/novo-reajuste-do-valor-de-referencia-do-gas-do-povo-e-oficializado\\\/\"},\"wordCount\":441,\"publisher\":{\"@id\":\"https:\\\/\\\/calmondivulgacoes.com.br\\\/#organization\"},\"image\":{\"@id\":\"https:\\\/\\\/calmondivulgacoes.com.br\\\/novo-reajuste-do-valor-de-referencia-do-gas-do-povo-e-oficializado\\\/#primaryimage\"},\"thumbnailUrl\":\"https:\\\/\\\/calmondivulgacoes.com.br\\\/wp-content\\\/uploads\\\/2026\\\/04\\\/liquigas-1.png\",\"keywords\":[\"Cad\u00danico\",\"G\u00e1s do Povo\",\"GLP\",\"Governo Federal\",\"Miguel Calmon\",\"Programa G\u00e1s\",\"Reajuste G\u00e1s\"],\"articleSection\":[\"Economia\"],\"inLanguage\":\"en-US\"},{\"@type\":\"WebPage\",\"@id\":\"https:\\\/\\\/calmondivulgacoes.com.br\\\/novo-reajuste-do-valor-de-referencia-do-gas-do-povo-e-oficializado\\\/\",\"url\":\"https:\\\/\\\/calmondivulgacoes.com.br\\\/novo-reajuste-do-valor-de-referencia-do-gas-do-povo-e-oficializado\\\/\",\"name\":\"Novo reajuste do valor de refer\u00eancia do G\u00e1s do Povo \u00e9 oficializado - Calmon Divulga\u00e7\u00f5es\",\"isPartOf\":{\"@id\":\"https:\\\/\\\/calmondivulgacoes.com.br\\\/#website\"},\"primaryImageOfPage\":{\"@id\":\"https:\\\/\\\/calmondivulgacoes.com.br\\\/novo-reajuste-do-valor-de-referencia-do-gas-do-povo-e-oficializado\\\/#primaryimage\"},\"image\":{\"@id\":\"https:\\\/\\\/calmondivulgacoes.com.br\\\/novo-reajuste-do-valor-de-referencia-do-gas-do-povo-e-oficializado\\\/#primaryimage\"},\"thumbnailUrl\":\"https:\\\/\\\/calmondivulgacoes.com.br\\\/wp-content\\\/uploads\\\/2026\\\/04\\\/liquigas-1.png\",\"datePublished\":\"2026-04-26T00:12:04+00:00\",\"dateModified\":\"2026-04-26T00:12:09+00:00\",\"breadcrumb\":{\"@id\":\"https:\\\/\\\/calmondivulgacoes.com.br\\\/novo-reajuste-do-valor-de-referencia-do-gas-do-povo-e-oficializado\\\/#breadcrumb\"},\"inLanguage\":\"en-US\",\"potentialAction\":[{\"@type\":\"ReadAction\",\"target\":[\"https:\\\/\\\/calmondivulgacoes.com.br\\\/novo-reajuste-do-valor-de-referencia-do-gas-do-povo-e-oficializado\\\/\"]}]},{\"@type\":\"ImageObject\",\"inLanguage\":\"en-US\",\"@id\":\"https:\\\/\\\/calmondivulgacoes.com.br\\\/novo-reajuste-do-valor-de-referencia-do-gas-do-povo-e-oficializado\\\/#primaryimage\",\"url\":\"https:\\\/\\\/calmondivulgacoes.com.br\\\/wp-content\\\/uploads\\\/2026\\\/04\\\/liquigas-1.png\",\"contentUrl\":\"https:\\\/\\\/calmondivulgacoes.com.br\\\/wp-content\\\/uploads\\\/2026\\\/04\\\/liquigas-1.png\",\"width\":500,\"height\":500,\"caption\":\"@liquigasmiguelcalmon\"},{\"@type\":\"BreadcrumbList\",\"@id\":\"https:\\\/\\\/calmondivulgacoes.com.br\\\/novo-reajuste-do-valor-de-referencia-do-gas-do-povo-e-oficializado\\\/#breadcrumb\",\"itemListElement\":[{\"@type\":\"ListItem\",\"position\":1,\"name\":\"In\u00edcio\",\"item\":\"https:\\\/\\\/calmondivulgacoes.com.br\\\/\"},{\"@type\":\"ListItem\",\"position\":2,\"name\":\"Novo reajuste do valor de refer\u00eancia do G\u00e1s do Povo \u00e9 oficializado\"}]},{\"@type\":\"WebSite\",\"@id\":\"https:\\\/\\\/calmondivulgacoes.com.br\\\/#website\",\"url\":\"https:\\\/\\\/calmondivulgacoes.com.br\\\/\",\"name\":\"Calmon Divulga\u00e7\u00f5es\",\"description\":\"e Not\u00edcias\",\"publisher\":{\"@id\":\"https:\\\/\\\/calmondivulgacoes.com.br\\\/#organization\"},\"potentialAction\":[{\"@type\":\"SearchAction\",\"target\":{\"@type\":\"EntryPoint\",\"urlTemplate\":\"https:\\\/\\\/calmondivulgacoes.com.br\\\/?s={search_term_string}\"},\"query-input\":{\"@type\":\"PropertyValueSpecification\",\"valueRequired\":true,\"valueName\":\"search_term_string\"}}],\"inLanguage\":\"en-US\"},{\"@type\":\"Organization\",\"@id\":\"https:\\\/\\\/calmondivulgacoes.com.br\\\/#organization\",\"name\":\"Calmon Divulga\u00e7\u00f5es\",\"url\":\"https:\\\/\\\/calmondivulgacoes.com.br\\\/\",\"logo\":{\"@type\":\"ImageObject\",\"inLanguage\":\"en-US\",\"@id\":\"https:\\\/\\\/calmondivulgacoes.com.br\\\/#\\\/schema\\\/logo\\\/image\\\/\",\"url\":\"https:\\\/\\\/calmondivulgacoes.com.br\\\/wp-content\\\/uploads\\\/2026\\\/04\\\/cropped-WhatsApp_Image_2025-12-02_at_20.44.08-removebg-preview.png\",\"contentUrl\":\"https:\\\/\\\/calmondivulgacoes.com.br\\\/wp-content\\\/uploads\\\/2026\\\/04\\\/cropped-WhatsApp_Image_2025-12-02_at_20.44.08-removebg-preview.png\",\"width\":120,\"height\":120,\"caption\":\"Calmon Divulga\u00e7\u00f5es\"},\"image\":{\"@id\":\"https:\\\/\\\/calmondivulgacoes.com.br\\\/#\\\/schema\\\/logo\\\/image\\\/\"},\"sameAs\":[\"https:\\\/\\\/www.facebook.com\\\/calmondivulgacoes\",\"https:\\\/\\\/www.instagram.com\\\/calmondivulgacoes\\\/\"]},{\"@type\":\"Person\",\"@id\":\"https:\\\/\\\/calmondivulgacoes.com.br\\\/#\\\/schema\\\/person\\\/f51b6a75a3e31b01ea8f6fea23fc01fa\",\"name\":\"Calmon Divulga\u00e7\u00f5es\",\"image\":{\"@type\":\"ImageObject\",\"inLanguage\":\"en-US\",\"@id\":\"https:\\\/\\\/calmondivulgacoes.com.br\\\/wp-content\\\/litespeed\\\/avatar\\\/70d8f8af3b6e7945511481b97d22e67c.jpg?ver=1777223803\",\"url\":\"https:\\\/\\\/calmondivulgacoes.com.br\\\/wp-content\\\/litespeed\\\/avatar\\\/70d8f8af3b6e7945511481b97d22e67c.jpg?ver=1777223803\",\"contentUrl\":\"https:\\\/\\\/calmondivulgacoes.com.br\\\/wp-content\\\/litespeed\\\/avatar\\\/70d8f8af3b6e7945511481b97d22e67c.jpg?ver=1777223803\",\"caption\":\"Calmon Divulga\u00e7\u00f5es\"},\"sameAs\":[\"http:\\\/\\\/calmondivulgacoes.com.br\"],\"url\":\"https:\\\/\\\/calmondivulgacoes.com.br\\\/en\\\/autor\\\/calmondivulgacoesgmail-com\\\/\"}]}<\/script>\n<!-- \/ Yoast SEO plugin. -->","yoast_head_json":{"title":"Novo reajuste do valor de refer\u00eancia do G\u00e1s do Povo \u00e9 oficializado - Calmon Divulga\u00e7\u00f5es","robots":{"index":"index","follow":"follow","max-snippet":"max-snippet:-1","max-image-preview":"max-image-preview:large","max-video-preview":"max-video-preview:-1"},"canonical":"https:\/\/calmondivulgacoes.com.br\/en\/novo-reajuste-do-valor-de-referencia-do-gas-do-povo-e-oficializado\/","og_locale":"en_US","og_type":"article","og_title":"Novo reajuste do valor de refer\u00eancia do G\u00e1s do Povo \u00e9 oficializado - Calmon Divulga\u00e7\u00f5es","og_description":"Governo oficializa novo reajuste no valor de refer\u00eancia do G\u00e1s do Povo.","og_url":"https:\/\/calmondivulgacoes.com.br\/en\/novo-reajuste-do-valor-de-referencia-do-gas-do-povo-e-oficializado\/","og_site_name":"Calmon Divulga\u00e7\u00f5es","article_publisher":"https:\/\/www.facebook.com\/calmondivulgacoes","article_published_time":"2026-04-26T00:12:04+00:00","article_modified_time":"2026-04-26T00:12:09+00:00","og_image":[{"width":500,"height":500,"url":"https:\/\/calmondivulgacoes.com.br\/wp-content\/uploads\/2026\/04\/liquigas-1.png","type":"image\/png"}],"author":"Calmon Divulga\u00e7\u00f5es","twitter_card":"summary_large_image","twitter_misc":{"Written by":"Calmon Divulga\u00e7\u00f5es","Est. reading time":"3 minutes"},"schema":{"@context":"https:\/\/schema.org","@graph":[{"@type":"Article","@id":"https:\/\/calmondivulgacoes.com.br\/novo-reajuste-do-valor-de-referencia-do-gas-do-povo-e-oficializado\/#article","isPartOf":{"@id":"https:\/\/calmondivulgacoes.com.br\/novo-reajuste-do-valor-de-referencia-do-gas-do-povo-e-oficializado\/"},"author":{"name":"Calmon Divulga\u00e7\u00f5es","@id":"https:\/\/calmondivulgacoes.com.br\/#\/schema\/person\/f51b6a75a3e31b01ea8f6fea23fc01fa"},"headline":"Novo reajuste do valor de refer\u00eancia do G\u00e1s do Povo \u00e9 oficializado","datePublished":"2026-04-26T00:12:04+00:00","dateModified":"2026-04-26T00:12:09+00:00","mainEntityOfPage":{"@id":"https:\/\/calmondivulgacoes.com.br\/novo-reajuste-do-valor-de-referencia-do-gas-do-povo-e-oficializado\/"},"wordCount":441,"publisher":{"@id":"https:\/\/calmondivulgacoes.com.br\/#organization"},"image":{"@id":"https:\/\/calmondivulgacoes.com.br\/novo-reajuste-do-valor-de-referencia-do-gas-do-povo-e-oficializado\/#primaryimage"},"thumbnailUrl":"https:\/\/calmondivulgacoes.com.br\/wp-content\/uploads\/2026\/04\/liquigas-1.png","keywords":["Cad\u00danico","G\u00e1s do Povo","GLP","Governo Federal","Miguel Calmon","Programa G\u00e1s","Reajuste G\u00e1s"],"articleSection":["Economia"],"inLanguage":"en-US"},{"@type":"WebPage","@id":"https:\/\/calmondivulgacoes.com.br\/novo-reajuste-do-valor-de-referencia-do-gas-do-povo-e-oficializado\/","url":"https:\/\/calmondivulgacoes.com.br\/novo-reajuste-do-valor-de-referencia-do-gas-do-povo-e-oficializado\/","name":"Novo reajuste do valor de refer\u00eancia do G\u00e1s do Povo \u00e9 oficializado - Calmon Divulga\u00e7\u00f5es","isPartOf":{"@id":"https:\/\/calmondivulgacoes.com.br\/#website"},"primaryImageOfPage":{"@id":"https:\/\/calmondivulgacoes.com.br\/novo-reajuste-do-valor-de-referencia-do-gas-do-povo-e-oficializado\/#primaryimage"},"image":{"@id":"https:\/\/calmondivulgacoes.com.br\/novo-reajuste-do-valor-de-referencia-do-gas-do-povo-e-oficializado\/#primaryimage"},"thumbnailUrl":"https:\/\/calmondivulgacoes.com.br\/wp-content\/uploads\/2026\/04\/liquigas-1.png","datePublished":"2026-04-26T00:12:04+00:00","dateModified":"2026-04-26T00:12:09+00:00","breadcrumb":{"@id":"https:\/\/calmondivulgacoes.com.br\/novo-reajuste-do-valor-de-referencia-do-gas-do-povo-e-oficializado\/#breadcrumb"},"inLanguage":"en-US","potentialAction":[{"@type":"ReadAction","target":["https:\/\/calmondivulgacoes.com.br\/novo-reajuste-do-valor-de-referencia-do-gas-do-povo-e-oficializado\/"]}]},{"@type":"ImageObject","inLanguage":"en-US","@id":"https:\/\/calmondivulgacoes.com.br\/novo-reajuste-do-valor-de-referencia-do-gas-do-povo-e-oficializado\/#primaryimage","url":"https:\/\/calmondivulgacoes.com.br\/wp-content\/uploads\/2026\/04\/liquigas-1.png","contentUrl":"https:\/\/calmondivulgacoes.com.br\/wp-content\/uploads\/2026\/04\/liquigas-1.png","width":500,"height":500,"caption":"@liquigasmiguelcalmon"},{"@type":"BreadcrumbList","@id":"https:\/\/calmondivulgacoes.com.br\/novo-reajuste-do-valor-de-referencia-do-gas-do-povo-e-oficializado\/#breadcrumb","itemListElement":[{"@type":"ListItem","position":1,"name":"In\u00edcio","item":"https:\/\/calmondivulgacoes.com.br\/"},{"@type":"ListItem","position":2,"name":"Novo reajuste do valor de refer\u00eancia do G\u00e1s do Povo \u00e9 oficializado"}]},{"@type":"WebSite","@id":"https:\/\/calmondivulgacoes.com.br\/#website","url":"https:\/\/calmondivulgacoes.com.br\/","name":"Calmon Divulga\u00e7\u00f5es","description":"e Not\u00edcias","publisher":{"@id":"https:\/\/calmondivulgacoes.com.br\/#organization"},"potentialAction":[{"@type":"SearchAction","target":{"@type":"EntryPoint","urlTemplate":"https:\/\/calmondivulgacoes.com.br\/?s={search_term_string}"},"query-input":{"@type":"PropertyValueSpecification","valueRequired":true,"valueName":"search_term_string"}}],"inLanguage":"en-US"},{"@type":"Organization","@id":"https:\/\/calmondivulgacoes.com.br\/#organization","name":"Calmon Divulga\u00e7\u00f5es","url":"https:\/\/calmondivulgacoes.com.br\/","logo":{"@type":"ImageObject","inLanguage":"en-US","@id":"https:\/\/calmondivulgacoes.com.br\/#\/schema\/logo\/image\/","url":"https:\/\/calmondivulgacoes.com.br\/wp-content\/uploads\/2026\/04\/cropped-WhatsApp_Image_2025-12-02_at_20.44.08-removebg-preview.png","contentUrl":"https:\/\/calmondivulgacoes.com.br\/wp-content\/uploads\/2026\/04\/cropped-WhatsApp_Image_2025-12-02_at_20.44.08-removebg-preview.png","width":120,"height":120,"caption":"Calmon Divulga\u00e7\u00f5es"},"image":{"@id":"https:\/\/calmondivulgacoes.com.br\/#\/schema\/logo\/image\/"},"sameAs":["https:\/\/www.facebook.com\/calmondivulgacoes","https:\/\/www.instagram.com\/calmondivulgacoes\/"]},{"@type":"Person","@id":"https:\/\/calmondivulgacoes.com.br\/#\/schema\/person\/f51b6a75a3e31b01ea8f6fea23fc01fa","name":"Calmon Divulga\u00e7\u00f5es","image":{"@type":"ImageObject","inLanguage":"en-US","@id":"https:\/\/calmondivulgacoes.com.br\/wp-content\/litespeed\/avatar\/70d8f8af3b6e7945511481b97d22e67c.jpg?ver=1777223803","url":"https:\/\/calmondivulgacoes.com.br\/wp-content\/litespeed\/avatar\/70d8f8af3b6e7945511481b97d22e67c.jpg?ver=1777223803","contentUrl":"https:\/\/calmondivulgacoes.com.br\/wp-content\/litespeed\/avatar\/70d8f8af3b6e7945511481b97d22e67c.jpg?ver=1777223803","caption":"Calmon Divulga\u00e7\u00f5es"},"sameAs":["http:\/\/calmondivulgacoes.com.br"],"url":"https:\/\/calmondivulgacoes.com.br\/en\/autor\/calmondivulgacoesgmail-com\/"}]}},"uagb_featured_image_src":{"full":["https:\/\/calmondivulgacoes.com.br\/wp-content\/uploads\/2026\/04\/liquigas-1.png",500,500,false],"thumbnail":["https:\/\/calmondivulgacoes.com.br\/wp-content\/uploads\/2026\/04\/liquigas-1-150x150.png",150,150,true],"medium":["https:\/\/calmondivulgacoes.com.br\/wp-content\/uploads\/2026\/04\/liquigas-1-300x300.png",300,300,true],"medium_large":["https:\/\/calmondivulgacoes.com.br\/wp-content\/uploads\/2026\/04\/liquigas-1.png",500,500,false],"large":["https:\/\/calmondivulgacoes.com.br\/wp-content\/uploads\/2026\/04\/liquigas-1.png",500,500,false],"1536x1536":["https:\/\/calmondivulgacoes.com.br\/wp-content\/uploads\/2026\/04\/liquigas-1.png",500,500,false],"2048x2048":["https:\/\/calmondivulgacoes.com.br\/wp-content\/uploads\/2026\/04\/liquigas-1.png",500,500,false],"trp-custom-language-flag":["https:\/\/calmondivulgacoes.com.br\/wp-content\/uploads\/2026\/04\/liquigas-1-12x12.png",12,12,true],"cvmm-medium":["https:\/\/calmondivulgacoes.com.br\/wp-content\/uploads\/2026\/04\/liquigas-1-300x300.png",300,300,true],"cvmm-medium-plus":["https:\/\/calmondivulgacoes.com.br\/wp-content\/uploads\/2026\/04\/liquigas-1-305x207.png",305,207,true],"cvmm-portrait":["https:\/\/calmondivulgacoes.com.br\/wp-content\/uploads\/2026\/04\/liquigas-1-400x500.png",400,500,true],"cvmm-medium-square":["https:\/\/calmondivulgacoes.com.br\/wp-content\/uploads\/2026\/04\/liquigas-1.png",500,500,false],"cvmm-large":["https:\/\/calmondivulgacoes.com.br\/wp-content\/uploads\/2026\/04\/liquigas-1.png",500,500,false],"cvmm-small":["https:\/\/calmondivulgacoes.com.br\/wp-content\/uploads\/2026\/04\/liquigas-1-130x95.png",130,95,true]},"uagb_author_info":{"display_name":"Calmon Divulga\u00e7\u00f5es","author_link":"https:\/\/calmondivulgacoes.com.br\/en\/autor\/calmondivulgacoesgmail-com\/"},"uagb_comment_info":0,"uagb_excerpt":"Governo oficializa novo reajuste no valor de refer\u00eancia do G\u00e1s do Povo.","blog_post_layout_featured_media_urls":{"thumbnail":["https:\/\/calmondivulgacoes.com.br\/wp-content\/uploads\/2026\/04\/liquigas-1-150x150.png",150,150,true],"full":["https:\/\/calmondivulgacoes.com.br\/wp-content\/uploads\/2026\/04\/liquigas-1.png",500,500,false]},"categories_names":{"45":{"name":"Economia","link":"https:\/\/calmondivulgacoes.com.br\/en\/category\/economia\/"}},"tags_names":{"161":{"name":"Cad\u00danico","link":"https:\/\/calmondivulgacoes.com.br\/en\/tag\/cadunico\/"},"160":{"name":"G\u00e1s do Povo","link":"https:\/\/calmondivulgacoes.com.br\/en\/tag\/gas-do-povo\/"},"162":{"name":"GLP","link":"https:\/\/calmondivulgacoes.com.br\/en\/tag\/glp\/"},"159":{"name":"Governo Federal","link":"https:\/\/calmondivulgacoes.com.br\/en\/tag\/governo-federal\/"},"83":{"name":"Miguel Calmon","link":"https:\/\/calmondivulgacoes.com.br\/en\/tag\/miguel-calmon\/"},"157":{"name":"Programa G\u00e1s","link":"https:\/\/calmondivulgacoes.com.br\/en\/tag\/programa-gas\/"},"158":{"name":"Reajuste G\u00e1s","link":"https:\/\/calmondivulgacoes.com.br\/en\/tag\/reajuste-gas\/"}},"comments_number":"0","wpmagazine_modules_lite_featured_media_urls":{"thumbnail":["https:\/\/calmondivulgacoes.com.br\/wp-content\/uploads\/2026\/04\/liquigas-1-150x150.png",150,150,true],"cvmm-medium":["https:\/\/calmondivulgacoes.com.br\/wp-content\/uploads\/2026\/04\/liquigas-1-300x300.png",300,300,true],"cvmm-medium-plus":["https:\/\/calmondivulgacoes.com.br\/wp-content\/uploads\/2026\/04\/liquigas-1-305x207.png",305,207,true],"cvmm-portrait":["https:\/\/calmondivulgacoes.com.br\/wp-content\/uploads\/2026\/04\/liquigas-1-400x500.png",400,500,true],"cvmm-medium-square":["https:\/\/calmondivulgacoes.com.br\/wp-content\/uploads\/2026\/04\/liquigas-1.png",500,500,false],"cvmm-large":["https:\/\/calmondivulgacoes.com.br\/wp-content\/uploads\/2026\/04\/liquigas-1.png",500,500,false],"cvmm-small":["https:\/\/calmondivulgacoes.com.br\/wp-content\/uploads\/2026\/04\/liquigas-1-130x95.png",130,95,true],"full":["https:\/\/calmondivulgacoes.com.br\/wp-content\/uploads\/2026\/04\/liquigas-1.png",500,500,false]},"_links":{"self":[{"href":"https:\/\/calmondivulgacoes.com.br\/en\/wp-json\/wp\/v2\/posts\/3457","targetHints":{"allow":["GET"]}}],"collection":[{"href":"https:\/\/calmondivulgacoes.com.br\/en\/wp-json\/wp\/v2\/posts"}],"about":[{"href":"https:\/\/calmondivulgacoes.com.br\/en\/wp-json\/wp\/v2\/types\/post"}],"author":[{"embeddable":true,"href":"https:\/\/calmondivulgacoes.com.br\/en\/wp-json\/wp\/v2\/users\/1"}],"replies":[{"embeddable":true,"href":"https:\/\/calmondivulgacoes.com.br\/en\/wp-json\/wp\/v2\/comments?post=3457"}],"version-history":[{"count":1,"href":"https:\/\/calmondivulgacoes.com.br\/en\/wp-json\/wp\/v2\/posts\/3457\/revisions"}],"predecessor-version":[{"id":3459,"href":"https:\/\/calmondivulgacoes.com.br\/en\/wp-json\/wp\/v2\/posts\/3457\/revisions\/3459"}],"wp:featuredmedia":[{"embeddable":true,"href":"https:\/\/calmondivulgacoes.com.br\/en\/wp-json\/wp\/v2\/media\/3358"}],"wp:attachment":[{"href":"https:\/\/calmondivulgacoes.com.br\/en\/wp-json\/wp\/v2\/media?parent=3457"}],"wp:term":[{"taxonomy":"category","embeddable":true,"href":"https:\/\/calmondivulgacoes.com.br\/en\/wp-json\/wp\/v2\/categories?post=3457"},{"taxonomy":"post_tag","embeddable":true,"href":"https:\/\/calmondivulgacoes.com.br\/en\/wp-json\/wp\/v2\/tags?post=3457"}],"curies":[{"name":"wp","href":"https:\/\/api.w.org\/{rel}","templated":true}]}}