{"id":3399,"date":"2026-04-24T23:08:08","date_gmt":"2026-04-25T02:08:08","guid":{"rendered":"https:\/\/calmondivulgacoes.com.br\/?p=3399"},"modified":"2026-04-25T22:44:32","modified_gmt":"2026-04-26T01:44:32","slug":"jornal-tribuna-livre-destaca-participacao-de-vereadora-priscila-advogada-no-dia-30-de-abril","status":"publish","type":"post","link":"https:\/\/calmondivulgacoes.com.br\/en\/jornal-tribuna-livre-destaca-participacao-de-vereadora-priscila-advogada-no-dia-30-de-abril\/","title":{"rendered":"Jornal Tribuna Livre destaca participa\u00e7\u00e3o de Vereadora Priscila Advogada no dia 30 de abril"},"content":{"rendered":"<figure class=\"wp-block-image size-large\"><img fetchpriority=\"high\" decoding=\"async\" width=\"1024\" height=\"107\" src=\"https:\/\/calmondivulgacoes.com.br\/wp-content\/uploads\/2026\/04\/site-1024x107.png\" alt=\"\" class=\"wp-image-3369\" srcset=\"https:\/\/calmondivulgacoes.com.br\/wp-content\/uploads\/2026\/04\/site-1024x107.png 1024w, https:\/\/calmondivulgacoes.com.br\/wp-content\/uploads\/2026\/04\/site-300x31.png 300w, https:\/\/calmondivulgacoes.com.br\/wp-content\/uploads\/2026\/04\/site-150x16.png 150w, https:\/\/calmondivulgacoes.com.br\/wp-content\/uploads\/2026\/04\/site-768x80.png 768w, https:\/\/calmondivulgacoes.com.br\/wp-content\/uploads\/2026\/04\/site-1536x160.png 1536w, https:\/\/calmondivulgacoes.com.br\/wp-content\/uploads\/2026\/04\/site-18x2.png 18w, https:\/\/calmondivulgacoes.com.br\/wp-content\/uploads\/2026\/04\/site.png 1920w\" sizes=\"(max-width: 1024px) 100vw, 1024px\" \/><\/figure>\n\n\n\n<figure class=\"wp-block-image size-large\"><img decoding=\"async\" width=\"819\" height=\"1024\" src=\"https:\/\/calmondivulgacoes.com.br\/wp-content\/uploads\/2026\/04\/PRISCILA-819x1024.png\" alt=\"\" class=\"wp-image-3401\" srcset=\"https:\/\/calmondivulgacoes.com.br\/wp-content\/uploads\/2026\/04\/PRISCILA-819x1024.png 819w, https:\/\/calmondivulgacoes.com.br\/wp-content\/uploads\/2026\/04\/PRISCILA-240x300.png 240w, https:\/\/calmondivulgacoes.com.br\/wp-content\/uploads\/2026\/04\/PRISCILA-120x150.png 120w, https:\/\/calmondivulgacoes.com.br\/wp-content\/uploads\/2026\/04\/PRISCILA-768x960.png 768w, https:\/\/calmondivulgacoes.com.br\/wp-content\/uploads\/2026\/04\/PRISCILA-10x12.png 10w, https:\/\/calmondivulgacoes.com.br\/wp-content\/uploads\/2026\/04\/PRISCILA.png 1080w\" sizes=\"(max-width: 819px) 100vw, 819px\" \/><\/figure>\n\n\n\n<p>A programa\u00e7\u00e3o do <em>Jornal Tribuna Livre<\/em>, transmitido pela R\u00e1dio Comunit\u00e1ria Canabrava FM 87,9, anunciou sua edi\u00e7\u00e3o do dia 30 de abril de 2026 com a participa\u00e7\u00e3o da Vereadora Priscila Cruz, representante do munic\u00edpio de Miguel Calmon.<\/p>\n\n\n\n<p>O programa, que vai ao ar no hor\u00e1rio das 17h \u00e0s 18h, \u00e9 apresentado pelos comunicadores M\u00e1rio Augusto e William Sales, e se consolidou como um espa\u00e7o voltado \u00e0 informa\u00e7\u00e3o, debate e participa\u00e7\u00e3o popular na regi\u00e3o.<\/p>\n\n\n\n<p>De acordo com a divulga\u00e7\u00e3o, a presen\u00e7a da parlamentar deve abordar temas de interesse p\u00fablico relacionados \u00e0 atua\u00e7\u00e3o no legislativo municipal, al\u00e9m de pautas relevantes para a comunidade local. A iniciativa refor\u00e7a a proposta do programa de abrir espa\u00e7o para representantes pol\u00edticos dialogarem diretamente com a popula\u00e7\u00e3o.<\/p>\n\n\n\n<p>A R\u00e1dio Canabrava FM, por meio do <em>Tribuna Livre<\/em>, mant\u00e9m uma linha editorial voltada \u00e0 transpar\u00eancia e ao interesse p\u00fablico, promovendo entrevistas e discuss\u00f5es sobre assuntos que impactam o cotidiano dos cidad\u00e3os de Miguel Calmon e regi\u00e3o.<\/p>\n\n\n\n<p>A participa\u00e7\u00e3o de agentes p\u00fablicos em ve\u00edculos de comunica\u00e7\u00e3o comunit\u00e1ria \u00e9 considerada importante para o fortalecimento da democracia e do acesso \u00e0 informa\u00e7\u00e3o, desde que respeitados os princ\u00edpios da legalidade, impessoalidade e interesse coletivo.<\/p>","protected":false},"excerpt":{"rendered":"<p>Vereadora Priscila Advogada participa do Jornal Tribuna Livre na R\u00e1dio Canabrava FM em 30 de abril. <\/p>","protected":false},"author":1,"featured_media":3461,"comment_status":"closed","ping_status":"closed","sticky":false,"template":"","format":"standard","meta":{"_uag_custom_page_level_css":"","_monsterinsights_skip_tracking":false,"_monsterinsights_sitenote_active":false,"_monsterinsights_sitenote_note":"","_monsterinsights_sitenote_category":0,"maa_idioma":"","maa_pais":"","footnotes":""},"categories":[39],"tags":[144,83,146,143,145,147],"class_list":["post-3399","post","type-post","status-publish","format-standard","has-post-thumbnail","hentry","category-politica","tag-canabrava-fm","tag-miguel-calmon","tag-politica-local","tag-priscila-advogada","tag-tribuna-livre","tag-vereadora"],"yoast_head":"<!-- This site is optimized with the Yoast SEO plugin v27.4 - https:\/\/yoast.com\/product\/yoast-seo-wordpress\/ -->\n<title>Jornal Tribuna Livre destaca participa\u00e7\u00e3o de Vereadora Priscila Advogada no dia 30 de abril - Calmon Divulga\u00e7\u00f5es<\/title>\n<meta name=\"robots\" content=\"index, follow, max-snippet:-1, max-image-preview:large, max-video-preview:-1\" \/>\n<link rel=\"canonical\" href=\"https:\/\/calmondivulgacoes.com.br\/en\/jornal-tribuna-livre-destaca-participacao-de-vereadora-priscila-advogada-no-dia-30-de-abril\/\" \/>\n<meta property=\"og:locale\" content=\"en_US\" \/>\n<meta property=\"og:type\" content=\"article\" \/>\n<meta property=\"og:title\" content=\"Jornal Tribuna Livre destaca participa\u00e7\u00e3o de Vereadora Priscila Advogada no dia 30 de abril - Calmon Divulga\u00e7\u00f5es\" \/>\n<meta property=\"og:description\" content=\"Vereadora Priscila Advogada participa do Jornal Tribuna Livre na R\u00e1dio Canabrava FM em 30 de abril.\" \/>\n<meta property=\"og:url\" content=\"https:\/\/calmondivulgacoes.com.br\/en\/jornal-tribuna-livre-destaca-participacao-de-vereadora-priscila-advogada-no-dia-30-de-abril\/\" \/>\n<meta property=\"og:site_name\" content=\"Calmon Divulga\u00e7\u00f5es\" \/>\n<meta property=\"article:publisher\" content=\"https:\/\/www.facebook.com\/calmondivulgacoes\" \/>\n<meta property=\"article:published_time\" content=\"2026-04-25T02:08:08+00:00\" \/>\n<meta property=\"article:modified_time\" content=\"2026-04-26T01:44:32+00:00\" \/>\n<meta property=\"og:image\" content=\"https:\/\/calmondivulgacoes.com.br\/wp-content\/uploads\/2026\/04\/Sem-titulo358.png\" \/>\n\t<meta property=\"og:image:width\" content=\"500\" \/>\n\t<meta property=\"og:image:height\" content=\"500\" \/>\n\t<meta property=\"og:image:type\" content=\"image\/png\" \/>\n<meta name=\"author\" content=\"Calmon Divulga\u00e7\u00f5es\" \/>\n<meta name=\"twitter:card\" content=\"summary_large_image\" \/>\n<meta name=\"twitter:label1\" content=\"Written by\" \/>\n\t<meta name=\"twitter:data1\" content=\"Calmon Divulga\u00e7\u00f5es\" \/>\n\t<meta name=\"twitter:label2\" content=\"Est. reading time\" \/>\n\t<meta name=\"twitter:data2\" content=\"2 minutes\" \/>\n<script type=\"application\/ld+json\" class=\"yoast-schema-graph\">{\"@context\":\"https:\\\/\\\/schema.org\",\"@graph\":[{\"@type\":\"Article\",\"@id\":\"https:\\\/\\\/calmondivulgacoes.com.br\\\/jornal-tribuna-livre-destaca-participacao-de-vereadora-priscila-advogada-no-dia-30-de-abril\\\/#article\",\"isPartOf\":{\"@id\":\"https:\\\/\\\/calmondivulgacoes.com.br\\\/jornal-tribuna-livre-destaca-participacao-de-vereadora-priscila-advogada-no-dia-30-de-abril\\\/\"},\"author\":{\"name\":\"Calmon Divulga\u00e7\u00f5es\",\"@id\":\"https:\\\/\\\/calmondivulgacoes.com.br\\\/#\\\/schema\\\/person\\\/f51b6a75a3e31b01ea8f6fea23fc01fa\"},\"headline\":\"Jornal Tribuna Livre destaca participa\u00e7\u00e3o de Vereadora Priscila Advogada no dia 30 de abril\",\"datePublished\":\"2026-04-25T02:08:08+00:00\",\"dateModified\":\"2026-04-26T01:44:32+00:00\",\"mainEntityOfPage\":{\"@id\":\"https:\\\/\\\/calmondivulgacoes.com.br\\\/jornal-tribuna-livre-destaca-participacao-de-vereadora-priscila-advogada-no-dia-30-de-abril\\\/\"},\"wordCount\":230,\"publisher\":{\"@id\":\"https:\\\/\\\/calmondivulgacoes.com.br\\\/#organization\"},\"image\":{\"@id\":\"https:\\\/\\\/calmondivulgacoes.com.br\\\/jornal-tribuna-livre-destaca-participacao-de-vereadora-priscila-advogada-no-dia-30-de-abril\\\/#primaryimage\"},\"thumbnailUrl\":\"https:\\\/\\\/calmondivulgacoes.com.br\\\/wp-content\\\/uploads\\\/2026\\\/04\\\/Sem-titulo358.png\",\"keywords\":[\"Canabrava FM\",\"Miguel Calmon\",\"Pol\u00edtica Local\",\"Priscila Advogada\",\"Tribuna Livre\",\"Vereadora\"],\"articleSection\":[\"Pol\u00edtica\"],\"inLanguage\":\"en-US\"},{\"@type\":\"WebPage\",\"@id\":\"https:\\\/\\\/calmondivulgacoes.com.br\\\/jornal-tribuna-livre-destaca-participacao-de-vereadora-priscila-advogada-no-dia-30-de-abril\\\/\",\"url\":\"https:\\\/\\\/calmondivulgacoes.com.br\\\/jornal-tribuna-livre-destaca-participacao-de-vereadora-priscila-advogada-no-dia-30-de-abril\\\/\",\"name\":\"Jornal Tribuna Livre destaca participa\u00e7\u00e3o de Vereadora Priscila Advogada no dia 30 de abril - Calmon Divulga\u00e7\u00f5es\",\"isPartOf\":{\"@id\":\"https:\\\/\\\/calmondivulgacoes.com.br\\\/#website\"},\"primaryImageOfPage\":{\"@id\":\"https:\\\/\\\/calmondivulgacoes.com.br\\\/jornal-tribuna-livre-destaca-participacao-de-vereadora-priscila-advogada-no-dia-30-de-abril\\\/#primaryimage\"},\"image\":{\"@id\":\"https:\\\/\\\/calmondivulgacoes.com.br\\\/jornal-tribuna-livre-destaca-participacao-de-vereadora-priscila-advogada-no-dia-30-de-abril\\\/#primaryimage\"},\"thumbnailUrl\":\"https:\\\/\\\/calmondivulgacoes.com.br\\\/wp-content\\\/uploads\\\/2026\\\/04\\\/Sem-titulo358.png\",\"datePublished\":\"2026-04-25T02:08:08+00:00\",\"dateModified\":\"2026-04-26T01:44:32+00:00\",\"breadcrumb\":{\"@id\":\"https:\\\/\\\/calmondivulgacoes.com.br\\\/jornal-tribuna-livre-destaca-participacao-de-vereadora-priscila-advogada-no-dia-30-de-abril\\\/#breadcrumb\"},\"inLanguage\":\"en-US\",\"potentialAction\":[{\"@type\":\"ReadAction\",\"target\":[\"https:\\\/\\\/calmondivulgacoes.com.br\\\/jornal-tribuna-livre-destaca-participacao-de-vereadora-priscila-advogada-no-dia-30-de-abril\\\/\"]}]},{\"@type\":\"ImageObject\",\"inLanguage\":\"en-US\",\"@id\":\"https:\\\/\\\/calmondivulgacoes.com.br\\\/jornal-tribuna-livre-destaca-participacao-de-vereadora-priscila-advogada-no-dia-30-de-abril\\\/#primaryimage\",\"url\":\"https:\\\/\\\/calmondivulgacoes.com.br\\\/wp-content\\\/uploads\\\/2026\\\/04\\\/Sem-titulo358.png\",\"contentUrl\":\"https:\\\/\\\/calmondivulgacoes.com.br\\\/wp-content\\\/uploads\\\/2026\\\/04\\\/Sem-titulo358.png\",\"width\":500,\"height\":500},{\"@type\":\"BreadcrumbList\",\"@id\":\"https:\\\/\\\/calmondivulgacoes.com.br\\\/jornal-tribuna-livre-destaca-participacao-de-vereadora-priscila-advogada-no-dia-30-de-abril\\\/#breadcrumb\",\"itemListElement\":[{\"@type\":\"ListItem\",\"position\":1,\"name\":\"In\u00edcio\",\"item\":\"https:\\\/\\\/calmondivulgacoes.com.br\\\/\"},{\"@type\":\"ListItem\",\"position\":2,\"name\":\"Jornal Tribuna Livre destaca participa\u00e7\u00e3o de Vereadora Priscila Advogada no dia 30 de abril\"}]},{\"@type\":\"WebSite\",\"@id\":\"https:\\\/\\\/calmondivulgacoes.com.br\\\/#website\",\"url\":\"https:\\\/\\\/calmondivulgacoes.com.br\\\/\",\"name\":\"Calmon Divulga\u00e7\u00f5es\",\"description\":\"e Not\u00edcias\",\"publisher\":{\"@id\":\"https:\\\/\\\/calmondivulgacoes.com.br\\\/#organization\"},\"potentialAction\":[{\"@type\":\"SearchAction\",\"target\":{\"@type\":\"EntryPoint\",\"urlTemplate\":\"https:\\\/\\\/calmondivulgacoes.com.br\\\/?s={search_term_string}\"},\"query-input\":{\"@type\":\"PropertyValueSpecification\",\"valueRequired\":true,\"valueName\":\"search_term_string\"}}],\"inLanguage\":\"en-US\"},{\"@type\":\"Organization\",\"@id\":\"https:\\\/\\\/calmondivulgacoes.com.br\\\/#organization\",\"name\":\"Calmon Divulga\u00e7\u00f5es\",\"url\":\"https:\\\/\\\/calmondivulgacoes.com.br\\\/\",\"logo\":{\"@type\":\"ImageObject\",\"inLanguage\":\"en-US\",\"@id\":\"https:\\\/\\\/calmondivulgacoes.com.br\\\/#\\\/schema\\\/logo\\\/image\\\/\",\"url\":\"https:\\\/\\\/calmondivulgacoes.com.br\\\/wp-content\\\/uploads\\\/2026\\\/04\\\/cropped-WhatsApp_Image_2025-12-02_at_20.44.08-removebg-preview.png\",\"contentUrl\":\"https:\\\/\\\/calmondivulgacoes.com.br\\\/wp-content\\\/uploads\\\/2026\\\/04\\\/cropped-WhatsApp_Image_2025-12-02_at_20.44.08-removebg-preview.png\",\"width\":120,\"height\":120,\"caption\":\"Calmon Divulga\u00e7\u00f5es\"},\"image\":{\"@id\":\"https:\\\/\\\/calmondivulgacoes.com.br\\\/#\\\/schema\\\/logo\\\/image\\\/\"},\"sameAs\":[\"https:\\\/\\\/www.facebook.com\\\/calmondivulgacoes\",\"https:\\\/\\\/www.instagram.com\\\/calmondivulgacoes\\\/\"]},{\"@type\":\"Person\",\"@id\":\"https:\\\/\\\/calmondivulgacoes.com.br\\\/#\\\/schema\\\/person\\\/f51b6a75a3e31b01ea8f6fea23fc01fa\",\"name\":\"Calmon Divulga\u00e7\u00f5es\",\"image\":{\"@type\":\"ImageObject\",\"inLanguage\":\"en-US\",\"@id\":\"https:\\\/\\\/calmondivulgacoes.com.br\\\/wp-content\\\/litespeed\\\/avatar\\\/70d8f8af3b6e7945511481b97d22e67c.jpg?ver=1777223803\",\"url\":\"https:\\\/\\\/calmondivulgacoes.com.br\\\/wp-content\\\/litespeed\\\/avatar\\\/70d8f8af3b6e7945511481b97d22e67c.jpg?ver=1777223803\",\"contentUrl\":\"https:\\\/\\\/calmondivulgacoes.com.br\\\/wp-content\\\/litespeed\\\/avatar\\\/70d8f8af3b6e7945511481b97d22e67c.jpg?ver=1777223803\",\"caption\":\"Calmon Divulga\u00e7\u00f5es\"},\"sameAs\":[\"http:\\\/\\\/calmondivulgacoes.com.br\"],\"url\":\"https:\\\/\\\/calmondivulgacoes.com.br\\\/en\\\/autor\\\/calmondivulgacoesgmail-com\\\/\"}]}<\/script>\n<!-- \/ Yoast SEO plugin. -->","yoast_head_json":{"title":"Jornal Tribuna Livre destaca participa\u00e7\u00e3o de Vereadora Priscila Advogada no dia 30 de abril - Calmon Divulga\u00e7\u00f5es","robots":{"index":"index","follow":"follow","max-snippet":"max-snippet:-1","max-image-preview":"max-image-preview:large","max-video-preview":"max-video-preview:-1"},"canonical":"https:\/\/calmondivulgacoes.com.br\/en\/jornal-tribuna-livre-destaca-participacao-de-vereadora-priscila-advogada-no-dia-30-de-abril\/","og_locale":"en_US","og_type":"article","og_title":"Jornal Tribuna Livre destaca participa\u00e7\u00e3o de Vereadora Priscila Advogada no dia 30 de abril - Calmon Divulga\u00e7\u00f5es","og_description":"Vereadora Priscila Advogada participa do Jornal Tribuna Livre na R\u00e1dio Canabrava FM em 30 de abril.","og_url":"https:\/\/calmondivulgacoes.com.br\/en\/jornal-tribuna-livre-destaca-participacao-de-vereadora-priscila-advogada-no-dia-30-de-abril\/","og_site_name":"Calmon Divulga\u00e7\u00f5es","article_publisher":"https:\/\/www.facebook.com\/calmondivulgacoes","article_published_time":"2026-04-25T02:08:08+00:00","article_modified_time":"2026-04-26T01:44:32+00:00","og_image":[{"width":500,"height":500,"url":"https:\/\/calmondivulgacoes.com.br\/wp-content\/uploads\/2026\/04\/Sem-titulo358.png","type":"image\/png"}],"author":"Calmon Divulga\u00e7\u00f5es","twitter_card":"summary_large_image","twitter_misc":{"Written by":"Calmon Divulga\u00e7\u00f5es","Est. reading time":"2 minutes"},"schema":{"@context":"https:\/\/schema.org","@graph":[{"@type":"Article","@id":"https:\/\/calmondivulgacoes.com.br\/jornal-tribuna-livre-destaca-participacao-de-vereadora-priscila-advogada-no-dia-30-de-abril\/#article","isPartOf":{"@id":"https:\/\/calmondivulgacoes.com.br\/jornal-tribuna-livre-destaca-participacao-de-vereadora-priscila-advogada-no-dia-30-de-abril\/"},"author":{"name":"Calmon Divulga\u00e7\u00f5es","@id":"https:\/\/calmondivulgacoes.com.br\/#\/schema\/person\/f51b6a75a3e31b01ea8f6fea23fc01fa"},"headline":"Jornal Tribuna Livre destaca participa\u00e7\u00e3o de Vereadora Priscila Advogada no dia 30 de abril","datePublished":"2026-04-25T02:08:08+00:00","dateModified":"2026-04-26T01:44:32+00:00","mainEntityOfPage":{"@id":"https:\/\/calmondivulgacoes.com.br\/jornal-tribuna-livre-destaca-participacao-de-vereadora-priscila-advogada-no-dia-30-de-abril\/"},"wordCount":230,"publisher":{"@id":"https:\/\/calmondivulgacoes.com.br\/#organization"},"image":{"@id":"https:\/\/calmondivulgacoes.com.br\/jornal-tribuna-livre-destaca-participacao-de-vereadora-priscila-advogada-no-dia-30-de-abril\/#primaryimage"},"thumbnailUrl":"https:\/\/calmondivulgacoes.com.br\/wp-content\/uploads\/2026\/04\/Sem-titulo358.png","keywords":["Canabrava FM","Miguel Calmon","Pol\u00edtica Local","Priscila Advogada","Tribuna Livre","Vereadora"],"articleSection":["Pol\u00edtica"],"inLanguage":"en-US"},{"@type":"WebPage","@id":"https:\/\/calmondivulgacoes.com.br\/jornal-tribuna-livre-destaca-participacao-de-vereadora-priscila-advogada-no-dia-30-de-abril\/","url":"https:\/\/calmondivulgacoes.com.br\/jornal-tribuna-livre-destaca-participacao-de-vereadora-priscila-advogada-no-dia-30-de-abril\/","name":"Jornal Tribuna Livre destaca participa\u00e7\u00e3o de Vereadora Priscila Advogada no dia 30 de abril - Calmon Divulga\u00e7\u00f5es","isPartOf":{"@id":"https:\/\/calmondivulgacoes.com.br\/#website"},"primaryImageOfPage":{"@id":"https:\/\/calmondivulgacoes.com.br\/jornal-tribuna-livre-destaca-participacao-de-vereadora-priscila-advogada-no-dia-30-de-abril\/#primaryimage"},"image":{"@id":"https:\/\/calmondivulgacoes.com.br\/jornal-tribuna-livre-destaca-participacao-de-vereadora-priscila-advogada-no-dia-30-de-abril\/#primaryimage"},"thumbnailUrl":"https:\/\/calmondivulgacoes.com.br\/wp-content\/uploads\/2026\/04\/Sem-titulo358.png","datePublished":"2026-04-25T02:08:08+00:00","dateModified":"2026-04-26T01:44:32+00:00","breadcrumb":{"@id":"https:\/\/calmondivulgacoes.com.br\/jornal-tribuna-livre-destaca-participacao-de-vereadora-priscila-advogada-no-dia-30-de-abril\/#breadcrumb"},"inLanguage":"en-US","potentialAction":[{"@type":"ReadAction","target":["https:\/\/calmondivulgacoes.com.br\/jornal-tribuna-livre-destaca-participacao-de-vereadora-priscila-advogada-no-dia-30-de-abril\/"]}]},{"@type":"ImageObject","inLanguage":"en-US","@id":"https:\/\/calmondivulgacoes.com.br\/jornal-tribuna-livre-destaca-participacao-de-vereadora-priscila-advogada-no-dia-30-de-abril\/#primaryimage","url":"https:\/\/calmondivulgacoes.com.br\/wp-content\/uploads\/2026\/04\/Sem-titulo358.png","contentUrl":"https:\/\/calmondivulgacoes.com.br\/wp-content\/uploads\/2026\/04\/Sem-titulo358.png","width":500,"height":500},{"@type":"BreadcrumbList","@id":"https:\/\/calmondivulgacoes.com.br\/jornal-tribuna-livre-destaca-participacao-de-vereadora-priscila-advogada-no-dia-30-de-abril\/#breadcrumb","itemListElement":[{"@type":"ListItem","position":1,"name":"In\u00edcio","item":"https:\/\/calmondivulgacoes.com.br\/"},{"@type":"ListItem","position":2,"name":"Jornal Tribuna Livre destaca participa\u00e7\u00e3o de Vereadora Priscila Advogada no dia 30 de abril"}]},{"@type":"WebSite","@id":"https:\/\/calmondivulgacoes.com.br\/#website","url":"https:\/\/calmondivulgacoes.com.br\/","name":"Calmon Divulga\u00e7\u00f5es","description":"e Not\u00edcias","publisher":{"@id":"https:\/\/calmondivulgacoes.com.br\/#organization"},"potentialAction":[{"@type":"SearchAction","target":{"@type":"EntryPoint","urlTemplate":"https:\/\/calmondivulgacoes.com.br\/?s={search_term_string}"},"query-input":{"@type":"PropertyValueSpecification","valueRequired":true,"valueName":"search_term_string"}}],"inLanguage":"en-US"},{"@type":"Organization","@id":"https:\/\/calmondivulgacoes.com.br\/#organization","name":"Calmon Divulga\u00e7\u00f5es","url":"https:\/\/calmondivulgacoes.com.br\/","logo":{"@type":"ImageObject","inLanguage":"en-US","@id":"https:\/\/calmondivulgacoes.com.br\/#\/schema\/logo\/image\/","url":"https:\/\/calmondivulgacoes.com.br\/wp-content\/uploads\/2026\/04\/cropped-WhatsApp_Image_2025-12-02_at_20.44.08-removebg-preview.png","contentUrl":"https:\/\/calmondivulgacoes.com.br\/wp-content\/uploads\/2026\/04\/cropped-WhatsApp_Image_2025-12-02_at_20.44.08-removebg-preview.png","width":120,"height":120,"caption":"Calmon Divulga\u00e7\u00f5es"},"image":{"@id":"https:\/\/calmondivulgacoes.com.br\/#\/schema\/logo\/image\/"},"sameAs":["https:\/\/www.facebook.com\/calmondivulgacoes","https:\/\/www.instagram.com\/calmondivulgacoes\/"]},{"@type":"Person","@id":"https:\/\/calmondivulgacoes.com.br\/#\/schema\/person\/f51b6a75a3e31b01ea8f6fea23fc01fa","name":"Calmon Divulga\u00e7\u00f5es","image":{"@type":"ImageObject","inLanguage":"en-US","@id":"https:\/\/calmondivulgacoes.com.br\/wp-content\/litespeed\/avatar\/70d8f8af3b6e7945511481b97d22e67c.jpg?ver=1777223803","url":"https:\/\/calmondivulgacoes.com.br\/wp-content\/litespeed\/avatar\/70d8f8af3b6e7945511481b97d22e67c.jpg?ver=1777223803","contentUrl":"https:\/\/calmondivulgacoes.com.br\/wp-content\/litespeed\/avatar\/70d8f8af3b6e7945511481b97d22e67c.jpg?ver=1777223803","caption":"Calmon Divulga\u00e7\u00f5es"},"sameAs":["http:\/\/calmondivulgacoes.com.br"],"url":"https:\/\/calmondivulgacoes.com.br\/en\/autor\/calmondivulgacoesgmail-com\/"}]}},"uagb_featured_image_src":{"full":["https:\/\/calmondivulgacoes.com.br\/wp-content\/uploads\/2026\/04\/Sem-titulo358.png",500,500,false],"thumbnail":["https:\/\/calmondivulgacoes.com.br\/wp-content\/uploads\/2026\/04\/Sem-titulo358-150x150.png",150,150,true],"medium":["https:\/\/calmondivulgacoes.com.br\/wp-content\/uploads\/2026\/04\/Sem-titulo358-300x300.png",300,300,true],"medium_large":["https:\/\/calmondivulgacoes.com.br\/wp-content\/uploads\/2026\/04\/Sem-titulo358.png",500,500,false],"large":["https:\/\/calmondivulgacoes.com.br\/wp-content\/uploads\/2026\/04\/Sem-titulo358.png",500,500,false],"1536x1536":["https:\/\/calmondivulgacoes.com.br\/wp-content\/uploads\/2026\/04\/Sem-titulo358.png",500,500,false],"2048x2048":["https:\/\/calmondivulgacoes.com.br\/wp-content\/uploads\/2026\/04\/Sem-titulo358.png",500,500,false],"trp-custom-language-flag":["https:\/\/calmondivulgacoes.com.br\/wp-content\/uploads\/2026\/04\/Sem-titulo358-12x12.png",12,12,true],"cvmm-medium":["https:\/\/calmondivulgacoes.com.br\/wp-content\/uploads\/2026\/04\/Sem-titulo358-300x300.png",300,300,true],"cvmm-medium-plus":["https:\/\/calmondivulgacoes.com.br\/wp-content\/uploads\/2026\/04\/Sem-titulo358-305x207.png",305,207,true],"cvmm-portrait":["https:\/\/calmondivulgacoes.com.br\/wp-content\/uploads\/2026\/04\/Sem-titulo358-400x500.png",400,500,true],"cvmm-medium-square":["https:\/\/calmondivulgacoes.com.br\/wp-content\/uploads\/2026\/04\/Sem-titulo358.png",500,500,false],"cvmm-large":["https:\/\/calmondivulgacoes.com.br\/wp-content\/uploads\/2026\/04\/Sem-titulo358.png",500,500,false],"cvmm-small":["https:\/\/calmondivulgacoes.com.br\/wp-content\/uploads\/2026\/04\/Sem-titulo358-130x95.png",130,95,true]},"uagb_author_info":{"display_name":"Calmon Divulga\u00e7\u00f5es","author_link":"https:\/\/calmondivulgacoes.com.br\/en\/autor\/calmondivulgacoesgmail-com\/"},"uagb_comment_info":0,"uagb_excerpt":"Vereadora Priscila Advogada participa do Jornal Tribuna Livre na R\u00e1dio Canabrava FM em 30 de abril.","blog_post_layout_featured_media_urls":{"thumbnail":["https:\/\/calmondivulgacoes.com.br\/wp-content\/uploads\/2026\/04\/Sem-titulo358-150x150.png",150,150,true],"full":["https:\/\/calmondivulgacoes.com.br\/wp-content\/uploads\/2026\/04\/Sem-titulo358.png",500,500,false]},"categories_names":{"39":{"name":"Pol\u00edtica","link":"https:\/\/calmondivulgacoes.com.br\/en\/category\/politica\/"}},"tags_names":{"144":{"name":"Canabrava FM","link":"https:\/\/calmondivulgacoes.com.br\/en\/tag\/canabrava-fm\/"},"83":{"name":"Miguel Calmon","link":"https:\/\/calmondivulgacoes.com.br\/en\/tag\/miguel-calmon\/"},"146":{"name":"Pol\u00edtica Local","link":"https:\/\/calmondivulgacoes.com.br\/en\/tag\/politica-local\/"},"143":{"name":"Priscila Advogada","link":"https:\/\/calmondivulgacoes.com.br\/en\/tag\/priscila-advogada\/"},"145":{"name":"Tribuna Livre","link":"https:\/\/calmondivulgacoes.com.br\/en\/tag\/tribuna-livre\/"},"147":{"name":"Vereadora","link":"https:\/\/calmondivulgacoes.com.br\/en\/tag\/vereadora\/"}},"comments_number":"0","wpmagazine_modules_lite_featured_media_urls":{"thumbnail":["https:\/\/calmondivulgacoes.com.br\/wp-content\/uploads\/2026\/04\/Sem-titulo358-150x150.png",150,150,true],"cvmm-medium":["https:\/\/calmondivulgacoes.com.br\/wp-content\/uploads\/2026\/04\/Sem-titulo358-300x300.png",300,300,true],"cvmm-medium-plus":["https:\/\/calmondivulgacoes.com.br\/wp-content\/uploads\/2026\/04\/Sem-titulo358-305x207.png",305,207,true],"cvmm-portrait":["https:\/\/calmondivulgacoes.com.br\/wp-content\/uploads\/2026\/04\/Sem-titulo358-400x500.png",400,500,true],"cvmm-medium-square":["https:\/\/calmondivulgacoes.com.br\/wp-content\/uploads\/2026\/04\/Sem-titulo358.png",500,500,false],"cvmm-large":["https:\/\/calmondivulgacoes.com.br\/wp-content\/uploads\/2026\/04\/Sem-titulo358.png",500,500,false],"cvmm-small":["https:\/\/calmondivulgacoes.com.br\/wp-content\/uploads\/2026\/04\/Sem-titulo358-130x95.png",130,95,true],"full":["https:\/\/calmondivulgacoes.com.br\/wp-content\/uploads\/2026\/04\/Sem-titulo358.png",500,500,false]},"_links":{"self":[{"href":"https:\/\/calmondivulgacoes.com.br\/en\/wp-json\/wp\/v2\/posts\/3399","targetHints":{"allow":["GET"]}}],"collection":[{"href":"https:\/\/calmondivulgacoes.com.br\/en\/wp-json\/wp\/v2\/posts"}],"about":[{"href":"https:\/\/calmondivulgacoes.com.br\/en\/wp-json\/wp\/v2\/types\/post"}],"author":[{"embeddable":true,"href":"https:\/\/calmondivulgacoes.com.br\/en\/wp-json\/wp\/v2\/users\/1"}],"replies":[{"embeddable":true,"href":"https:\/\/calmondivulgacoes.com.br\/en\/wp-json\/wp\/v2\/comments?post=3399"}],"version-history":[{"count":1,"href":"https:\/\/calmondivulgacoes.com.br\/en\/wp-json\/wp\/v2\/posts\/3399\/revisions"}],"predecessor-version":[{"id":3402,"href":"https:\/\/calmondivulgacoes.com.br\/en\/wp-json\/wp\/v2\/posts\/3399\/revisions\/3402"}],"wp:featuredmedia":[{"embeddable":true,"href":"https:\/\/calmondivulgacoes.com.br\/en\/wp-json\/wp\/v2\/media\/3461"}],"wp:attachment":[{"href":"https:\/\/calmondivulgacoes.com.br\/en\/wp-json\/wp\/v2\/media?parent=3399"}],"wp:term":[{"taxonomy":"category","embeddable":true,"href":"https:\/\/calmondivulgacoes.com.br\/en\/wp-json\/wp\/v2\/categories?post=3399"},{"taxonomy":"post_tag","embeddable":true,"href":"https:\/\/calmondivulgacoes.com.br\/en\/wp-json\/wp\/v2\/tags?post=3399"}],"curies":[{"name":"wp","href":"https:\/\/api.w.org\/{rel}","templated":true}]}}