{"id":3395,"date":"2026-04-24T23:01:18","date_gmt":"2026-04-25T02:01:18","guid":{"rendered":"https:\/\/calmondivulgacoes.com.br\/?p=3395"},"modified":"2026-04-24T23:01:23","modified_gmt":"2026-04-25T02:01:23","slug":"miguel-calmon-problemas-de-qualidade-da-agua-na-formosa","status":"publish","type":"post","link":"https:\/\/calmondivulgacoes.com.br\/en\/miguel-calmon-problemas-de-qualidade-da-agua-na-formosa\/","title":{"rendered":"Miguel Calmon: problemas de qualidade da \u00e1gua na Formosa"},"content":{"rendered":"<figure class=\"wp-block-image size-large\"><a href=\"https:\/\/www.instagram.com\/reel\/DXh9pw1iZ5_\/?utm_source=ig_web_copy_link&amp;igsh=MzRlODBiNWFlZA==\" target=\"_blank\" rel=\"noopener\"><img fetchpriority=\"high\" decoding=\"async\" width=\"1024\" height=\"107\" src=\"https:\/\/calmondivulgacoes.com.br\/wp-content\/uploads\/2026\/04\/site-1024x107.png\" alt=\"\" class=\"wp-image-3369\" srcset=\"https:\/\/calmondivulgacoes.com.br\/wp-content\/uploads\/2026\/04\/site-1024x107.png 1024w, https:\/\/calmondivulgacoes.com.br\/wp-content\/uploads\/2026\/04\/site-300x31.png 300w, https:\/\/calmondivulgacoes.com.br\/wp-content\/uploads\/2026\/04\/site-150x16.png 150w, https:\/\/calmondivulgacoes.com.br\/wp-content\/uploads\/2026\/04\/site-768x80.png 768w, https:\/\/calmondivulgacoes.com.br\/wp-content\/uploads\/2026\/04\/site-1536x160.png 1536w, https:\/\/calmondivulgacoes.com.br\/wp-content\/uploads\/2026\/04\/site-18x2.png 18w, https:\/\/calmondivulgacoes.com.br\/wp-content\/uploads\/2026\/04\/site.png 1920w\" sizes=\"(max-width: 1024px) 100vw, 1024px\" \/><\/a><\/figure>\n\n\n\n<p><a href=\"https:\/\/www.instagram.com\/reel\/DXh9pw1iZ5_\/?utm_source=ig_web_copy_link&amp;igsh=MzRlODBiNWFlZA==\" target=\"_blank\" rel=\"noopener\">Ana Medeiros, (presidente) da Formosa relata problemas no abastecimento e na qualidade da \u00e1gua em Miguel Calmon<\/a><\/p>\n\n\n\n<p>Miguel Calmon, 24 de abril de 2026, a reda\u00e7\u00e3o foi procurada pela presidente da Associa\u00e7\u00e3o da Formosa, que relatou preocupa\u00e7\u00e3o com a situa\u00e7\u00e3o do abastecimento de \u00e1gua na localidade conhecida como Central das \u00c1guas.<\/p>\n\n\n\n<p>De acordo com a representante, h\u00e1 cerca de 15 dias os moradores voltaram a receber \u00e1gua na rede ap\u00f3s um per\u00edodo de suspens\u00e3o no fornecimento, que teria ocorrido para a realiza\u00e7\u00e3o de tratamento.<\/p>\n\n\n\n<p>No entanto, segundo ela, a \u00e1gua que est\u00e1 chegando \u00e0s resid\u00eancias apresenta aspecto visual que tem gerado questionamentos e apreens\u00e3o entre os moradores.<\/p>\n\n\n\n<p>A presidente informou ainda que v\u00eddeos e registros foram encaminhados \u00e0 imprensa local mostrando o estado da \u00e1gua nas torneiras das casas da comunidade.<\/p>\n\n\n\n<p>Os moradores pedem esclarecimentos dos \u00f3rg\u00e3os respons\u00e1veis sobre a qualidade da \u00e1gua distribu\u00edda, bem como informa\u00e7\u00f5es oficiais a respeito do tratamento realizado e das condi\u00e7\u00f5es atuais do abastecimento.<\/p>\n\n\n\n<p>A reportagem deixa o espa\u00e7o aberto para que a empresa respons\u00e1vel pelo fornecimento e os setores competentes da administra\u00e7\u00e3o municipal se manifestem sobre a situa\u00e7\u00e3o e prestem os devidos esclarecimentos \u00e0 popula\u00e7\u00e3o.<\/p>\n\n\n\n<figure class=\"wp-block-image size-full\"><a href=\"https:\/\/www.instagram.com\/reel\/DXh9pw1iZ5_\/?utm_source=ig_web_copy_link&amp;igsh=MzRlODBiNWFlZA==\" target=\"_blank\" rel=\"noopener\"><img decoding=\"async\" width=\"327\" height=\"489\" src=\"https:\/\/calmondivulgacoes.com.br\/wp-content\/uploads\/2026\/04\/25b.png\" alt=\"\" class=\"wp-image-3396\" srcset=\"https:\/\/calmondivulgacoes.com.br\/wp-content\/uploads\/2026\/04\/25b.png 327w, https:\/\/calmondivulgacoes.com.br\/wp-content\/uploads\/2026\/04\/25b-201x300.png 201w, https:\/\/calmondivulgacoes.com.br\/wp-content\/uploads\/2026\/04\/25b-100x150.png 100w, https:\/\/calmondivulgacoes.com.br\/wp-content\/uploads\/2026\/04\/25b-8x12.png 8w\" sizes=\"(max-width: 327px) 100vw, 327px\" \/><\/a><\/figure>","protected":false},"excerpt":{"rendered":"<p>Moradores de Miguel Calmon (BA) reclamam da qualidade da \u00e1gua distribu\u00edda na Formosa. Veja os detalhes e o que diz a presidente da associa\u00e7\u00e3o.<\/p>","protected":false},"author":1,"featured_media":3397,"comment_status":"closed","ping_status":"closed","sticky":false,"template":"","format":"standard","meta":{"_uag_custom_page_level_css":"","_monsterinsights_skip_tracking":false,"_monsterinsights_sitenote_active":false,"_monsterinsights_sitenote_note":"","_monsterinsights_sitenote_category":0,"maa_idioma":"","maa_pais":"","footnotes":""},"categories":[40],"tags":[138,140,141,83,142,139],"class_list":["post-3395","post","type-post","status-publish","format-standard","has-post-thumbnail","hentry","category-miguel-calmon","tag-abastecimento-de-agua","tag-bahia","tag-formosa","tag-miguel-calmon","tag-noticias-locais","tag-qualidade-da-agua"],"yoast_head":"<!-- This site is optimized with the Yoast SEO plugin v27.4 - https:\/\/yoast.com\/product\/yoast-seo-wordpress\/ -->\n<title>Miguel Calmon: problemas de qualidade da \u00e1gua na Formosa - Calmon Divulga\u00e7\u00f5es<\/title>\n<meta name=\"robots\" content=\"index, follow, max-snippet:-1, max-image-preview:large, max-video-preview:-1\" \/>\n<link rel=\"canonical\" href=\"https:\/\/calmondivulgacoes.com.br\/en\/miguel-calmon-problemas-de-qualidade-da-agua-na-formosa\/\" \/>\n<meta property=\"og:locale\" content=\"en_US\" \/>\n<meta property=\"og:type\" content=\"article\" \/>\n<meta property=\"og:title\" content=\"Miguel Calmon: problemas de qualidade da \u00e1gua na Formosa - Calmon Divulga\u00e7\u00f5es\" \/>\n<meta property=\"og:description\" content=\"Moradores de Miguel Calmon (BA) reclamam da qualidade da \u00e1gua distribu\u00edda na Formosa. Veja os detalhes e o que diz a presidente da associa\u00e7\u00e3o.\" \/>\n<meta property=\"og:url\" content=\"https:\/\/calmondivulgacoes.com.br\/en\/miguel-calmon-problemas-de-qualidade-da-agua-na-formosa\/\" \/>\n<meta property=\"og:site_name\" content=\"Calmon Divulga\u00e7\u00f5es\" \/>\n<meta property=\"article:publisher\" content=\"https:\/\/www.facebook.com\/calmondivulgacoes\" \/>\n<meta property=\"article:published_time\" content=\"2026-04-25T02:01:18+00:00\" \/>\n<meta property=\"article:modified_time\" content=\"2026-04-25T02:01:23+00:00\" \/>\n<meta property=\"og:image\" content=\"https:\/\/calmondivulgacoes.com.br\/wp-content\/uploads\/2026\/04\/25a.png\" \/>\n\t<meta property=\"og:image:width\" content=\"323\" \/>\n\t<meta property=\"og:image:height\" content=\"519\" \/>\n\t<meta property=\"og:image:type\" content=\"image\/png\" \/>\n<meta name=\"author\" content=\"Calmon Divulga\u00e7\u00f5es\" \/>\n<meta name=\"twitter:card\" content=\"summary_large_image\" \/>\n<meta name=\"twitter:label1\" content=\"Written by\" \/>\n\t<meta name=\"twitter:data1\" content=\"Calmon Divulga\u00e7\u00f5es\" \/>\n\t<meta name=\"twitter:label2\" content=\"Est. reading time\" \/>\n\t<meta name=\"twitter:data2\" content=\"2 minutes\" \/>\n<script type=\"application\/ld+json\" class=\"yoast-schema-graph\">{\"@context\":\"https:\\\/\\\/schema.org\",\"@graph\":[{\"@type\":\"Article\",\"@id\":\"https:\\\/\\\/calmondivulgacoes.com.br\\\/miguel-calmon-problemas-de-qualidade-da-agua-na-formosa\\\/#article\",\"isPartOf\":{\"@id\":\"https:\\\/\\\/calmondivulgacoes.com.br\\\/miguel-calmon-problemas-de-qualidade-da-agua-na-formosa\\\/\"},\"author\":{\"name\":\"Calmon Divulga\u00e7\u00f5es\",\"@id\":\"https:\\\/\\\/calmondivulgacoes.com.br\\\/#\\\/schema\\\/person\\\/f51b6a75a3e31b01ea8f6fea23fc01fa\"},\"headline\":\"Miguel Calmon: problemas de qualidade da \u00e1gua na Formosa\",\"datePublished\":\"2026-04-25T02:01:18+00:00\",\"dateModified\":\"2026-04-25T02:01:23+00:00\",\"mainEntityOfPage\":{\"@id\":\"https:\\\/\\\/calmondivulgacoes.com.br\\\/miguel-calmon-problemas-de-qualidade-da-agua-na-formosa\\\/\"},\"wordCount\":216,\"publisher\":{\"@id\":\"https:\\\/\\\/calmondivulgacoes.com.br\\\/#organization\"},\"image\":{\"@id\":\"https:\\\/\\\/calmondivulgacoes.com.br\\\/miguel-calmon-problemas-de-qualidade-da-agua-na-formosa\\\/#primaryimage\"},\"thumbnailUrl\":\"https:\\\/\\\/calmondivulgacoes.com.br\\\/wp-content\\\/uploads\\\/2026\\\/04\\\/25a.png\",\"keywords\":[\"abastecimento de \u00e1gua\",\"Bahia\",\"Formosa\",\"Miguel Calmon\",\"not\u00edcias locais\",\"qualidade da \u00e1gua\"],\"articleSection\":[\"Miguel Calmon\"],\"inLanguage\":\"en-US\"},{\"@type\":\"WebPage\",\"@id\":\"https:\\\/\\\/calmondivulgacoes.com.br\\\/miguel-calmon-problemas-de-qualidade-da-agua-na-formosa\\\/\",\"url\":\"https:\\\/\\\/calmondivulgacoes.com.br\\\/miguel-calmon-problemas-de-qualidade-da-agua-na-formosa\\\/\",\"name\":\"Miguel Calmon: problemas de qualidade da \u00e1gua na Formosa - Calmon Divulga\u00e7\u00f5es\",\"isPartOf\":{\"@id\":\"https:\\\/\\\/calmondivulgacoes.com.br\\\/#website\"},\"primaryImageOfPage\":{\"@id\":\"https:\\\/\\\/calmondivulgacoes.com.br\\\/miguel-calmon-problemas-de-qualidade-da-agua-na-formosa\\\/#primaryimage\"},\"image\":{\"@id\":\"https:\\\/\\\/calmondivulgacoes.com.br\\\/miguel-calmon-problemas-de-qualidade-da-agua-na-formosa\\\/#primaryimage\"},\"thumbnailUrl\":\"https:\\\/\\\/calmondivulgacoes.com.br\\\/wp-content\\\/uploads\\\/2026\\\/04\\\/25a.png\",\"datePublished\":\"2026-04-25T02:01:18+00:00\",\"dateModified\":\"2026-04-25T02:01:23+00:00\",\"breadcrumb\":{\"@id\":\"https:\\\/\\\/calmondivulgacoes.com.br\\\/miguel-calmon-problemas-de-qualidade-da-agua-na-formosa\\\/#breadcrumb\"},\"inLanguage\":\"en-US\",\"potentialAction\":[{\"@type\":\"ReadAction\",\"target\":[\"https:\\\/\\\/calmondivulgacoes.com.br\\\/miguel-calmon-problemas-de-qualidade-da-agua-na-formosa\\\/\"]}]},{\"@type\":\"ImageObject\",\"inLanguage\":\"en-US\",\"@id\":\"https:\\\/\\\/calmondivulgacoes.com.br\\\/miguel-calmon-problemas-de-qualidade-da-agua-na-formosa\\\/#primaryimage\",\"url\":\"https:\\\/\\\/calmondivulgacoes.com.br\\\/wp-content\\\/uploads\\\/2026\\\/04\\\/25a.png\",\"contentUrl\":\"https:\\\/\\\/calmondivulgacoes.com.br\\\/wp-content\\\/uploads\\\/2026\\\/04\\\/25a.png\",\"width\":323,\"height\":519},{\"@type\":\"BreadcrumbList\",\"@id\":\"https:\\\/\\\/calmondivulgacoes.com.br\\\/miguel-calmon-problemas-de-qualidade-da-agua-na-formosa\\\/#breadcrumb\",\"itemListElement\":[{\"@type\":\"ListItem\",\"position\":1,\"name\":\"In\u00edcio\",\"item\":\"https:\\\/\\\/calmondivulgacoes.com.br\\\/\"},{\"@type\":\"ListItem\",\"position\":2,\"name\":\"Miguel Calmon: problemas de qualidade da \u00e1gua na Formosa\"}]},{\"@type\":\"WebSite\",\"@id\":\"https:\\\/\\\/calmondivulgacoes.com.br\\\/#website\",\"url\":\"https:\\\/\\\/calmondivulgacoes.com.br\\\/\",\"name\":\"Calmon Divulga\u00e7\u00f5es\",\"description\":\"e Not\u00edcias\",\"publisher\":{\"@id\":\"https:\\\/\\\/calmondivulgacoes.com.br\\\/#organization\"},\"potentialAction\":[{\"@type\":\"SearchAction\",\"target\":{\"@type\":\"EntryPoint\",\"urlTemplate\":\"https:\\\/\\\/calmondivulgacoes.com.br\\\/?s={search_term_string}\"},\"query-input\":{\"@type\":\"PropertyValueSpecification\",\"valueRequired\":true,\"valueName\":\"search_term_string\"}}],\"inLanguage\":\"en-US\"},{\"@type\":\"Organization\",\"@id\":\"https:\\\/\\\/calmondivulgacoes.com.br\\\/#organization\",\"name\":\"Calmon Divulga\u00e7\u00f5es\",\"url\":\"https:\\\/\\\/calmondivulgacoes.com.br\\\/\",\"logo\":{\"@type\":\"ImageObject\",\"inLanguage\":\"en-US\",\"@id\":\"https:\\\/\\\/calmondivulgacoes.com.br\\\/#\\\/schema\\\/logo\\\/image\\\/\",\"url\":\"https:\\\/\\\/calmondivulgacoes.com.br\\\/wp-content\\\/uploads\\\/2026\\\/04\\\/cropped-WhatsApp_Image_2025-12-02_at_20.44.08-removebg-preview.png\",\"contentUrl\":\"https:\\\/\\\/calmondivulgacoes.com.br\\\/wp-content\\\/uploads\\\/2026\\\/04\\\/cropped-WhatsApp_Image_2025-12-02_at_20.44.08-removebg-preview.png\",\"width\":120,\"height\":120,\"caption\":\"Calmon Divulga\u00e7\u00f5es\"},\"image\":{\"@id\":\"https:\\\/\\\/calmondivulgacoes.com.br\\\/#\\\/schema\\\/logo\\\/image\\\/\"},\"sameAs\":[\"https:\\\/\\\/www.facebook.com\\\/calmondivulgacoes\",\"https:\\\/\\\/www.instagram.com\\\/calmondivulgacoes\\\/\"]},{\"@type\":\"Person\",\"@id\":\"https:\\\/\\\/calmondivulgacoes.com.br\\\/#\\\/schema\\\/person\\\/f51b6a75a3e31b01ea8f6fea23fc01fa\",\"name\":\"Calmon Divulga\u00e7\u00f5es\",\"image\":{\"@type\":\"ImageObject\",\"inLanguage\":\"en-US\",\"@id\":\"https:\\\/\\\/calmondivulgacoes.com.br\\\/wp-content\\\/litespeed\\\/avatar\\\/70d8f8af3b6e7945511481b97d22e67c.jpg?ver=1777223803\",\"url\":\"https:\\\/\\\/calmondivulgacoes.com.br\\\/wp-content\\\/litespeed\\\/avatar\\\/70d8f8af3b6e7945511481b97d22e67c.jpg?ver=1777223803\",\"contentUrl\":\"https:\\\/\\\/calmondivulgacoes.com.br\\\/wp-content\\\/litespeed\\\/avatar\\\/70d8f8af3b6e7945511481b97d22e67c.jpg?ver=1777223803\",\"caption\":\"Calmon Divulga\u00e7\u00f5es\"},\"sameAs\":[\"http:\\\/\\\/calmondivulgacoes.com.br\"],\"url\":\"https:\\\/\\\/calmondivulgacoes.com.br\\\/en\\\/autor\\\/calmondivulgacoesgmail-com\\\/\"}]}<\/script>\n<!-- \/ Yoast SEO plugin. -->","yoast_head_json":{"title":"Miguel Calmon: problemas de qualidade da \u00e1gua na Formosa - Calmon Divulga\u00e7\u00f5es","robots":{"index":"index","follow":"follow","max-snippet":"max-snippet:-1","max-image-preview":"max-image-preview:large","max-video-preview":"max-video-preview:-1"},"canonical":"https:\/\/calmondivulgacoes.com.br\/en\/miguel-calmon-problemas-de-qualidade-da-agua-na-formosa\/","og_locale":"en_US","og_type":"article","og_title":"Miguel Calmon: problemas de qualidade da \u00e1gua na Formosa - Calmon Divulga\u00e7\u00f5es","og_description":"Moradores de Miguel Calmon (BA) reclamam da qualidade da \u00e1gua distribu\u00edda na Formosa. Veja os detalhes e o que diz a presidente da associa\u00e7\u00e3o.","og_url":"https:\/\/calmondivulgacoes.com.br\/en\/miguel-calmon-problemas-de-qualidade-da-agua-na-formosa\/","og_site_name":"Calmon Divulga\u00e7\u00f5es","article_publisher":"https:\/\/www.facebook.com\/calmondivulgacoes","article_published_time":"2026-04-25T02:01:18+00:00","article_modified_time":"2026-04-25T02:01:23+00:00","og_image":[{"width":323,"height":519,"url":"https:\/\/calmondivulgacoes.com.br\/wp-content\/uploads\/2026\/04\/25a.png","type":"image\/png"}],"author":"Calmon Divulga\u00e7\u00f5es","twitter_card":"summary_large_image","twitter_misc":{"Written by":"Calmon Divulga\u00e7\u00f5es","Est. reading time":"2 minutes"},"schema":{"@context":"https:\/\/schema.org","@graph":[{"@type":"Article","@id":"https:\/\/calmondivulgacoes.com.br\/miguel-calmon-problemas-de-qualidade-da-agua-na-formosa\/#article","isPartOf":{"@id":"https:\/\/calmondivulgacoes.com.br\/miguel-calmon-problemas-de-qualidade-da-agua-na-formosa\/"},"author":{"name":"Calmon Divulga\u00e7\u00f5es","@id":"https:\/\/calmondivulgacoes.com.br\/#\/schema\/person\/f51b6a75a3e31b01ea8f6fea23fc01fa"},"headline":"Miguel Calmon: problemas de qualidade da \u00e1gua na Formosa","datePublished":"2026-04-25T02:01:18+00:00","dateModified":"2026-04-25T02:01:23+00:00","mainEntityOfPage":{"@id":"https:\/\/calmondivulgacoes.com.br\/miguel-calmon-problemas-de-qualidade-da-agua-na-formosa\/"},"wordCount":216,"publisher":{"@id":"https:\/\/calmondivulgacoes.com.br\/#organization"},"image":{"@id":"https:\/\/calmondivulgacoes.com.br\/miguel-calmon-problemas-de-qualidade-da-agua-na-formosa\/#primaryimage"},"thumbnailUrl":"https:\/\/calmondivulgacoes.com.br\/wp-content\/uploads\/2026\/04\/25a.png","keywords":["abastecimento de \u00e1gua","Bahia","Formosa","Miguel Calmon","not\u00edcias locais","qualidade da \u00e1gua"],"articleSection":["Miguel Calmon"],"inLanguage":"en-US"},{"@type":"WebPage","@id":"https:\/\/calmondivulgacoes.com.br\/miguel-calmon-problemas-de-qualidade-da-agua-na-formosa\/","url":"https:\/\/calmondivulgacoes.com.br\/miguel-calmon-problemas-de-qualidade-da-agua-na-formosa\/","name":"Miguel Calmon: problemas de qualidade da \u00e1gua na Formosa - Calmon Divulga\u00e7\u00f5es","isPartOf":{"@id":"https:\/\/calmondivulgacoes.com.br\/#website"},"primaryImageOfPage":{"@id":"https:\/\/calmondivulgacoes.com.br\/miguel-calmon-problemas-de-qualidade-da-agua-na-formosa\/#primaryimage"},"image":{"@id":"https:\/\/calmondivulgacoes.com.br\/miguel-calmon-problemas-de-qualidade-da-agua-na-formosa\/#primaryimage"},"thumbnailUrl":"https:\/\/calmondivulgacoes.com.br\/wp-content\/uploads\/2026\/04\/25a.png","datePublished":"2026-04-25T02:01:18+00:00","dateModified":"2026-04-25T02:01:23+00:00","breadcrumb":{"@id":"https:\/\/calmondivulgacoes.com.br\/miguel-calmon-problemas-de-qualidade-da-agua-na-formosa\/#breadcrumb"},"inLanguage":"en-US","potentialAction":[{"@type":"ReadAction","target":["https:\/\/calmondivulgacoes.com.br\/miguel-calmon-problemas-de-qualidade-da-agua-na-formosa\/"]}]},{"@type":"ImageObject","inLanguage":"en-US","@id":"https:\/\/calmondivulgacoes.com.br\/miguel-calmon-problemas-de-qualidade-da-agua-na-formosa\/#primaryimage","url":"https:\/\/calmondivulgacoes.com.br\/wp-content\/uploads\/2026\/04\/25a.png","contentUrl":"https:\/\/calmondivulgacoes.com.br\/wp-content\/uploads\/2026\/04\/25a.png","width":323,"height":519},{"@type":"BreadcrumbList","@id":"https:\/\/calmondivulgacoes.com.br\/miguel-calmon-problemas-de-qualidade-da-agua-na-formosa\/#breadcrumb","itemListElement":[{"@type":"ListItem","position":1,"name":"In\u00edcio","item":"https:\/\/calmondivulgacoes.com.br\/"},{"@type":"ListItem","position":2,"name":"Miguel Calmon: problemas de qualidade da \u00e1gua na Formosa"}]},{"@type":"WebSite","@id":"https:\/\/calmondivulgacoes.com.br\/#website","url":"https:\/\/calmondivulgacoes.com.br\/","name":"Calmon Divulga\u00e7\u00f5es","description":"e Not\u00edcias","publisher":{"@id":"https:\/\/calmondivulgacoes.com.br\/#organization"},"potentialAction":[{"@type":"SearchAction","target":{"@type":"EntryPoint","urlTemplate":"https:\/\/calmondivulgacoes.com.br\/?s={search_term_string}"},"query-input":{"@type":"PropertyValueSpecification","valueRequired":true,"valueName":"search_term_string"}}],"inLanguage":"en-US"},{"@type":"Organization","@id":"https:\/\/calmondivulgacoes.com.br\/#organization","name":"Calmon Divulga\u00e7\u00f5es","url":"https:\/\/calmondivulgacoes.com.br\/","logo":{"@type":"ImageObject","inLanguage":"en-US","@id":"https:\/\/calmondivulgacoes.com.br\/#\/schema\/logo\/image\/","url":"https:\/\/calmondivulgacoes.com.br\/wp-content\/uploads\/2026\/04\/cropped-WhatsApp_Image_2025-12-02_at_20.44.08-removebg-preview.png","contentUrl":"https:\/\/calmondivulgacoes.com.br\/wp-content\/uploads\/2026\/04\/cropped-WhatsApp_Image_2025-12-02_at_20.44.08-removebg-preview.png","width":120,"height":120,"caption":"Calmon Divulga\u00e7\u00f5es"},"image":{"@id":"https:\/\/calmondivulgacoes.com.br\/#\/schema\/logo\/image\/"},"sameAs":["https:\/\/www.facebook.com\/calmondivulgacoes","https:\/\/www.instagram.com\/calmondivulgacoes\/"]},{"@type":"Person","@id":"https:\/\/calmondivulgacoes.com.br\/#\/schema\/person\/f51b6a75a3e31b01ea8f6fea23fc01fa","name":"Calmon Divulga\u00e7\u00f5es","image":{"@type":"ImageObject","inLanguage":"en-US","@id":"https:\/\/calmondivulgacoes.com.br\/wp-content\/litespeed\/avatar\/70d8f8af3b6e7945511481b97d22e67c.jpg?ver=1777223803","url":"https:\/\/calmondivulgacoes.com.br\/wp-content\/litespeed\/avatar\/70d8f8af3b6e7945511481b97d22e67c.jpg?ver=1777223803","contentUrl":"https:\/\/calmondivulgacoes.com.br\/wp-content\/litespeed\/avatar\/70d8f8af3b6e7945511481b97d22e67c.jpg?ver=1777223803","caption":"Calmon Divulga\u00e7\u00f5es"},"sameAs":["http:\/\/calmondivulgacoes.com.br"],"url":"https:\/\/calmondivulgacoes.com.br\/en\/autor\/calmondivulgacoesgmail-com\/"}]}},"uagb_featured_image_src":{"full":["https:\/\/calmondivulgacoes.com.br\/wp-content\/uploads\/2026\/04\/25a.png",323,519,false],"thumbnail":["https:\/\/calmondivulgacoes.com.br\/wp-content\/uploads\/2026\/04\/25a-93x150.png",93,150,true],"medium":["https:\/\/calmondivulgacoes.com.br\/wp-content\/uploads\/2026\/04\/25a-187x300.png",187,300,true],"medium_large":["https:\/\/calmondivulgacoes.com.br\/wp-content\/uploads\/2026\/04\/25a.png",323,519,false],"large":["https:\/\/calmondivulgacoes.com.br\/wp-content\/uploads\/2026\/04\/25a.png",323,519,false],"1536x1536":["https:\/\/calmondivulgacoes.com.br\/wp-content\/uploads\/2026\/04\/25a.png",323,519,false],"2048x2048":["https:\/\/calmondivulgacoes.com.br\/wp-content\/uploads\/2026\/04\/25a.png",323,519,false],"trp-custom-language-flag":["https:\/\/calmondivulgacoes.com.br\/wp-content\/uploads\/2026\/04\/25a-7x12.png",7,12,true],"cvmm-medium":["https:\/\/calmondivulgacoes.com.br\/wp-content\/uploads\/2026\/04\/25a-300x300.png",300,300,true],"cvmm-medium-plus":["https:\/\/calmondivulgacoes.com.br\/wp-content\/uploads\/2026\/04\/25a-305x207.png",305,207,true],"cvmm-portrait":["https:\/\/calmondivulgacoes.com.br\/wp-content\/uploads\/2026\/04\/25a.png",323,519,false],"cvmm-medium-square":["https:\/\/calmondivulgacoes.com.br\/wp-content\/uploads\/2026\/04\/25a.png",323,519,false],"cvmm-large":["https:\/\/calmondivulgacoes.com.br\/wp-content\/uploads\/2026\/04\/25a.png",323,519,false],"cvmm-small":["https:\/\/calmondivulgacoes.com.br\/wp-content\/uploads\/2026\/04\/25a-130x95.png",130,95,true]},"uagb_author_info":{"display_name":"Calmon Divulga\u00e7\u00f5es","author_link":"https:\/\/calmondivulgacoes.com.br\/en\/autor\/calmondivulgacoesgmail-com\/"},"uagb_comment_info":0,"uagb_excerpt":"Moradores de Miguel Calmon (BA) reclamam da qualidade da \u00e1gua distribu\u00edda na Formosa. Veja os detalhes e o que diz a presidente da associa\u00e7\u00e3o.","blog_post_layout_featured_media_urls":{"thumbnail":["https:\/\/calmondivulgacoes.com.br\/wp-content\/uploads\/2026\/04\/25a-93x150.png",93,150,true],"full":["https:\/\/calmondivulgacoes.com.br\/wp-content\/uploads\/2026\/04\/25a.png",323,519,false]},"categories_names":{"40":{"name":"Miguel Calmon","link":"https:\/\/calmondivulgacoes.com.br\/en\/category\/miguel-calmon\/"}},"tags_names":{"138":{"name":"abastecimento de \u00e1gua","link":"https:\/\/calmondivulgacoes.com.br\/en\/tag\/abastecimento-de-agua\/"},"140":{"name":"Bahia","link":"https:\/\/calmondivulgacoes.com.br\/en\/tag\/bahia\/"},"141":{"name":"Formosa","link":"https:\/\/calmondivulgacoes.com.br\/en\/tag\/formosa\/"},"83":{"name":"Miguel Calmon","link":"https:\/\/calmondivulgacoes.com.br\/en\/tag\/miguel-calmon\/"},"142":{"name":"not\u00edcias locais","link":"https:\/\/calmondivulgacoes.com.br\/en\/tag\/noticias-locais\/"},"139":{"name":"qualidade da \u00e1gua","link":"https:\/\/calmondivulgacoes.com.br\/en\/tag\/qualidade-da-agua\/"}},"comments_number":"0","wpmagazine_modules_lite_featured_media_urls":{"thumbnail":["https:\/\/calmondivulgacoes.com.br\/wp-content\/uploads\/2026\/04\/25a-93x150.png",93,150,true],"cvmm-medium":["https:\/\/calmondivulgacoes.com.br\/wp-content\/uploads\/2026\/04\/25a-300x300.png",300,300,true],"cvmm-medium-plus":["https:\/\/calmondivulgacoes.com.br\/wp-content\/uploads\/2026\/04\/25a-305x207.png",305,207,true],"cvmm-portrait":["https:\/\/calmondivulgacoes.com.br\/wp-content\/uploads\/2026\/04\/25a.png",323,519,false],"cvmm-medium-square":["https:\/\/calmondivulgacoes.com.br\/wp-content\/uploads\/2026\/04\/25a.png",323,519,false],"cvmm-large":["https:\/\/calmondivulgacoes.com.br\/wp-content\/uploads\/2026\/04\/25a.png",323,519,false],"cvmm-small":["https:\/\/calmondivulgacoes.com.br\/wp-content\/uploads\/2026\/04\/25a-130x95.png",130,95,true],"full":["https:\/\/calmondivulgacoes.com.br\/wp-content\/uploads\/2026\/04\/25a.png",323,519,false]},"_links":{"self":[{"href":"https:\/\/calmondivulgacoes.com.br\/en\/wp-json\/wp\/v2\/posts\/3395","targetHints":{"allow":["GET"]}}],"collection":[{"href":"https:\/\/calmondivulgacoes.com.br\/en\/wp-json\/wp\/v2\/posts"}],"about":[{"href":"https:\/\/calmondivulgacoes.com.br\/en\/wp-json\/wp\/v2\/types\/post"}],"author":[{"embeddable":true,"href":"https:\/\/calmondivulgacoes.com.br\/en\/wp-json\/wp\/v2\/users\/1"}],"replies":[{"embeddable":true,"href":"https:\/\/calmondivulgacoes.com.br\/en\/wp-json\/wp\/v2\/comments?post=3395"}],"version-history":[{"count":1,"href":"https:\/\/calmondivulgacoes.com.br\/en\/wp-json\/wp\/v2\/posts\/3395\/revisions"}],"predecessor-version":[{"id":3398,"href":"https:\/\/calmondivulgacoes.com.br\/en\/wp-json\/wp\/v2\/posts\/3395\/revisions\/3398"}],"wp:featuredmedia":[{"embeddable":true,"href":"https:\/\/calmondivulgacoes.com.br\/en\/wp-json\/wp\/v2\/media\/3397"}],"wp:attachment":[{"href":"https:\/\/calmondivulgacoes.com.br\/en\/wp-json\/wp\/v2\/media?parent=3395"}],"wp:term":[{"taxonomy":"category","embeddable":true,"href":"https:\/\/calmondivulgacoes.com.br\/en\/wp-json\/wp\/v2\/categories?post=3395"},{"taxonomy":"post_tag","embeddable":true,"href":"https:\/\/calmondivulgacoes.com.br\/en\/wp-json\/wp\/v2\/tags?post=3395"}],"curies":[{"name":"wp","href":"https:\/\/api.w.org\/{rel}","templated":true}]}}