{"id":3389,"date":"2026-04-24T22:55:30","date_gmt":"2026-04-25T01:55:30","guid":{"rendered":"https:\/\/calmondivulgacoes.com.br\/?p=3389"},"modified":"2026-04-24T22:55:35","modified_gmt":"2026-04-25T01:55:35","slug":"guarda-municipal-alerta-sobre-derramamento-de-oleo-em-via-publica-no-centro-de-miguel-calmon","status":"publish","type":"post","link":"https:\/\/calmondivulgacoes.com.br\/en\/guarda-municipal-alerta-sobre-derramamento-de-oleo-em-via-publica-no-centro-de-miguel-calmon\/","title":{"rendered":"Guarda Municipal alerta sobre derramamento de \u00f3leo em via p\u00fablica no Centro de Miguel Calmon"},"content":{"rendered":"<figure class=\"wp-block-image size-large\"><img fetchpriority=\"high\" decoding=\"async\" width=\"1024\" height=\"107\" src=\"https:\/\/calmondivulgacoes.com.br\/wp-content\/uploads\/2026\/04\/site-1024x107.png\" alt=\"\" class=\"wp-image-3369\" srcset=\"https:\/\/calmondivulgacoes.com.br\/wp-content\/uploads\/2026\/04\/site-1024x107.png 1024w, https:\/\/calmondivulgacoes.com.br\/wp-content\/uploads\/2026\/04\/site-300x31.png 300w, https:\/\/calmondivulgacoes.com.br\/wp-content\/uploads\/2026\/04\/site-150x16.png 150w, https:\/\/calmondivulgacoes.com.br\/wp-content\/uploads\/2026\/04\/site-768x80.png 768w, https:\/\/calmondivulgacoes.com.br\/wp-content\/uploads\/2026\/04\/site-1536x160.png 1536w, https:\/\/calmondivulgacoes.com.br\/wp-content\/uploads\/2026\/04\/site-18x2.png 18w, https:\/\/calmondivulgacoes.com.br\/wp-content\/uploads\/2026\/04\/site.png 1920w\" sizes=\"(max-width: 1024px) 100vw, 1024px\" \/><\/figure>\n\n\n\n<p>Nesta sexta-feira, 24 de abril de 2026, a Guarda Municipal de Miguel Calmon divulgou um \u00e1udio informativo alertando a popula\u00e7\u00e3o sobre um derramamento de \u00f3leo na pista que se estende da Rua Jos\u00e9 Ot\u00e1vio Sena at\u00e9 a XV de Novembro, na regi\u00e3o central da cidade.<\/p>\n\n\n\n<p>No comunicado, a corpora\u00e7\u00e3o orienta motoristas, motociclistas e pedestres a redobrarem a aten\u00e7\u00e3o ao trafegar pelo trecho, devido ao risco de acidentes provocado pela pista escorregadia.<\/p>\n\n\n\n<p>O material foi encaminhado para compartilhamento em grupos de aplicativos de mensagens, ampliando o alcance da informa\u00e7\u00e3o e refor\u00e7ando o car\u00e1ter de utilidade p\u00fablica da iniciativa.<\/p>\n\n\n\n<p>A a\u00e7\u00e3o demonstra agilidade na comunica\u00e7\u00e3o preventiva e compromisso com a seguran\u00e7a vi\u00e1ria. A atua\u00e7\u00e3o da Guarda Municipal, ao informar de forma r\u00e1pida e direta, contribui para a conscientiza\u00e7\u00e3o da popula\u00e7\u00e3o e preven\u00e7\u00e3o de poss\u00edveis ocorr\u00eancias.<\/p>\n\n\n\n<p>Parab\u00e9ns \u00e0 corpora\u00e7\u00e3o pela iniciativa e pelo servi\u00e7o prestado \u00e0 comunidade.<\/p>\n\n\n\n<figure class=\"wp-block-image size-full\"><img decoding=\"async\" width=\"323\" height=\"505\" src=\"https:\/\/calmondivulgacoes.com.br\/wp-content\/uploads\/2026\/04\/24b.png\" alt=\"\" class=\"wp-image-3390\" srcset=\"https:\/\/calmondivulgacoes.com.br\/wp-content\/uploads\/2026\/04\/24b.png 323w, https:\/\/calmondivulgacoes.com.br\/wp-content\/uploads\/2026\/04\/24b-192x300.png 192w, https:\/\/calmondivulgacoes.com.br\/wp-content\/uploads\/2026\/04\/24b-96x150.png 96w, https:\/\/calmondivulgacoes.com.br\/wp-content\/uploads\/2026\/04\/24b-8x12.png 8w\" sizes=\"(max-width: 323px) 100vw, 323px\" \/><\/figure>\n\n\n\n<figure class=\"wp-block-image size-full\"><img decoding=\"async\" width=\"321\" height=\"546\" src=\"https:\/\/calmondivulgacoes.com.br\/wp-content\/uploads\/2026\/04\/241a.png\" alt=\"\" class=\"wp-image-3391\" srcset=\"https:\/\/calmondivulgacoes.com.br\/wp-content\/uploads\/2026\/04\/241a.png 321w, https:\/\/calmondivulgacoes.com.br\/wp-content\/uploads\/2026\/04\/241a-176x300.png 176w, https:\/\/calmondivulgacoes.com.br\/wp-content\/uploads\/2026\/04\/241a-88x150.png 88w, https:\/\/calmondivulgacoes.com.br\/wp-content\/uploads\/2026\/04\/241a-7x12.png 7w\" sizes=\"(max-width: 321px) 100vw, 321px\" \/><\/figure>","protected":false},"excerpt":{"rendered":"<p>Guarda Municipal de Miguel Calmon alerta sobre derramamento de \u00f3leo no Centro. Redobre a aten\u00e7\u00e3o ao trafegar pela pista escorregadia. Saiba mais!<\/p>","protected":false},"author":1,"featured_media":3392,"comment_status":"closed","ping_status":"closed","sticky":false,"template":"","format":"standard","meta":{"_uag_custom_page_level_css":"","_monsterinsights_skip_tracking":false,"_monsterinsights_sitenote_active":false,"_monsterinsights_sitenote_note":"","_monsterinsights_sitenote_category":0,"maa_idioma":"","maa_pais":"","footnotes":""},"categories":[40],"tags":[101,135,134,136,83,133,137],"class_list":["post-3389","post","type-post","status-publish","format-standard","has-post-thumbnail","hentry","category-miguel-calmon","tag-acidente","tag-alerta","tag-derramamento-de-oleo","tag-guarda-municipal","tag-miguel-calmon","tag-seguranca-viaria","tag-transito"],"yoast_head":"<!-- This site is optimized with the Yoast SEO plugin v27.4 - https:\/\/yoast.com\/product\/yoast-seo-wordpress\/ -->\n<title>Guarda Municipal alerta sobre derramamento de \u00f3leo em via p\u00fablica no Centro de Miguel Calmon - Calmon Divulga\u00e7\u00f5es<\/title>\n<meta name=\"robots\" content=\"index, follow, max-snippet:-1, max-image-preview:large, max-video-preview:-1\" \/>\n<link rel=\"canonical\" href=\"https:\/\/calmondivulgacoes.com.br\/en\/guarda-municipal-alerta-sobre-derramamento-de-oleo-em-via-publica-no-centro-de-miguel-calmon\/\" \/>\n<meta property=\"og:locale\" content=\"en_US\" \/>\n<meta property=\"og:type\" content=\"article\" \/>\n<meta property=\"og:title\" content=\"Guarda Municipal alerta sobre derramamento de \u00f3leo em via p\u00fablica no Centro de Miguel Calmon - Calmon Divulga\u00e7\u00f5es\" \/>\n<meta property=\"og:description\" content=\"Guarda Municipal de Miguel Calmon alerta sobre derramamento de \u00f3leo no Centro. Redobre a aten\u00e7\u00e3o ao trafegar pela pista escorregadia. Saiba mais!\" \/>\n<meta property=\"og:url\" content=\"https:\/\/calmondivulgacoes.com.br\/en\/guarda-municipal-alerta-sobre-derramamento-de-oleo-em-via-publica-no-centro-de-miguel-calmon\/\" \/>\n<meta property=\"og:site_name\" content=\"Calmon Divulga\u00e7\u00f5es\" \/>\n<meta property=\"article:publisher\" content=\"https:\/\/www.facebook.com\/calmondivulgacoes\" \/>\n<meta property=\"article:published_time\" content=\"2026-04-25T01:55:30+00:00\" \/>\n<meta property=\"article:modified_time\" content=\"2026-04-25T01:55:35+00:00\" \/>\n<meta property=\"og:image\" content=\"https:\/\/calmondivulgacoes.com.br\/wp-content\/uploads\/2026\/04\/24c.png\" \/>\n\t<meta property=\"og:image:width\" content=\"319\" \/>\n\t<meta property=\"og:image:height\" content=\"543\" \/>\n\t<meta property=\"og:image:type\" content=\"image\/png\" \/>\n<meta name=\"author\" content=\"Calmon Divulga\u00e7\u00f5es\" \/>\n<meta name=\"twitter:card\" content=\"summary_large_image\" \/>\n<meta name=\"twitter:label1\" content=\"Written by\" \/>\n\t<meta name=\"twitter:data1\" content=\"Calmon Divulga\u00e7\u00f5es\" \/>\n\t<meta name=\"twitter:label2\" content=\"Est. reading time\" \/>\n\t<meta name=\"twitter:data2\" content=\"2 minutes\" \/>\n<script type=\"application\/ld+json\" class=\"yoast-schema-graph\">{\"@context\":\"https:\\\/\\\/schema.org\",\"@graph\":[{\"@type\":\"Article\",\"@id\":\"https:\\\/\\\/calmondivulgacoes.com.br\\\/guarda-municipal-alerta-sobre-derramamento-de-oleo-em-via-publica-no-centro-de-miguel-calmon\\\/#article\",\"isPartOf\":{\"@id\":\"https:\\\/\\\/calmondivulgacoes.com.br\\\/guarda-municipal-alerta-sobre-derramamento-de-oleo-em-via-publica-no-centro-de-miguel-calmon\\\/\"},\"author\":{\"name\":\"Calmon Divulga\u00e7\u00f5es\",\"@id\":\"https:\\\/\\\/calmondivulgacoes.com.br\\\/#\\\/schema\\\/person\\\/f51b6a75a3e31b01ea8f6fea23fc01fa\"},\"headline\":\"Guarda Municipal alerta sobre derramamento de \u00f3leo em via p\u00fablica no Centro de Miguel Calmon\",\"datePublished\":\"2026-04-25T01:55:30+00:00\",\"dateModified\":\"2026-04-25T01:55:35+00:00\",\"mainEntityOfPage\":{\"@id\":\"https:\\\/\\\/calmondivulgacoes.com.br\\\/guarda-municipal-alerta-sobre-derramamento-de-oleo-em-via-publica-no-centro-de-miguel-calmon\\\/\"},\"wordCount\":179,\"publisher\":{\"@id\":\"https:\\\/\\\/calmondivulgacoes.com.br\\\/#organization\"},\"image\":{\"@id\":\"https:\\\/\\\/calmondivulgacoes.com.br\\\/guarda-municipal-alerta-sobre-derramamento-de-oleo-em-via-publica-no-centro-de-miguel-calmon\\\/#primaryimage\"},\"thumbnailUrl\":\"https:\\\/\\\/calmondivulgacoes.com.br\\\/wp-content\\\/uploads\\\/2026\\\/04\\\/24c.png\",\"keywords\":[\"acidente\",\"alerta\",\"derramamento de \u00f3leo\",\"Guarda Municipal\",\"Miguel Calmon\",\"seguran\u00e7a vi\u00e1ria\",\"transito\"],\"articleSection\":[\"Miguel Calmon\"],\"inLanguage\":\"en-US\"},{\"@type\":\"WebPage\",\"@id\":\"https:\\\/\\\/calmondivulgacoes.com.br\\\/guarda-municipal-alerta-sobre-derramamento-de-oleo-em-via-publica-no-centro-de-miguel-calmon\\\/\",\"url\":\"https:\\\/\\\/calmondivulgacoes.com.br\\\/guarda-municipal-alerta-sobre-derramamento-de-oleo-em-via-publica-no-centro-de-miguel-calmon\\\/\",\"name\":\"Guarda Municipal alerta sobre derramamento de \u00f3leo em via p\u00fablica no Centro de Miguel Calmon - Calmon Divulga\u00e7\u00f5es\",\"isPartOf\":{\"@id\":\"https:\\\/\\\/calmondivulgacoes.com.br\\\/#website\"},\"primaryImageOfPage\":{\"@id\":\"https:\\\/\\\/calmondivulgacoes.com.br\\\/guarda-municipal-alerta-sobre-derramamento-de-oleo-em-via-publica-no-centro-de-miguel-calmon\\\/#primaryimage\"},\"image\":{\"@id\":\"https:\\\/\\\/calmondivulgacoes.com.br\\\/guarda-municipal-alerta-sobre-derramamento-de-oleo-em-via-publica-no-centro-de-miguel-calmon\\\/#primaryimage\"},\"thumbnailUrl\":\"https:\\\/\\\/calmondivulgacoes.com.br\\\/wp-content\\\/uploads\\\/2026\\\/04\\\/24c.png\",\"datePublished\":\"2026-04-25T01:55:30+00:00\",\"dateModified\":\"2026-04-25T01:55:35+00:00\",\"breadcrumb\":{\"@id\":\"https:\\\/\\\/calmondivulgacoes.com.br\\\/guarda-municipal-alerta-sobre-derramamento-de-oleo-em-via-publica-no-centro-de-miguel-calmon\\\/#breadcrumb\"},\"inLanguage\":\"en-US\",\"potentialAction\":[{\"@type\":\"ReadAction\",\"target\":[\"https:\\\/\\\/calmondivulgacoes.com.br\\\/guarda-municipal-alerta-sobre-derramamento-de-oleo-em-via-publica-no-centro-de-miguel-calmon\\\/\"]}]},{\"@type\":\"ImageObject\",\"inLanguage\":\"en-US\",\"@id\":\"https:\\\/\\\/calmondivulgacoes.com.br\\\/guarda-municipal-alerta-sobre-derramamento-de-oleo-em-via-publica-no-centro-de-miguel-calmon\\\/#primaryimage\",\"url\":\"https:\\\/\\\/calmondivulgacoes.com.br\\\/wp-content\\\/uploads\\\/2026\\\/04\\\/24c.png\",\"contentUrl\":\"https:\\\/\\\/calmondivulgacoes.com.br\\\/wp-content\\\/uploads\\\/2026\\\/04\\\/24c.png\",\"width\":319,\"height\":543},{\"@type\":\"BreadcrumbList\",\"@id\":\"https:\\\/\\\/calmondivulgacoes.com.br\\\/guarda-municipal-alerta-sobre-derramamento-de-oleo-em-via-publica-no-centro-de-miguel-calmon\\\/#breadcrumb\",\"itemListElement\":[{\"@type\":\"ListItem\",\"position\":1,\"name\":\"In\u00edcio\",\"item\":\"https:\\\/\\\/calmondivulgacoes.com.br\\\/\"},{\"@type\":\"ListItem\",\"position\":2,\"name\":\"Guarda Municipal alerta sobre derramamento de \u00f3leo em via p\u00fablica no Centro de Miguel Calmon\"}]},{\"@type\":\"WebSite\",\"@id\":\"https:\\\/\\\/calmondivulgacoes.com.br\\\/#website\",\"url\":\"https:\\\/\\\/calmondivulgacoes.com.br\\\/\",\"name\":\"Calmon Divulga\u00e7\u00f5es\",\"description\":\"e Not\u00edcias\",\"publisher\":{\"@id\":\"https:\\\/\\\/calmondivulgacoes.com.br\\\/#organization\"},\"potentialAction\":[{\"@type\":\"SearchAction\",\"target\":{\"@type\":\"EntryPoint\",\"urlTemplate\":\"https:\\\/\\\/calmondivulgacoes.com.br\\\/?s={search_term_string}\"},\"query-input\":{\"@type\":\"PropertyValueSpecification\",\"valueRequired\":true,\"valueName\":\"search_term_string\"}}],\"inLanguage\":\"en-US\"},{\"@type\":\"Organization\",\"@id\":\"https:\\\/\\\/calmondivulgacoes.com.br\\\/#organization\",\"name\":\"Calmon Divulga\u00e7\u00f5es\",\"url\":\"https:\\\/\\\/calmondivulgacoes.com.br\\\/\",\"logo\":{\"@type\":\"ImageObject\",\"inLanguage\":\"en-US\",\"@id\":\"https:\\\/\\\/calmondivulgacoes.com.br\\\/#\\\/schema\\\/logo\\\/image\\\/\",\"url\":\"https:\\\/\\\/calmondivulgacoes.com.br\\\/wp-content\\\/uploads\\\/2026\\\/04\\\/cropped-WhatsApp_Image_2025-12-02_at_20.44.08-removebg-preview.png\",\"contentUrl\":\"https:\\\/\\\/calmondivulgacoes.com.br\\\/wp-content\\\/uploads\\\/2026\\\/04\\\/cropped-WhatsApp_Image_2025-12-02_at_20.44.08-removebg-preview.png\",\"width\":120,\"height\":120,\"caption\":\"Calmon Divulga\u00e7\u00f5es\"},\"image\":{\"@id\":\"https:\\\/\\\/calmondivulgacoes.com.br\\\/#\\\/schema\\\/logo\\\/image\\\/\"},\"sameAs\":[\"https:\\\/\\\/www.facebook.com\\\/calmondivulgacoes\",\"https:\\\/\\\/www.instagram.com\\\/calmondivulgacoes\\\/\"]},{\"@type\":\"Person\",\"@id\":\"https:\\\/\\\/calmondivulgacoes.com.br\\\/#\\\/schema\\\/person\\\/f51b6a75a3e31b01ea8f6fea23fc01fa\",\"name\":\"Calmon Divulga\u00e7\u00f5es\",\"image\":{\"@type\":\"ImageObject\",\"inLanguage\":\"en-US\",\"@id\":\"https:\\\/\\\/calmondivulgacoes.com.br\\\/wp-content\\\/litespeed\\\/avatar\\\/70d8f8af3b6e7945511481b97d22e67c.jpg?ver=1777223803\",\"url\":\"https:\\\/\\\/calmondivulgacoes.com.br\\\/wp-content\\\/litespeed\\\/avatar\\\/70d8f8af3b6e7945511481b97d22e67c.jpg?ver=1777223803\",\"contentUrl\":\"https:\\\/\\\/calmondivulgacoes.com.br\\\/wp-content\\\/litespeed\\\/avatar\\\/70d8f8af3b6e7945511481b97d22e67c.jpg?ver=1777223803\",\"caption\":\"Calmon Divulga\u00e7\u00f5es\"},\"sameAs\":[\"http:\\\/\\\/calmondivulgacoes.com.br\"],\"url\":\"https:\\\/\\\/calmondivulgacoes.com.br\\\/en\\\/autor\\\/calmondivulgacoesgmail-com\\\/\"}]}<\/script>\n<!-- \/ Yoast SEO plugin. -->","yoast_head_json":{"title":"Guarda Municipal alerta sobre derramamento de \u00f3leo em via p\u00fablica no Centro de Miguel Calmon - Calmon Divulga\u00e7\u00f5es","robots":{"index":"index","follow":"follow","max-snippet":"max-snippet:-1","max-image-preview":"max-image-preview:large","max-video-preview":"max-video-preview:-1"},"canonical":"https:\/\/calmondivulgacoes.com.br\/en\/guarda-municipal-alerta-sobre-derramamento-de-oleo-em-via-publica-no-centro-de-miguel-calmon\/","og_locale":"en_US","og_type":"article","og_title":"Guarda Municipal alerta sobre derramamento de \u00f3leo em via p\u00fablica no Centro de Miguel Calmon - Calmon Divulga\u00e7\u00f5es","og_description":"Guarda Municipal de Miguel Calmon alerta sobre derramamento de \u00f3leo no Centro. Redobre a aten\u00e7\u00e3o ao trafegar pela pista escorregadia. Saiba mais!","og_url":"https:\/\/calmondivulgacoes.com.br\/en\/guarda-municipal-alerta-sobre-derramamento-de-oleo-em-via-publica-no-centro-de-miguel-calmon\/","og_site_name":"Calmon Divulga\u00e7\u00f5es","article_publisher":"https:\/\/www.facebook.com\/calmondivulgacoes","article_published_time":"2026-04-25T01:55:30+00:00","article_modified_time":"2026-04-25T01:55:35+00:00","og_image":[{"width":319,"height":543,"url":"https:\/\/calmondivulgacoes.com.br\/wp-content\/uploads\/2026\/04\/24c.png","type":"image\/png"}],"author":"Calmon Divulga\u00e7\u00f5es","twitter_card":"summary_large_image","twitter_misc":{"Written by":"Calmon Divulga\u00e7\u00f5es","Est. reading time":"2 minutes"},"schema":{"@context":"https:\/\/schema.org","@graph":[{"@type":"Article","@id":"https:\/\/calmondivulgacoes.com.br\/guarda-municipal-alerta-sobre-derramamento-de-oleo-em-via-publica-no-centro-de-miguel-calmon\/#article","isPartOf":{"@id":"https:\/\/calmondivulgacoes.com.br\/guarda-municipal-alerta-sobre-derramamento-de-oleo-em-via-publica-no-centro-de-miguel-calmon\/"},"author":{"name":"Calmon Divulga\u00e7\u00f5es","@id":"https:\/\/calmondivulgacoes.com.br\/#\/schema\/person\/f51b6a75a3e31b01ea8f6fea23fc01fa"},"headline":"Guarda Municipal alerta sobre derramamento de \u00f3leo em via p\u00fablica no Centro de Miguel Calmon","datePublished":"2026-04-25T01:55:30+00:00","dateModified":"2026-04-25T01:55:35+00:00","mainEntityOfPage":{"@id":"https:\/\/calmondivulgacoes.com.br\/guarda-municipal-alerta-sobre-derramamento-de-oleo-em-via-publica-no-centro-de-miguel-calmon\/"},"wordCount":179,"publisher":{"@id":"https:\/\/calmondivulgacoes.com.br\/#organization"},"image":{"@id":"https:\/\/calmondivulgacoes.com.br\/guarda-municipal-alerta-sobre-derramamento-de-oleo-em-via-publica-no-centro-de-miguel-calmon\/#primaryimage"},"thumbnailUrl":"https:\/\/calmondivulgacoes.com.br\/wp-content\/uploads\/2026\/04\/24c.png","keywords":["acidente","alerta","derramamento de \u00f3leo","Guarda Municipal","Miguel Calmon","seguran\u00e7a vi\u00e1ria","transito"],"articleSection":["Miguel Calmon"],"inLanguage":"en-US"},{"@type":"WebPage","@id":"https:\/\/calmondivulgacoes.com.br\/guarda-municipal-alerta-sobre-derramamento-de-oleo-em-via-publica-no-centro-de-miguel-calmon\/","url":"https:\/\/calmondivulgacoes.com.br\/guarda-municipal-alerta-sobre-derramamento-de-oleo-em-via-publica-no-centro-de-miguel-calmon\/","name":"Guarda Municipal alerta sobre derramamento de \u00f3leo em via p\u00fablica no Centro de Miguel Calmon - Calmon Divulga\u00e7\u00f5es","isPartOf":{"@id":"https:\/\/calmondivulgacoes.com.br\/#website"},"primaryImageOfPage":{"@id":"https:\/\/calmondivulgacoes.com.br\/guarda-municipal-alerta-sobre-derramamento-de-oleo-em-via-publica-no-centro-de-miguel-calmon\/#primaryimage"},"image":{"@id":"https:\/\/calmondivulgacoes.com.br\/guarda-municipal-alerta-sobre-derramamento-de-oleo-em-via-publica-no-centro-de-miguel-calmon\/#primaryimage"},"thumbnailUrl":"https:\/\/calmondivulgacoes.com.br\/wp-content\/uploads\/2026\/04\/24c.png","datePublished":"2026-04-25T01:55:30+00:00","dateModified":"2026-04-25T01:55:35+00:00","breadcrumb":{"@id":"https:\/\/calmondivulgacoes.com.br\/guarda-municipal-alerta-sobre-derramamento-de-oleo-em-via-publica-no-centro-de-miguel-calmon\/#breadcrumb"},"inLanguage":"en-US","potentialAction":[{"@type":"ReadAction","target":["https:\/\/calmondivulgacoes.com.br\/guarda-municipal-alerta-sobre-derramamento-de-oleo-em-via-publica-no-centro-de-miguel-calmon\/"]}]},{"@type":"ImageObject","inLanguage":"en-US","@id":"https:\/\/calmondivulgacoes.com.br\/guarda-municipal-alerta-sobre-derramamento-de-oleo-em-via-publica-no-centro-de-miguel-calmon\/#primaryimage","url":"https:\/\/calmondivulgacoes.com.br\/wp-content\/uploads\/2026\/04\/24c.png","contentUrl":"https:\/\/calmondivulgacoes.com.br\/wp-content\/uploads\/2026\/04\/24c.png","width":319,"height":543},{"@type":"BreadcrumbList","@id":"https:\/\/calmondivulgacoes.com.br\/guarda-municipal-alerta-sobre-derramamento-de-oleo-em-via-publica-no-centro-de-miguel-calmon\/#breadcrumb","itemListElement":[{"@type":"ListItem","position":1,"name":"In\u00edcio","item":"https:\/\/calmondivulgacoes.com.br\/"},{"@type":"ListItem","position":2,"name":"Guarda Municipal alerta sobre derramamento de \u00f3leo em via p\u00fablica no Centro de Miguel Calmon"}]},{"@type":"WebSite","@id":"https:\/\/calmondivulgacoes.com.br\/#website","url":"https:\/\/calmondivulgacoes.com.br\/","name":"Calmon Divulga\u00e7\u00f5es","description":"e Not\u00edcias","publisher":{"@id":"https:\/\/calmondivulgacoes.com.br\/#organization"},"potentialAction":[{"@type":"SearchAction","target":{"@type":"EntryPoint","urlTemplate":"https:\/\/calmondivulgacoes.com.br\/?s={search_term_string}"},"query-input":{"@type":"PropertyValueSpecification","valueRequired":true,"valueName":"search_term_string"}}],"inLanguage":"en-US"},{"@type":"Organization","@id":"https:\/\/calmondivulgacoes.com.br\/#organization","name":"Calmon Divulga\u00e7\u00f5es","url":"https:\/\/calmondivulgacoes.com.br\/","logo":{"@type":"ImageObject","inLanguage":"en-US","@id":"https:\/\/calmondivulgacoes.com.br\/#\/schema\/logo\/image\/","url":"https:\/\/calmondivulgacoes.com.br\/wp-content\/uploads\/2026\/04\/cropped-WhatsApp_Image_2025-12-02_at_20.44.08-removebg-preview.png","contentUrl":"https:\/\/calmondivulgacoes.com.br\/wp-content\/uploads\/2026\/04\/cropped-WhatsApp_Image_2025-12-02_at_20.44.08-removebg-preview.png","width":120,"height":120,"caption":"Calmon Divulga\u00e7\u00f5es"},"image":{"@id":"https:\/\/calmondivulgacoes.com.br\/#\/schema\/logo\/image\/"},"sameAs":["https:\/\/www.facebook.com\/calmondivulgacoes","https:\/\/www.instagram.com\/calmondivulgacoes\/"]},{"@type":"Person","@id":"https:\/\/calmondivulgacoes.com.br\/#\/schema\/person\/f51b6a75a3e31b01ea8f6fea23fc01fa","name":"Calmon Divulga\u00e7\u00f5es","image":{"@type":"ImageObject","inLanguage":"en-US","@id":"https:\/\/calmondivulgacoes.com.br\/wp-content\/litespeed\/avatar\/70d8f8af3b6e7945511481b97d22e67c.jpg?ver=1777223803","url":"https:\/\/calmondivulgacoes.com.br\/wp-content\/litespeed\/avatar\/70d8f8af3b6e7945511481b97d22e67c.jpg?ver=1777223803","contentUrl":"https:\/\/calmondivulgacoes.com.br\/wp-content\/litespeed\/avatar\/70d8f8af3b6e7945511481b97d22e67c.jpg?ver=1777223803","caption":"Calmon Divulga\u00e7\u00f5es"},"sameAs":["http:\/\/calmondivulgacoes.com.br"],"url":"https:\/\/calmondivulgacoes.com.br\/en\/autor\/calmondivulgacoesgmail-com\/"}]}},"uagb_featured_image_src":{"full":["https:\/\/calmondivulgacoes.com.br\/wp-content\/uploads\/2026\/04\/24c.png",319,543,false],"thumbnail":["https:\/\/calmondivulgacoes.com.br\/wp-content\/uploads\/2026\/04\/24c-88x150.png",88,150,true],"medium":["https:\/\/calmondivulgacoes.com.br\/wp-content\/uploads\/2026\/04\/24c-176x300.png",176,300,true],"medium_large":["https:\/\/calmondivulgacoes.com.br\/wp-content\/uploads\/2026\/04\/24c.png",319,543,false],"large":["https:\/\/calmondivulgacoes.com.br\/wp-content\/uploads\/2026\/04\/24c.png",319,543,false],"1536x1536":["https:\/\/calmondivulgacoes.com.br\/wp-content\/uploads\/2026\/04\/24c.png",319,543,false],"2048x2048":["https:\/\/calmondivulgacoes.com.br\/wp-content\/uploads\/2026\/04\/24c.png",319,543,false],"trp-custom-language-flag":["https:\/\/calmondivulgacoes.com.br\/wp-content\/uploads\/2026\/04\/24c-7x12.png",7,12,true],"cvmm-medium":["https:\/\/calmondivulgacoes.com.br\/wp-content\/uploads\/2026\/04\/24c-300x300.png",300,300,true],"cvmm-medium-plus":["https:\/\/calmondivulgacoes.com.br\/wp-content\/uploads\/2026\/04\/24c-305x207.png",305,207,true],"cvmm-portrait":["https:\/\/calmondivulgacoes.com.br\/wp-content\/uploads\/2026\/04\/24c.png",319,543,false],"cvmm-medium-square":["https:\/\/calmondivulgacoes.com.br\/wp-content\/uploads\/2026\/04\/24c.png",319,543,false],"cvmm-large":["https:\/\/calmondivulgacoes.com.br\/wp-content\/uploads\/2026\/04\/24c.png",319,543,false],"cvmm-small":["https:\/\/calmondivulgacoes.com.br\/wp-content\/uploads\/2026\/04\/24c-130x95.png",130,95,true]},"uagb_author_info":{"display_name":"Calmon Divulga\u00e7\u00f5es","author_link":"https:\/\/calmondivulgacoes.com.br\/en\/autor\/calmondivulgacoesgmail-com\/"},"uagb_comment_info":0,"uagb_excerpt":"Guarda Municipal de Miguel Calmon alerta sobre derramamento de \u00f3leo no Centro. Redobre a aten\u00e7\u00e3o ao trafegar pela pista escorregadia. Saiba mais!","blog_post_layout_featured_media_urls":{"thumbnail":["https:\/\/calmondivulgacoes.com.br\/wp-content\/uploads\/2026\/04\/24c-88x150.png",88,150,true],"full":["https:\/\/calmondivulgacoes.com.br\/wp-content\/uploads\/2026\/04\/24c.png",319,543,false]},"categories_names":{"40":{"name":"Miguel Calmon","link":"https:\/\/calmondivulgacoes.com.br\/en\/category\/miguel-calmon\/"}},"tags_names":{"101":{"name":"acidente","link":"https:\/\/calmondivulgacoes.com.br\/en\/tag\/acidente\/"},"135":{"name":"alerta","link":"https:\/\/calmondivulgacoes.com.br\/en\/tag\/alerta\/"},"134":{"name":"derramamento de \u00f3leo","link":"https:\/\/calmondivulgacoes.com.br\/en\/tag\/derramamento-de-oleo\/"},"136":{"name":"Guarda Municipal","link":"https:\/\/calmondivulgacoes.com.br\/en\/tag\/guarda-municipal\/"},"83":{"name":"Miguel Calmon","link":"https:\/\/calmondivulgacoes.com.br\/en\/tag\/miguel-calmon\/"},"133":{"name":"seguran\u00e7a vi\u00e1ria","link":"https:\/\/calmondivulgacoes.com.br\/en\/tag\/seguranca-viaria\/"},"137":{"name":"transito","link":"https:\/\/calmondivulgacoes.com.br\/en\/tag\/transito\/"}},"comments_number":"0","wpmagazine_modules_lite_featured_media_urls":{"thumbnail":["https:\/\/calmondivulgacoes.com.br\/wp-content\/uploads\/2026\/04\/24c-88x150.png",88,150,true],"cvmm-medium":["https:\/\/calmondivulgacoes.com.br\/wp-content\/uploads\/2026\/04\/24c-300x300.png",300,300,true],"cvmm-medium-plus":["https:\/\/calmondivulgacoes.com.br\/wp-content\/uploads\/2026\/04\/24c-305x207.png",305,207,true],"cvmm-portrait":["https:\/\/calmondivulgacoes.com.br\/wp-content\/uploads\/2026\/04\/24c.png",319,543,false],"cvmm-medium-square":["https:\/\/calmondivulgacoes.com.br\/wp-content\/uploads\/2026\/04\/24c.png",319,543,false],"cvmm-large":["https:\/\/calmondivulgacoes.com.br\/wp-content\/uploads\/2026\/04\/24c.png",319,543,false],"cvmm-small":["https:\/\/calmondivulgacoes.com.br\/wp-content\/uploads\/2026\/04\/24c-130x95.png",130,95,true],"full":["https:\/\/calmondivulgacoes.com.br\/wp-content\/uploads\/2026\/04\/24c.png",319,543,false]},"_links":{"self":[{"href":"https:\/\/calmondivulgacoes.com.br\/en\/wp-json\/wp\/v2\/posts\/3389","targetHints":{"allow":["GET"]}}],"collection":[{"href":"https:\/\/calmondivulgacoes.com.br\/en\/wp-json\/wp\/v2\/posts"}],"about":[{"href":"https:\/\/calmondivulgacoes.com.br\/en\/wp-json\/wp\/v2\/types\/post"}],"author":[{"embeddable":true,"href":"https:\/\/calmondivulgacoes.com.br\/en\/wp-json\/wp\/v2\/users\/1"}],"replies":[{"embeddable":true,"href":"https:\/\/calmondivulgacoes.com.br\/en\/wp-json\/wp\/v2\/comments?post=3389"}],"version-history":[{"count":1,"href":"https:\/\/calmondivulgacoes.com.br\/en\/wp-json\/wp\/v2\/posts\/3389\/revisions"}],"predecessor-version":[{"id":3393,"href":"https:\/\/calmondivulgacoes.com.br\/en\/wp-json\/wp\/v2\/posts\/3389\/revisions\/3393"}],"wp:featuredmedia":[{"embeddable":true,"href":"https:\/\/calmondivulgacoes.com.br\/en\/wp-json\/wp\/v2\/media\/3392"}],"wp:attachment":[{"href":"https:\/\/calmondivulgacoes.com.br\/en\/wp-json\/wp\/v2\/media?parent=3389"}],"wp:term":[{"taxonomy":"category","embeddable":true,"href":"https:\/\/calmondivulgacoes.com.br\/en\/wp-json\/wp\/v2\/categories?post=3389"},{"taxonomy":"post_tag","embeddable":true,"href":"https:\/\/calmondivulgacoes.com.br\/en\/wp-json\/wp\/v2\/tags?post=3389"}],"curies":[{"name":"wp","href":"https:\/\/api.w.org\/{rel}","templated":true}]}}