{"id":3386,"date":"2026-04-23T19:19:20","date_gmt":"2026-04-23T22:19:20","guid":{"rendered":"https:\/\/calmondivulgacoes.com.br\/?p=3386"},"modified":"2026-04-24T23:23:53","modified_gmt":"2026-04-25T02:23:53","slug":"caca-ex-prefeito-de-miguel-calmon-se-posiciona","status":"publish","type":"post","link":"https:\/\/calmondivulgacoes.com.br\/en\/caca-ex-prefeito-de-miguel-calmon-se-posiciona\/","title":{"rendered":"C\u00e1ca, ex-prefeito de Miguel Calmon, se posiciona publicamente referente ao Centro Municipal de Vel\u00f3rios"},"content":{"rendered":"<figure class=\"wp-block-image size-large\"><img fetchpriority=\"high\" decoding=\"async\" width=\"1024\" height=\"107\" src=\"https:\/\/calmondivulgacoes.com.br\/wp-content\/uploads\/2026\/04\/site-1024x107.png\" alt=\"\" class=\"wp-image-3369\" srcset=\"https:\/\/calmondivulgacoes.com.br\/wp-content\/uploads\/2026\/04\/site-1024x107.png 1024w, https:\/\/calmondivulgacoes.com.br\/wp-content\/uploads\/2026\/04\/site-300x31.png 300w, https:\/\/calmondivulgacoes.com.br\/wp-content\/uploads\/2026\/04\/site-150x16.png 150w, https:\/\/calmondivulgacoes.com.br\/wp-content\/uploads\/2026\/04\/site-768x80.png 768w, https:\/\/calmondivulgacoes.com.br\/wp-content\/uploads\/2026\/04\/site-1536x160.png 1536w, https:\/\/calmondivulgacoes.com.br\/wp-content\/uploads\/2026\/04\/site-18x2.png 18w, https:\/\/calmondivulgacoes.com.br\/wp-content\/uploads\/2026\/04\/site.png 1920w\" sizes=\"(max-width: 1024px) 100vw, 1024px\" \/><\/figure>\n\n\n\n<p>C\u00e1ca enviou o seguinte texto a R\u00e1dio Canabrava FM 87,9, hoje, 23\/04\/2026:<\/p>\n\n\n\n<p>&#8220;Boa tarde, M\u00e1rio. Boa tarde aos ouvintes da Canabrava FM.<\/p>\n\n\n\n<p>Mario, acredito que essa seja a primeira vez que me posiciono publicamente sobre uma a\u00e7\u00e3o ou obra da atual gest\u00e3o. Sempre preferi deixar que a pr\u00f3pria popula\u00e7\u00e3o tirasse suas conclus\u00f5es, sem tentar influenciar.<\/p>\n\n\n\n<p>Mas o que est\u00e1 acontecendo em Miguel Calmon me obriga a falar.<\/p>\n\n\n\n<p>H\u00e1 um tempo, eu tinha o projeto de construir uma sala de vel\u00f3rios no fundo do cemit\u00e9rio. Cheguei, inclusive, a negociar a compra de uma casa no valor de 60 mil reais. O jur\u00eddico aprovou tudo.<\/p>\n\n\n\n<p>Por\u00e9m, um morador, uma pessoa muito conhecida na cidade, me chamou para conversar e fez uma pergunta simples:<br>\u201cVoc\u00ea gostaria de ter uma sala de vel\u00f3rios ao lado ou em frente \u00e0 sua casa, com movimenta\u00e7\u00e3o a qualquer hora do dia?\u201d<\/p>\n\n\n\n<p>Aquilo me fez refletir profundamente. Eu disse que n\u00e3o gostaria. E, por isso, recuei da ideia.<\/p>\n\n\n\n<p>Na sequ\u00eancia, constru\u00edmos um novo cemit\u00e9rio na sa\u00edda da cidade, totalmente estruturado, com passeios e espa\u00e7o planejado para uma futura sala de vel\u00f3rios. Como era mais afastado, optei por deixar essa implanta\u00e7\u00e3o para mais na frente. avaliando a aceita\u00e7\u00e3o da popula\u00e7\u00e3o.<\/p>\n\n\n\n<p>Em outro momento, uma funer\u00e1ria tentou construir uma sala de vel\u00f3rios pr\u00f3xima ao cemit\u00e9rio, mas uma moradora se sentiu incomodada e acionou o Minist\u00e9rio P\u00fablico. O munic\u00edpio foi notificado, e ficou claro que o C\u00f3digo de Posturas pro\u00edbe esse tipo de constru\u00e7\u00e3o a menos de 20 metros de resid\u00eancias.<\/p>\n\n\n\n<p>Respeitando a lei e a popula\u00e7\u00e3o, n\u00e3o concedemos o alvar\u00e1.<\/p>\n\n\n\n<p>Agora, vejo o munic\u00edpio realizando uma obra semelhante, ao lado de resid\u00eancias, desconsiderando justamente esse cuidado. Al\u00e9m disso, houve a demoli\u00e7\u00e3o de um muro que faz parte da hist\u00f3ria da cidade. \u00c9 como se estiv\u00e9ssemos retirando peda\u00e7os da nossa identidade, como seria derrubar a fachada de um pr\u00e9dio hist\u00f3rico como a antiga antiga prefeitura.<\/p>\n\n\n\n<p>Tamb\u00e9m me preocupa a informa\u00e7\u00e3o de que houve necessidade de remanejamento de sepulturas no local da obra.<\/p>\n\n\n\n<p>Eu n\u00e3o concordo com essa decis\u00e3o. Principalmente pelos moradores, porque sei que n\u00e3o ser\u00e1 f\u00e1cil conviver com essa realidade.<\/p>\n\n\n\n<p>E deixo uma reflex\u00e3o para quem est\u00e1 nos ouvindo:<br>voc\u00ea gostaria de ter uma sala de vel\u00f3rios ao lado da sua casa?<\/p>\n\n\n\n<p>Antes mesmo da demoli\u00e7\u00e3o do muro, procurei a prefeitura e expus essa preocupa\u00e7\u00e3o. Infelizmente, a obra seguiu.<\/p>\n\n\n\n<p>N\u00e3o podemos nos calar diante de tudo.<\/p>\n\n\n\n<p>Obrigado, Mario. Um abra\u00e7o. C\u00e1ca.&#8221;<\/p>","protected":false},"excerpt":{"rendered":"<p>C\u00e1ca, ex-prefeito de Miguel Calmon, se pronuncia sobre a constru\u00e7\u00e3o do Centro Municipal de Vel\u00f3rios e questiona a obra ao lado de resid\u00eancias.<\/p>","protected":false},"author":1,"featured_media":3387,"comment_status":"closed","ping_status":"closed","sticky":false,"template":"","format":"standard","meta":{"_uag_custom_page_level_css":"","_monsterinsights_skip_tracking":false,"_monsterinsights_sitenote_active":false,"_monsterinsights_sitenote_note":"","_monsterinsights_sitenote_category":0,"maa_idioma":"","maa_pais":"","footnotes":""},"categories":[39],"tags":[129,83,131,132,130,128],"class_list":["post-3386","post","type-post","status-publish","format-standard","has-post-thumbnail","hentry","category-politica","tag-caca","tag-miguel-calmon","tag-obras","tag-politica","tag-prefeitura","tag-velorio"],"yoast_head":"<!-- This site is optimized with the Yoast SEO plugin v27.4 - https:\/\/yoast.com\/product\/yoast-seo-wordpress\/ -->\n<title>C\u00e1ca, ex-prefeito de Miguel Calmon, se posiciona publicamente referente ao Centro Municipal de Vel\u00f3rios - Calmon Divulga\u00e7\u00f5es<\/title>\n<meta name=\"robots\" content=\"index, follow, max-snippet:-1, max-image-preview:large, max-video-preview:-1\" \/>\n<link rel=\"canonical\" href=\"https:\/\/calmondivulgacoes.com.br\/en\/caca-ex-prefeito-de-miguel-calmon-se-posiciona\/\" \/>\n<meta property=\"og:locale\" content=\"en_US\" \/>\n<meta property=\"og:type\" content=\"article\" \/>\n<meta property=\"og:title\" content=\"C\u00e1ca, ex-prefeito de Miguel Calmon, se posiciona publicamente referente ao Centro Municipal de Vel\u00f3rios - Calmon Divulga\u00e7\u00f5es\" \/>\n<meta property=\"og:description\" content=\"C\u00e1ca, ex-prefeito de Miguel Calmon, se pronuncia sobre a constru\u00e7\u00e3o do Centro Municipal de Vel\u00f3rios e questiona a obra ao lado de resid\u00eancias.\" \/>\n<meta property=\"og:url\" content=\"https:\/\/calmondivulgacoes.com.br\/en\/caca-ex-prefeito-de-miguel-calmon-se-posiciona\/\" \/>\n<meta property=\"og:site_name\" content=\"Calmon Divulga\u00e7\u00f5es\" \/>\n<meta property=\"article:publisher\" content=\"https:\/\/www.facebook.com\/calmondivulgacoes\" \/>\n<meta property=\"article:published_time\" content=\"2026-04-23T22:19:20+00:00\" \/>\n<meta property=\"article:modified_time\" content=\"2026-04-25T02:23:53+00:00\" \/>\n<meta property=\"og:image\" content=\"https:\/\/calmondivulgacoes.com.br\/wp-content\/uploads\/2026\/04\/caca.png\" \/>\n\t<meta property=\"og:image:width\" content=\"300\" \/>\n\t<meta property=\"og:image:height\" content=\"300\" \/>\n\t<meta property=\"og:image:type\" content=\"image\/png\" \/>\n<meta name=\"author\" content=\"Calmon Divulga\u00e7\u00f5es\" \/>\n<meta name=\"twitter:card\" content=\"summary_large_image\" \/>\n<meta name=\"twitter:label1\" content=\"Written by\" \/>\n\t<meta name=\"twitter:data1\" content=\"Calmon Divulga\u00e7\u00f5es\" \/>\n\t<meta name=\"twitter:label2\" content=\"Est. reading time\" \/>\n\t<meta name=\"twitter:data2\" content=\"3 minutes\" \/>\n<script type=\"application\/ld+json\" class=\"yoast-schema-graph\">{\"@context\":\"https:\\\/\\\/schema.org\",\"@graph\":[{\"@type\":\"Article\",\"@id\":\"https:\\\/\\\/calmondivulgacoes.com.br\\\/caca-ex-prefeito-de-miguel-calmon-se-posiciona\\\/#article\",\"isPartOf\":{\"@id\":\"https:\\\/\\\/calmondivulgacoes.com.br\\\/caca-ex-prefeito-de-miguel-calmon-se-posiciona\\\/\"},\"author\":{\"name\":\"Calmon Divulga\u00e7\u00f5es\",\"@id\":\"https:\\\/\\\/calmondivulgacoes.com.br\\\/#\\\/schema\\\/person\\\/f51b6a75a3e31b01ea8f6fea23fc01fa\"},\"headline\":\"C\u00e1ca, ex-prefeito de Miguel Calmon, se posiciona publicamente referente ao Centro Municipal de Vel\u00f3rios\",\"datePublished\":\"2026-04-23T22:19:20+00:00\",\"dateModified\":\"2026-04-25T02:23:53+00:00\",\"mainEntityOfPage\":{\"@id\":\"https:\\\/\\\/calmondivulgacoes.com.br\\\/caca-ex-prefeito-de-miguel-calmon-se-posiciona\\\/\"},\"wordCount\":470,\"publisher\":{\"@id\":\"https:\\\/\\\/calmondivulgacoes.com.br\\\/#organization\"},\"image\":{\"@id\":\"https:\\\/\\\/calmondivulgacoes.com.br\\\/caca-ex-prefeito-de-miguel-calmon-se-posiciona\\\/#primaryimage\"},\"thumbnailUrl\":\"https:\\\/\\\/calmondivulgacoes.com.br\\\/wp-content\\\/uploads\\\/2026\\\/04\\\/caca.png\",\"keywords\":[\"C\u00e1ca\",\"Miguel Calmon\",\"Obras\",\"Pol\u00edtica\",\"Prefeitura\",\"Vel\u00f3rio\"],\"articleSection\":[\"Pol\u00edtica\"],\"inLanguage\":\"en-US\"},{\"@type\":\"WebPage\",\"@id\":\"https:\\\/\\\/calmondivulgacoes.com.br\\\/caca-ex-prefeito-de-miguel-calmon-se-posiciona\\\/\",\"url\":\"https:\\\/\\\/calmondivulgacoes.com.br\\\/caca-ex-prefeito-de-miguel-calmon-se-posiciona\\\/\",\"name\":\"C\u00e1ca, ex-prefeito de Miguel Calmon, se posiciona publicamente referente ao Centro Municipal de Vel\u00f3rios - Calmon Divulga\u00e7\u00f5es\",\"isPartOf\":{\"@id\":\"https:\\\/\\\/calmondivulgacoes.com.br\\\/#website\"},\"primaryImageOfPage\":{\"@id\":\"https:\\\/\\\/calmondivulgacoes.com.br\\\/caca-ex-prefeito-de-miguel-calmon-se-posiciona\\\/#primaryimage\"},\"image\":{\"@id\":\"https:\\\/\\\/calmondivulgacoes.com.br\\\/caca-ex-prefeito-de-miguel-calmon-se-posiciona\\\/#primaryimage\"},\"thumbnailUrl\":\"https:\\\/\\\/calmondivulgacoes.com.br\\\/wp-content\\\/uploads\\\/2026\\\/04\\\/caca.png\",\"datePublished\":\"2026-04-23T22:19:20+00:00\",\"dateModified\":\"2026-04-25T02:23:53+00:00\",\"breadcrumb\":{\"@id\":\"https:\\\/\\\/calmondivulgacoes.com.br\\\/caca-ex-prefeito-de-miguel-calmon-se-posiciona\\\/#breadcrumb\"},\"inLanguage\":\"en-US\",\"potentialAction\":[{\"@type\":\"ReadAction\",\"target\":[\"https:\\\/\\\/calmondivulgacoes.com.br\\\/caca-ex-prefeito-de-miguel-calmon-se-posiciona\\\/\"]}]},{\"@type\":\"ImageObject\",\"inLanguage\":\"en-US\",\"@id\":\"https:\\\/\\\/calmondivulgacoes.com.br\\\/caca-ex-prefeito-de-miguel-calmon-se-posiciona\\\/#primaryimage\",\"url\":\"https:\\\/\\\/calmondivulgacoes.com.br\\\/wp-content\\\/uploads\\\/2026\\\/04\\\/caca.png\",\"contentUrl\":\"https:\\\/\\\/calmondivulgacoes.com.br\\\/wp-content\\\/uploads\\\/2026\\\/04\\\/caca.png\",\"width\":300,\"height\":300},{\"@type\":\"BreadcrumbList\",\"@id\":\"https:\\\/\\\/calmondivulgacoes.com.br\\\/caca-ex-prefeito-de-miguel-calmon-se-posiciona\\\/#breadcrumb\",\"itemListElement\":[{\"@type\":\"ListItem\",\"position\":1,\"name\":\"In\u00edcio\",\"item\":\"https:\\\/\\\/calmondivulgacoes.com.br\\\/\"},{\"@type\":\"ListItem\",\"position\":2,\"name\":\"C\u00e1ca, ex-prefeito de Miguel Calmon, se posiciona publicamente referente ao Centro Municipal de Vel\u00f3rios\"}]},{\"@type\":\"WebSite\",\"@id\":\"https:\\\/\\\/calmondivulgacoes.com.br\\\/#website\",\"url\":\"https:\\\/\\\/calmondivulgacoes.com.br\\\/\",\"name\":\"Calmon Divulga\u00e7\u00f5es\",\"description\":\"e Not\u00edcias\",\"publisher\":{\"@id\":\"https:\\\/\\\/calmondivulgacoes.com.br\\\/#organization\"},\"potentialAction\":[{\"@type\":\"SearchAction\",\"target\":{\"@type\":\"EntryPoint\",\"urlTemplate\":\"https:\\\/\\\/calmondivulgacoes.com.br\\\/?s={search_term_string}\"},\"query-input\":{\"@type\":\"PropertyValueSpecification\",\"valueRequired\":true,\"valueName\":\"search_term_string\"}}],\"inLanguage\":\"en-US\"},{\"@type\":\"Organization\",\"@id\":\"https:\\\/\\\/calmondivulgacoes.com.br\\\/#organization\",\"name\":\"Calmon Divulga\u00e7\u00f5es\",\"url\":\"https:\\\/\\\/calmondivulgacoes.com.br\\\/\",\"logo\":{\"@type\":\"ImageObject\",\"inLanguage\":\"en-US\",\"@id\":\"https:\\\/\\\/calmondivulgacoes.com.br\\\/#\\\/schema\\\/logo\\\/image\\\/\",\"url\":\"https:\\\/\\\/calmondivulgacoes.com.br\\\/wp-content\\\/uploads\\\/2026\\\/04\\\/cropped-WhatsApp_Image_2025-12-02_at_20.44.08-removebg-preview.png\",\"contentUrl\":\"https:\\\/\\\/calmondivulgacoes.com.br\\\/wp-content\\\/uploads\\\/2026\\\/04\\\/cropped-WhatsApp_Image_2025-12-02_at_20.44.08-removebg-preview.png\",\"width\":120,\"height\":120,\"caption\":\"Calmon Divulga\u00e7\u00f5es\"},\"image\":{\"@id\":\"https:\\\/\\\/calmondivulgacoes.com.br\\\/#\\\/schema\\\/logo\\\/image\\\/\"},\"sameAs\":[\"https:\\\/\\\/www.facebook.com\\\/calmondivulgacoes\",\"https:\\\/\\\/www.instagram.com\\\/calmondivulgacoes\\\/\"]},{\"@type\":\"Person\",\"@id\":\"https:\\\/\\\/calmondivulgacoes.com.br\\\/#\\\/schema\\\/person\\\/f51b6a75a3e31b01ea8f6fea23fc01fa\",\"name\":\"Calmon Divulga\u00e7\u00f5es\",\"image\":{\"@type\":\"ImageObject\",\"inLanguage\":\"en-US\",\"@id\":\"https:\\\/\\\/calmondivulgacoes.com.br\\\/wp-content\\\/litespeed\\\/avatar\\\/70d8f8af3b6e7945511481b97d22e67c.jpg?ver=1777223803\",\"url\":\"https:\\\/\\\/calmondivulgacoes.com.br\\\/wp-content\\\/litespeed\\\/avatar\\\/70d8f8af3b6e7945511481b97d22e67c.jpg?ver=1777223803\",\"contentUrl\":\"https:\\\/\\\/calmondivulgacoes.com.br\\\/wp-content\\\/litespeed\\\/avatar\\\/70d8f8af3b6e7945511481b97d22e67c.jpg?ver=1777223803\",\"caption\":\"Calmon Divulga\u00e7\u00f5es\"},\"sameAs\":[\"http:\\\/\\\/calmondivulgacoes.com.br\"],\"url\":\"https:\\\/\\\/calmondivulgacoes.com.br\\\/en\\\/autor\\\/calmondivulgacoesgmail-com\\\/\"}]}<\/script>\n<!-- \/ Yoast SEO plugin. -->","yoast_head_json":{"title":"C\u00e1ca, ex-prefeito de Miguel Calmon, se posiciona publicamente referente ao Centro Municipal de Vel\u00f3rios - Calmon Divulga\u00e7\u00f5es","robots":{"index":"index","follow":"follow","max-snippet":"max-snippet:-1","max-image-preview":"max-image-preview:large","max-video-preview":"max-video-preview:-1"},"canonical":"https:\/\/calmondivulgacoes.com.br\/en\/caca-ex-prefeito-de-miguel-calmon-se-posiciona\/","og_locale":"en_US","og_type":"article","og_title":"C\u00e1ca, ex-prefeito de Miguel Calmon, se posiciona publicamente referente ao Centro Municipal de Vel\u00f3rios - Calmon Divulga\u00e7\u00f5es","og_description":"C\u00e1ca, ex-prefeito de Miguel Calmon, se pronuncia sobre a constru\u00e7\u00e3o do Centro Municipal de Vel\u00f3rios e questiona a obra ao lado de resid\u00eancias.","og_url":"https:\/\/calmondivulgacoes.com.br\/en\/caca-ex-prefeito-de-miguel-calmon-se-posiciona\/","og_site_name":"Calmon Divulga\u00e7\u00f5es","article_publisher":"https:\/\/www.facebook.com\/calmondivulgacoes","article_published_time":"2026-04-23T22:19:20+00:00","article_modified_time":"2026-04-25T02:23:53+00:00","og_image":[{"width":300,"height":300,"url":"https:\/\/calmondivulgacoes.com.br\/wp-content\/uploads\/2026\/04\/caca.png","type":"image\/png"}],"author":"Calmon Divulga\u00e7\u00f5es","twitter_card":"summary_large_image","twitter_misc":{"Written by":"Calmon Divulga\u00e7\u00f5es","Est. reading time":"3 minutes"},"schema":{"@context":"https:\/\/schema.org","@graph":[{"@type":"Article","@id":"https:\/\/calmondivulgacoes.com.br\/caca-ex-prefeito-de-miguel-calmon-se-posiciona\/#article","isPartOf":{"@id":"https:\/\/calmondivulgacoes.com.br\/caca-ex-prefeito-de-miguel-calmon-se-posiciona\/"},"author":{"name":"Calmon Divulga\u00e7\u00f5es","@id":"https:\/\/calmondivulgacoes.com.br\/#\/schema\/person\/f51b6a75a3e31b01ea8f6fea23fc01fa"},"headline":"C\u00e1ca, ex-prefeito de Miguel Calmon, se posiciona publicamente referente ao Centro Municipal de Vel\u00f3rios","datePublished":"2026-04-23T22:19:20+00:00","dateModified":"2026-04-25T02:23:53+00:00","mainEntityOfPage":{"@id":"https:\/\/calmondivulgacoes.com.br\/caca-ex-prefeito-de-miguel-calmon-se-posiciona\/"},"wordCount":470,"publisher":{"@id":"https:\/\/calmondivulgacoes.com.br\/#organization"},"image":{"@id":"https:\/\/calmondivulgacoes.com.br\/caca-ex-prefeito-de-miguel-calmon-se-posiciona\/#primaryimage"},"thumbnailUrl":"https:\/\/calmondivulgacoes.com.br\/wp-content\/uploads\/2026\/04\/caca.png","keywords":["C\u00e1ca","Miguel Calmon","Obras","Pol\u00edtica","Prefeitura","Vel\u00f3rio"],"articleSection":["Pol\u00edtica"],"inLanguage":"en-US"},{"@type":"WebPage","@id":"https:\/\/calmondivulgacoes.com.br\/caca-ex-prefeito-de-miguel-calmon-se-posiciona\/","url":"https:\/\/calmondivulgacoes.com.br\/caca-ex-prefeito-de-miguel-calmon-se-posiciona\/","name":"C\u00e1ca, ex-prefeito de Miguel Calmon, se posiciona publicamente referente ao Centro Municipal de Vel\u00f3rios - Calmon Divulga\u00e7\u00f5es","isPartOf":{"@id":"https:\/\/calmondivulgacoes.com.br\/#website"},"primaryImageOfPage":{"@id":"https:\/\/calmondivulgacoes.com.br\/caca-ex-prefeito-de-miguel-calmon-se-posiciona\/#primaryimage"},"image":{"@id":"https:\/\/calmondivulgacoes.com.br\/caca-ex-prefeito-de-miguel-calmon-se-posiciona\/#primaryimage"},"thumbnailUrl":"https:\/\/calmondivulgacoes.com.br\/wp-content\/uploads\/2026\/04\/caca.png","datePublished":"2026-04-23T22:19:20+00:00","dateModified":"2026-04-25T02:23:53+00:00","breadcrumb":{"@id":"https:\/\/calmondivulgacoes.com.br\/caca-ex-prefeito-de-miguel-calmon-se-posiciona\/#breadcrumb"},"inLanguage":"en-US","potentialAction":[{"@type":"ReadAction","target":["https:\/\/calmondivulgacoes.com.br\/caca-ex-prefeito-de-miguel-calmon-se-posiciona\/"]}]},{"@type":"ImageObject","inLanguage":"en-US","@id":"https:\/\/calmondivulgacoes.com.br\/caca-ex-prefeito-de-miguel-calmon-se-posiciona\/#primaryimage","url":"https:\/\/calmondivulgacoes.com.br\/wp-content\/uploads\/2026\/04\/caca.png","contentUrl":"https:\/\/calmondivulgacoes.com.br\/wp-content\/uploads\/2026\/04\/caca.png","width":300,"height":300},{"@type":"BreadcrumbList","@id":"https:\/\/calmondivulgacoes.com.br\/caca-ex-prefeito-de-miguel-calmon-se-posiciona\/#breadcrumb","itemListElement":[{"@type":"ListItem","position":1,"name":"In\u00edcio","item":"https:\/\/calmondivulgacoes.com.br\/"},{"@type":"ListItem","position":2,"name":"C\u00e1ca, ex-prefeito de Miguel Calmon, se posiciona publicamente referente ao Centro Municipal de Vel\u00f3rios"}]},{"@type":"WebSite","@id":"https:\/\/calmondivulgacoes.com.br\/#website","url":"https:\/\/calmondivulgacoes.com.br\/","name":"Calmon Divulga\u00e7\u00f5es","description":"e Not\u00edcias","publisher":{"@id":"https:\/\/calmondivulgacoes.com.br\/#organization"},"potentialAction":[{"@type":"SearchAction","target":{"@type":"EntryPoint","urlTemplate":"https:\/\/calmondivulgacoes.com.br\/?s={search_term_string}"},"query-input":{"@type":"PropertyValueSpecification","valueRequired":true,"valueName":"search_term_string"}}],"inLanguage":"en-US"},{"@type":"Organization","@id":"https:\/\/calmondivulgacoes.com.br\/#organization","name":"Calmon Divulga\u00e7\u00f5es","url":"https:\/\/calmondivulgacoes.com.br\/","logo":{"@type":"ImageObject","inLanguage":"en-US","@id":"https:\/\/calmondivulgacoes.com.br\/#\/schema\/logo\/image\/","url":"https:\/\/calmondivulgacoes.com.br\/wp-content\/uploads\/2026\/04\/cropped-WhatsApp_Image_2025-12-02_at_20.44.08-removebg-preview.png","contentUrl":"https:\/\/calmondivulgacoes.com.br\/wp-content\/uploads\/2026\/04\/cropped-WhatsApp_Image_2025-12-02_at_20.44.08-removebg-preview.png","width":120,"height":120,"caption":"Calmon Divulga\u00e7\u00f5es"},"image":{"@id":"https:\/\/calmondivulgacoes.com.br\/#\/schema\/logo\/image\/"},"sameAs":["https:\/\/www.facebook.com\/calmondivulgacoes","https:\/\/www.instagram.com\/calmondivulgacoes\/"]},{"@type":"Person","@id":"https:\/\/calmondivulgacoes.com.br\/#\/schema\/person\/f51b6a75a3e31b01ea8f6fea23fc01fa","name":"Calmon Divulga\u00e7\u00f5es","image":{"@type":"ImageObject","inLanguage":"en-US","@id":"https:\/\/calmondivulgacoes.com.br\/wp-content\/litespeed\/avatar\/70d8f8af3b6e7945511481b97d22e67c.jpg?ver=1777223803","url":"https:\/\/calmondivulgacoes.com.br\/wp-content\/litespeed\/avatar\/70d8f8af3b6e7945511481b97d22e67c.jpg?ver=1777223803","contentUrl":"https:\/\/calmondivulgacoes.com.br\/wp-content\/litespeed\/avatar\/70d8f8af3b6e7945511481b97d22e67c.jpg?ver=1777223803","caption":"Calmon Divulga\u00e7\u00f5es"},"sameAs":["http:\/\/calmondivulgacoes.com.br"],"url":"https:\/\/calmondivulgacoes.com.br\/en\/autor\/calmondivulgacoesgmail-com\/"}]}},"uagb_featured_image_src":{"full":["https:\/\/calmondivulgacoes.com.br\/wp-content\/uploads\/2026\/04\/caca.png",300,300,false],"thumbnail":["https:\/\/calmondivulgacoes.com.br\/wp-content\/uploads\/2026\/04\/caca-150x150.png",150,150,true],"medium":["https:\/\/calmondivulgacoes.com.br\/wp-content\/uploads\/2026\/04\/caca.png",300,300,false],"medium_large":["https:\/\/calmondivulgacoes.com.br\/wp-content\/uploads\/2026\/04\/caca.png",300,300,false],"large":["https:\/\/calmondivulgacoes.com.br\/wp-content\/uploads\/2026\/04\/caca.png",300,300,false],"1536x1536":["https:\/\/calmondivulgacoes.com.br\/wp-content\/uploads\/2026\/04\/caca.png",300,300,false],"2048x2048":["https:\/\/calmondivulgacoes.com.br\/wp-content\/uploads\/2026\/04\/caca.png",300,300,false],"trp-custom-language-flag":["https:\/\/calmondivulgacoes.com.br\/wp-content\/uploads\/2026\/04\/caca-12x12.png",12,12,true],"cvmm-medium":["https:\/\/calmondivulgacoes.com.br\/wp-content\/uploads\/2026\/04\/caca.png",300,300,false],"cvmm-medium-plus":["https:\/\/calmondivulgacoes.com.br\/wp-content\/uploads\/2026\/04\/caca-300x207.png",300,207,true],"cvmm-portrait":["https:\/\/calmondivulgacoes.com.br\/wp-content\/uploads\/2026\/04\/caca.png",300,300,false],"cvmm-medium-square":["https:\/\/calmondivulgacoes.com.br\/wp-content\/uploads\/2026\/04\/caca.png",300,300,false],"cvmm-large":["https:\/\/calmondivulgacoes.com.br\/wp-content\/uploads\/2026\/04\/caca.png",300,300,false],"cvmm-small":["https:\/\/calmondivulgacoes.com.br\/wp-content\/uploads\/2026\/04\/caca-130x95.png",130,95,true]},"uagb_author_info":{"display_name":"Calmon Divulga\u00e7\u00f5es","author_link":"https:\/\/calmondivulgacoes.com.br\/en\/autor\/calmondivulgacoesgmail-com\/"},"uagb_comment_info":0,"uagb_excerpt":"C\u00e1ca, ex-prefeito de Miguel Calmon, se pronuncia sobre a constru\u00e7\u00e3o do Centro Municipal de Vel\u00f3rios e questiona a obra ao lado de resid\u00eancias.","blog_post_layout_featured_media_urls":{"thumbnail":["https:\/\/calmondivulgacoes.com.br\/wp-content\/uploads\/2026\/04\/caca-150x150.png",150,150,true],"full":["https:\/\/calmondivulgacoes.com.br\/wp-content\/uploads\/2026\/04\/caca.png",300,300,false]},"categories_names":{"39":{"name":"Pol\u00edtica","link":"https:\/\/calmondivulgacoes.com.br\/en\/category\/politica\/"}},"tags_names":{"129":{"name":"C\u00e1ca","link":"https:\/\/calmondivulgacoes.com.br\/en\/tag\/caca\/"},"83":{"name":"Miguel Calmon","link":"https:\/\/calmondivulgacoes.com.br\/en\/tag\/miguel-calmon\/"},"131":{"name":"Obras","link":"https:\/\/calmondivulgacoes.com.br\/en\/tag\/obras\/"},"132":{"name":"Pol\u00edtica","link":"https:\/\/calmondivulgacoes.com.br\/en\/tag\/politica\/"},"130":{"name":"Prefeitura","link":"https:\/\/calmondivulgacoes.com.br\/en\/tag\/prefeitura\/"},"128":{"name":"Vel\u00f3rio","link":"https:\/\/calmondivulgacoes.com.br\/en\/tag\/velorio\/"}},"comments_number":"0","wpmagazine_modules_lite_featured_media_urls":{"thumbnail":["https:\/\/calmondivulgacoes.com.br\/wp-content\/uploads\/2026\/04\/caca-150x150.png",150,150,true],"cvmm-medium":["https:\/\/calmondivulgacoes.com.br\/wp-content\/uploads\/2026\/04\/caca.png",300,300,false],"cvmm-medium-plus":["https:\/\/calmondivulgacoes.com.br\/wp-content\/uploads\/2026\/04\/caca-300x207.png",300,207,true],"cvmm-portrait":["https:\/\/calmondivulgacoes.com.br\/wp-content\/uploads\/2026\/04\/caca.png",300,300,false],"cvmm-medium-square":["https:\/\/calmondivulgacoes.com.br\/wp-content\/uploads\/2026\/04\/caca.png",300,300,false],"cvmm-large":["https:\/\/calmondivulgacoes.com.br\/wp-content\/uploads\/2026\/04\/caca.png",300,300,false],"cvmm-small":["https:\/\/calmondivulgacoes.com.br\/wp-content\/uploads\/2026\/04\/caca-130x95.png",130,95,true],"full":["https:\/\/calmondivulgacoes.com.br\/wp-content\/uploads\/2026\/04\/caca.png",300,300,false]},"_links":{"self":[{"href":"https:\/\/calmondivulgacoes.com.br\/en\/wp-json\/wp\/v2\/posts\/3386","targetHints":{"allow":["GET"]}}],"collection":[{"href":"https:\/\/calmondivulgacoes.com.br\/en\/wp-json\/wp\/v2\/posts"}],"about":[{"href":"https:\/\/calmondivulgacoes.com.br\/en\/wp-json\/wp\/v2\/types\/post"}],"author":[{"embeddable":true,"href":"https:\/\/calmondivulgacoes.com.br\/en\/wp-json\/wp\/v2\/users\/1"}],"replies":[{"embeddable":true,"href":"https:\/\/calmondivulgacoes.com.br\/en\/wp-json\/wp\/v2\/comments?post=3386"}],"version-history":[{"count":1,"href":"https:\/\/calmondivulgacoes.com.br\/en\/wp-json\/wp\/v2\/posts\/3386\/revisions"}],"predecessor-version":[{"id":3388,"href":"https:\/\/calmondivulgacoes.com.br\/en\/wp-json\/wp\/v2\/posts\/3386\/revisions\/3388"}],"wp:featuredmedia":[{"embeddable":true,"href":"https:\/\/calmondivulgacoes.com.br\/en\/wp-json\/wp\/v2\/media\/3387"}],"wp:attachment":[{"href":"https:\/\/calmondivulgacoes.com.br\/en\/wp-json\/wp\/v2\/media?parent=3386"}],"wp:term":[{"taxonomy":"category","embeddable":true,"href":"https:\/\/calmondivulgacoes.com.br\/en\/wp-json\/wp\/v2\/categories?post=3386"},{"taxonomy":"post_tag","embeddable":true,"href":"https:\/\/calmondivulgacoes.com.br\/en\/wp-json\/wp\/v2\/tags?post=3386"}],"curies":[{"name":"wp","href":"https:\/\/api.w.org\/{rel}","templated":true}]}}