{"id":3381,"date":"2026-04-23T16:05:09","date_gmt":"2026-04-23T19:05:09","guid":{"rendered":"https:\/\/calmondivulgacoes.com.br\/?p=3381"},"modified":"2026-04-23T16:27:58","modified_gmt":"2026-04-23T19:27:58","slug":"abaixo-assinado-centro-velorios-miguel-calmon","status":"publish","type":"post","link":"https:\/\/calmondivulgacoes.com.br\/en\/abaixo-assinado-centro-velorios-miguel-calmon\/","title":{"rendered":"Pol\u00eamica em Miguel Calmon: alguns moradores organizam abaixo-assinado contra localiza\u00e7\u00e3o do Centro Municipal de Vel\u00f3rios."},"content":{"rendered":"<figure class=\"wp-block-image size-large\"><img fetchpriority=\"high\" decoding=\"async\" width=\"1024\" height=\"107\" src=\"https:\/\/calmondivulgacoes.com.br\/wp-content\/uploads\/2026\/04\/site-1024x107.png\" alt=\"\" class=\"wp-image-3369\" srcset=\"https:\/\/calmondivulgacoes.com.br\/wp-content\/uploads\/2026\/04\/site-1024x107.png 1024w, https:\/\/calmondivulgacoes.com.br\/wp-content\/uploads\/2026\/04\/site-300x31.png 300w, https:\/\/calmondivulgacoes.com.br\/wp-content\/uploads\/2026\/04\/site-150x16.png 150w, https:\/\/calmondivulgacoes.com.br\/wp-content\/uploads\/2026\/04\/site-768x80.png 768w, https:\/\/calmondivulgacoes.com.br\/wp-content\/uploads\/2026\/04\/site-1536x160.png 1536w, https:\/\/calmondivulgacoes.com.br\/wp-content\/uploads\/2026\/04\/site-18x2.png 18w, https:\/\/calmondivulgacoes.com.br\/wp-content\/uploads\/2026\/04\/site.png 1920w\" sizes=\"(max-width: 1024px) 100vw, 1024px\" \/><\/figure>\n\n\n\n<p>Em Miguel Calmon, informa\u00e7\u00f5es divulgadas nas emissoras R\u00e1dio Canabrava FM (22\/04\/26) e R\u00e1dio Piemonte FM (23\/04\/2026) indicam que est\u00e1 em andamento a articula\u00e7\u00e3o de um poss\u00edvel abaixo-assinado relacionado \u00e0 constru\u00e7\u00e3o do Centro Municipal de Vel\u00f3rios no munic\u00edpio.<\/p>\n\n\n\n<p>At\u00e9 o momento, n\u00e3o h\u00e1 confirma\u00e7\u00e3o oficial sobre quem seriam os organizadores da iniciativa, tampouco sobre a quantidade de assinaturas j\u00e1 coletadas. As informa\u00e7\u00f5es veiculadas apontam que a principal preocupa\u00e7\u00e3o estaria relacionada \u00e0 localiza\u00e7\u00e3o da obra, que estaria situada pr\u00f3xima a resid\u00eancias, levantando questionamentos por parte de alguns moradores.<\/p>\n\n\n\n<p>Segundo relatos mencionados nas r\u00e1dios, a motiva\u00e7\u00e3o central do poss\u00edvel abaixo-assinado seria a necessidade de observ\u00e2ncia de crit\u00e9rios urban\u00edsticos, sanit\u00e1rios, especialmente no que se refere a eventuais limites de dist\u00e2ncia entre equipamentos dessa natureza e \u00e1reas residenciais. <\/p>\n\n\n\n<p>A obra em quest\u00e3o foi formalizada pela Prefeitura Municipal por meio do Contrato n\u00ba 066\/2026, decorrente da Concorr\u00eancia Eletr\u00f4nica n\u00ba 001\/2026, seguindo os tr\u00e2mites previstos na legisla\u00e7\u00e3o de contrata\u00e7\u00f5es p\u00fablicas. O objeto contratual prev\u00ea a execu\u00e7\u00e3o completa do Centro Municipal de Vel\u00f3rios, com investimento global de R$ 158.000,00 e prazo de execu\u00e7\u00e3o at\u00e9 mar\u00e7o de 2027.<\/p>\n\n\n\n<p>A empresa respons\u00e1vel pela execu\u00e7\u00e3o \u00e9 a D. Oliveira Lima Constru\u00e7\u00f5es LTDA, regularmente inscrita no CNPJ e contratada conforme os crit\u00e9rios estabelecidos em edital.<\/p>\n\n\n\n<p>At\u00e9 o momento, tamb\u00e9m n\u00e3o h\u00e1 informa\u00e7\u00f5es oficiais se houve a realiza\u00e7\u00e3o de audi\u00eancia p\u00fablica ou outro mecanismo formal de participa\u00e7\u00e3o popular na defini\u00e7\u00e3o do local da obra. A legisla\u00e7\u00e3o brasileira prev\u00ea instrumentos de controle social e participa\u00e7\u00e3o cidad\u00e3, mas a obrigatoriedade de sua aplica\u00e7\u00e3o pode variar conforme o tipo e o impacto do empreendimento.<\/p>\n\n\n\n<p>Especialistas destacam que eventuais questionamentos sobre obras p\u00fablicas devem ser apurados com base na legisla\u00e7\u00e3o urban\u00edstica local, no plano diretor municipal (quando existente) e nas normas sanit\u00e1rias e ambientais aplic\u00e1veis, cabendo aos \u00f3rg\u00e3os competentes a devida fiscaliza\u00e7\u00e3o.<\/p>\n\n\n\n<p>A Prefeitura de Miguel Calmon ainda n\u00e3o se manifestou publicamente sobre o poss\u00edvel abaixo-assinado ou sobre os questionamentos levantados. O espa\u00e7o segue aberto para posicionamento oficial das autoridades e demais envolvidos nesta pol\u00eamica.<\/p>\n\n\n\n<figure class=\"wp-block-image size-large\"><img decoding=\"async\" width=\"819\" height=\"1024\" src=\"https:\/\/calmondivulgacoes.com.br\/wp-content\/uploads\/2026\/04\/1aas2-819x1024.png\" alt=\"\" class=\"wp-image-3383\" srcset=\"https:\/\/calmondivulgacoes.com.br\/wp-content\/uploads\/2026\/04\/1aas2-819x1024.png 819w, https:\/\/calmondivulgacoes.com.br\/wp-content\/uploads\/2026\/04\/1aas2-240x300.png 240w, https:\/\/calmondivulgacoes.com.br\/wp-content\/uploads\/2026\/04\/1aas2-120x150.png 120w, https:\/\/calmondivulgacoes.com.br\/wp-content\/uploads\/2026\/04\/1aas2-768x960.png 768w, https:\/\/calmondivulgacoes.com.br\/wp-content\/uploads\/2026\/04\/1aas2-10x12.png 10w, https:\/\/calmondivulgacoes.com.br\/wp-content\/uploads\/2026\/04\/1aas2.png 1080w\" sizes=\"(max-width: 819px) 100vw, 819px\" \/><\/figure>","protected":false},"excerpt":{"rendered":"<p>Pol\u00eamica em Miguel Calmon: abaixo-assinado questiona localiza\u00e7\u00e3o do Centro Municipal de Vel\u00f3rios por proximidade a resid\u00eancias. Saiba mais!<\/p>","protected":false},"author":1,"featured_media":3382,"comment_status":"closed","ping_status":"closed","sticky":false,"template":"","format":"standard","meta":{"_uag_custom_page_level_css":"","_monsterinsights_skip_tracking":false,"_monsterinsights_sitenote_active":false,"_monsterinsights_sitenote_note":"","_monsterinsights_sitenote_category":0,"maa_idioma":"","maa_pais":"","footnotes":""},"categories":[40],"tags":[125,84,83,85,126,127],"class_list":["post-3381","post","type-post","status-publish","format-standard","has-post-thumbnail","hentry","category-miguel-calmon","tag-abaixo-assinado","tag-centro-de-velorios","tag-miguel-calmon","tag-obras-publicas","tag-polemica","tag-urbanismo"],"yoast_head":"<!-- This site is optimized with the Yoast SEO plugin v27.4 - https:\/\/yoast.com\/product\/yoast-seo-wordpress\/ -->\n<title>Pol\u00eamica em Miguel Calmon: alguns moradores organizam abaixo-assinado contra localiza\u00e7\u00e3o do Centro Municipal de Vel\u00f3rios. - Calmon Divulga\u00e7\u00f5es<\/title>\n<meta name=\"robots\" content=\"index, follow, max-snippet:-1, max-image-preview:large, max-video-preview:-1\" \/>\n<link rel=\"canonical\" href=\"https:\/\/calmondivulgacoes.com.br\/en\/abaixo-assinado-centro-velorios-miguel-calmon\/\" \/>\n<meta property=\"og:locale\" content=\"en_US\" \/>\n<meta property=\"og:type\" content=\"article\" \/>\n<meta property=\"og:title\" content=\"Pol\u00eamica em Miguel Calmon: alguns moradores organizam abaixo-assinado contra localiza\u00e7\u00e3o do Centro Municipal de Vel\u00f3rios. - Calmon Divulga\u00e7\u00f5es\" \/>\n<meta property=\"og:description\" content=\"Pol\u00eamica em Miguel Calmon: abaixo-assinado questiona localiza\u00e7\u00e3o do Centro Municipal de Vel\u00f3rios por proximidade a resid\u00eancias. Saiba mais!\" \/>\n<meta property=\"og:url\" content=\"https:\/\/calmondivulgacoes.com.br\/en\/abaixo-assinado-centro-velorios-miguel-calmon\/\" \/>\n<meta property=\"og:site_name\" content=\"Calmon Divulga\u00e7\u00f5es\" \/>\n<meta property=\"article:publisher\" content=\"https:\/\/www.facebook.com\/calmondivulgacoes\" \/>\n<meta property=\"article:published_time\" content=\"2026-04-23T19:05:09+00:00\" \/>\n<meta property=\"article:modified_time\" content=\"2026-04-23T19:27:58+00:00\" \/>\n<meta property=\"og:image\" content=\"https:\/\/calmondivulgacoes.com.br\/wp-content\/uploads\/2026\/04\/1aas.png\" \/>\n\t<meta property=\"og:image:width\" content=\"1080\" \/>\n\t<meta property=\"og:image:height\" content=\"1350\" \/>\n\t<meta property=\"og:image:type\" content=\"image\/png\" \/>\n<meta name=\"author\" content=\"Calmon Divulga\u00e7\u00f5es\" \/>\n<meta name=\"twitter:card\" content=\"summary_large_image\" \/>\n<meta name=\"twitter:label1\" content=\"Written by\" \/>\n\t<meta name=\"twitter:data1\" content=\"Calmon Divulga\u00e7\u00f5es\" \/>\n\t<meta name=\"twitter:label2\" content=\"Est. reading time\" \/>\n\t<meta name=\"twitter:data2\" content=\"3 minutes\" \/>\n<script type=\"application\/ld+json\" class=\"yoast-schema-graph\">{\"@context\":\"https:\\\/\\\/schema.org\",\"@graph\":[{\"@type\":\"Article\",\"@id\":\"https:\\\/\\\/calmondivulgacoes.com.br\\\/abaixo-assinado-centro-velorios-miguel-calmon\\\/#article\",\"isPartOf\":{\"@id\":\"https:\\\/\\\/calmondivulgacoes.com.br\\\/abaixo-assinado-centro-velorios-miguel-calmon\\\/\"},\"author\":{\"name\":\"Calmon Divulga\u00e7\u00f5es\",\"@id\":\"https:\\\/\\\/calmondivulgacoes.com.br\\\/#\\\/schema\\\/person\\\/f51b6a75a3e31b01ea8f6fea23fc01fa\"},\"headline\":\"Pol\u00eamica em Miguel Calmon: alguns moradores organizam abaixo-assinado contra localiza\u00e7\u00e3o do Centro Municipal de Vel\u00f3rios.\",\"datePublished\":\"2026-04-23T19:05:09+00:00\",\"dateModified\":\"2026-04-23T19:27:58+00:00\",\"mainEntityOfPage\":{\"@id\":\"https:\\\/\\\/calmondivulgacoes.com.br\\\/abaixo-assinado-centro-velorios-miguel-calmon\\\/\"},\"wordCount\":397,\"publisher\":{\"@id\":\"https:\\\/\\\/calmondivulgacoes.com.br\\\/#organization\"},\"image\":{\"@id\":\"https:\\\/\\\/calmondivulgacoes.com.br\\\/abaixo-assinado-centro-velorios-miguel-calmon\\\/#primaryimage\"},\"thumbnailUrl\":\"https:\\\/\\\/calmondivulgacoes.com.br\\\/wp-content\\\/uploads\\\/2026\\\/04\\\/1aas.png\",\"keywords\":[\"Abaixo-assinado\",\"Centro de Vel\u00f3rios\",\"Miguel Calmon\",\"Obras P\u00fablicas\",\"Pol\u00eamica\",\"Urbanismo\"],\"articleSection\":[\"Miguel Calmon\"],\"inLanguage\":\"en-US\"},{\"@type\":\"WebPage\",\"@id\":\"https:\\\/\\\/calmondivulgacoes.com.br\\\/abaixo-assinado-centro-velorios-miguel-calmon\\\/\",\"url\":\"https:\\\/\\\/calmondivulgacoes.com.br\\\/abaixo-assinado-centro-velorios-miguel-calmon\\\/\",\"name\":\"Pol\u00eamica em Miguel Calmon: alguns moradores organizam abaixo-assinado contra localiza\u00e7\u00e3o do Centro Municipal de Vel\u00f3rios. - Calmon Divulga\u00e7\u00f5es\",\"isPartOf\":{\"@id\":\"https:\\\/\\\/calmondivulgacoes.com.br\\\/#website\"},\"primaryImageOfPage\":{\"@id\":\"https:\\\/\\\/calmondivulgacoes.com.br\\\/abaixo-assinado-centro-velorios-miguel-calmon\\\/#primaryimage\"},\"image\":{\"@id\":\"https:\\\/\\\/calmondivulgacoes.com.br\\\/abaixo-assinado-centro-velorios-miguel-calmon\\\/#primaryimage\"},\"thumbnailUrl\":\"https:\\\/\\\/calmondivulgacoes.com.br\\\/wp-content\\\/uploads\\\/2026\\\/04\\\/1aas.png\",\"datePublished\":\"2026-04-23T19:05:09+00:00\",\"dateModified\":\"2026-04-23T19:27:58+00:00\",\"breadcrumb\":{\"@id\":\"https:\\\/\\\/calmondivulgacoes.com.br\\\/abaixo-assinado-centro-velorios-miguel-calmon\\\/#breadcrumb\"},\"inLanguage\":\"en-US\",\"potentialAction\":[{\"@type\":\"ReadAction\",\"target\":[\"https:\\\/\\\/calmondivulgacoes.com.br\\\/abaixo-assinado-centro-velorios-miguel-calmon\\\/\"]}]},{\"@type\":\"ImageObject\",\"inLanguage\":\"en-US\",\"@id\":\"https:\\\/\\\/calmondivulgacoes.com.br\\\/abaixo-assinado-centro-velorios-miguel-calmon\\\/#primaryimage\",\"url\":\"https:\\\/\\\/calmondivulgacoes.com.br\\\/wp-content\\\/uploads\\\/2026\\\/04\\\/1aas.png\",\"contentUrl\":\"https:\\\/\\\/calmondivulgacoes.com.br\\\/wp-content\\\/uploads\\\/2026\\\/04\\\/1aas.png\",\"width\":1080,\"height\":1350},{\"@type\":\"BreadcrumbList\",\"@id\":\"https:\\\/\\\/calmondivulgacoes.com.br\\\/abaixo-assinado-centro-velorios-miguel-calmon\\\/#breadcrumb\",\"itemListElement\":[{\"@type\":\"ListItem\",\"position\":1,\"name\":\"In\u00edcio\",\"item\":\"https:\\\/\\\/calmondivulgacoes.com.br\\\/\"},{\"@type\":\"ListItem\",\"position\":2,\"name\":\"Pol\u00eamica em Miguel Calmon: alguns moradores organizam abaixo-assinado contra localiza\u00e7\u00e3o do Centro Municipal de Vel\u00f3rios.\"}]},{\"@type\":\"WebSite\",\"@id\":\"https:\\\/\\\/calmondivulgacoes.com.br\\\/#website\",\"url\":\"https:\\\/\\\/calmondivulgacoes.com.br\\\/\",\"name\":\"Calmon Divulga\u00e7\u00f5es\",\"description\":\"e Not\u00edcias\",\"publisher\":{\"@id\":\"https:\\\/\\\/calmondivulgacoes.com.br\\\/#organization\"},\"potentialAction\":[{\"@type\":\"SearchAction\",\"target\":{\"@type\":\"EntryPoint\",\"urlTemplate\":\"https:\\\/\\\/calmondivulgacoes.com.br\\\/?s={search_term_string}\"},\"query-input\":{\"@type\":\"PropertyValueSpecification\",\"valueRequired\":true,\"valueName\":\"search_term_string\"}}],\"inLanguage\":\"en-US\"},{\"@type\":\"Organization\",\"@id\":\"https:\\\/\\\/calmondivulgacoes.com.br\\\/#organization\",\"name\":\"Calmon Divulga\u00e7\u00f5es\",\"url\":\"https:\\\/\\\/calmondivulgacoes.com.br\\\/\",\"logo\":{\"@type\":\"ImageObject\",\"inLanguage\":\"en-US\",\"@id\":\"https:\\\/\\\/calmondivulgacoes.com.br\\\/#\\\/schema\\\/logo\\\/image\\\/\",\"url\":\"https:\\\/\\\/calmondivulgacoes.com.br\\\/wp-content\\\/uploads\\\/2026\\\/04\\\/cropped-WhatsApp_Image_2025-12-02_at_20.44.08-removebg-preview.png\",\"contentUrl\":\"https:\\\/\\\/calmondivulgacoes.com.br\\\/wp-content\\\/uploads\\\/2026\\\/04\\\/cropped-WhatsApp_Image_2025-12-02_at_20.44.08-removebg-preview.png\",\"width\":120,\"height\":120,\"caption\":\"Calmon Divulga\u00e7\u00f5es\"},\"image\":{\"@id\":\"https:\\\/\\\/calmondivulgacoes.com.br\\\/#\\\/schema\\\/logo\\\/image\\\/\"},\"sameAs\":[\"https:\\\/\\\/www.facebook.com\\\/calmondivulgacoes\",\"https:\\\/\\\/www.instagram.com\\\/calmondivulgacoes\\\/\"]},{\"@type\":\"Person\",\"@id\":\"https:\\\/\\\/calmondivulgacoes.com.br\\\/#\\\/schema\\\/person\\\/f51b6a75a3e31b01ea8f6fea23fc01fa\",\"name\":\"Calmon Divulga\u00e7\u00f5es\",\"image\":{\"@type\":\"ImageObject\",\"inLanguage\":\"en-US\",\"@id\":\"https:\\\/\\\/calmondivulgacoes.com.br\\\/wp-content\\\/litespeed\\\/avatar\\\/70d8f8af3b6e7945511481b97d22e67c.jpg?ver=1777223803\",\"url\":\"https:\\\/\\\/calmondivulgacoes.com.br\\\/wp-content\\\/litespeed\\\/avatar\\\/70d8f8af3b6e7945511481b97d22e67c.jpg?ver=1777223803\",\"contentUrl\":\"https:\\\/\\\/calmondivulgacoes.com.br\\\/wp-content\\\/litespeed\\\/avatar\\\/70d8f8af3b6e7945511481b97d22e67c.jpg?ver=1777223803\",\"caption\":\"Calmon Divulga\u00e7\u00f5es\"},\"sameAs\":[\"http:\\\/\\\/calmondivulgacoes.com.br\"],\"url\":\"https:\\\/\\\/calmondivulgacoes.com.br\\\/en\\\/autor\\\/calmondivulgacoesgmail-com\\\/\"}]}<\/script>\n<!-- \/ Yoast SEO plugin. -->","yoast_head_json":{"title":"Pol\u00eamica em Miguel Calmon: alguns moradores organizam abaixo-assinado contra localiza\u00e7\u00e3o do Centro Municipal de Vel\u00f3rios. - Calmon Divulga\u00e7\u00f5es","robots":{"index":"index","follow":"follow","max-snippet":"max-snippet:-1","max-image-preview":"max-image-preview:large","max-video-preview":"max-video-preview:-1"},"canonical":"https:\/\/calmondivulgacoes.com.br\/en\/abaixo-assinado-centro-velorios-miguel-calmon\/","og_locale":"en_US","og_type":"article","og_title":"Pol\u00eamica em Miguel Calmon: alguns moradores organizam abaixo-assinado contra localiza\u00e7\u00e3o do Centro Municipal de Vel\u00f3rios. - Calmon Divulga\u00e7\u00f5es","og_description":"Pol\u00eamica em Miguel Calmon: abaixo-assinado questiona localiza\u00e7\u00e3o do Centro Municipal de Vel\u00f3rios por proximidade a resid\u00eancias. Saiba mais!","og_url":"https:\/\/calmondivulgacoes.com.br\/en\/abaixo-assinado-centro-velorios-miguel-calmon\/","og_site_name":"Calmon Divulga\u00e7\u00f5es","article_publisher":"https:\/\/www.facebook.com\/calmondivulgacoes","article_published_time":"2026-04-23T19:05:09+00:00","article_modified_time":"2026-04-23T19:27:58+00:00","og_image":[{"width":1080,"height":1350,"url":"https:\/\/calmondivulgacoes.com.br\/wp-content\/uploads\/2026\/04\/1aas.png","type":"image\/png"}],"author":"Calmon Divulga\u00e7\u00f5es","twitter_card":"summary_large_image","twitter_misc":{"Written by":"Calmon Divulga\u00e7\u00f5es","Est. reading time":"3 minutes"},"schema":{"@context":"https:\/\/schema.org","@graph":[{"@type":"Article","@id":"https:\/\/calmondivulgacoes.com.br\/abaixo-assinado-centro-velorios-miguel-calmon\/#article","isPartOf":{"@id":"https:\/\/calmondivulgacoes.com.br\/abaixo-assinado-centro-velorios-miguel-calmon\/"},"author":{"name":"Calmon Divulga\u00e7\u00f5es","@id":"https:\/\/calmondivulgacoes.com.br\/#\/schema\/person\/f51b6a75a3e31b01ea8f6fea23fc01fa"},"headline":"Pol\u00eamica em Miguel Calmon: alguns moradores organizam abaixo-assinado contra localiza\u00e7\u00e3o do Centro Municipal de Vel\u00f3rios.","datePublished":"2026-04-23T19:05:09+00:00","dateModified":"2026-04-23T19:27:58+00:00","mainEntityOfPage":{"@id":"https:\/\/calmondivulgacoes.com.br\/abaixo-assinado-centro-velorios-miguel-calmon\/"},"wordCount":397,"publisher":{"@id":"https:\/\/calmondivulgacoes.com.br\/#organization"},"image":{"@id":"https:\/\/calmondivulgacoes.com.br\/abaixo-assinado-centro-velorios-miguel-calmon\/#primaryimage"},"thumbnailUrl":"https:\/\/calmondivulgacoes.com.br\/wp-content\/uploads\/2026\/04\/1aas.png","keywords":["Abaixo-assinado","Centro de Vel\u00f3rios","Miguel Calmon","Obras P\u00fablicas","Pol\u00eamica","Urbanismo"],"articleSection":["Miguel Calmon"],"inLanguage":"en-US"},{"@type":"WebPage","@id":"https:\/\/calmondivulgacoes.com.br\/abaixo-assinado-centro-velorios-miguel-calmon\/","url":"https:\/\/calmondivulgacoes.com.br\/abaixo-assinado-centro-velorios-miguel-calmon\/","name":"Pol\u00eamica em Miguel Calmon: alguns moradores organizam abaixo-assinado contra localiza\u00e7\u00e3o do Centro Municipal de Vel\u00f3rios. - Calmon Divulga\u00e7\u00f5es","isPartOf":{"@id":"https:\/\/calmondivulgacoes.com.br\/#website"},"primaryImageOfPage":{"@id":"https:\/\/calmondivulgacoes.com.br\/abaixo-assinado-centro-velorios-miguel-calmon\/#primaryimage"},"image":{"@id":"https:\/\/calmondivulgacoes.com.br\/abaixo-assinado-centro-velorios-miguel-calmon\/#primaryimage"},"thumbnailUrl":"https:\/\/calmondivulgacoes.com.br\/wp-content\/uploads\/2026\/04\/1aas.png","datePublished":"2026-04-23T19:05:09+00:00","dateModified":"2026-04-23T19:27:58+00:00","breadcrumb":{"@id":"https:\/\/calmondivulgacoes.com.br\/abaixo-assinado-centro-velorios-miguel-calmon\/#breadcrumb"},"inLanguage":"en-US","potentialAction":[{"@type":"ReadAction","target":["https:\/\/calmondivulgacoes.com.br\/abaixo-assinado-centro-velorios-miguel-calmon\/"]}]},{"@type":"ImageObject","inLanguage":"en-US","@id":"https:\/\/calmondivulgacoes.com.br\/abaixo-assinado-centro-velorios-miguel-calmon\/#primaryimage","url":"https:\/\/calmondivulgacoes.com.br\/wp-content\/uploads\/2026\/04\/1aas.png","contentUrl":"https:\/\/calmondivulgacoes.com.br\/wp-content\/uploads\/2026\/04\/1aas.png","width":1080,"height":1350},{"@type":"BreadcrumbList","@id":"https:\/\/calmondivulgacoes.com.br\/abaixo-assinado-centro-velorios-miguel-calmon\/#breadcrumb","itemListElement":[{"@type":"ListItem","position":1,"name":"In\u00edcio","item":"https:\/\/calmondivulgacoes.com.br\/"},{"@type":"ListItem","position":2,"name":"Pol\u00eamica em Miguel Calmon: alguns moradores organizam abaixo-assinado contra localiza\u00e7\u00e3o do Centro Municipal de Vel\u00f3rios."}]},{"@type":"WebSite","@id":"https:\/\/calmondivulgacoes.com.br\/#website","url":"https:\/\/calmondivulgacoes.com.br\/","name":"Calmon Divulga\u00e7\u00f5es","description":"e Not\u00edcias","publisher":{"@id":"https:\/\/calmondivulgacoes.com.br\/#organization"},"potentialAction":[{"@type":"SearchAction","target":{"@type":"EntryPoint","urlTemplate":"https:\/\/calmondivulgacoes.com.br\/?s={search_term_string}"},"query-input":{"@type":"PropertyValueSpecification","valueRequired":true,"valueName":"search_term_string"}}],"inLanguage":"en-US"},{"@type":"Organization","@id":"https:\/\/calmondivulgacoes.com.br\/#organization","name":"Calmon Divulga\u00e7\u00f5es","url":"https:\/\/calmondivulgacoes.com.br\/","logo":{"@type":"ImageObject","inLanguage":"en-US","@id":"https:\/\/calmondivulgacoes.com.br\/#\/schema\/logo\/image\/","url":"https:\/\/calmondivulgacoes.com.br\/wp-content\/uploads\/2026\/04\/cropped-WhatsApp_Image_2025-12-02_at_20.44.08-removebg-preview.png","contentUrl":"https:\/\/calmondivulgacoes.com.br\/wp-content\/uploads\/2026\/04\/cropped-WhatsApp_Image_2025-12-02_at_20.44.08-removebg-preview.png","width":120,"height":120,"caption":"Calmon Divulga\u00e7\u00f5es"},"image":{"@id":"https:\/\/calmondivulgacoes.com.br\/#\/schema\/logo\/image\/"},"sameAs":["https:\/\/www.facebook.com\/calmondivulgacoes","https:\/\/www.instagram.com\/calmondivulgacoes\/"]},{"@type":"Person","@id":"https:\/\/calmondivulgacoes.com.br\/#\/schema\/person\/f51b6a75a3e31b01ea8f6fea23fc01fa","name":"Calmon Divulga\u00e7\u00f5es","image":{"@type":"ImageObject","inLanguage":"en-US","@id":"https:\/\/calmondivulgacoes.com.br\/wp-content\/litespeed\/avatar\/70d8f8af3b6e7945511481b97d22e67c.jpg?ver=1777223803","url":"https:\/\/calmondivulgacoes.com.br\/wp-content\/litespeed\/avatar\/70d8f8af3b6e7945511481b97d22e67c.jpg?ver=1777223803","contentUrl":"https:\/\/calmondivulgacoes.com.br\/wp-content\/litespeed\/avatar\/70d8f8af3b6e7945511481b97d22e67c.jpg?ver=1777223803","caption":"Calmon Divulga\u00e7\u00f5es"},"sameAs":["http:\/\/calmondivulgacoes.com.br"],"url":"https:\/\/calmondivulgacoes.com.br\/en\/autor\/calmondivulgacoesgmail-com\/"}]}},"uagb_featured_image_src":{"full":["https:\/\/calmondivulgacoes.com.br\/wp-content\/uploads\/2026\/04\/1aas.png",1080,1350,false],"thumbnail":["https:\/\/calmondivulgacoes.com.br\/wp-content\/uploads\/2026\/04\/1aas-120x150.png",120,150,true],"medium":["https:\/\/calmondivulgacoes.com.br\/wp-content\/uploads\/2026\/04\/1aas-240x300.png",240,300,true],"medium_large":["https:\/\/calmondivulgacoes.com.br\/wp-content\/uploads\/2026\/04\/1aas-768x960.png",640,800,true],"large":["https:\/\/calmondivulgacoes.com.br\/wp-content\/uploads\/2026\/04\/1aas-819x1024.png",640,800,true],"1536x1536":["https:\/\/calmondivulgacoes.com.br\/wp-content\/uploads\/2026\/04\/1aas.png",1080,1350,false],"2048x2048":["https:\/\/calmondivulgacoes.com.br\/wp-content\/uploads\/2026\/04\/1aas.png",1080,1350,false],"trp-custom-language-flag":["https:\/\/calmondivulgacoes.com.br\/wp-content\/uploads\/2026\/04\/1aas-10x12.png",10,12,true],"cvmm-medium":["https:\/\/calmondivulgacoes.com.br\/wp-content\/uploads\/2026\/04\/1aas-300x300.png",300,300,true],"cvmm-medium-plus":["https:\/\/calmondivulgacoes.com.br\/wp-content\/uploads\/2026\/04\/1aas-305x207.png",305,207,true],"cvmm-portrait":["https:\/\/calmondivulgacoes.com.br\/wp-content\/uploads\/2026\/04\/1aas-400x600.png",400,600,true],"cvmm-medium-square":["https:\/\/calmondivulgacoes.com.br\/wp-content\/uploads\/2026\/04\/1aas-600x600.png",600,600,true],"cvmm-large":["https:\/\/calmondivulgacoes.com.br\/wp-content\/uploads\/2026\/04\/1aas-1024x1024.png",1024,1024,true],"cvmm-small":["https:\/\/calmondivulgacoes.com.br\/wp-content\/uploads\/2026\/04\/1aas-130x95.png",130,95,true]},"uagb_author_info":{"display_name":"Calmon Divulga\u00e7\u00f5es","author_link":"https:\/\/calmondivulgacoes.com.br\/en\/autor\/calmondivulgacoesgmail-com\/"},"uagb_comment_info":0,"uagb_excerpt":"Pol\u00eamica em Miguel Calmon: abaixo-assinado questiona localiza\u00e7\u00e3o do Centro Municipal de Vel\u00f3rios por proximidade a resid\u00eancias. Saiba mais!","blog_post_layout_featured_media_urls":{"thumbnail":["https:\/\/calmondivulgacoes.com.br\/wp-content\/uploads\/2026\/04\/1aas-120x150.png",120,150,true],"full":["https:\/\/calmondivulgacoes.com.br\/wp-content\/uploads\/2026\/04\/1aas.png",1080,1350,false]},"categories_names":{"40":{"name":"Miguel Calmon","link":"https:\/\/calmondivulgacoes.com.br\/en\/category\/miguel-calmon\/"}},"tags_names":{"125":{"name":"Abaixo-assinado","link":"https:\/\/calmondivulgacoes.com.br\/en\/tag\/abaixo-assinado\/"},"84":{"name":"Centro de Vel\u00f3rios","link":"https:\/\/calmondivulgacoes.com.br\/en\/tag\/centro-de-velorios\/"},"83":{"name":"Miguel Calmon","link":"https:\/\/calmondivulgacoes.com.br\/en\/tag\/miguel-calmon\/"},"85":{"name":"Obras P\u00fablicas","link":"https:\/\/calmondivulgacoes.com.br\/en\/tag\/obras-publicas\/"},"126":{"name":"Pol\u00eamica","link":"https:\/\/calmondivulgacoes.com.br\/en\/tag\/polemica\/"},"127":{"name":"Urbanismo","link":"https:\/\/calmondivulgacoes.com.br\/en\/tag\/urbanismo\/"}},"comments_number":"0","wpmagazine_modules_lite_featured_media_urls":{"thumbnail":["https:\/\/calmondivulgacoes.com.br\/wp-content\/uploads\/2026\/04\/1aas-120x150.png",120,150,true],"cvmm-medium":["https:\/\/calmondivulgacoes.com.br\/wp-content\/uploads\/2026\/04\/1aas-300x300.png",300,300,true],"cvmm-medium-plus":["https:\/\/calmondivulgacoes.com.br\/wp-content\/uploads\/2026\/04\/1aas-305x207.png",305,207,true],"cvmm-portrait":["https:\/\/calmondivulgacoes.com.br\/wp-content\/uploads\/2026\/04\/1aas-400x600.png",400,600,true],"cvmm-medium-square":["https:\/\/calmondivulgacoes.com.br\/wp-content\/uploads\/2026\/04\/1aas-600x600.png",600,600,true],"cvmm-large":["https:\/\/calmondivulgacoes.com.br\/wp-content\/uploads\/2026\/04\/1aas-1024x1024.png",1024,1024,true],"cvmm-small":["https:\/\/calmondivulgacoes.com.br\/wp-content\/uploads\/2026\/04\/1aas-130x95.png",130,95,true],"full":["https:\/\/calmondivulgacoes.com.br\/wp-content\/uploads\/2026\/04\/1aas.png",1080,1350,false]},"_links":{"self":[{"href":"https:\/\/calmondivulgacoes.com.br\/en\/wp-json\/wp\/v2\/posts\/3381","targetHints":{"allow":["GET"]}}],"collection":[{"href":"https:\/\/calmondivulgacoes.com.br\/en\/wp-json\/wp\/v2\/posts"}],"about":[{"href":"https:\/\/calmondivulgacoes.com.br\/en\/wp-json\/wp\/v2\/types\/post"}],"author":[{"embeddable":true,"href":"https:\/\/calmondivulgacoes.com.br\/en\/wp-json\/wp\/v2\/users\/1"}],"replies":[{"embeddable":true,"href":"https:\/\/calmondivulgacoes.com.br\/en\/wp-json\/wp\/v2\/comments?post=3381"}],"version-history":[{"count":1,"href":"https:\/\/calmondivulgacoes.com.br\/en\/wp-json\/wp\/v2\/posts\/3381\/revisions"}],"predecessor-version":[{"id":3384,"href":"https:\/\/calmondivulgacoes.com.br\/en\/wp-json\/wp\/v2\/posts\/3381\/revisions\/3384"}],"wp:featuredmedia":[{"embeddable":true,"href":"https:\/\/calmondivulgacoes.com.br\/en\/wp-json\/wp\/v2\/media\/3382"}],"wp:attachment":[{"href":"https:\/\/calmondivulgacoes.com.br\/en\/wp-json\/wp\/v2\/media?parent=3381"}],"wp:term":[{"taxonomy":"category","embeddable":true,"href":"https:\/\/calmondivulgacoes.com.br\/en\/wp-json\/wp\/v2\/categories?post=3381"},{"taxonomy":"post_tag","embeddable":true,"href":"https:\/\/calmondivulgacoes.com.br\/en\/wp-json\/wp\/v2\/tags?post=3381"}],"curies":[{"name":"wp","href":"https:\/\/api.w.org\/{rel}","templated":true}]}}