{"id":3378,"date":"2026-04-23T13:43:45","date_gmt":"2026-04-23T16:43:45","guid":{"rendered":"https:\/\/calmondivulgacoes.com.br\/?p=3378"},"modified":"2026-04-23T13:43:51","modified_gmt":"2026-04-23T16:43:51","slug":"auxilio-maternidade-direito-previdenciario","status":"publish","type":"post","link":"https:\/\/calmondivulgacoes.com.br\/en\/auxilio-maternidade-direito-previdenciario\/","title":{"rendered":"Direito \u00e0 maternidade foi destaque no \u201cConex\u00e3o Jur\u00eddica\u201d da Canabrava FM 87.9"},"content":{"rendered":"<figure class=\"wp-block-image size-large\"><img fetchpriority=\"high\" decoding=\"async\" width=\"1024\" height=\"107\" src=\"https:\/\/calmondivulgacoes.com.br\/wp-content\/uploads\/2026\/04\/site-1024x107.png\" alt=\"\" class=\"wp-image-3369\" srcset=\"https:\/\/calmondivulgacoes.com.br\/wp-content\/uploads\/2026\/04\/site-1024x107.png 1024w, https:\/\/calmondivulgacoes.com.br\/wp-content\/uploads\/2026\/04\/site-300x31.png 300w, https:\/\/calmondivulgacoes.com.br\/wp-content\/uploads\/2026\/04\/site-150x16.png 150w, https:\/\/calmondivulgacoes.com.br\/wp-content\/uploads\/2026\/04\/site-768x80.png 768w, https:\/\/calmondivulgacoes.com.br\/wp-content\/uploads\/2026\/04\/site-1536x160.png 1536w, https:\/\/calmondivulgacoes.com.br\/wp-content\/uploads\/2026\/04\/site-18x2.png 18w, https:\/\/calmondivulgacoes.com.br\/wp-content\/uploads\/2026\/04\/site.png 1920w\" sizes=\"(max-width: 1024px) 100vw, 1024px\" \/><\/figure>\n\n\n\n<p><br><\/p>\n\n\n\n<p><br>No programa O Espa\u00e7o do Povo, da R\u00e1dio Comunit\u00e1ria Canabrava FM 87.9, o quadro \u201cConex\u00e3o Jur\u00eddica\u201d trouxe um tema de grande relev\u00e2ncia social: o aux\u00edlio maternidade. A entrevistada foi a advogada Dra. Layara Cunha, especialista em Direito Previdenci\u00e1rio, que esclareceu d\u00favidas frequentes da popula\u00e7\u00e3o sobre o benef\u00edcio.<br><br>Durante a entrevista, a advogada explicou que o aux\u00edlio maternidade, tamb\u00e9m conhecido como sal\u00e1rio-maternidade, \u00e9 um direito garantido \u00e0s seguradas do INSS em situa\u00e7\u00f5es como nascimento de filho, ado\u00e7\u00e3o, guarda judicial para fins de ado\u00e7\u00e3o ou at\u00e9 mesmo em casos de aborto n\u00e3o criminoso. O benef\u00edcio tem como objetivo assegurar renda \u00e0 m\u00e3e durante o per\u00edodo de afastamento de suas atividades.<br><br>Segundo Dra. Layara Cunha, t\u00eam direito ao benef\u00edcio mulheres que contribuem com a Previd\u00eancia Social, incluindo trabalhadoras com carteira assinada, aut\u00f4nomas, microempreendedoras individuais (MEI), empregadas dom\u00e9sticas e tamb\u00e9m trabalhadoras rurais. Ela destacou ainda que, mesmo quem n\u00e3o esteja contribuindo no momento, pode ter acesso ao benef\u00edcio, desde que esteja dentro do chamado \u201cper\u00edodo de gra\u00e7a\u201d.<br><br>A especialista ressaltou que o aux\u00edlio \u00e9 pago, em regra, por 120 dias, podendo ter in\u00edcio at\u00e9 28 dias antes do parto ou a partir do nascimento da crian\u00e7a. Para as trabalhadoras aut\u00f4nomas e demais seguradas individuais, o pedido deve ser feito diretamente junto ao INSS, por meio do aplicativo ou site \u201cMeu INSS\u201d.<br><br>Um dos pontos de destaque da entrevista foi a aten\u00e7\u00e3o \u00e0s trabalhadoras rurais, que tamb\u00e9m possuem direito ao benef\u00edcio mesmo sem contribui\u00e7\u00f5es mensais, desde que comprovem o exerc\u00edcio da atividade no campo. Documentos como declara\u00e7\u00f5es de sindicatos e registros de produ\u00e7\u00e3o podem ser utilizados como prova.<br><br>Por fim,a advogada orientou que,em caso de negativa do benef\u00edcio ,\u00e9 fundamental buscar orienta\u00e7\u00e3o jur\u00eddica de profissional da sua confian\u00e7a ,pois,em muitos casos ,o indeferimento pode ser revisto com a apresenta\u00e7\u00e3o adequada da documenta\u00e7\u00e3o atrav\u00e9s de a\u00e7\u00e3o judicial .<br><br>O quadro \u201cConex\u00e3o Jur\u00eddica\u201d segue cumprindo seu papel de levar informa\u00e7\u00e3o acess\u00edvel \u00e0 popula\u00e7\u00e3o, refor\u00e7ando a import\u00e2ncia do conhecimento dos direitos previdenci\u00e1rios, especialmente em momentos t\u00e3o importantes como a maternidade.<\/p>","protected":false},"excerpt":{"rendered":"<p>Entenda o aux\u00edlio maternidade: quem tem direito, como solicitar e qual o per\u00edodo de afastamento. Dra. Layara Cunha explica no Conex\u00e3o Jur\u00eddica.<\/p>","protected":false},"author":1,"featured_media":3379,"comment_status":"closed","ping_status":"closed","sticky":false,"template":"","format":"standard","meta":{"_uag_custom_page_level_css":"","_monsterinsights_skip_tracking":false,"_monsterinsights_sitenote_active":false,"_monsterinsights_sitenote_note":"","_monsterinsights_sitenote_category":0,"maa_idioma":"","maa_pais":"","footnotes":""},"categories":[40],"tags":[123,121,122,119,124,120],"class_list":["post-3378","post","type-post","status-publish","format-standard","has-post-thumbnail","hentry","category-miguel-calmon","tag-advogada","tag-auxilio-maternidade","tag-direito-previdenciario","tag-inss","tag-maternidade","tag-salario-maternidade"],"yoast_head":"<!-- This site is optimized with the Yoast SEO plugin v27.4 - https:\/\/yoast.com\/product\/yoast-seo-wordpress\/ -->\n<title>Direito \u00e0 maternidade foi destaque no \u201cConex\u00e3o Jur\u00eddica\u201d da Canabrava FM 87.9 - Calmon Divulga\u00e7\u00f5es<\/title>\n<meta name=\"robots\" content=\"index, follow, max-snippet:-1, max-image-preview:large, max-video-preview:-1\" \/>\n<link rel=\"canonical\" href=\"https:\/\/calmondivulgacoes.com.br\/en\/auxilio-maternidade-direito-previdenciario\/\" \/>\n<meta property=\"og:locale\" content=\"en_US\" \/>\n<meta property=\"og:type\" content=\"article\" \/>\n<meta property=\"og:title\" content=\"Direito \u00e0 maternidade foi destaque no \u201cConex\u00e3o Jur\u00eddica\u201d da Canabrava FM 87.9 - Calmon Divulga\u00e7\u00f5es\" \/>\n<meta property=\"og:description\" content=\"Entenda o aux\u00edlio maternidade: quem tem direito, como solicitar e qual o per\u00edodo de afastamento. Dra. Layara Cunha explica no Conex\u00e3o Jur\u00eddica.\" \/>\n<meta property=\"og:url\" content=\"https:\/\/calmondivulgacoes.com.br\/en\/auxilio-maternidade-direito-previdenciario\/\" \/>\n<meta property=\"og:site_name\" content=\"Calmon Divulga\u00e7\u00f5es\" \/>\n<meta property=\"article:publisher\" content=\"https:\/\/www.facebook.com\/calmondivulgacoes\" \/>\n<meta property=\"article:published_time\" content=\"2026-04-23T16:43:45+00:00\" \/>\n<meta property=\"article:modified_time\" content=\"2026-04-23T16:43:51+00:00\" \/>\n<meta property=\"og:image\" content=\"https:\/\/calmondivulgacoes.com.br\/wp-content\/uploads\/2026\/04\/88a0057f-0b16-4c20-b210-84e80dfe7ba4.jpeg\" \/>\n\t<meta property=\"og:image:width\" content=\"1023\" \/>\n\t<meta property=\"og:image:height\" content=\"1537\" \/>\n\t<meta property=\"og:image:type\" content=\"image\/jpeg\" \/>\n<meta name=\"author\" content=\"Calmon Divulga\u00e7\u00f5es\" \/>\n<meta name=\"twitter:card\" content=\"summary_large_image\" \/>\n<meta name=\"twitter:label1\" content=\"Written by\" \/>\n\t<meta name=\"twitter:data1\" content=\"Calmon Divulga\u00e7\u00f5es\" \/>\n\t<meta name=\"twitter:label2\" content=\"Est. reading time\" \/>\n\t<meta name=\"twitter:data2\" content=\"3 minutes\" \/>\n<script type=\"application\/ld+json\" class=\"yoast-schema-graph\">{\"@context\":\"https:\\\/\\\/schema.org\",\"@graph\":[{\"@type\":\"Article\",\"@id\":\"https:\\\/\\\/calmondivulgacoes.com.br\\\/auxilio-maternidade-direito-previdenciario\\\/#article\",\"isPartOf\":{\"@id\":\"https:\\\/\\\/calmondivulgacoes.com.br\\\/auxilio-maternidade-direito-previdenciario\\\/\"},\"author\":{\"name\":\"Calmon Divulga\u00e7\u00f5es\",\"@id\":\"https:\\\/\\\/calmondivulgacoes.com.br\\\/#\\\/schema\\\/person\\\/f51b6a75a3e31b01ea8f6fea23fc01fa\"},\"headline\":\"Direito \u00e0 maternidade foi destaque no \u201cConex\u00e3o Jur\u00eddica\u201d da Canabrava FM 87.9\",\"datePublished\":\"2026-04-23T16:43:45+00:00\",\"dateModified\":\"2026-04-23T16:43:51+00:00\",\"mainEntityOfPage\":{\"@id\":\"https:\\\/\\\/calmondivulgacoes.com.br\\\/auxilio-maternidade-direito-previdenciario\\\/\"},\"wordCount\":397,\"publisher\":{\"@id\":\"https:\\\/\\\/calmondivulgacoes.com.br\\\/#organization\"},\"image\":{\"@id\":\"https:\\\/\\\/calmondivulgacoes.com.br\\\/auxilio-maternidade-direito-previdenciario\\\/#primaryimage\"},\"thumbnailUrl\":\"https:\\\/\\\/calmondivulgacoes.com.br\\\/wp-content\\\/uploads\\\/2026\\\/04\\\/88a0057f-0b16-4c20-b210-84e80dfe7ba4.jpeg\",\"keywords\":[\"advogada\",\"aux\u00edlio maternidade\",\"direito previdenci\u00e1rio\",\"INSS\",\"maternidade\",\"sal\u00e1rio maternidade\"],\"articleSection\":[\"Miguel Calmon\"],\"inLanguage\":\"en-US\"},{\"@type\":\"WebPage\",\"@id\":\"https:\\\/\\\/calmondivulgacoes.com.br\\\/auxilio-maternidade-direito-previdenciario\\\/\",\"url\":\"https:\\\/\\\/calmondivulgacoes.com.br\\\/auxilio-maternidade-direito-previdenciario\\\/\",\"name\":\"Direito \u00e0 maternidade foi destaque no \u201cConex\u00e3o Jur\u00eddica\u201d da Canabrava FM 87.9 - Calmon Divulga\u00e7\u00f5es\",\"isPartOf\":{\"@id\":\"https:\\\/\\\/calmondivulgacoes.com.br\\\/#website\"},\"primaryImageOfPage\":{\"@id\":\"https:\\\/\\\/calmondivulgacoes.com.br\\\/auxilio-maternidade-direito-previdenciario\\\/#primaryimage\"},\"image\":{\"@id\":\"https:\\\/\\\/calmondivulgacoes.com.br\\\/auxilio-maternidade-direito-previdenciario\\\/#primaryimage\"},\"thumbnailUrl\":\"https:\\\/\\\/calmondivulgacoes.com.br\\\/wp-content\\\/uploads\\\/2026\\\/04\\\/88a0057f-0b16-4c20-b210-84e80dfe7ba4.jpeg\",\"datePublished\":\"2026-04-23T16:43:45+00:00\",\"dateModified\":\"2026-04-23T16:43:51+00:00\",\"breadcrumb\":{\"@id\":\"https:\\\/\\\/calmondivulgacoes.com.br\\\/auxilio-maternidade-direito-previdenciario\\\/#breadcrumb\"},\"inLanguage\":\"en-US\",\"potentialAction\":[{\"@type\":\"ReadAction\",\"target\":[\"https:\\\/\\\/calmondivulgacoes.com.br\\\/auxilio-maternidade-direito-previdenciario\\\/\"]}]},{\"@type\":\"ImageObject\",\"inLanguage\":\"en-US\",\"@id\":\"https:\\\/\\\/calmondivulgacoes.com.br\\\/auxilio-maternidade-direito-previdenciario\\\/#primaryimage\",\"url\":\"https:\\\/\\\/calmondivulgacoes.com.br\\\/wp-content\\\/uploads\\\/2026\\\/04\\\/88a0057f-0b16-4c20-b210-84e80dfe7ba4.jpeg\",\"contentUrl\":\"https:\\\/\\\/calmondivulgacoes.com.br\\\/wp-content\\\/uploads\\\/2026\\\/04\\\/88a0057f-0b16-4c20-b210-84e80dfe7ba4.jpeg\",\"width\":1023,\"height\":1537},{\"@type\":\"BreadcrumbList\",\"@id\":\"https:\\\/\\\/calmondivulgacoes.com.br\\\/auxilio-maternidade-direito-previdenciario\\\/#breadcrumb\",\"itemListElement\":[{\"@type\":\"ListItem\",\"position\":1,\"name\":\"In\u00edcio\",\"item\":\"https:\\\/\\\/calmondivulgacoes.com.br\\\/\"},{\"@type\":\"ListItem\",\"position\":2,\"name\":\"Direito \u00e0 maternidade foi destaque no \u201cConex\u00e3o Jur\u00eddica\u201d da Canabrava FM 87.9\"}]},{\"@type\":\"WebSite\",\"@id\":\"https:\\\/\\\/calmondivulgacoes.com.br\\\/#website\",\"url\":\"https:\\\/\\\/calmondivulgacoes.com.br\\\/\",\"name\":\"Calmon Divulga\u00e7\u00f5es\",\"description\":\"e Not\u00edcias\",\"publisher\":{\"@id\":\"https:\\\/\\\/calmondivulgacoes.com.br\\\/#organization\"},\"potentialAction\":[{\"@type\":\"SearchAction\",\"target\":{\"@type\":\"EntryPoint\",\"urlTemplate\":\"https:\\\/\\\/calmondivulgacoes.com.br\\\/?s={search_term_string}\"},\"query-input\":{\"@type\":\"PropertyValueSpecification\",\"valueRequired\":true,\"valueName\":\"search_term_string\"}}],\"inLanguage\":\"en-US\"},{\"@type\":\"Organization\",\"@id\":\"https:\\\/\\\/calmondivulgacoes.com.br\\\/#organization\",\"name\":\"Calmon Divulga\u00e7\u00f5es\",\"url\":\"https:\\\/\\\/calmondivulgacoes.com.br\\\/\",\"logo\":{\"@type\":\"ImageObject\",\"inLanguage\":\"en-US\",\"@id\":\"https:\\\/\\\/calmondivulgacoes.com.br\\\/#\\\/schema\\\/logo\\\/image\\\/\",\"url\":\"https:\\\/\\\/calmondivulgacoes.com.br\\\/wp-content\\\/uploads\\\/2026\\\/04\\\/cropped-WhatsApp_Image_2025-12-02_at_20.44.08-removebg-preview.png\",\"contentUrl\":\"https:\\\/\\\/calmondivulgacoes.com.br\\\/wp-content\\\/uploads\\\/2026\\\/04\\\/cropped-WhatsApp_Image_2025-12-02_at_20.44.08-removebg-preview.png\",\"width\":120,\"height\":120,\"caption\":\"Calmon Divulga\u00e7\u00f5es\"},\"image\":{\"@id\":\"https:\\\/\\\/calmondivulgacoes.com.br\\\/#\\\/schema\\\/logo\\\/image\\\/\"},\"sameAs\":[\"https:\\\/\\\/www.facebook.com\\\/calmondivulgacoes\",\"https:\\\/\\\/www.instagram.com\\\/calmondivulgacoes\\\/\"]},{\"@type\":\"Person\",\"@id\":\"https:\\\/\\\/calmondivulgacoes.com.br\\\/#\\\/schema\\\/person\\\/f51b6a75a3e31b01ea8f6fea23fc01fa\",\"name\":\"Calmon Divulga\u00e7\u00f5es\",\"image\":{\"@type\":\"ImageObject\",\"inLanguage\":\"en-US\",\"@id\":\"https:\\\/\\\/calmondivulgacoes.com.br\\\/wp-content\\\/litespeed\\\/avatar\\\/70d8f8af3b6e7945511481b97d22e67c.jpg?ver=1777223803\",\"url\":\"https:\\\/\\\/calmondivulgacoes.com.br\\\/wp-content\\\/litespeed\\\/avatar\\\/70d8f8af3b6e7945511481b97d22e67c.jpg?ver=1777223803\",\"contentUrl\":\"https:\\\/\\\/calmondivulgacoes.com.br\\\/wp-content\\\/litespeed\\\/avatar\\\/70d8f8af3b6e7945511481b97d22e67c.jpg?ver=1777223803\",\"caption\":\"Calmon Divulga\u00e7\u00f5es\"},\"sameAs\":[\"http:\\\/\\\/calmondivulgacoes.com.br\"],\"url\":\"https:\\\/\\\/calmondivulgacoes.com.br\\\/en\\\/autor\\\/calmondivulgacoesgmail-com\\\/\"}]}<\/script>\n<!-- \/ Yoast SEO plugin. -->","yoast_head_json":{"title":"Direito \u00e0 maternidade foi destaque no \u201cConex\u00e3o Jur\u00eddica\u201d da Canabrava FM 87.9 - Calmon Divulga\u00e7\u00f5es","robots":{"index":"index","follow":"follow","max-snippet":"max-snippet:-1","max-image-preview":"max-image-preview:large","max-video-preview":"max-video-preview:-1"},"canonical":"https:\/\/calmondivulgacoes.com.br\/en\/auxilio-maternidade-direito-previdenciario\/","og_locale":"en_US","og_type":"article","og_title":"Direito \u00e0 maternidade foi destaque no \u201cConex\u00e3o Jur\u00eddica\u201d da Canabrava FM 87.9 - Calmon Divulga\u00e7\u00f5es","og_description":"Entenda o aux\u00edlio maternidade: quem tem direito, como solicitar e qual o per\u00edodo de afastamento. Dra. Layara Cunha explica no Conex\u00e3o Jur\u00eddica.","og_url":"https:\/\/calmondivulgacoes.com.br\/en\/auxilio-maternidade-direito-previdenciario\/","og_site_name":"Calmon Divulga\u00e7\u00f5es","article_publisher":"https:\/\/www.facebook.com\/calmondivulgacoes","article_published_time":"2026-04-23T16:43:45+00:00","article_modified_time":"2026-04-23T16:43:51+00:00","og_image":[{"width":1023,"height":1537,"url":"https:\/\/calmondivulgacoes.com.br\/wp-content\/uploads\/2026\/04\/88a0057f-0b16-4c20-b210-84e80dfe7ba4.jpeg","type":"image\/jpeg"}],"author":"Calmon Divulga\u00e7\u00f5es","twitter_card":"summary_large_image","twitter_misc":{"Written by":"Calmon Divulga\u00e7\u00f5es","Est. reading time":"3 minutes"},"schema":{"@context":"https:\/\/schema.org","@graph":[{"@type":"Article","@id":"https:\/\/calmondivulgacoes.com.br\/auxilio-maternidade-direito-previdenciario\/#article","isPartOf":{"@id":"https:\/\/calmondivulgacoes.com.br\/auxilio-maternidade-direito-previdenciario\/"},"author":{"name":"Calmon Divulga\u00e7\u00f5es","@id":"https:\/\/calmondivulgacoes.com.br\/#\/schema\/person\/f51b6a75a3e31b01ea8f6fea23fc01fa"},"headline":"Direito \u00e0 maternidade foi destaque no \u201cConex\u00e3o Jur\u00eddica\u201d da Canabrava FM 87.9","datePublished":"2026-04-23T16:43:45+00:00","dateModified":"2026-04-23T16:43:51+00:00","mainEntityOfPage":{"@id":"https:\/\/calmondivulgacoes.com.br\/auxilio-maternidade-direito-previdenciario\/"},"wordCount":397,"publisher":{"@id":"https:\/\/calmondivulgacoes.com.br\/#organization"},"image":{"@id":"https:\/\/calmondivulgacoes.com.br\/auxilio-maternidade-direito-previdenciario\/#primaryimage"},"thumbnailUrl":"https:\/\/calmondivulgacoes.com.br\/wp-content\/uploads\/2026\/04\/88a0057f-0b16-4c20-b210-84e80dfe7ba4.jpeg","keywords":["advogada","aux\u00edlio maternidade","direito previdenci\u00e1rio","INSS","maternidade","sal\u00e1rio maternidade"],"articleSection":["Miguel Calmon"],"inLanguage":"en-US"},{"@type":"WebPage","@id":"https:\/\/calmondivulgacoes.com.br\/auxilio-maternidade-direito-previdenciario\/","url":"https:\/\/calmondivulgacoes.com.br\/auxilio-maternidade-direito-previdenciario\/","name":"Direito \u00e0 maternidade foi destaque no \u201cConex\u00e3o Jur\u00eddica\u201d da Canabrava FM 87.9 - Calmon Divulga\u00e7\u00f5es","isPartOf":{"@id":"https:\/\/calmondivulgacoes.com.br\/#website"},"primaryImageOfPage":{"@id":"https:\/\/calmondivulgacoes.com.br\/auxilio-maternidade-direito-previdenciario\/#primaryimage"},"image":{"@id":"https:\/\/calmondivulgacoes.com.br\/auxilio-maternidade-direito-previdenciario\/#primaryimage"},"thumbnailUrl":"https:\/\/calmondivulgacoes.com.br\/wp-content\/uploads\/2026\/04\/88a0057f-0b16-4c20-b210-84e80dfe7ba4.jpeg","datePublished":"2026-04-23T16:43:45+00:00","dateModified":"2026-04-23T16:43:51+00:00","breadcrumb":{"@id":"https:\/\/calmondivulgacoes.com.br\/auxilio-maternidade-direito-previdenciario\/#breadcrumb"},"inLanguage":"en-US","potentialAction":[{"@type":"ReadAction","target":["https:\/\/calmondivulgacoes.com.br\/auxilio-maternidade-direito-previdenciario\/"]}]},{"@type":"ImageObject","inLanguage":"en-US","@id":"https:\/\/calmondivulgacoes.com.br\/auxilio-maternidade-direito-previdenciario\/#primaryimage","url":"https:\/\/calmondivulgacoes.com.br\/wp-content\/uploads\/2026\/04\/88a0057f-0b16-4c20-b210-84e80dfe7ba4.jpeg","contentUrl":"https:\/\/calmondivulgacoes.com.br\/wp-content\/uploads\/2026\/04\/88a0057f-0b16-4c20-b210-84e80dfe7ba4.jpeg","width":1023,"height":1537},{"@type":"BreadcrumbList","@id":"https:\/\/calmondivulgacoes.com.br\/auxilio-maternidade-direito-previdenciario\/#breadcrumb","itemListElement":[{"@type":"ListItem","position":1,"name":"In\u00edcio","item":"https:\/\/calmondivulgacoes.com.br\/"},{"@type":"ListItem","position":2,"name":"Direito \u00e0 maternidade foi destaque no \u201cConex\u00e3o Jur\u00eddica\u201d da Canabrava FM 87.9"}]},{"@type":"WebSite","@id":"https:\/\/calmondivulgacoes.com.br\/#website","url":"https:\/\/calmondivulgacoes.com.br\/","name":"Calmon Divulga\u00e7\u00f5es","description":"e Not\u00edcias","publisher":{"@id":"https:\/\/calmondivulgacoes.com.br\/#organization"},"potentialAction":[{"@type":"SearchAction","target":{"@type":"EntryPoint","urlTemplate":"https:\/\/calmondivulgacoes.com.br\/?s={search_term_string}"},"query-input":{"@type":"PropertyValueSpecification","valueRequired":true,"valueName":"search_term_string"}}],"inLanguage":"en-US"},{"@type":"Organization","@id":"https:\/\/calmondivulgacoes.com.br\/#organization","name":"Calmon Divulga\u00e7\u00f5es","url":"https:\/\/calmondivulgacoes.com.br\/","logo":{"@type":"ImageObject","inLanguage":"en-US","@id":"https:\/\/calmondivulgacoes.com.br\/#\/schema\/logo\/image\/","url":"https:\/\/calmondivulgacoes.com.br\/wp-content\/uploads\/2026\/04\/cropped-WhatsApp_Image_2025-12-02_at_20.44.08-removebg-preview.png","contentUrl":"https:\/\/calmondivulgacoes.com.br\/wp-content\/uploads\/2026\/04\/cropped-WhatsApp_Image_2025-12-02_at_20.44.08-removebg-preview.png","width":120,"height":120,"caption":"Calmon Divulga\u00e7\u00f5es"},"image":{"@id":"https:\/\/calmondivulgacoes.com.br\/#\/schema\/logo\/image\/"},"sameAs":["https:\/\/www.facebook.com\/calmondivulgacoes","https:\/\/www.instagram.com\/calmondivulgacoes\/"]},{"@type":"Person","@id":"https:\/\/calmondivulgacoes.com.br\/#\/schema\/person\/f51b6a75a3e31b01ea8f6fea23fc01fa","name":"Calmon Divulga\u00e7\u00f5es","image":{"@type":"ImageObject","inLanguage":"en-US","@id":"https:\/\/calmondivulgacoes.com.br\/wp-content\/litespeed\/avatar\/70d8f8af3b6e7945511481b97d22e67c.jpg?ver=1777223803","url":"https:\/\/calmondivulgacoes.com.br\/wp-content\/litespeed\/avatar\/70d8f8af3b6e7945511481b97d22e67c.jpg?ver=1777223803","contentUrl":"https:\/\/calmondivulgacoes.com.br\/wp-content\/litespeed\/avatar\/70d8f8af3b6e7945511481b97d22e67c.jpg?ver=1777223803","caption":"Calmon Divulga\u00e7\u00f5es"},"sameAs":["http:\/\/calmondivulgacoes.com.br"],"url":"https:\/\/calmondivulgacoes.com.br\/en\/autor\/calmondivulgacoesgmail-com\/"}]}},"uagb_featured_image_src":{"full":["https:\/\/calmondivulgacoes.com.br\/wp-content\/uploads\/2026\/04\/88a0057f-0b16-4c20-b210-84e80dfe7ba4.jpeg",1023,1537,false],"thumbnail":["https:\/\/calmondivulgacoes.com.br\/wp-content\/uploads\/2026\/04\/88a0057f-0b16-4c20-b210-84e80dfe7ba4-100x150.jpeg",100,150,true],"medium":["https:\/\/calmondivulgacoes.com.br\/wp-content\/uploads\/2026\/04\/88a0057f-0b16-4c20-b210-84e80dfe7ba4-200x300.jpeg",200,300,true],"medium_large":["https:\/\/calmondivulgacoes.com.br\/wp-content\/uploads\/2026\/04\/88a0057f-0b16-4c20-b210-84e80dfe7ba4-768x1154.jpeg",640,962,true],"large":["https:\/\/calmondivulgacoes.com.br\/wp-content\/uploads\/2026\/04\/88a0057f-0b16-4c20-b210-84e80dfe7ba4-682x1024.jpeg",640,961,true],"1536x1536":["https:\/\/calmondivulgacoes.com.br\/wp-content\/uploads\/2026\/04\/88a0057f-0b16-4c20-b210-84e80dfe7ba4.jpeg",1022,1536,false],"2048x2048":["https:\/\/calmondivulgacoes.com.br\/wp-content\/uploads\/2026\/04\/88a0057f-0b16-4c20-b210-84e80dfe7ba4.jpeg",1023,1537,false],"trp-custom-language-flag":["https:\/\/calmondivulgacoes.com.br\/wp-content\/uploads\/2026\/04\/88a0057f-0b16-4c20-b210-84e80dfe7ba4-8x12.jpeg",8,12,true],"cvmm-medium":["https:\/\/calmondivulgacoes.com.br\/wp-content\/uploads\/2026\/04\/88a0057f-0b16-4c20-b210-84e80dfe7ba4-300x300.jpeg",300,300,true],"cvmm-medium-plus":["https:\/\/calmondivulgacoes.com.br\/wp-content\/uploads\/2026\/04\/88a0057f-0b16-4c20-b210-84e80dfe7ba4-305x207.jpeg",305,207,true],"cvmm-portrait":["https:\/\/calmondivulgacoes.com.br\/wp-content\/uploads\/2026\/04\/88a0057f-0b16-4c20-b210-84e80dfe7ba4-400x600.jpeg",400,600,true],"cvmm-medium-square":["https:\/\/calmondivulgacoes.com.br\/wp-content\/uploads\/2026\/04\/88a0057f-0b16-4c20-b210-84e80dfe7ba4-600x600.jpeg",600,600,true],"cvmm-large":["https:\/\/calmondivulgacoes.com.br\/wp-content\/uploads\/2026\/04\/88a0057f-0b16-4c20-b210-84e80dfe7ba4-1023x1024.jpeg",1023,1024,true],"cvmm-small":["https:\/\/calmondivulgacoes.com.br\/wp-content\/uploads\/2026\/04\/88a0057f-0b16-4c20-b210-84e80dfe7ba4-130x95.jpeg",130,95,true]},"uagb_author_info":{"display_name":"Calmon Divulga\u00e7\u00f5es","author_link":"https:\/\/calmondivulgacoes.com.br\/en\/autor\/calmondivulgacoesgmail-com\/"},"uagb_comment_info":0,"uagb_excerpt":"Entenda o aux\u00edlio maternidade: quem tem direito, como solicitar e qual o per\u00edodo de afastamento. Dra. Layara Cunha explica no Conex\u00e3o Jur\u00eddica.","blog_post_layout_featured_media_urls":{"thumbnail":["https:\/\/calmondivulgacoes.com.br\/wp-content\/uploads\/2026\/04\/88a0057f-0b16-4c20-b210-84e80dfe7ba4-100x150.jpeg",100,150,true],"full":["https:\/\/calmondivulgacoes.com.br\/wp-content\/uploads\/2026\/04\/88a0057f-0b16-4c20-b210-84e80dfe7ba4.jpeg",1023,1537,false]},"categories_names":{"40":{"name":"Miguel Calmon","link":"https:\/\/calmondivulgacoes.com.br\/en\/category\/miguel-calmon\/"}},"tags_names":{"123":{"name":"advogada","link":"https:\/\/calmondivulgacoes.com.br\/en\/tag\/advogada\/"},"121":{"name":"aux\u00edlio maternidade","link":"https:\/\/calmondivulgacoes.com.br\/en\/tag\/auxilio-maternidade\/"},"122":{"name":"direito previdenci\u00e1rio","link":"https:\/\/calmondivulgacoes.com.br\/en\/tag\/direito-previdenciario\/"},"119":{"name":"INSS","link":"https:\/\/calmondivulgacoes.com.br\/en\/tag\/inss\/"},"124":{"name":"maternidade","link":"https:\/\/calmondivulgacoes.com.br\/en\/tag\/maternidade\/"},"120":{"name":"sal\u00e1rio maternidade","link":"https:\/\/calmondivulgacoes.com.br\/en\/tag\/salario-maternidade\/"}},"comments_number":"0","wpmagazine_modules_lite_featured_media_urls":{"thumbnail":["https:\/\/calmondivulgacoes.com.br\/wp-content\/uploads\/2026\/04\/88a0057f-0b16-4c20-b210-84e80dfe7ba4-100x150.jpeg",100,150,true],"cvmm-medium":["https:\/\/calmondivulgacoes.com.br\/wp-content\/uploads\/2026\/04\/88a0057f-0b16-4c20-b210-84e80dfe7ba4-300x300.jpeg",300,300,true],"cvmm-medium-plus":["https:\/\/calmondivulgacoes.com.br\/wp-content\/uploads\/2026\/04\/88a0057f-0b16-4c20-b210-84e80dfe7ba4-305x207.jpeg",305,207,true],"cvmm-portrait":["https:\/\/calmondivulgacoes.com.br\/wp-content\/uploads\/2026\/04\/88a0057f-0b16-4c20-b210-84e80dfe7ba4-400x600.jpeg",400,600,true],"cvmm-medium-square":["https:\/\/calmondivulgacoes.com.br\/wp-content\/uploads\/2026\/04\/88a0057f-0b16-4c20-b210-84e80dfe7ba4-600x600.jpeg",600,600,true],"cvmm-large":["https:\/\/calmondivulgacoes.com.br\/wp-content\/uploads\/2026\/04\/88a0057f-0b16-4c20-b210-84e80dfe7ba4-1023x1024.jpeg",1023,1024,true],"cvmm-small":["https:\/\/calmondivulgacoes.com.br\/wp-content\/uploads\/2026\/04\/88a0057f-0b16-4c20-b210-84e80dfe7ba4-130x95.jpeg",130,95,true],"full":["https:\/\/calmondivulgacoes.com.br\/wp-content\/uploads\/2026\/04\/88a0057f-0b16-4c20-b210-84e80dfe7ba4.jpeg",1023,1537,false]},"_links":{"self":[{"href":"https:\/\/calmondivulgacoes.com.br\/en\/wp-json\/wp\/v2\/posts\/3378","targetHints":{"allow":["GET"]}}],"collection":[{"href":"https:\/\/calmondivulgacoes.com.br\/en\/wp-json\/wp\/v2\/posts"}],"about":[{"href":"https:\/\/calmondivulgacoes.com.br\/en\/wp-json\/wp\/v2\/types\/post"}],"author":[{"embeddable":true,"href":"https:\/\/calmondivulgacoes.com.br\/en\/wp-json\/wp\/v2\/users\/1"}],"replies":[{"embeddable":true,"href":"https:\/\/calmondivulgacoes.com.br\/en\/wp-json\/wp\/v2\/comments?post=3378"}],"version-history":[{"count":1,"href":"https:\/\/calmondivulgacoes.com.br\/en\/wp-json\/wp\/v2\/posts\/3378\/revisions"}],"predecessor-version":[{"id":3380,"href":"https:\/\/calmondivulgacoes.com.br\/en\/wp-json\/wp\/v2\/posts\/3378\/revisions\/3380"}],"wp:featuredmedia":[{"embeddable":true,"href":"https:\/\/calmondivulgacoes.com.br\/en\/wp-json\/wp\/v2\/media\/3379"}],"wp:attachment":[{"href":"https:\/\/calmondivulgacoes.com.br\/en\/wp-json\/wp\/v2\/media?parent=3378"}],"wp:term":[{"taxonomy":"category","embeddable":true,"href":"https:\/\/calmondivulgacoes.com.br\/en\/wp-json\/wp\/v2\/categories?post=3378"},{"taxonomy":"post_tag","embeddable":true,"href":"https:\/\/calmondivulgacoes.com.br\/en\/wp-json\/wp\/v2\/tags?post=3378"}],"curies":[{"name":"wp","href":"https:\/\/api.w.org\/{rel}","templated":true}]}}