{"id":3350,"date":"2026-04-22T14:07:08","date_gmt":"2026-04-22T17:07:08","guid":{"rendered":"https:\/\/calmondivulgacoes.com.br\/?p=3350"},"modified":"2026-04-22T14:07:13","modified_gmt":"2026-04-22T17:07:13","slug":"tragedia-em-miguel-calmon-edmario-de-almeida-valois-65-morre-em-colisao-frontal-chocante-na-ba-131","status":"publish","type":"post","link":"https:\/\/calmondivulgacoes.com.br\/en\/tragedia-em-miguel-calmon-edmario-de-almeida-valois-65-morre-em-colisao-frontal-chocante-na-ba-131\/","title":{"rendered":"Trag\u00e9dia em Miguel Calmon: Edm\u00e1rio de Almeida Valois, 65, morre em colis\u00e3o frontal chocante na BA-131"},"content":{"rendered":"<figure class=\"wp-block-image size-large\"><img fetchpriority=\"high\" decoding=\"async\" width=\"1024\" height=\"107\" src=\"https:\/\/calmondivulgacoes.com.br\/wp-content\/uploads\/2026\/04\/Design-sem-nome-6-1024x107.png\" alt=\"\" class=\"wp-image-3160\" srcset=\"https:\/\/calmondivulgacoes.com.br\/wp-content\/uploads\/2026\/04\/Design-sem-nome-6-1024x107.png 1024w, https:\/\/calmondivulgacoes.com.br\/wp-content\/uploads\/2026\/04\/Design-sem-nome-6-300x31.png 300w, https:\/\/calmondivulgacoes.com.br\/wp-content\/uploads\/2026\/04\/Design-sem-nome-6-150x16.png 150w, https:\/\/calmondivulgacoes.com.br\/wp-content\/uploads\/2026\/04\/Design-sem-nome-6-768x80.png 768w, https:\/\/calmondivulgacoes.com.br\/wp-content\/uploads\/2026\/04\/Design-sem-nome-6-1536x160.png 1536w, https:\/\/calmondivulgacoes.com.br\/wp-content\/uploads\/2026\/04\/Design-sem-nome-6.png 1920w\" sizes=\"(max-width: 1024px) 100vw, 1024px\" \/><\/figure>\n\n\n\n<h2 class=\"wp-block-heading\">Idoso de 65 anos, Edm\u00e1rio de Almeida Valois, perde a vida em grave acidente na BA-131 em Miguel Calmon.<\/h2>\n\n\n\n<p>Um tr\u00e1gico acidente na noite desta ter\u00e7a-feira, 21 de maio, tirou a vida de Edm\u00e1rio de Almeida Valois, de 65 anos, em um trecho da rodovia BA-131, na regi\u00e3o de Miguel Calmon, no Piemonte da Diamantina.<\/p>\n\n\n\n<p>A colis\u00e3o ocorreu na altura da comunidade de \u00c1gua Branca, zona rural do munic\u00edpio, e envolveu uma motocicleta, conduzida pela v\u00edtima, e um ve\u00edculo utilit\u00e1rio que trafegava no sentido oposto.<\/p>\n\n\n\n<p>As primeiras informa\u00e7\u00f5es apontam para uma poss\u00edvel entrada na contram\u00e3o por parte da motocicleta como causa da colis\u00e3o frontal. A not\u00edcia do falecimento de Edm\u00e1rio de Almeida Valois chocou os moradores da regi\u00e3o.<\/p>\n\n\n\n<p>Conforme informa\u00e7\u00f5es divulgadas, o corpo de Edm\u00e1rio de Almeida Valois est\u00e1 sendo velado na sede de Miguel Calmon. O sepultamento est\u00e1 previsto para acontecer ainda nesta quarta-feira, 22 de maio.<\/p>\n\n\n\n<h3 class=\"wp-block-heading\">Detalhamento do Acidente Fatal na BA-131<\/h3>\n\n\n\n<p>O grave acidente aconteceu em um trecho da BA-131, especificamente na localidade de \u00c1gua Branca, que pertence \u00e0 zona rural de Miguel Calmon. A din\u00e2mica da colis\u00e3o frontal entre a motocicleta de Edm\u00e1rio de Almeida Valois e o ve\u00edculo utilit\u00e1rio levanta s\u00e9rias quest\u00f5es sobre as circunst\u00e2ncias que levaram \u00e0 trag\u00e9dia.<\/p>\n\n\n\n<p>As autoridades competentes j\u00e1 iniciaram as investiga\u00e7\u00f5es para determinar com precis\u00e3o as causas do acidente.<\/p>\n\n\n\n<h3 class=\"wp-block-heading\">Comunidade de Miguel Calmon em Luto pela Perda de Edm\u00e1rio de Almeida Valois<\/h3>\n\n\n\n<p>A not\u00edcia da morte de Edm\u00e1rio de Almeida Valois se espalhou rapidamente pela regi\u00e3o, gerando como\u00e7\u00e3o entre familiares, amigos e conhecidos. A perda \u00e9 sentida em Miguel Calmon, que lamenta profundamente o ocorrido.<\/p>\n\n\n\n<p>O vel\u00f3rio de Edm\u00e1rio de Almeida Valois est\u00e1 acontecendo desde a noite de ter\u00e7a-feira na sede do munic\u00edpio, reunindo pessoas que desejam prestar suas \u00faltimas homenagens ao idoso. O ato f\u00fanebre \u00e9 um momento de uni\u00e3o e despedida.<\/p>\n\n\n\n<h3 class=\"wp-block-heading\">Procedimentos P\u00f3s-Acidente e Encerramento<\/h3>\n\n\n\n<p>O enterro de Edm\u00e1rio de Almeida Valois est\u00e1 marcado para o dia 22 de abril de 2026, data em que a comunidade poder\u00e1 se despedir definitivamente do cidad\u00e3o. As investiga\u00e7\u00f5es sobre o acidente continuam, buscando esclarecer todos os detalhes para evitar futuras ocorr\u00eancias.<\/p>\n\n\n\n<p>A rodovia BA-131 \u00e9 um importante corredor de tr\u00e1fego na regi\u00e3o, e acidentes como este refor\u00e7am a necessidade de aten\u00e7\u00e3o redobrada por parte de todos os motoristas que trafegam por ela, especialmente em trechos rurais e com visibilidade reduzida.<\/p>\n\n\n\n<p>Os nossos sentimentos a toda fam\u00edlia!<\/p>\n\n\n\n<figure class=\"wp-block-image size-large\"><img decoding=\"async\" width=\"461\" height=\"1024\" src=\"https:\/\/calmondivulgacoes.com.br\/wp-content\/uploads\/2026\/04\/5c201069-78c3-4eec-b9eb-7134d9b60585-461x1024.jpeg\" alt=\"\" class=\"wp-image-3338\" srcset=\"https:\/\/calmondivulgacoes.com.br\/wp-content\/uploads\/2026\/04\/5c201069-78c3-4eec-b9eb-7134d9b60585-461x1024.jpeg 461w, https:\/\/calmondivulgacoes.com.br\/wp-content\/uploads\/2026\/04\/5c201069-78c3-4eec-b9eb-7134d9b60585-135x300.jpeg 135w, https:\/\/calmondivulgacoes.com.br\/wp-content\/uploads\/2026\/04\/5c201069-78c3-4eec-b9eb-7134d9b60585-68x150.jpeg 68w, https:\/\/calmondivulgacoes.com.br\/wp-content\/uploads\/2026\/04\/5c201069-78c3-4eec-b9eb-7134d9b60585-691x1536.jpeg 691w, https:\/\/calmondivulgacoes.com.br\/wp-content\/uploads\/2026\/04\/5c201069-78c3-4eec-b9eb-7134d9b60585-5x12.jpeg 5w, https:\/\/calmondivulgacoes.com.br\/wp-content\/uploads\/2026\/04\/5c201069-78c3-4eec-b9eb-7134d9b60585.jpeg 720w\" sizes=\"(max-width: 461px) 100vw, 461px\" \/><\/figure>\n\n\n\n<figure class=\"wp-block-image size-large\"><img decoding=\"async\" width=\"768\" height=\"1024\" src=\"https:\/\/calmondivulgacoes.com.br\/wp-content\/uploads\/2026\/04\/dcd8787d-36be-4c0b-a2c9-dec6056a0cfb-768x1024.jpeg\" alt=\"\" class=\"wp-image-3339\" srcset=\"https:\/\/calmondivulgacoes.com.br\/wp-content\/uploads\/2026\/04\/dcd8787d-36be-4c0b-a2c9-dec6056a0cfb-768x1024.jpeg 768w, https:\/\/calmondivulgacoes.com.br\/wp-content\/uploads\/2026\/04\/dcd8787d-36be-4c0b-a2c9-dec6056a0cfb-225x300.jpeg 225w, https:\/\/calmondivulgacoes.com.br\/wp-content\/uploads\/2026\/04\/dcd8787d-36be-4c0b-a2c9-dec6056a0cfb-113x150.jpeg 113w, https:\/\/calmondivulgacoes.com.br\/wp-content\/uploads\/2026\/04\/dcd8787d-36be-4c0b-a2c9-dec6056a0cfb-1152x1536.jpeg 1152w, https:\/\/calmondivulgacoes.com.br\/wp-content\/uploads\/2026\/04\/dcd8787d-36be-4c0b-a2c9-dec6056a0cfb-9x12.jpeg 9w, https:\/\/calmondivulgacoes.com.br\/wp-content\/uploads\/2026\/04\/dcd8787d-36be-4c0b-a2c9-dec6056a0cfb.jpeg 1200w\" sizes=\"(max-width: 768px) 100vw, 768px\" \/><\/figure>\n\n\n\n<figure class=\"wp-block-image size-large\"><img loading=\"lazy\" decoding=\"async\" width=\"819\" height=\"1024\" src=\"https:\/\/calmondivulgacoes.com.br\/wp-content\/uploads\/2026\/04\/patrocionadores-3-819x1024.png\" alt=\"\" class=\"wp-image-3154\" srcset=\"https:\/\/calmondivulgacoes.com.br\/wp-content\/uploads\/2026\/04\/patrocionadores-3-819x1024.png 819w, https:\/\/calmondivulgacoes.com.br\/wp-content\/uploads\/2026\/04\/patrocionadores-3-240x300.png 240w, https:\/\/calmondivulgacoes.com.br\/wp-content\/uploads\/2026\/04\/patrocionadores-3-120x150.png 120w, https:\/\/calmondivulgacoes.com.br\/wp-content\/uploads\/2026\/04\/patrocionadores-3-768x960.png 768w, https:\/\/calmondivulgacoes.com.br\/wp-content\/uploads\/2026\/04\/patrocionadores-3.png 1080w\" sizes=\"(max-width: 819px) 100vw, 819px\" \/><\/figure>","protected":false},"excerpt":{"rendered":"<p>Edm\u00e1rio de Almeida Valois, 65 anos, faleceu em colis\u00e3o frontal chocante na BA-131, em Miguel Calmon. <\/p>","protected":false},"author":1,"featured_media":3351,"comment_status":"closed","ping_status":"closed","sticky":false,"template":"","format":"standard","meta":{"_uag_custom_page_level_css":"","_monsterinsights_skip_tracking":false,"_monsterinsights_sitenote_active":false,"_monsterinsights_sitenote_note":"","_monsterinsights_sitenote_category":0,"maa_idioma":"","maa_pais":"","footnotes":""},"categories":[40],"tags":[113,117,118,114,83,116,115],"class_list":["post-3350","post","type-post","status-publish","format-standard","has-post-thumbnail","hentry","category-miguel-calmon","tag-acidente-ba-131","tag-acidente-fatal","tag-edimario-de-almeida-valois","tag-edmario-valois","tag-miguel-calmon","tag-noticia-tragica","tag-piemonte-da-diamantina"],"yoast_head":"<!-- This site is optimized with the Yoast SEO plugin v27.4 - https:\/\/yoast.com\/product\/yoast-seo-wordpress\/ -->\n<title>Trag\u00e9dia em Miguel Calmon: Edm\u00e1rio de Almeida Valois, 65, morre em colis\u00e3o frontal chocante na BA-131 - Calmon Divulga\u00e7\u00f5es<\/title>\n<meta name=\"robots\" content=\"index, follow, max-snippet:-1, max-image-preview:large, max-video-preview:-1\" \/>\n<link rel=\"canonical\" href=\"https:\/\/calmondivulgacoes.com.br\/en\/tragedia-em-miguel-calmon-edmario-de-almeida-valois-65-morre-em-colisao-frontal-chocante-na-ba-131\/\" \/>\n<meta property=\"og:locale\" content=\"en_US\" \/>\n<meta property=\"og:type\" content=\"article\" \/>\n<meta property=\"og:title\" content=\"Trag\u00e9dia em Miguel Calmon: Edm\u00e1rio de Almeida Valois, 65, morre em colis\u00e3o frontal chocante na BA-131 - Calmon Divulga\u00e7\u00f5es\" \/>\n<meta property=\"og:description\" content=\"Edm\u00e1rio de Almeida Valois, 65 anos, faleceu em colis\u00e3o frontal chocante na BA-131, em Miguel Calmon.\" \/>\n<meta property=\"og:url\" content=\"https:\/\/calmondivulgacoes.com.br\/en\/tragedia-em-miguel-calmon-edmario-de-almeida-valois-65-morre-em-colisao-frontal-chocante-na-ba-131\/\" \/>\n<meta property=\"og:site_name\" content=\"Calmon Divulga\u00e7\u00f5es\" \/>\n<meta property=\"article:publisher\" content=\"https:\/\/www.facebook.com\/calmondivulgacoes\" \/>\n<meta property=\"article:published_time\" content=\"2026-04-22T17:07:08+00:00\" \/>\n<meta property=\"article:modified_time\" content=\"2026-04-22T17:07:13+00:00\" \/>\n<meta property=\"og:image\" content=\"https:\/\/calmondivulgacoes.com.br\/wp-content\/uploads\/2026\/04\/idoso-morre-em-miguel-calmon.jpg\" \/>\n\t<meta property=\"og:image:width\" content=\"393\" \/>\n\t<meta property=\"og:image:height\" content=\"329\" \/>\n\t<meta property=\"og:image:type\" content=\"image\/jpeg\" \/>\n<meta name=\"author\" content=\"Calmon Divulga\u00e7\u00f5es\" \/>\n<meta name=\"twitter:card\" content=\"summary_large_image\" \/>\n<meta name=\"twitter:label1\" content=\"Written by\" \/>\n\t<meta name=\"twitter:data1\" content=\"Calmon Divulga\u00e7\u00f5es\" \/>\n\t<meta name=\"twitter:label2\" content=\"Est. reading time\" \/>\n\t<meta name=\"twitter:data2\" content=\"4 minutes\" \/>\n<script type=\"application\/ld+json\" class=\"yoast-schema-graph\">{\"@context\":\"https:\\\/\\\/schema.org\",\"@graph\":[{\"@type\":\"Article\",\"@id\":\"https:\\\/\\\/calmondivulgacoes.com.br\\\/tragedia-em-miguel-calmon-edmario-de-almeida-valois-65-morre-em-colisao-frontal-chocante-na-ba-131\\\/#article\",\"isPartOf\":{\"@id\":\"https:\\\/\\\/calmondivulgacoes.com.br\\\/tragedia-em-miguel-calmon-edmario-de-almeida-valois-65-morre-em-colisao-frontal-chocante-na-ba-131\\\/\"},\"author\":{\"name\":\"Calmon Divulga\u00e7\u00f5es\",\"@id\":\"https:\\\/\\\/calmondivulgacoes.com.br\\\/#\\\/schema\\\/person\\\/f51b6a75a3e31b01ea8f6fea23fc01fa\"},\"headline\":\"Trag\u00e9dia em Miguel Calmon: Edm\u00e1rio de Almeida Valois, 65, morre em colis\u00e3o frontal chocante na BA-131\",\"datePublished\":\"2026-04-22T17:07:08+00:00\",\"dateModified\":\"2026-04-22T17:07:13+00:00\",\"mainEntityOfPage\":{\"@id\":\"https:\\\/\\\/calmondivulgacoes.com.br\\\/tragedia-em-miguel-calmon-edmario-de-almeida-valois-65-morre-em-colisao-frontal-chocante-na-ba-131\\\/\"},\"wordCount\":453,\"publisher\":{\"@id\":\"https:\\\/\\\/calmondivulgacoes.com.br\\\/#organization\"},\"image\":{\"@id\":\"https:\\\/\\\/calmondivulgacoes.com.br\\\/tragedia-em-miguel-calmon-edmario-de-almeida-valois-65-morre-em-colisao-frontal-chocante-na-ba-131\\\/#primaryimage\"},\"thumbnailUrl\":\"https:\\\/\\\/calmondivulgacoes.com.br\\\/wp-content\\\/uploads\\\/2026\\\/04\\\/idoso-morre-em-miguel-calmon.jpg\",\"keywords\":[\"Acidente BA-131\",\"Acidente fatal\",\"Edim\u00e1rio de Almeida Valois\",\"Edm\u00e1rio Valois\",\"Miguel Calmon\",\"Not\u00edcia tr\u00e1gica\",\"Piemonte da Diamantina\"],\"articleSection\":[\"Miguel Calmon\"],\"inLanguage\":\"en-US\"},{\"@type\":\"WebPage\",\"@id\":\"https:\\\/\\\/calmondivulgacoes.com.br\\\/tragedia-em-miguel-calmon-edmario-de-almeida-valois-65-morre-em-colisao-frontal-chocante-na-ba-131\\\/\",\"url\":\"https:\\\/\\\/calmondivulgacoes.com.br\\\/tragedia-em-miguel-calmon-edmario-de-almeida-valois-65-morre-em-colisao-frontal-chocante-na-ba-131\\\/\",\"name\":\"Trag\u00e9dia em Miguel Calmon: Edm\u00e1rio de Almeida Valois, 65, morre em colis\u00e3o frontal chocante na BA-131 - Calmon Divulga\u00e7\u00f5es\",\"isPartOf\":{\"@id\":\"https:\\\/\\\/calmondivulgacoes.com.br\\\/#website\"},\"primaryImageOfPage\":{\"@id\":\"https:\\\/\\\/calmondivulgacoes.com.br\\\/tragedia-em-miguel-calmon-edmario-de-almeida-valois-65-morre-em-colisao-frontal-chocante-na-ba-131\\\/#primaryimage\"},\"image\":{\"@id\":\"https:\\\/\\\/calmondivulgacoes.com.br\\\/tragedia-em-miguel-calmon-edmario-de-almeida-valois-65-morre-em-colisao-frontal-chocante-na-ba-131\\\/#primaryimage\"},\"thumbnailUrl\":\"https:\\\/\\\/calmondivulgacoes.com.br\\\/wp-content\\\/uploads\\\/2026\\\/04\\\/idoso-morre-em-miguel-calmon.jpg\",\"datePublished\":\"2026-04-22T17:07:08+00:00\",\"dateModified\":\"2026-04-22T17:07:13+00:00\",\"breadcrumb\":{\"@id\":\"https:\\\/\\\/calmondivulgacoes.com.br\\\/tragedia-em-miguel-calmon-edmario-de-almeida-valois-65-morre-em-colisao-frontal-chocante-na-ba-131\\\/#breadcrumb\"},\"inLanguage\":\"en-US\",\"potentialAction\":[{\"@type\":\"ReadAction\",\"target\":[\"https:\\\/\\\/calmondivulgacoes.com.br\\\/tragedia-em-miguel-calmon-edmario-de-almeida-valois-65-morre-em-colisao-frontal-chocante-na-ba-131\\\/\"]}]},{\"@type\":\"ImageObject\",\"inLanguage\":\"en-US\",\"@id\":\"https:\\\/\\\/calmondivulgacoes.com.br\\\/tragedia-em-miguel-calmon-edmario-de-almeida-valois-65-morre-em-colisao-frontal-chocante-na-ba-131\\\/#primaryimage\",\"url\":\"https:\\\/\\\/calmondivulgacoes.com.br\\\/wp-content\\\/uploads\\\/2026\\\/04\\\/idoso-morre-em-miguel-calmon.jpg\",\"contentUrl\":\"https:\\\/\\\/calmondivulgacoes.com.br\\\/wp-content\\\/uploads\\\/2026\\\/04\\\/idoso-morre-em-miguel-calmon.jpg\",\"width\":393,\"height\":329},{\"@type\":\"BreadcrumbList\",\"@id\":\"https:\\\/\\\/calmondivulgacoes.com.br\\\/tragedia-em-miguel-calmon-edmario-de-almeida-valois-65-morre-em-colisao-frontal-chocante-na-ba-131\\\/#breadcrumb\",\"itemListElement\":[{\"@type\":\"ListItem\",\"position\":1,\"name\":\"In\u00edcio\",\"item\":\"https:\\\/\\\/calmondivulgacoes.com.br\\\/\"},{\"@type\":\"ListItem\",\"position\":2,\"name\":\"Trag\u00e9dia em Miguel Calmon: Edm\u00e1rio de Almeida Valois, 65, morre em colis\u00e3o frontal chocante na BA-131\"}]},{\"@type\":\"WebSite\",\"@id\":\"https:\\\/\\\/calmondivulgacoes.com.br\\\/#website\",\"url\":\"https:\\\/\\\/calmondivulgacoes.com.br\\\/\",\"name\":\"Calmon Divulga\u00e7\u00f5es\",\"description\":\"e Not\u00edcias\",\"publisher\":{\"@id\":\"https:\\\/\\\/calmondivulgacoes.com.br\\\/#organization\"},\"potentialAction\":[{\"@type\":\"SearchAction\",\"target\":{\"@type\":\"EntryPoint\",\"urlTemplate\":\"https:\\\/\\\/calmondivulgacoes.com.br\\\/?s={search_term_string}\"},\"query-input\":{\"@type\":\"PropertyValueSpecification\",\"valueRequired\":true,\"valueName\":\"search_term_string\"}}],\"inLanguage\":\"en-US\"},{\"@type\":\"Organization\",\"@id\":\"https:\\\/\\\/calmondivulgacoes.com.br\\\/#organization\",\"name\":\"Calmon Divulga\u00e7\u00f5es\",\"url\":\"https:\\\/\\\/calmondivulgacoes.com.br\\\/\",\"logo\":{\"@type\":\"ImageObject\",\"inLanguage\":\"en-US\",\"@id\":\"https:\\\/\\\/calmondivulgacoes.com.br\\\/#\\\/schema\\\/logo\\\/image\\\/\",\"url\":\"https:\\\/\\\/calmondivulgacoes.com.br\\\/wp-content\\\/uploads\\\/2026\\\/04\\\/cropped-WhatsApp_Image_2025-12-02_at_20.44.08-removebg-preview.png\",\"contentUrl\":\"https:\\\/\\\/calmondivulgacoes.com.br\\\/wp-content\\\/uploads\\\/2026\\\/04\\\/cropped-WhatsApp_Image_2025-12-02_at_20.44.08-removebg-preview.png\",\"width\":120,\"height\":120,\"caption\":\"Calmon Divulga\u00e7\u00f5es\"},\"image\":{\"@id\":\"https:\\\/\\\/calmondivulgacoes.com.br\\\/#\\\/schema\\\/logo\\\/image\\\/\"},\"sameAs\":[\"https:\\\/\\\/www.facebook.com\\\/calmondivulgacoes\",\"https:\\\/\\\/www.instagram.com\\\/calmondivulgacoes\\\/\"]},{\"@type\":\"Person\",\"@id\":\"https:\\\/\\\/calmondivulgacoes.com.br\\\/#\\\/schema\\\/person\\\/f51b6a75a3e31b01ea8f6fea23fc01fa\",\"name\":\"Calmon Divulga\u00e7\u00f5es\",\"image\":{\"@type\":\"ImageObject\",\"inLanguage\":\"en-US\",\"@id\":\"https:\\\/\\\/calmondivulgacoes.com.br\\\/wp-content\\\/litespeed\\\/avatar\\\/70d8f8af3b6e7945511481b97d22e67c.jpg?ver=1777223803\",\"url\":\"https:\\\/\\\/calmondivulgacoes.com.br\\\/wp-content\\\/litespeed\\\/avatar\\\/70d8f8af3b6e7945511481b97d22e67c.jpg?ver=1777223803\",\"contentUrl\":\"https:\\\/\\\/calmondivulgacoes.com.br\\\/wp-content\\\/litespeed\\\/avatar\\\/70d8f8af3b6e7945511481b97d22e67c.jpg?ver=1777223803\",\"caption\":\"Calmon Divulga\u00e7\u00f5es\"},\"sameAs\":[\"http:\\\/\\\/calmondivulgacoes.com.br\"],\"url\":\"https:\\\/\\\/calmondivulgacoes.com.br\\\/en\\\/autor\\\/calmondivulgacoesgmail-com\\\/\"}]}<\/script>\n<!-- \/ Yoast SEO plugin. -->","yoast_head_json":{"title":"Trag\u00e9dia em Miguel Calmon: Edm\u00e1rio de Almeida Valois, 65, morre em colis\u00e3o frontal chocante na BA-131 - Calmon Divulga\u00e7\u00f5es","robots":{"index":"index","follow":"follow","max-snippet":"max-snippet:-1","max-image-preview":"max-image-preview:large","max-video-preview":"max-video-preview:-1"},"canonical":"https:\/\/calmondivulgacoes.com.br\/en\/tragedia-em-miguel-calmon-edmario-de-almeida-valois-65-morre-em-colisao-frontal-chocante-na-ba-131\/","og_locale":"en_US","og_type":"article","og_title":"Trag\u00e9dia em Miguel Calmon: Edm\u00e1rio de Almeida Valois, 65, morre em colis\u00e3o frontal chocante na BA-131 - Calmon Divulga\u00e7\u00f5es","og_description":"Edm\u00e1rio de Almeida Valois, 65 anos, faleceu em colis\u00e3o frontal chocante na BA-131, em Miguel Calmon.","og_url":"https:\/\/calmondivulgacoes.com.br\/en\/tragedia-em-miguel-calmon-edmario-de-almeida-valois-65-morre-em-colisao-frontal-chocante-na-ba-131\/","og_site_name":"Calmon Divulga\u00e7\u00f5es","article_publisher":"https:\/\/www.facebook.com\/calmondivulgacoes","article_published_time":"2026-04-22T17:07:08+00:00","article_modified_time":"2026-04-22T17:07:13+00:00","og_image":[{"width":393,"height":329,"url":"https:\/\/calmondivulgacoes.com.br\/wp-content\/uploads\/2026\/04\/idoso-morre-em-miguel-calmon.jpg","type":"image\/jpeg"}],"author":"Calmon Divulga\u00e7\u00f5es","twitter_card":"summary_large_image","twitter_misc":{"Written by":"Calmon Divulga\u00e7\u00f5es","Est. reading time":"4 minutes"},"schema":{"@context":"https:\/\/schema.org","@graph":[{"@type":"Article","@id":"https:\/\/calmondivulgacoes.com.br\/tragedia-em-miguel-calmon-edmario-de-almeida-valois-65-morre-em-colisao-frontal-chocante-na-ba-131\/#article","isPartOf":{"@id":"https:\/\/calmondivulgacoes.com.br\/tragedia-em-miguel-calmon-edmario-de-almeida-valois-65-morre-em-colisao-frontal-chocante-na-ba-131\/"},"author":{"name":"Calmon Divulga\u00e7\u00f5es","@id":"https:\/\/calmondivulgacoes.com.br\/#\/schema\/person\/f51b6a75a3e31b01ea8f6fea23fc01fa"},"headline":"Trag\u00e9dia em Miguel Calmon: Edm\u00e1rio de Almeida Valois, 65, morre em colis\u00e3o frontal chocante na BA-131","datePublished":"2026-04-22T17:07:08+00:00","dateModified":"2026-04-22T17:07:13+00:00","mainEntityOfPage":{"@id":"https:\/\/calmondivulgacoes.com.br\/tragedia-em-miguel-calmon-edmario-de-almeida-valois-65-morre-em-colisao-frontal-chocante-na-ba-131\/"},"wordCount":453,"publisher":{"@id":"https:\/\/calmondivulgacoes.com.br\/#organization"},"image":{"@id":"https:\/\/calmondivulgacoes.com.br\/tragedia-em-miguel-calmon-edmario-de-almeida-valois-65-morre-em-colisao-frontal-chocante-na-ba-131\/#primaryimage"},"thumbnailUrl":"https:\/\/calmondivulgacoes.com.br\/wp-content\/uploads\/2026\/04\/idoso-morre-em-miguel-calmon.jpg","keywords":["Acidente BA-131","Acidente fatal","Edim\u00e1rio de Almeida Valois","Edm\u00e1rio Valois","Miguel Calmon","Not\u00edcia tr\u00e1gica","Piemonte da Diamantina"],"articleSection":["Miguel Calmon"],"inLanguage":"en-US"},{"@type":"WebPage","@id":"https:\/\/calmondivulgacoes.com.br\/tragedia-em-miguel-calmon-edmario-de-almeida-valois-65-morre-em-colisao-frontal-chocante-na-ba-131\/","url":"https:\/\/calmondivulgacoes.com.br\/tragedia-em-miguel-calmon-edmario-de-almeida-valois-65-morre-em-colisao-frontal-chocante-na-ba-131\/","name":"Trag\u00e9dia em Miguel Calmon: Edm\u00e1rio de Almeida Valois, 65, morre em colis\u00e3o frontal chocante na BA-131 - Calmon Divulga\u00e7\u00f5es","isPartOf":{"@id":"https:\/\/calmondivulgacoes.com.br\/#website"},"primaryImageOfPage":{"@id":"https:\/\/calmondivulgacoes.com.br\/tragedia-em-miguel-calmon-edmario-de-almeida-valois-65-morre-em-colisao-frontal-chocante-na-ba-131\/#primaryimage"},"image":{"@id":"https:\/\/calmondivulgacoes.com.br\/tragedia-em-miguel-calmon-edmario-de-almeida-valois-65-morre-em-colisao-frontal-chocante-na-ba-131\/#primaryimage"},"thumbnailUrl":"https:\/\/calmondivulgacoes.com.br\/wp-content\/uploads\/2026\/04\/idoso-morre-em-miguel-calmon.jpg","datePublished":"2026-04-22T17:07:08+00:00","dateModified":"2026-04-22T17:07:13+00:00","breadcrumb":{"@id":"https:\/\/calmondivulgacoes.com.br\/tragedia-em-miguel-calmon-edmario-de-almeida-valois-65-morre-em-colisao-frontal-chocante-na-ba-131\/#breadcrumb"},"inLanguage":"en-US","potentialAction":[{"@type":"ReadAction","target":["https:\/\/calmondivulgacoes.com.br\/tragedia-em-miguel-calmon-edmario-de-almeida-valois-65-morre-em-colisao-frontal-chocante-na-ba-131\/"]}]},{"@type":"ImageObject","inLanguage":"en-US","@id":"https:\/\/calmondivulgacoes.com.br\/tragedia-em-miguel-calmon-edmario-de-almeida-valois-65-morre-em-colisao-frontal-chocante-na-ba-131\/#primaryimage","url":"https:\/\/calmondivulgacoes.com.br\/wp-content\/uploads\/2026\/04\/idoso-morre-em-miguel-calmon.jpg","contentUrl":"https:\/\/calmondivulgacoes.com.br\/wp-content\/uploads\/2026\/04\/idoso-morre-em-miguel-calmon.jpg","width":393,"height":329},{"@type":"BreadcrumbList","@id":"https:\/\/calmondivulgacoes.com.br\/tragedia-em-miguel-calmon-edmario-de-almeida-valois-65-morre-em-colisao-frontal-chocante-na-ba-131\/#breadcrumb","itemListElement":[{"@type":"ListItem","position":1,"name":"In\u00edcio","item":"https:\/\/calmondivulgacoes.com.br\/"},{"@type":"ListItem","position":2,"name":"Trag\u00e9dia em Miguel Calmon: Edm\u00e1rio de Almeida Valois, 65, morre em colis\u00e3o frontal chocante na BA-131"}]},{"@type":"WebSite","@id":"https:\/\/calmondivulgacoes.com.br\/#website","url":"https:\/\/calmondivulgacoes.com.br\/","name":"Calmon Divulga\u00e7\u00f5es","description":"e Not\u00edcias","publisher":{"@id":"https:\/\/calmondivulgacoes.com.br\/#organization"},"potentialAction":[{"@type":"SearchAction","target":{"@type":"EntryPoint","urlTemplate":"https:\/\/calmondivulgacoes.com.br\/?s={search_term_string}"},"query-input":{"@type":"PropertyValueSpecification","valueRequired":true,"valueName":"search_term_string"}}],"inLanguage":"en-US"},{"@type":"Organization","@id":"https:\/\/calmondivulgacoes.com.br\/#organization","name":"Calmon Divulga\u00e7\u00f5es","url":"https:\/\/calmondivulgacoes.com.br\/","logo":{"@type":"ImageObject","inLanguage":"en-US","@id":"https:\/\/calmondivulgacoes.com.br\/#\/schema\/logo\/image\/","url":"https:\/\/calmondivulgacoes.com.br\/wp-content\/uploads\/2026\/04\/cropped-WhatsApp_Image_2025-12-02_at_20.44.08-removebg-preview.png","contentUrl":"https:\/\/calmondivulgacoes.com.br\/wp-content\/uploads\/2026\/04\/cropped-WhatsApp_Image_2025-12-02_at_20.44.08-removebg-preview.png","width":120,"height":120,"caption":"Calmon Divulga\u00e7\u00f5es"},"image":{"@id":"https:\/\/calmondivulgacoes.com.br\/#\/schema\/logo\/image\/"},"sameAs":["https:\/\/www.facebook.com\/calmondivulgacoes","https:\/\/www.instagram.com\/calmondivulgacoes\/"]},{"@type":"Person","@id":"https:\/\/calmondivulgacoes.com.br\/#\/schema\/person\/f51b6a75a3e31b01ea8f6fea23fc01fa","name":"Calmon Divulga\u00e7\u00f5es","image":{"@type":"ImageObject","inLanguage":"en-US","@id":"https:\/\/calmondivulgacoes.com.br\/wp-content\/litespeed\/avatar\/70d8f8af3b6e7945511481b97d22e67c.jpg?ver=1777223803","url":"https:\/\/calmondivulgacoes.com.br\/wp-content\/litespeed\/avatar\/70d8f8af3b6e7945511481b97d22e67c.jpg?ver=1777223803","contentUrl":"https:\/\/calmondivulgacoes.com.br\/wp-content\/litespeed\/avatar\/70d8f8af3b6e7945511481b97d22e67c.jpg?ver=1777223803","caption":"Calmon Divulga\u00e7\u00f5es"},"sameAs":["http:\/\/calmondivulgacoes.com.br"],"url":"https:\/\/calmondivulgacoes.com.br\/en\/autor\/calmondivulgacoesgmail-com\/"}]}},"uagb_featured_image_src":{"full":["https:\/\/calmondivulgacoes.com.br\/wp-content\/uploads\/2026\/04\/idoso-morre-em-miguel-calmon.jpg",393,329,false],"thumbnail":["https:\/\/calmondivulgacoes.com.br\/wp-content\/uploads\/2026\/04\/idoso-morre-em-miguel-calmon-150x126.jpg",150,126,true],"medium":["https:\/\/calmondivulgacoes.com.br\/wp-content\/uploads\/2026\/04\/idoso-morre-em-miguel-calmon-300x251.jpg",300,251,true],"medium_large":["https:\/\/calmondivulgacoes.com.br\/wp-content\/uploads\/2026\/04\/idoso-morre-em-miguel-calmon.jpg",393,329,false],"large":["https:\/\/calmondivulgacoes.com.br\/wp-content\/uploads\/2026\/04\/idoso-morre-em-miguel-calmon.jpg",393,329,false],"1536x1536":["https:\/\/calmondivulgacoes.com.br\/wp-content\/uploads\/2026\/04\/idoso-morre-em-miguel-calmon.jpg",393,329,false],"2048x2048":["https:\/\/calmondivulgacoes.com.br\/wp-content\/uploads\/2026\/04\/idoso-morre-em-miguel-calmon.jpg",393,329,false],"trp-custom-language-flag":["https:\/\/calmondivulgacoes.com.br\/wp-content\/uploads\/2026\/04\/idoso-morre-em-miguel-calmon-14x12.jpg",14,12,true],"cvmm-medium":["https:\/\/calmondivulgacoes.com.br\/wp-content\/uploads\/2026\/04\/idoso-morre-em-miguel-calmon-300x300.jpg",300,300,true],"cvmm-medium-plus":["https:\/\/calmondivulgacoes.com.br\/wp-content\/uploads\/2026\/04\/idoso-morre-em-miguel-calmon-305x207.jpg",305,207,true],"cvmm-portrait":["https:\/\/calmondivulgacoes.com.br\/wp-content\/uploads\/2026\/04\/idoso-morre-em-miguel-calmon.jpg",393,329,false],"cvmm-medium-square":["https:\/\/calmondivulgacoes.com.br\/wp-content\/uploads\/2026\/04\/idoso-morre-em-miguel-calmon.jpg",393,329,false],"cvmm-large":["https:\/\/calmondivulgacoes.com.br\/wp-content\/uploads\/2026\/04\/idoso-morre-em-miguel-calmon.jpg",393,329,false],"cvmm-small":["https:\/\/calmondivulgacoes.com.br\/wp-content\/uploads\/2026\/04\/idoso-morre-em-miguel-calmon-130x95.jpg",130,95,true]},"uagb_author_info":{"display_name":"Calmon Divulga\u00e7\u00f5es","author_link":"https:\/\/calmondivulgacoes.com.br\/en\/autor\/calmondivulgacoesgmail-com\/"},"uagb_comment_info":0,"uagb_excerpt":"Edm\u00e1rio de Almeida Valois, 65 anos, faleceu em colis\u00e3o frontal chocante na BA-131, em Miguel Calmon.","blog_post_layout_featured_media_urls":{"thumbnail":["https:\/\/calmondivulgacoes.com.br\/wp-content\/uploads\/2026\/04\/idoso-morre-em-miguel-calmon-150x126.jpg",150,126,true],"full":["https:\/\/calmondivulgacoes.com.br\/wp-content\/uploads\/2026\/04\/idoso-morre-em-miguel-calmon.jpg",393,329,false]},"categories_names":{"40":{"name":"Miguel Calmon","link":"https:\/\/calmondivulgacoes.com.br\/en\/category\/miguel-calmon\/"}},"tags_names":{"113":{"name":"Acidente BA-131","link":"https:\/\/calmondivulgacoes.com.br\/en\/tag\/acidente-ba-131\/"},"117":{"name":"Acidente fatal","link":"https:\/\/calmondivulgacoes.com.br\/en\/tag\/acidente-fatal\/"},"118":{"name":"Edim\u00e1rio de Almeida Valois","link":"https:\/\/calmondivulgacoes.com.br\/en\/tag\/edimario-de-almeida-valois\/"},"114":{"name":"Edm\u00e1rio Valois","link":"https:\/\/calmondivulgacoes.com.br\/en\/tag\/edmario-valois\/"},"83":{"name":"Miguel Calmon","link":"https:\/\/calmondivulgacoes.com.br\/en\/tag\/miguel-calmon\/"},"116":{"name":"Not\u00edcia tr\u00e1gica","link":"https:\/\/calmondivulgacoes.com.br\/en\/tag\/noticia-tragica\/"},"115":{"name":"Piemonte da Diamantina","link":"https:\/\/calmondivulgacoes.com.br\/en\/tag\/piemonte-da-diamantina\/"}},"comments_number":"0","wpmagazine_modules_lite_featured_media_urls":{"thumbnail":["https:\/\/calmondivulgacoes.com.br\/wp-content\/uploads\/2026\/04\/idoso-morre-em-miguel-calmon-150x126.jpg",150,126,true],"cvmm-medium":["https:\/\/calmondivulgacoes.com.br\/wp-content\/uploads\/2026\/04\/idoso-morre-em-miguel-calmon-300x300.jpg",300,300,true],"cvmm-medium-plus":["https:\/\/calmondivulgacoes.com.br\/wp-content\/uploads\/2026\/04\/idoso-morre-em-miguel-calmon-305x207.jpg",305,207,true],"cvmm-portrait":["https:\/\/calmondivulgacoes.com.br\/wp-content\/uploads\/2026\/04\/idoso-morre-em-miguel-calmon.jpg",393,329,false],"cvmm-medium-square":["https:\/\/calmondivulgacoes.com.br\/wp-content\/uploads\/2026\/04\/idoso-morre-em-miguel-calmon.jpg",393,329,false],"cvmm-large":["https:\/\/calmondivulgacoes.com.br\/wp-content\/uploads\/2026\/04\/idoso-morre-em-miguel-calmon.jpg",393,329,false],"cvmm-small":["https:\/\/calmondivulgacoes.com.br\/wp-content\/uploads\/2026\/04\/idoso-morre-em-miguel-calmon-130x95.jpg",130,95,true],"full":["https:\/\/calmondivulgacoes.com.br\/wp-content\/uploads\/2026\/04\/idoso-morre-em-miguel-calmon.jpg",393,329,false]},"_links":{"self":[{"href":"https:\/\/calmondivulgacoes.com.br\/en\/wp-json\/wp\/v2\/posts\/3350","targetHints":{"allow":["GET"]}}],"collection":[{"href":"https:\/\/calmondivulgacoes.com.br\/en\/wp-json\/wp\/v2\/posts"}],"about":[{"href":"https:\/\/calmondivulgacoes.com.br\/en\/wp-json\/wp\/v2\/types\/post"}],"author":[{"embeddable":true,"href":"https:\/\/calmondivulgacoes.com.br\/en\/wp-json\/wp\/v2\/users\/1"}],"replies":[{"embeddable":true,"href":"https:\/\/calmondivulgacoes.com.br\/en\/wp-json\/wp\/v2\/comments?post=3350"}],"version-history":[{"count":1,"href":"https:\/\/calmondivulgacoes.com.br\/en\/wp-json\/wp\/v2\/posts\/3350\/revisions"}],"predecessor-version":[{"id":3352,"href":"https:\/\/calmondivulgacoes.com.br\/en\/wp-json\/wp\/v2\/posts\/3350\/revisions\/3352"}],"wp:featuredmedia":[{"embeddable":true,"href":"https:\/\/calmondivulgacoes.com.br\/en\/wp-json\/wp\/v2\/media\/3351"}],"wp:attachment":[{"href":"https:\/\/calmondivulgacoes.com.br\/en\/wp-json\/wp\/v2\/media?parent=3350"}],"wp:term":[{"taxonomy":"category","embeddable":true,"href":"https:\/\/calmondivulgacoes.com.br\/en\/wp-json\/wp\/v2\/categories?post=3350"},{"taxonomy":"post_tag","embeddable":true,"href":"https:\/\/calmondivulgacoes.com.br\/en\/wp-json\/wp\/v2\/tags?post=3350"}],"curies":[{"name":"wp","href":"https:\/\/api.w.org\/{rel}","templated":true}]}}