{"id":3346,"date":"2026-04-22T00:36:50","date_gmt":"2026-04-22T03:36:50","guid":{"rendered":"https:\/\/calmondivulgacoes.com.br\/?p=3346"},"modified":"2026-04-22T00:36:54","modified_gmt":"2026-04-22T03:36:54","slug":"imprensa-partidaria-alex-maia","status":"publish","type":"post","link":"https:\/\/calmondivulgacoes.com.br\/en\/imprensa-partidaria-alex-maia\/","title":{"rendered":"&#8220;Imprensa partid\u00e1ria&#8221; em Debate: Alex Maia se pronuncia ap\u00f3s declara\u00e7\u00e3o do Prefeito Sampaio de Miguel Calmon"},"content":{"rendered":"<figure class=\"wp-block-image size-large\"><img fetchpriority=\"high\" decoding=\"async\" width=\"1024\" height=\"107\" src=\"https:\/\/calmondivulgacoes.com.br\/wp-content\/uploads\/2026\/04\/Design-sem-nome-5-1024x107.png\" alt=\"\" class=\"wp-image-3142\" srcset=\"https:\/\/calmondivulgacoes.com.br\/wp-content\/uploads\/2026\/04\/Design-sem-nome-5-1024x107.png 1024w, https:\/\/calmondivulgacoes.com.br\/wp-content\/uploads\/2026\/04\/Design-sem-nome-5-300x31.png 300w, https:\/\/calmondivulgacoes.com.br\/wp-content\/uploads\/2026\/04\/Design-sem-nome-5-150x16.png 150w, https:\/\/calmondivulgacoes.com.br\/wp-content\/uploads\/2026\/04\/Design-sem-nome-5-768x80.png 768w, https:\/\/calmondivulgacoes.com.br\/wp-content\/uploads\/2026\/04\/Design-sem-nome-5-1536x160.png 1536w, https:\/\/calmondivulgacoes.com.br\/wp-content\/uploads\/2026\/04\/Design-sem-nome-5.png 1920w\" sizes=\"(max-width: 1024px) 100vw, 1024px\" \/><\/figure>\n\n\n\n<p>Hoje, 21\/04\/2026, Alex Maia, empres\u00e1rio, ex-vereador, l\u00edder pol\u00edtico, calmonense, postou um v\u00eddeo na sua rede social de uma entrevista em que cita a fala do Prefeito de Miguel Calmon, Sampaio. Alex Maia comentou sua posi\u00e7\u00e3o a respeito e at\u00e9 sugeriu como deve ser a posi\u00e7\u00e3o de um prefeito. <\/p>\n\n\n\n<p>Durante a 1\u00aa Sess\u00e3o Ordin\u00e1ria do Primeiro Per\u00edodo da C\u00e2mara Municipal de Miguel Calmon, realizada em 10 de fevereiro de 2026, o prefeito Sampaio afirmou: \u201cA imprensa partid\u00e1ria, ela tem prazer em dizer que eu n\u00e3o admito o que foi deixado pela gest\u00e3o anterior\u201d. <\/p>\n\n\n\n<p>Eu sua rede social Instagram @alexmaiaagenciadenegocios tem o trecho da 1\u00b0 SESS\u00c3O ORDIN\u00c1RIA DO PRIMEIRO PER\u00cdODO DA C\u00c2MARA MUNICIPAL DE VEREADORES DE MIGUEL CALMON 10\/02\/2026 canal TV HIPER BE no Youtube.<\/p>\n\n\n\n<p>Tamb\u00e9m, F\u00e1bio M\u00e1rcio (PIEMONTE FM) rebateu o Prefeito Sampaio no JORNAL ESPA\u00c7O ABERTO COM F\u00c1BIO M\u00c1RCIO 11 DE FEVEREIRO 2026 MIGUEL CALMON-BA e Jo\u00e3o do Clone (TV CALMON) numa transmiss\u00e3o ao vivo pela TV CALMON no m\u00eas de fevereiro. <\/p>\n\n\n\n<p>Aproveitar, o portal\u00a0@calmondivulgacoes de novo vem a p\u00fablico se expressar que \u00e9 um ve\u00edculo de comunica\u00e7\u00e3o apartid\u00e1rio, sem v\u00ednculo pol\u00edtico-partid\u00e1rio ou alinhamento ideol\u00f3gico. Atua na \u00e1rea de comunica\u00e7\u00e3o e divulga\u00e7\u00e3o de conte\u00fados, servi\u00e7os e informa\u00e7\u00f5es, incluindo publicidade, mediante contrata\u00e7\u00e3o e pagamento, conforme crit\u00e9rios profissionais. Seu propriet\u00e1rio, William Sales, n\u00e3o possui filia\u00e7\u00e3o a partidos pol\u00edticos nem v\u00ednculo com grupos ou lideran\u00e7as partid\u00e1rias.<\/p>\n\n\n\n<p>A atual gest\u00e3o do munic\u00edpio de Miguel Calmon ou qualquer prefeitura ou qualquer pol\u00edtico, assim como qualquer institui\u00e7\u00e3o p\u00fablica ou privada, pode anunciar no portal @calmondivulgacoes , desde que observadas as normas legais e mediante contrato pelos servi\u00e7os de divulga\u00e7\u00e3o e publicidade.<\/p>\n\n\n\n<p>O compromisso do portal \u00e9 com a informa\u00e7\u00e3o, a transpar\u00eancia e o respeito ao p\u00fablico.<\/p>\n\n\n\n<p><\/p>\n\n\n\n<figure class=\"wp-block-image size-large\"><img decoding=\"async\" width=\"819\" height=\"1024\" src=\"https:\/\/calmondivulgacoes.com.br\/wp-content\/uploads\/2026\/04\/patrocionadores-5-819x1024.png\" alt=\"\" class=\"wp-image-3169\" srcset=\"https:\/\/calmondivulgacoes.com.br\/wp-content\/uploads\/2026\/04\/patrocionadores-5-819x1024.png 819w, https:\/\/calmondivulgacoes.com.br\/wp-content\/uploads\/2026\/04\/patrocionadores-5-240x300.png 240w, https:\/\/calmondivulgacoes.com.br\/wp-content\/uploads\/2026\/04\/patrocionadores-5-120x150.png 120w, https:\/\/calmondivulgacoes.com.br\/wp-content\/uploads\/2026\/04\/patrocionadores-5-768x960.png 768w, https:\/\/calmondivulgacoes.com.br\/wp-content\/uploads\/2026\/04\/patrocionadores-5.png 1080w\" sizes=\"(max-width: 819px) 100vw, 819px\" \/><\/figure>","protected":false},"excerpt":{"rendered":"<p>Hoje, 21\/04\/2026, Alex Maia, empres\u00e1rio, ex-vereador, l\u00edder pol\u00edtico, calmonense, postou um v\u00eddeo na sua rede social de uma entrevista em que cita a fala do Prefeito de Miguel Calmon, Sampaio. Alex Maia comentou sua posi\u00e7\u00e3o a respeito e at\u00e9 sugeriu como deve ser a posi\u00e7\u00e3o de um prefeito. Durante a 1\u00aa Sess\u00e3o Ordin\u00e1ria do Primeiro [&hellip;]<\/p>\n","protected":false},"author":1,"featured_media":3347,"comment_status":"closed","ping_status":"closed","sticky":false,"template":"","format":"standard","meta":{"_uag_custom_page_level_css":"","_monsterinsights_skip_tracking":false,"_monsterinsights_sitenote_active":false,"_monsterinsights_sitenote_note":"","_monsterinsights_sitenote_category":0,"maa_idioma":"","maa_pais":"","footnotes":""},"categories":[39],"tags":[108,110,83,111,112,109],"class_list":["post-3346","post","type-post","status-publish","format-standard","has-post-thumbnail","hentry","category-politica","tag-alex-maia","tag-imprensa-partidaria","tag-miguel-calmon","tag-noticias-miguel-calmon","tag-politica-bahia","tag-prefeito-sampaio"],"yoast_head":"<!-- This site is optimized with the Yoast SEO plugin v27.4 - https:\/\/yoast.com\/product\/yoast-seo-wordpress\/ -->\n<title>&quot;Imprensa partid\u00e1ria&quot; em Debate: Alex Maia se pronuncia ap\u00f3s declara\u00e7\u00e3o do Prefeito Sampaio de Miguel Calmon - Calmon Divulga\u00e7\u00f5es<\/title>\n<meta name=\"robots\" content=\"index, follow, max-snippet:-1, max-image-preview:large, max-video-preview:-1\" \/>\n<link rel=\"canonical\" href=\"https:\/\/calmondivulgacoes.com.br\/en\/imprensa-partidaria-alex-maia\/\" \/>\n<meta property=\"og:locale\" content=\"en_US\" \/>\n<meta property=\"og:type\" content=\"article\" \/>\n<meta property=\"og:title\" content=\"&quot;Imprensa partid\u00e1ria&quot; em Debate: Alex Maia se pronuncia ap\u00f3s declara\u00e7\u00e3o do Prefeito Sampaio de Miguel Calmon - Calmon Divulga\u00e7\u00f5es\" \/>\n<meta property=\"og:description\" content=\"Hoje, 21\/04\/2026, Alex Maia, empres\u00e1rio, ex-vereador, l\u00edder pol\u00edtico, calmonense, postou um v\u00eddeo na sua rede social de uma entrevista em que cita a fala do Prefeito de Miguel Calmon, Sampaio. Alex Maia comentou sua posi\u00e7\u00e3o a respeito e at\u00e9 sugeriu como deve ser a posi\u00e7\u00e3o de um prefeito. Durante a 1\u00aa Sess\u00e3o Ordin\u00e1ria do Primeiro [&hellip;]\" \/>\n<meta property=\"og:url\" content=\"https:\/\/calmondivulgacoes.com.br\/en\/imprensa-partidaria-alex-maia\/\" \/>\n<meta property=\"og:site_name\" content=\"Calmon Divulga\u00e7\u00f5es\" \/>\n<meta property=\"article:publisher\" content=\"https:\/\/www.facebook.com\/calmondivulgacoes\" \/>\n<meta property=\"article:published_time\" content=\"2026-04-22T03:36:50+00:00\" \/>\n<meta property=\"article:modified_time\" content=\"2026-04-22T03:36:54+00:00\" \/>\n<meta property=\"og:image\" content=\"https:\/\/calmondivulgacoes.com.br\/wp-content\/uploads\/2026\/04\/Sem-titulo21112233.png\" \/>\n\t<meta property=\"og:image:width\" content=\"321\" \/>\n\t<meta property=\"og:image:height\" content=\"467\" \/>\n\t<meta property=\"og:image:type\" content=\"image\/png\" \/>\n<meta name=\"author\" content=\"Calmon Divulga\u00e7\u00f5es\" \/>\n<meta name=\"twitter:card\" content=\"summary_large_image\" \/>\n<meta name=\"twitter:label1\" content=\"Written by\" \/>\n\t<meta name=\"twitter:data1\" content=\"Calmon Divulga\u00e7\u00f5es\" \/>\n\t<meta name=\"twitter:label2\" content=\"Est. reading time\" \/>\n\t<meta name=\"twitter:data2\" content=\"3 minutes\" \/>\n<script type=\"application\/ld+json\" class=\"yoast-schema-graph\">{\"@context\":\"https:\\\/\\\/schema.org\",\"@graph\":[{\"@type\":\"Article\",\"@id\":\"https:\\\/\\\/calmondivulgacoes.com.br\\\/imprensa-partidaria-alex-maia\\\/#article\",\"isPartOf\":{\"@id\":\"https:\\\/\\\/calmondivulgacoes.com.br\\\/imprensa-partidaria-alex-maia\\\/\"},\"author\":{\"name\":\"Calmon Divulga\u00e7\u00f5es\",\"@id\":\"https:\\\/\\\/calmondivulgacoes.com.br\\\/#\\\/schema\\\/person\\\/f51b6a75a3e31b01ea8f6fea23fc01fa\"},\"headline\":\"&#8220;Imprensa partid\u00e1ria&#8221; em Debate: Alex Maia se pronuncia ap\u00f3s declara\u00e7\u00e3o do Prefeito Sampaio de Miguel Calmon\",\"datePublished\":\"2026-04-22T03:36:50+00:00\",\"dateModified\":\"2026-04-22T03:36:54+00:00\",\"mainEntityOfPage\":{\"@id\":\"https:\\\/\\\/calmondivulgacoes.com.br\\\/imprensa-partidaria-alex-maia\\\/\"},\"wordCount\":347,\"publisher\":{\"@id\":\"https:\\\/\\\/calmondivulgacoes.com.br\\\/#organization\"},\"image\":{\"@id\":\"https:\\\/\\\/calmondivulgacoes.com.br\\\/imprensa-partidaria-alex-maia\\\/#primaryimage\"},\"thumbnailUrl\":\"https:\\\/\\\/calmondivulgacoes.com.br\\\/wp-content\\\/uploads\\\/2026\\\/04\\\/Sem-titulo21112233.png\",\"keywords\":[\"Alex Maia\",\"imprensa partid\u00e1ria\",\"Miguel Calmon\",\"not\u00edcias Miguel Calmon\",\"pol\u00edtica Bahia\",\"Prefeito Sampaio\"],\"articleSection\":[\"Pol\u00edtica\"],\"inLanguage\":\"en-US\"},{\"@type\":\"WebPage\",\"@id\":\"https:\\\/\\\/calmondivulgacoes.com.br\\\/imprensa-partidaria-alex-maia\\\/\",\"url\":\"https:\\\/\\\/calmondivulgacoes.com.br\\\/imprensa-partidaria-alex-maia\\\/\",\"name\":\"\\\"Imprensa partid\u00e1ria\\\" em Debate: Alex Maia se pronuncia ap\u00f3s declara\u00e7\u00e3o do Prefeito Sampaio de Miguel Calmon - Calmon Divulga\u00e7\u00f5es\",\"isPartOf\":{\"@id\":\"https:\\\/\\\/calmondivulgacoes.com.br\\\/#website\"},\"primaryImageOfPage\":{\"@id\":\"https:\\\/\\\/calmondivulgacoes.com.br\\\/imprensa-partidaria-alex-maia\\\/#primaryimage\"},\"image\":{\"@id\":\"https:\\\/\\\/calmondivulgacoes.com.br\\\/imprensa-partidaria-alex-maia\\\/#primaryimage\"},\"thumbnailUrl\":\"https:\\\/\\\/calmondivulgacoes.com.br\\\/wp-content\\\/uploads\\\/2026\\\/04\\\/Sem-titulo21112233.png\",\"datePublished\":\"2026-04-22T03:36:50+00:00\",\"dateModified\":\"2026-04-22T03:36:54+00:00\",\"breadcrumb\":{\"@id\":\"https:\\\/\\\/calmondivulgacoes.com.br\\\/imprensa-partidaria-alex-maia\\\/#breadcrumb\"},\"inLanguage\":\"en-US\",\"potentialAction\":[{\"@type\":\"ReadAction\",\"target\":[\"https:\\\/\\\/calmondivulgacoes.com.br\\\/imprensa-partidaria-alex-maia\\\/\"]}]},{\"@type\":\"ImageObject\",\"inLanguage\":\"en-US\",\"@id\":\"https:\\\/\\\/calmondivulgacoes.com.br\\\/imprensa-partidaria-alex-maia\\\/#primaryimage\",\"url\":\"https:\\\/\\\/calmondivulgacoes.com.br\\\/wp-content\\\/uploads\\\/2026\\\/04\\\/Sem-titulo21112233.png\",\"contentUrl\":\"https:\\\/\\\/calmondivulgacoes.com.br\\\/wp-content\\\/uploads\\\/2026\\\/04\\\/Sem-titulo21112233.png\",\"width\":321,\"height\":467},{\"@type\":\"BreadcrumbList\",\"@id\":\"https:\\\/\\\/calmondivulgacoes.com.br\\\/imprensa-partidaria-alex-maia\\\/#breadcrumb\",\"itemListElement\":[{\"@type\":\"ListItem\",\"position\":1,\"name\":\"In\u00edcio\",\"item\":\"https:\\\/\\\/calmondivulgacoes.com.br\\\/\"},{\"@type\":\"ListItem\",\"position\":2,\"name\":\"&#8220;Imprensa partid\u00e1ria&#8221; em Debate: Alex Maia se pronuncia ap\u00f3s declara\u00e7\u00e3o do Prefeito Sampaio de Miguel Calmon\"}]},{\"@type\":\"WebSite\",\"@id\":\"https:\\\/\\\/calmondivulgacoes.com.br\\\/#website\",\"url\":\"https:\\\/\\\/calmondivulgacoes.com.br\\\/\",\"name\":\"Calmon Divulga\u00e7\u00f5es\",\"description\":\"e Not\u00edcias\",\"publisher\":{\"@id\":\"https:\\\/\\\/calmondivulgacoes.com.br\\\/#organization\"},\"potentialAction\":[{\"@type\":\"SearchAction\",\"target\":{\"@type\":\"EntryPoint\",\"urlTemplate\":\"https:\\\/\\\/calmondivulgacoes.com.br\\\/?s={search_term_string}\"},\"query-input\":{\"@type\":\"PropertyValueSpecification\",\"valueRequired\":true,\"valueName\":\"search_term_string\"}}],\"inLanguage\":\"en-US\"},{\"@type\":\"Organization\",\"@id\":\"https:\\\/\\\/calmondivulgacoes.com.br\\\/#organization\",\"name\":\"Calmon Divulga\u00e7\u00f5es\",\"url\":\"https:\\\/\\\/calmondivulgacoes.com.br\\\/\",\"logo\":{\"@type\":\"ImageObject\",\"inLanguage\":\"en-US\",\"@id\":\"https:\\\/\\\/calmondivulgacoes.com.br\\\/#\\\/schema\\\/logo\\\/image\\\/\",\"url\":\"https:\\\/\\\/calmondivulgacoes.com.br\\\/wp-content\\\/uploads\\\/2026\\\/04\\\/cropped-WhatsApp_Image_2025-12-02_at_20.44.08-removebg-preview.png\",\"contentUrl\":\"https:\\\/\\\/calmondivulgacoes.com.br\\\/wp-content\\\/uploads\\\/2026\\\/04\\\/cropped-WhatsApp_Image_2025-12-02_at_20.44.08-removebg-preview.png\",\"width\":120,\"height\":120,\"caption\":\"Calmon Divulga\u00e7\u00f5es\"},\"image\":{\"@id\":\"https:\\\/\\\/calmondivulgacoes.com.br\\\/#\\\/schema\\\/logo\\\/image\\\/\"},\"sameAs\":[\"https:\\\/\\\/www.facebook.com\\\/calmondivulgacoes\",\"https:\\\/\\\/www.instagram.com\\\/calmondivulgacoes\\\/\"]},{\"@type\":\"Person\",\"@id\":\"https:\\\/\\\/calmondivulgacoes.com.br\\\/#\\\/schema\\\/person\\\/f51b6a75a3e31b01ea8f6fea23fc01fa\",\"name\":\"Calmon Divulga\u00e7\u00f5es\",\"image\":{\"@type\":\"ImageObject\",\"inLanguage\":\"en-US\",\"@id\":\"https:\\\/\\\/calmondivulgacoes.com.br\\\/wp-content\\\/litespeed\\\/avatar\\\/70d8f8af3b6e7945511481b97d22e67c.jpg?ver=1777223803\",\"url\":\"https:\\\/\\\/calmondivulgacoes.com.br\\\/wp-content\\\/litespeed\\\/avatar\\\/70d8f8af3b6e7945511481b97d22e67c.jpg?ver=1777223803\",\"contentUrl\":\"https:\\\/\\\/calmondivulgacoes.com.br\\\/wp-content\\\/litespeed\\\/avatar\\\/70d8f8af3b6e7945511481b97d22e67c.jpg?ver=1777223803\",\"caption\":\"Calmon Divulga\u00e7\u00f5es\"},\"sameAs\":[\"http:\\\/\\\/calmondivulgacoes.com.br\"],\"url\":\"https:\\\/\\\/calmondivulgacoes.com.br\\\/en\\\/autor\\\/calmondivulgacoesgmail-com\\\/\"}]}<\/script>\n<!-- \/ Yoast SEO plugin. -->","yoast_head_json":{"title":"\"Imprensa partid\u00e1ria\" em Debate: Alex Maia se pronuncia ap\u00f3s declara\u00e7\u00e3o do Prefeito Sampaio de Miguel Calmon - Calmon Divulga\u00e7\u00f5es","robots":{"index":"index","follow":"follow","max-snippet":"max-snippet:-1","max-image-preview":"max-image-preview:large","max-video-preview":"max-video-preview:-1"},"canonical":"https:\/\/calmondivulgacoes.com.br\/en\/imprensa-partidaria-alex-maia\/","og_locale":"en_US","og_type":"article","og_title":"\"Imprensa partid\u00e1ria\" em Debate: Alex Maia se pronuncia ap\u00f3s declara\u00e7\u00e3o do Prefeito Sampaio de Miguel Calmon - Calmon Divulga\u00e7\u00f5es","og_description":"Hoje, 21\/04\/2026, Alex Maia, empres\u00e1rio, ex-vereador, l\u00edder pol\u00edtico, calmonense, postou um v\u00eddeo na sua rede social de uma entrevista em que cita a fala do Prefeito de Miguel Calmon, Sampaio. Alex Maia comentou sua posi\u00e7\u00e3o a respeito e at\u00e9 sugeriu como deve ser a posi\u00e7\u00e3o de um prefeito. Durante a 1\u00aa Sess\u00e3o Ordin\u00e1ria do Primeiro [&hellip;]","og_url":"https:\/\/calmondivulgacoes.com.br\/en\/imprensa-partidaria-alex-maia\/","og_site_name":"Calmon Divulga\u00e7\u00f5es","article_publisher":"https:\/\/www.facebook.com\/calmondivulgacoes","article_published_time":"2026-04-22T03:36:50+00:00","article_modified_time":"2026-04-22T03:36:54+00:00","og_image":[{"width":321,"height":467,"url":"https:\/\/calmondivulgacoes.com.br\/wp-content\/uploads\/2026\/04\/Sem-titulo21112233.png","type":"image\/png"}],"author":"Calmon Divulga\u00e7\u00f5es","twitter_card":"summary_large_image","twitter_misc":{"Written by":"Calmon Divulga\u00e7\u00f5es","Est. reading time":"3 minutes"},"schema":{"@context":"https:\/\/schema.org","@graph":[{"@type":"Article","@id":"https:\/\/calmondivulgacoes.com.br\/imprensa-partidaria-alex-maia\/#article","isPartOf":{"@id":"https:\/\/calmondivulgacoes.com.br\/imprensa-partidaria-alex-maia\/"},"author":{"name":"Calmon Divulga\u00e7\u00f5es","@id":"https:\/\/calmondivulgacoes.com.br\/#\/schema\/person\/f51b6a75a3e31b01ea8f6fea23fc01fa"},"headline":"&#8220;Imprensa partid\u00e1ria&#8221; em Debate: Alex Maia se pronuncia ap\u00f3s declara\u00e7\u00e3o do Prefeito Sampaio de Miguel Calmon","datePublished":"2026-04-22T03:36:50+00:00","dateModified":"2026-04-22T03:36:54+00:00","mainEntityOfPage":{"@id":"https:\/\/calmondivulgacoes.com.br\/imprensa-partidaria-alex-maia\/"},"wordCount":347,"publisher":{"@id":"https:\/\/calmondivulgacoes.com.br\/#organization"},"image":{"@id":"https:\/\/calmondivulgacoes.com.br\/imprensa-partidaria-alex-maia\/#primaryimage"},"thumbnailUrl":"https:\/\/calmondivulgacoes.com.br\/wp-content\/uploads\/2026\/04\/Sem-titulo21112233.png","keywords":["Alex Maia","imprensa partid\u00e1ria","Miguel Calmon","not\u00edcias Miguel Calmon","pol\u00edtica Bahia","Prefeito Sampaio"],"articleSection":["Pol\u00edtica"],"inLanguage":"en-US"},{"@type":"WebPage","@id":"https:\/\/calmondivulgacoes.com.br\/imprensa-partidaria-alex-maia\/","url":"https:\/\/calmondivulgacoes.com.br\/imprensa-partidaria-alex-maia\/","name":"\"Imprensa partid\u00e1ria\" em Debate: Alex Maia se pronuncia ap\u00f3s declara\u00e7\u00e3o do Prefeito Sampaio de Miguel Calmon - Calmon Divulga\u00e7\u00f5es","isPartOf":{"@id":"https:\/\/calmondivulgacoes.com.br\/#website"},"primaryImageOfPage":{"@id":"https:\/\/calmondivulgacoes.com.br\/imprensa-partidaria-alex-maia\/#primaryimage"},"image":{"@id":"https:\/\/calmondivulgacoes.com.br\/imprensa-partidaria-alex-maia\/#primaryimage"},"thumbnailUrl":"https:\/\/calmondivulgacoes.com.br\/wp-content\/uploads\/2026\/04\/Sem-titulo21112233.png","datePublished":"2026-04-22T03:36:50+00:00","dateModified":"2026-04-22T03:36:54+00:00","breadcrumb":{"@id":"https:\/\/calmondivulgacoes.com.br\/imprensa-partidaria-alex-maia\/#breadcrumb"},"inLanguage":"en-US","potentialAction":[{"@type":"ReadAction","target":["https:\/\/calmondivulgacoes.com.br\/imprensa-partidaria-alex-maia\/"]}]},{"@type":"ImageObject","inLanguage":"en-US","@id":"https:\/\/calmondivulgacoes.com.br\/imprensa-partidaria-alex-maia\/#primaryimage","url":"https:\/\/calmondivulgacoes.com.br\/wp-content\/uploads\/2026\/04\/Sem-titulo21112233.png","contentUrl":"https:\/\/calmondivulgacoes.com.br\/wp-content\/uploads\/2026\/04\/Sem-titulo21112233.png","width":321,"height":467},{"@type":"BreadcrumbList","@id":"https:\/\/calmondivulgacoes.com.br\/imprensa-partidaria-alex-maia\/#breadcrumb","itemListElement":[{"@type":"ListItem","position":1,"name":"In\u00edcio","item":"https:\/\/calmondivulgacoes.com.br\/"},{"@type":"ListItem","position":2,"name":"&#8220;Imprensa partid\u00e1ria&#8221; em Debate: Alex Maia se pronuncia ap\u00f3s declara\u00e7\u00e3o do Prefeito Sampaio de Miguel Calmon"}]},{"@type":"WebSite","@id":"https:\/\/calmondivulgacoes.com.br\/#website","url":"https:\/\/calmondivulgacoes.com.br\/","name":"Calmon Divulga\u00e7\u00f5es","description":"e Not\u00edcias","publisher":{"@id":"https:\/\/calmondivulgacoes.com.br\/#organization"},"potentialAction":[{"@type":"SearchAction","target":{"@type":"EntryPoint","urlTemplate":"https:\/\/calmondivulgacoes.com.br\/?s={search_term_string}"},"query-input":{"@type":"PropertyValueSpecification","valueRequired":true,"valueName":"search_term_string"}}],"inLanguage":"en-US"},{"@type":"Organization","@id":"https:\/\/calmondivulgacoes.com.br\/#organization","name":"Calmon Divulga\u00e7\u00f5es","url":"https:\/\/calmondivulgacoes.com.br\/","logo":{"@type":"ImageObject","inLanguage":"en-US","@id":"https:\/\/calmondivulgacoes.com.br\/#\/schema\/logo\/image\/","url":"https:\/\/calmondivulgacoes.com.br\/wp-content\/uploads\/2026\/04\/cropped-WhatsApp_Image_2025-12-02_at_20.44.08-removebg-preview.png","contentUrl":"https:\/\/calmondivulgacoes.com.br\/wp-content\/uploads\/2026\/04\/cropped-WhatsApp_Image_2025-12-02_at_20.44.08-removebg-preview.png","width":120,"height":120,"caption":"Calmon Divulga\u00e7\u00f5es"},"image":{"@id":"https:\/\/calmondivulgacoes.com.br\/#\/schema\/logo\/image\/"},"sameAs":["https:\/\/www.facebook.com\/calmondivulgacoes","https:\/\/www.instagram.com\/calmondivulgacoes\/"]},{"@type":"Person","@id":"https:\/\/calmondivulgacoes.com.br\/#\/schema\/person\/f51b6a75a3e31b01ea8f6fea23fc01fa","name":"Calmon Divulga\u00e7\u00f5es","image":{"@type":"ImageObject","inLanguage":"en-US","@id":"https:\/\/calmondivulgacoes.com.br\/wp-content\/litespeed\/avatar\/70d8f8af3b6e7945511481b97d22e67c.jpg?ver=1777223803","url":"https:\/\/calmondivulgacoes.com.br\/wp-content\/litespeed\/avatar\/70d8f8af3b6e7945511481b97d22e67c.jpg?ver=1777223803","contentUrl":"https:\/\/calmondivulgacoes.com.br\/wp-content\/litespeed\/avatar\/70d8f8af3b6e7945511481b97d22e67c.jpg?ver=1777223803","caption":"Calmon Divulga\u00e7\u00f5es"},"sameAs":["http:\/\/calmondivulgacoes.com.br"],"url":"https:\/\/calmondivulgacoes.com.br\/en\/autor\/calmondivulgacoesgmail-com\/"}]}},"uagb_featured_image_src":{"full":["https:\/\/calmondivulgacoes.com.br\/wp-content\/uploads\/2026\/04\/Sem-titulo21112233.png",321,467,false],"thumbnail":["https:\/\/calmondivulgacoes.com.br\/wp-content\/uploads\/2026\/04\/Sem-titulo21112233-103x150.png",103,150,true],"medium":["https:\/\/calmondivulgacoes.com.br\/wp-content\/uploads\/2026\/04\/Sem-titulo21112233-206x300.png",206,300,true],"medium_large":["https:\/\/calmondivulgacoes.com.br\/wp-content\/uploads\/2026\/04\/Sem-titulo21112233.png",321,467,false],"large":["https:\/\/calmondivulgacoes.com.br\/wp-content\/uploads\/2026\/04\/Sem-titulo21112233.png",321,467,false],"1536x1536":["https:\/\/calmondivulgacoes.com.br\/wp-content\/uploads\/2026\/04\/Sem-titulo21112233.png",321,467,false],"2048x2048":["https:\/\/calmondivulgacoes.com.br\/wp-content\/uploads\/2026\/04\/Sem-titulo21112233.png",321,467,false],"trp-custom-language-flag":["https:\/\/calmondivulgacoes.com.br\/wp-content\/uploads\/2026\/04\/Sem-titulo21112233-8x12.png",8,12,true],"cvmm-medium":["https:\/\/calmondivulgacoes.com.br\/wp-content\/uploads\/2026\/04\/Sem-titulo21112233-300x300.png",300,300,true],"cvmm-medium-plus":["https:\/\/calmondivulgacoes.com.br\/wp-content\/uploads\/2026\/04\/Sem-titulo21112233-305x207.png",305,207,true],"cvmm-portrait":["https:\/\/calmondivulgacoes.com.br\/wp-content\/uploads\/2026\/04\/Sem-titulo21112233.png",321,467,false],"cvmm-medium-square":["https:\/\/calmondivulgacoes.com.br\/wp-content\/uploads\/2026\/04\/Sem-titulo21112233.png",321,467,false],"cvmm-large":["https:\/\/calmondivulgacoes.com.br\/wp-content\/uploads\/2026\/04\/Sem-titulo21112233.png",321,467,false],"cvmm-small":["https:\/\/calmondivulgacoes.com.br\/wp-content\/uploads\/2026\/04\/Sem-titulo21112233-130x95.png",130,95,true]},"uagb_author_info":{"display_name":"Calmon Divulga\u00e7\u00f5es","author_link":"https:\/\/calmondivulgacoes.com.br\/en\/autor\/calmondivulgacoesgmail-com\/"},"uagb_comment_info":0,"uagb_excerpt":"Hoje, 21\/04\/2026, Alex Maia, empres\u00e1rio, ex-vereador, l\u00edder pol\u00edtico, calmonense, postou um v\u00eddeo na sua rede social de uma entrevista em que cita a fala do Prefeito de Miguel Calmon, Sampaio. Alex Maia comentou sua posi\u00e7\u00e3o a respeito e at\u00e9 sugeriu como deve ser a posi\u00e7\u00e3o de um prefeito. Durante a 1\u00aa Sess\u00e3o Ordin\u00e1ria do Primeiro&hellip;","blog_post_layout_featured_media_urls":{"thumbnail":["https:\/\/calmondivulgacoes.com.br\/wp-content\/uploads\/2026\/04\/Sem-titulo21112233-103x150.png",103,150,true],"full":["https:\/\/calmondivulgacoes.com.br\/wp-content\/uploads\/2026\/04\/Sem-titulo21112233.png",321,467,false]},"categories_names":{"39":{"name":"Pol\u00edtica","link":"https:\/\/calmondivulgacoes.com.br\/en\/category\/politica\/"}},"tags_names":{"108":{"name":"Alex Maia","link":"https:\/\/calmondivulgacoes.com.br\/en\/tag\/alex-maia\/"},"110":{"name":"imprensa partid\u00e1ria","link":"https:\/\/calmondivulgacoes.com.br\/en\/tag\/imprensa-partidaria\/"},"83":{"name":"Miguel Calmon","link":"https:\/\/calmondivulgacoes.com.br\/en\/tag\/miguel-calmon\/"},"111":{"name":"not\u00edcias Miguel Calmon","link":"https:\/\/calmondivulgacoes.com.br\/en\/tag\/noticias-miguel-calmon\/"},"112":{"name":"pol\u00edtica Bahia","link":"https:\/\/calmondivulgacoes.com.br\/en\/tag\/politica-bahia\/"},"109":{"name":"Prefeito Sampaio","link":"https:\/\/calmondivulgacoes.com.br\/en\/tag\/prefeito-sampaio\/"}},"comments_number":"0","wpmagazine_modules_lite_featured_media_urls":{"thumbnail":["https:\/\/calmondivulgacoes.com.br\/wp-content\/uploads\/2026\/04\/Sem-titulo21112233-103x150.png",103,150,true],"cvmm-medium":["https:\/\/calmondivulgacoes.com.br\/wp-content\/uploads\/2026\/04\/Sem-titulo21112233-300x300.png",300,300,true],"cvmm-medium-plus":["https:\/\/calmondivulgacoes.com.br\/wp-content\/uploads\/2026\/04\/Sem-titulo21112233-305x207.png",305,207,true],"cvmm-portrait":["https:\/\/calmondivulgacoes.com.br\/wp-content\/uploads\/2026\/04\/Sem-titulo21112233.png",321,467,false],"cvmm-medium-square":["https:\/\/calmondivulgacoes.com.br\/wp-content\/uploads\/2026\/04\/Sem-titulo21112233.png",321,467,false],"cvmm-large":["https:\/\/calmondivulgacoes.com.br\/wp-content\/uploads\/2026\/04\/Sem-titulo21112233.png",321,467,false],"cvmm-small":["https:\/\/calmondivulgacoes.com.br\/wp-content\/uploads\/2026\/04\/Sem-titulo21112233-130x95.png",130,95,true],"full":["https:\/\/calmondivulgacoes.com.br\/wp-content\/uploads\/2026\/04\/Sem-titulo21112233.png",321,467,false]},"_links":{"self":[{"href":"https:\/\/calmondivulgacoes.com.br\/en\/wp-json\/wp\/v2\/posts\/3346","targetHints":{"allow":["GET"]}}],"collection":[{"href":"https:\/\/calmondivulgacoes.com.br\/en\/wp-json\/wp\/v2\/posts"}],"about":[{"href":"https:\/\/calmondivulgacoes.com.br\/en\/wp-json\/wp\/v2\/types\/post"}],"author":[{"embeddable":true,"href":"https:\/\/calmondivulgacoes.com.br\/en\/wp-json\/wp\/v2\/users\/1"}],"replies":[{"embeddable":true,"href":"https:\/\/calmondivulgacoes.com.br\/en\/wp-json\/wp\/v2\/comments?post=3346"}],"version-history":[{"count":1,"href":"https:\/\/calmondivulgacoes.com.br\/en\/wp-json\/wp\/v2\/posts\/3346\/revisions"}],"predecessor-version":[{"id":3348,"href":"https:\/\/calmondivulgacoes.com.br\/en\/wp-json\/wp\/v2\/posts\/3346\/revisions\/3348"}],"wp:featuredmedia":[{"embeddable":true,"href":"https:\/\/calmondivulgacoes.com.br\/en\/wp-json\/wp\/v2\/media\/3347"}],"wp:attachment":[{"href":"https:\/\/calmondivulgacoes.com.br\/en\/wp-json\/wp\/v2\/media?parent=3346"}],"wp:term":[{"taxonomy":"category","embeddable":true,"href":"https:\/\/calmondivulgacoes.com.br\/en\/wp-json\/wp\/v2\/categories?post=3346"},{"taxonomy":"post_tag","embeddable":true,"href":"https:\/\/calmondivulgacoes.com.br\/en\/wp-json\/wp\/v2\/tags?post=3346"}],"curies":[{"name":"wp","href":"https:\/\/api.w.org\/{rel}","templated":true}]}}