{"id":3343,"date":"2026-04-22T00:20:04","date_gmt":"2026-04-22T03:20:04","guid":{"rendered":"https:\/\/calmondivulgacoes.com.br\/?p=3343"},"modified":"2026-04-22T00:20:09","modified_gmt":"2026-04-22T03:20:09","slug":"conta-de-luz-em-2026-prepare-se-para-um-aumento-de-40-ate-junho","status":"publish","type":"post","link":"https:\/\/calmondivulgacoes.com.br\/en\/conta-de-luz-em-2026-prepare-se-para-um-aumento-de-40-ate-junho\/","title":{"rendered":"Conta de luz em 2026: prepare-se para um aumento de 40% at\u00e9 junho!"},"content":{"rendered":"<h2 class=\"wp-block-heading\">Vai subir mais a conta de luz<\/h2>\n\n\n\n<figure class=\"wp-block-image size-large\"><img fetchpriority=\"high\" decoding=\"async\" width=\"1024\" height=\"107\" src=\"https:\/\/calmondivulgacoes.com.br\/wp-content\/uploads\/2026\/04\/Design-sem-nome-6-1024x107.png\" alt=\"\" class=\"wp-image-3160\" srcset=\"https:\/\/calmondivulgacoes.com.br\/wp-content\/uploads\/2026\/04\/Design-sem-nome-6-1024x107.png 1024w, https:\/\/calmondivulgacoes.com.br\/wp-content\/uploads\/2026\/04\/Design-sem-nome-6-300x31.png 300w, https:\/\/calmondivulgacoes.com.br\/wp-content\/uploads\/2026\/04\/Design-sem-nome-6-150x16.png 150w, https:\/\/calmondivulgacoes.com.br\/wp-content\/uploads\/2026\/04\/Design-sem-nome-6-768x80.png 768w, https:\/\/calmondivulgacoes.com.br\/wp-content\/uploads\/2026\/04\/Design-sem-nome-6-1536x160.png 1536w, https:\/\/calmondivulgacoes.com.br\/wp-content\/uploads\/2026\/04\/Design-sem-nome-6.png 1920w\" sizes=\"(max-width: 1024px) 100vw, 1024px\" \/><\/figure>\n\n\n\n<p>Um cen\u00e1rio preocupante se desenha para os consumidores de energia el\u00e9trica no Brasil em 2026. Cerca de 35 milh\u00f5es de unidades consumidoras, o que representa quase 40% do total nacional, j\u00e1 sentem ou devem sentir um aumento significativo em suas contas de luz ainda no primeiro semestre. Os reajustes, em muitos casos, superam a infla\u00e7\u00e3o e alcan\u00e7am dois d\u00edgitos, com picos assustadores pr\u00f3ximos a 20%.<\/p>\n\n\n\n<p>Este aumento expressivo contrasta com a previs\u00e3o inicial da Ag\u00eancia Nacional de Energia El\u00e9trica (Aneel), que estimava um aumento tarif\u00e1rio m\u00e9dio de 8% para 2026. A not\u00edcia \u00e9 um balde de \u00e1gua fria para fam\u00edlias e empresas que j\u00e1 lidam com press\u00f5es econ\u00f4micas crescentes. Grandes distribuidoras como CPFL Paulista, em S\u00e3o Paulo, Coelba, na Bahia, Enel Rio, no Rio de Janeiro, e Copel, no Paran\u00e1, est\u00e3o entre as mais afetadas, com revis\u00f5es tarif\u00e1rias que variam entre 12% e impressionantes 19%.<\/p>\n\n\n\n<p>O impacto das <b>tarifas de energia em alta<\/b> n\u00e3o \u00e9 uniforme em todo o pa\u00eds. Regi\u00f5es como o Norte e Nordeste conseguiram amenizar os aumentos para um d\u00edgito, gra\u00e7as ao uso de mecanismos de al\u00edvio financeiro, como a antecipa\u00e7\u00e3o de recursos do Uso de Bens P\u00fablicos (UBP). No entanto, no Sul e Sudeste, onde esses recursos foram menos utilizados, o repasse direto para o consumidor foi mais acentuado. A Copel, por exemplo, projeta uma revis\u00e3o tarif\u00e1ria de 19,2%, um dos maiores \u00edndices do pa\u00eds.<\/p>\n\n\n\n<h3 class=\"wp-block-heading\">Os Vil\u00f5es por Tr\u00e1s do Aumento nas Tarifas de Energia<\/h3>\n\n\n\n<p>A escalada nas contas de luz em 2026 tem ra\u00edzes em complexas press\u00f5es estruturais e no peso dos encargos setoriais. O principal culpado identificado \u00e9 a CDE (Conta de Desenvolvimento Energ\u00e9tico). Este fundo, que tem como objetivo financiar pol\u00edticas p\u00fablicas essenciais para o setor el\u00e9trico, \u00e9 custeado compulsoriamente por todos os consumidores brasileiros atrav\u00e9s de uma taxa embutida na conta de luz. O alto custo dessa conta tem impactado diretamente os reajustes.<\/p>\n\n\n\n<h3 class=\"wp-block-heading\">Varia\u00e7\u00f5es Regionais e o Futuro das Tarifas de Energia<\/h3>\n\n\n\n<p>Enquanto algumas distribuidoras conseguiram aplicar reajustes mais moderados, entre 5% e 7%, por meio de manobras regulat\u00f3rias e a utiliza\u00e7\u00e3o de fundos espec\u00edficos, milh\u00f5es de brasileiros enfrentar\u00e3o um aperto consider\u00e1vel em seus or\u00e7amentos. A disparidade regional evidencia a complexidade do sistema el\u00e9trico nacional e os diferentes mecanismos utilizados para mitigar ou repassar os custos. A expectativa \u00e9 que o alto custo da infraestrutura el\u00e9trica continue a ser um fator determinante nas futuras revis\u00f5es tarif\u00e1rias, mantendo as <b>tarifas de energia em alta<\/b>.<\/p>\n\n\n\n<h3 class=\"wp-block-heading\">O Que Esperar do Seu Or\u00e7amento com a Alta nas Contas de Luz<\/h3>\n\n\n\n<p>Para o consumidor final, o aumento nas <b>tarifas de energia em alta<\/b> significa um peso adicional nas despesas mensais, impactando o or\u00e7amento dom\u00e9stico e tamb\u00e9m as opera\u00e7\u00f5es industriais. A necessidade de cobrir os custos de investimentos em infraestrutura, encargos setoriais e pol\u00edticas p\u00fablicas se reflete diretamente no valor pago na conta de luz. Acompanhar as not\u00edcias e entender os fatores que influenciam esses reajustes \u00e9 fundamental para se preparar para os pr\u00f3ximos meses.<\/p>\n\n\n\n<p>As informa\u00e7\u00f5es sobre os reajustes nas contas de luz em 2026 foram divulgadas com base em levantamentos e proje\u00e7\u00f5es setoriais, como apurado pela CNN. A Aneel, \u00f3rg\u00e3o regulador do setor, \u00e9 respons\u00e1vel por autorizar essas revis\u00f5es tarif\u00e1rias, que consideram diversos componentes para a forma\u00e7\u00e3o do pre\u00e7o final da energia el\u00e9trica. A situa\u00e7\u00e3o exige aten\u00e7\u00e3o e poss\u00edveis discuss\u00f5es sobre a sustentabilidade e o impacto social dessas pol\u00edticas tarif\u00e1rias.<\/p>\n\n\n\n<figure class=\"wp-block-image size-large\"><img decoding=\"async\" width=\"819\" height=\"1024\" src=\"https:\/\/calmondivulgacoes.com.br\/wp-content\/uploads\/2026\/04\/patrocionadores-2-819x1024.png\" alt=\"\" class=\"wp-image-3147\" srcset=\"https:\/\/calmondivulgacoes.com.br\/wp-content\/uploads\/2026\/04\/patrocionadores-2-819x1024.png 819w, https:\/\/calmondivulgacoes.com.br\/wp-content\/uploads\/2026\/04\/patrocionadores-2-240x300.png 240w, https:\/\/calmondivulgacoes.com.br\/wp-content\/uploads\/2026\/04\/patrocionadores-2-120x150.png 120w, https:\/\/calmondivulgacoes.com.br\/wp-content\/uploads\/2026\/04\/patrocionadores-2-768x960.png 768w, https:\/\/calmondivulgacoes.com.br\/wp-content\/uploads\/2026\/04\/patrocionadores-2.png 1080w\" sizes=\"(max-width: 819px) 100vw, 819px\" \/><\/figure>","protected":false},"excerpt":{"rendered":"<p>Contas de luz em 2026 disparam e 40% at\u00e9 junho! Saiba quais distribuidoras e regi\u00f5es ser\u00e3o mais afetadas e os motivos por tr\u00e1s do aumento.<\/p>","protected":false},"author":1,"featured_media":3344,"comment_status":"closed","ping_status":"closed","sticky":false,"template":"","format":"standard","meta":{"_uag_custom_page_level_css":"","_monsterinsights_skip_tracking":false,"_monsterinsights_sitenote_active":false,"_monsterinsights_sitenote_note":"","_monsterinsights_sitenote_category":0,"maa_idioma":"","maa_pais":"","footnotes":""},"categories":[45],"tags":[104,102,103,105,107,106],"class_list":["post-3343","post","type-post","status-publish","format-standard","has-post-thumbnail","hentry","category-economia","tag-aneel","tag-aumento-energia","tag-conta-de-luz","tag-energia-eletrica","tag-reajuste-conta","tag-tarifas-energia"],"yoast_head":"<!-- This site is optimized with the Yoast SEO plugin v27.4 - https:\/\/yoast.com\/product\/yoast-seo-wordpress\/ -->\n<title>Conta de luz em 2026: prepare-se para um aumento de 40% at\u00e9 junho! - Calmon Divulga\u00e7\u00f5es<\/title>\n<meta name=\"robots\" content=\"index, follow, max-snippet:-1, max-image-preview:large, max-video-preview:-1\" \/>\n<link rel=\"canonical\" href=\"https:\/\/calmondivulgacoes.com.br\/en\/conta-de-luz-em-2026-prepare-se-para-um-aumento-de-40-ate-junho\/\" \/>\n<meta property=\"og:locale\" content=\"en_US\" \/>\n<meta property=\"og:type\" content=\"article\" \/>\n<meta property=\"og:title\" content=\"Conta de luz em 2026: prepare-se para um aumento de 40% at\u00e9 junho! - Calmon Divulga\u00e7\u00f5es\" \/>\n<meta property=\"og:description\" content=\"Contas de luz em 2026 disparam e 40% at\u00e9 junho! Saiba quais distribuidoras e regi\u00f5es ser\u00e3o mais afetadas e os motivos por tr\u00e1s do aumento.\" \/>\n<meta property=\"og:url\" content=\"https:\/\/calmondivulgacoes.com.br\/en\/conta-de-luz-em-2026-prepare-se-para-um-aumento-de-40-ate-junho\/\" \/>\n<meta property=\"og:site_name\" content=\"Calmon Divulga\u00e7\u00f5es\" \/>\n<meta property=\"article:publisher\" content=\"https:\/\/www.facebook.com\/calmondivulgacoes\" \/>\n<meta property=\"article:published_time\" content=\"2026-04-22T03:20:04+00:00\" \/>\n<meta property=\"article:modified_time\" content=\"2026-04-22T03:20:09+00:00\" \/>\n<meta property=\"og:image\" content=\"https:\/\/calmondivulgacoes.com.br\/wp-content\/uploads\/2026\/04\/conta-de-luz-1920x1080-1.jpg\" \/>\n\t<meta property=\"og:image:width\" content=\"1920\" \/>\n\t<meta property=\"og:image:height\" content=\"1080\" \/>\n\t<meta property=\"og:image:type\" content=\"image\/jpeg\" \/>\n<meta name=\"author\" content=\"Calmon Divulga\u00e7\u00f5es\" \/>\n<meta name=\"twitter:card\" content=\"summary_large_image\" \/>\n<meta name=\"twitter:label1\" content=\"Written by\" \/>\n\t<meta name=\"twitter:data1\" content=\"Calmon Divulga\u00e7\u00f5es\" \/>\n\t<meta name=\"twitter:label2\" content=\"Est. reading time\" \/>\n\t<meta name=\"twitter:data2\" content=\"4 minutes\" \/>\n<script type=\"application\/ld+json\" class=\"yoast-schema-graph\">{\"@context\":\"https:\\\/\\\/schema.org\",\"@graph\":[{\"@type\":\"Article\",\"@id\":\"https:\\\/\\\/calmondivulgacoes.com.br\\\/conta-de-luz-em-2026-prepare-se-para-um-aumento-de-40-ate-junho\\\/#article\",\"isPartOf\":{\"@id\":\"https:\\\/\\\/calmondivulgacoes.com.br\\\/conta-de-luz-em-2026-prepare-se-para-um-aumento-de-40-ate-junho\\\/\"},\"author\":{\"name\":\"Calmon Divulga\u00e7\u00f5es\",\"@id\":\"https:\\\/\\\/calmondivulgacoes.com.br\\\/#\\\/schema\\\/person\\\/f51b6a75a3e31b01ea8f6fea23fc01fa\"},\"headline\":\"Conta de luz em 2026: prepare-se para um aumento de 40% at\u00e9 junho!\",\"datePublished\":\"2026-04-22T03:20:04+00:00\",\"dateModified\":\"2026-04-22T03:20:09+00:00\",\"mainEntityOfPage\":{\"@id\":\"https:\\\/\\\/calmondivulgacoes.com.br\\\/conta-de-luz-em-2026-prepare-se-para-um-aumento-de-40-ate-junho\\\/\"},\"wordCount\":628,\"publisher\":{\"@id\":\"https:\\\/\\\/calmondivulgacoes.com.br\\\/#organization\"},\"image\":{\"@id\":\"https:\\\/\\\/calmondivulgacoes.com.br\\\/conta-de-luz-em-2026-prepare-se-para-um-aumento-de-40-ate-junho\\\/#primaryimage\"},\"thumbnailUrl\":\"https:\\\/\\\/calmondivulgacoes.com.br\\\/wp-content\\\/uploads\\\/2026\\\/04\\\/conta-de-luz-1920x1080-1.jpg\",\"keywords\":[\"Aneel\",\"aumento energia\",\"conta de luz\",\"energia el\u00e9trica\",\"reajuste conta\",\"tarifas energia\"],\"articleSection\":[\"Economia\"],\"inLanguage\":\"en-US\"},{\"@type\":\"WebPage\",\"@id\":\"https:\\\/\\\/calmondivulgacoes.com.br\\\/conta-de-luz-em-2026-prepare-se-para-um-aumento-de-40-ate-junho\\\/\",\"url\":\"https:\\\/\\\/calmondivulgacoes.com.br\\\/conta-de-luz-em-2026-prepare-se-para-um-aumento-de-40-ate-junho\\\/\",\"name\":\"Conta de luz em 2026: prepare-se para um aumento de 40% at\u00e9 junho! - Calmon Divulga\u00e7\u00f5es\",\"isPartOf\":{\"@id\":\"https:\\\/\\\/calmondivulgacoes.com.br\\\/#website\"},\"primaryImageOfPage\":{\"@id\":\"https:\\\/\\\/calmondivulgacoes.com.br\\\/conta-de-luz-em-2026-prepare-se-para-um-aumento-de-40-ate-junho\\\/#primaryimage\"},\"image\":{\"@id\":\"https:\\\/\\\/calmondivulgacoes.com.br\\\/conta-de-luz-em-2026-prepare-se-para-um-aumento-de-40-ate-junho\\\/#primaryimage\"},\"thumbnailUrl\":\"https:\\\/\\\/calmondivulgacoes.com.br\\\/wp-content\\\/uploads\\\/2026\\\/04\\\/conta-de-luz-1920x1080-1.jpg\",\"datePublished\":\"2026-04-22T03:20:04+00:00\",\"dateModified\":\"2026-04-22T03:20:09+00:00\",\"breadcrumb\":{\"@id\":\"https:\\\/\\\/calmondivulgacoes.com.br\\\/conta-de-luz-em-2026-prepare-se-para-um-aumento-de-40-ate-junho\\\/#breadcrumb\"},\"inLanguage\":\"en-US\",\"potentialAction\":[{\"@type\":\"ReadAction\",\"target\":[\"https:\\\/\\\/calmondivulgacoes.com.br\\\/conta-de-luz-em-2026-prepare-se-para-um-aumento-de-40-ate-junho\\\/\"]}]},{\"@type\":\"ImageObject\",\"inLanguage\":\"en-US\",\"@id\":\"https:\\\/\\\/calmondivulgacoes.com.br\\\/conta-de-luz-em-2026-prepare-se-para-um-aumento-de-40-ate-junho\\\/#primaryimage\",\"url\":\"https:\\\/\\\/calmondivulgacoes.com.br\\\/wp-content\\\/uploads\\\/2026\\\/04\\\/conta-de-luz-1920x1080-1.jpg\",\"contentUrl\":\"https:\\\/\\\/calmondivulgacoes.com.br\\\/wp-content\\\/uploads\\\/2026\\\/04\\\/conta-de-luz-1920x1080-1.jpg\",\"width\":1920,\"height\":1080},{\"@type\":\"BreadcrumbList\",\"@id\":\"https:\\\/\\\/calmondivulgacoes.com.br\\\/conta-de-luz-em-2026-prepare-se-para-um-aumento-de-40-ate-junho\\\/#breadcrumb\",\"itemListElement\":[{\"@type\":\"ListItem\",\"position\":1,\"name\":\"In\u00edcio\",\"item\":\"https:\\\/\\\/calmondivulgacoes.com.br\\\/\"},{\"@type\":\"ListItem\",\"position\":2,\"name\":\"Conta de luz em 2026: prepare-se para um aumento de 40% at\u00e9 junho!\"}]},{\"@type\":\"WebSite\",\"@id\":\"https:\\\/\\\/calmondivulgacoes.com.br\\\/#website\",\"url\":\"https:\\\/\\\/calmondivulgacoes.com.br\\\/\",\"name\":\"Calmon Divulga\u00e7\u00f5es\",\"description\":\"e Not\u00edcias\",\"publisher\":{\"@id\":\"https:\\\/\\\/calmondivulgacoes.com.br\\\/#organization\"},\"potentialAction\":[{\"@type\":\"SearchAction\",\"target\":{\"@type\":\"EntryPoint\",\"urlTemplate\":\"https:\\\/\\\/calmondivulgacoes.com.br\\\/?s={search_term_string}\"},\"query-input\":{\"@type\":\"PropertyValueSpecification\",\"valueRequired\":true,\"valueName\":\"search_term_string\"}}],\"inLanguage\":\"en-US\"},{\"@type\":\"Organization\",\"@id\":\"https:\\\/\\\/calmondivulgacoes.com.br\\\/#organization\",\"name\":\"Calmon Divulga\u00e7\u00f5es\",\"url\":\"https:\\\/\\\/calmondivulgacoes.com.br\\\/\",\"logo\":{\"@type\":\"ImageObject\",\"inLanguage\":\"en-US\",\"@id\":\"https:\\\/\\\/calmondivulgacoes.com.br\\\/#\\\/schema\\\/logo\\\/image\\\/\",\"url\":\"https:\\\/\\\/calmondivulgacoes.com.br\\\/wp-content\\\/uploads\\\/2026\\\/04\\\/cropped-WhatsApp_Image_2025-12-02_at_20.44.08-removebg-preview.png\",\"contentUrl\":\"https:\\\/\\\/calmondivulgacoes.com.br\\\/wp-content\\\/uploads\\\/2026\\\/04\\\/cropped-WhatsApp_Image_2025-12-02_at_20.44.08-removebg-preview.png\",\"width\":120,\"height\":120,\"caption\":\"Calmon Divulga\u00e7\u00f5es\"},\"image\":{\"@id\":\"https:\\\/\\\/calmondivulgacoes.com.br\\\/#\\\/schema\\\/logo\\\/image\\\/\"},\"sameAs\":[\"https:\\\/\\\/www.facebook.com\\\/calmondivulgacoes\",\"https:\\\/\\\/www.instagram.com\\\/calmondivulgacoes\\\/\"]},{\"@type\":\"Person\",\"@id\":\"https:\\\/\\\/calmondivulgacoes.com.br\\\/#\\\/schema\\\/person\\\/f51b6a75a3e31b01ea8f6fea23fc01fa\",\"name\":\"Calmon Divulga\u00e7\u00f5es\",\"image\":{\"@type\":\"ImageObject\",\"inLanguage\":\"en-US\",\"@id\":\"https:\\\/\\\/calmondivulgacoes.com.br\\\/wp-content\\\/litespeed\\\/avatar\\\/70d8f8af3b6e7945511481b97d22e67c.jpg?ver=1777223803\",\"url\":\"https:\\\/\\\/calmondivulgacoes.com.br\\\/wp-content\\\/litespeed\\\/avatar\\\/70d8f8af3b6e7945511481b97d22e67c.jpg?ver=1777223803\",\"contentUrl\":\"https:\\\/\\\/calmondivulgacoes.com.br\\\/wp-content\\\/litespeed\\\/avatar\\\/70d8f8af3b6e7945511481b97d22e67c.jpg?ver=1777223803\",\"caption\":\"Calmon Divulga\u00e7\u00f5es\"},\"sameAs\":[\"http:\\\/\\\/calmondivulgacoes.com.br\"],\"url\":\"https:\\\/\\\/calmondivulgacoes.com.br\\\/en\\\/autor\\\/calmondivulgacoesgmail-com\\\/\"}]}<\/script>\n<!-- \/ Yoast SEO plugin. -->","yoast_head_json":{"title":"Conta de luz em 2026: prepare-se para um aumento de 40% at\u00e9 junho! - Calmon Divulga\u00e7\u00f5es","robots":{"index":"index","follow":"follow","max-snippet":"max-snippet:-1","max-image-preview":"max-image-preview:large","max-video-preview":"max-video-preview:-1"},"canonical":"https:\/\/calmondivulgacoes.com.br\/en\/conta-de-luz-em-2026-prepare-se-para-um-aumento-de-40-ate-junho\/","og_locale":"en_US","og_type":"article","og_title":"Conta de luz em 2026: prepare-se para um aumento de 40% at\u00e9 junho! - Calmon Divulga\u00e7\u00f5es","og_description":"Contas de luz em 2026 disparam e 40% at\u00e9 junho! Saiba quais distribuidoras e regi\u00f5es ser\u00e3o mais afetadas e os motivos por tr\u00e1s do aumento.","og_url":"https:\/\/calmondivulgacoes.com.br\/en\/conta-de-luz-em-2026-prepare-se-para-um-aumento-de-40-ate-junho\/","og_site_name":"Calmon Divulga\u00e7\u00f5es","article_publisher":"https:\/\/www.facebook.com\/calmondivulgacoes","article_published_time":"2026-04-22T03:20:04+00:00","article_modified_time":"2026-04-22T03:20:09+00:00","og_image":[{"width":1920,"height":1080,"url":"https:\/\/calmondivulgacoes.com.br\/wp-content\/uploads\/2026\/04\/conta-de-luz-1920x1080-1.jpg","type":"image\/jpeg"}],"author":"Calmon Divulga\u00e7\u00f5es","twitter_card":"summary_large_image","twitter_misc":{"Written by":"Calmon Divulga\u00e7\u00f5es","Est. reading time":"4 minutes"},"schema":{"@context":"https:\/\/schema.org","@graph":[{"@type":"Article","@id":"https:\/\/calmondivulgacoes.com.br\/conta-de-luz-em-2026-prepare-se-para-um-aumento-de-40-ate-junho\/#article","isPartOf":{"@id":"https:\/\/calmondivulgacoes.com.br\/conta-de-luz-em-2026-prepare-se-para-um-aumento-de-40-ate-junho\/"},"author":{"name":"Calmon Divulga\u00e7\u00f5es","@id":"https:\/\/calmondivulgacoes.com.br\/#\/schema\/person\/f51b6a75a3e31b01ea8f6fea23fc01fa"},"headline":"Conta de luz em 2026: prepare-se para um aumento de 40% at\u00e9 junho!","datePublished":"2026-04-22T03:20:04+00:00","dateModified":"2026-04-22T03:20:09+00:00","mainEntityOfPage":{"@id":"https:\/\/calmondivulgacoes.com.br\/conta-de-luz-em-2026-prepare-se-para-um-aumento-de-40-ate-junho\/"},"wordCount":628,"publisher":{"@id":"https:\/\/calmondivulgacoes.com.br\/#organization"},"image":{"@id":"https:\/\/calmondivulgacoes.com.br\/conta-de-luz-em-2026-prepare-se-para-um-aumento-de-40-ate-junho\/#primaryimage"},"thumbnailUrl":"https:\/\/calmondivulgacoes.com.br\/wp-content\/uploads\/2026\/04\/conta-de-luz-1920x1080-1.jpg","keywords":["Aneel","aumento energia","conta de luz","energia el\u00e9trica","reajuste conta","tarifas energia"],"articleSection":["Economia"],"inLanguage":"en-US"},{"@type":"WebPage","@id":"https:\/\/calmondivulgacoes.com.br\/conta-de-luz-em-2026-prepare-se-para-um-aumento-de-40-ate-junho\/","url":"https:\/\/calmondivulgacoes.com.br\/conta-de-luz-em-2026-prepare-se-para-um-aumento-de-40-ate-junho\/","name":"Conta de luz em 2026: prepare-se para um aumento de 40% at\u00e9 junho! - Calmon Divulga\u00e7\u00f5es","isPartOf":{"@id":"https:\/\/calmondivulgacoes.com.br\/#website"},"primaryImageOfPage":{"@id":"https:\/\/calmondivulgacoes.com.br\/conta-de-luz-em-2026-prepare-se-para-um-aumento-de-40-ate-junho\/#primaryimage"},"image":{"@id":"https:\/\/calmondivulgacoes.com.br\/conta-de-luz-em-2026-prepare-se-para-um-aumento-de-40-ate-junho\/#primaryimage"},"thumbnailUrl":"https:\/\/calmondivulgacoes.com.br\/wp-content\/uploads\/2026\/04\/conta-de-luz-1920x1080-1.jpg","datePublished":"2026-04-22T03:20:04+00:00","dateModified":"2026-04-22T03:20:09+00:00","breadcrumb":{"@id":"https:\/\/calmondivulgacoes.com.br\/conta-de-luz-em-2026-prepare-se-para-um-aumento-de-40-ate-junho\/#breadcrumb"},"inLanguage":"en-US","potentialAction":[{"@type":"ReadAction","target":["https:\/\/calmondivulgacoes.com.br\/conta-de-luz-em-2026-prepare-se-para-um-aumento-de-40-ate-junho\/"]}]},{"@type":"ImageObject","inLanguage":"en-US","@id":"https:\/\/calmondivulgacoes.com.br\/conta-de-luz-em-2026-prepare-se-para-um-aumento-de-40-ate-junho\/#primaryimage","url":"https:\/\/calmondivulgacoes.com.br\/wp-content\/uploads\/2026\/04\/conta-de-luz-1920x1080-1.jpg","contentUrl":"https:\/\/calmondivulgacoes.com.br\/wp-content\/uploads\/2026\/04\/conta-de-luz-1920x1080-1.jpg","width":1920,"height":1080},{"@type":"BreadcrumbList","@id":"https:\/\/calmondivulgacoes.com.br\/conta-de-luz-em-2026-prepare-se-para-um-aumento-de-40-ate-junho\/#breadcrumb","itemListElement":[{"@type":"ListItem","position":1,"name":"In\u00edcio","item":"https:\/\/calmondivulgacoes.com.br\/"},{"@type":"ListItem","position":2,"name":"Conta de luz em 2026: prepare-se para um aumento de 40% at\u00e9 junho!"}]},{"@type":"WebSite","@id":"https:\/\/calmondivulgacoes.com.br\/#website","url":"https:\/\/calmondivulgacoes.com.br\/","name":"Calmon Divulga\u00e7\u00f5es","description":"e Not\u00edcias","publisher":{"@id":"https:\/\/calmondivulgacoes.com.br\/#organization"},"potentialAction":[{"@type":"SearchAction","target":{"@type":"EntryPoint","urlTemplate":"https:\/\/calmondivulgacoes.com.br\/?s={search_term_string}"},"query-input":{"@type":"PropertyValueSpecification","valueRequired":true,"valueName":"search_term_string"}}],"inLanguage":"en-US"},{"@type":"Organization","@id":"https:\/\/calmondivulgacoes.com.br\/#organization","name":"Calmon Divulga\u00e7\u00f5es","url":"https:\/\/calmondivulgacoes.com.br\/","logo":{"@type":"ImageObject","inLanguage":"en-US","@id":"https:\/\/calmondivulgacoes.com.br\/#\/schema\/logo\/image\/","url":"https:\/\/calmondivulgacoes.com.br\/wp-content\/uploads\/2026\/04\/cropped-WhatsApp_Image_2025-12-02_at_20.44.08-removebg-preview.png","contentUrl":"https:\/\/calmondivulgacoes.com.br\/wp-content\/uploads\/2026\/04\/cropped-WhatsApp_Image_2025-12-02_at_20.44.08-removebg-preview.png","width":120,"height":120,"caption":"Calmon Divulga\u00e7\u00f5es"},"image":{"@id":"https:\/\/calmondivulgacoes.com.br\/#\/schema\/logo\/image\/"},"sameAs":["https:\/\/www.facebook.com\/calmondivulgacoes","https:\/\/www.instagram.com\/calmondivulgacoes\/"]},{"@type":"Person","@id":"https:\/\/calmondivulgacoes.com.br\/#\/schema\/person\/f51b6a75a3e31b01ea8f6fea23fc01fa","name":"Calmon Divulga\u00e7\u00f5es","image":{"@type":"ImageObject","inLanguage":"en-US","@id":"https:\/\/calmondivulgacoes.com.br\/wp-content\/litespeed\/avatar\/70d8f8af3b6e7945511481b97d22e67c.jpg?ver=1777223803","url":"https:\/\/calmondivulgacoes.com.br\/wp-content\/litespeed\/avatar\/70d8f8af3b6e7945511481b97d22e67c.jpg?ver=1777223803","contentUrl":"https:\/\/calmondivulgacoes.com.br\/wp-content\/litespeed\/avatar\/70d8f8af3b6e7945511481b97d22e67c.jpg?ver=1777223803","caption":"Calmon Divulga\u00e7\u00f5es"},"sameAs":["http:\/\/calmondivulgacoes.com.br"],"url":"https:\/\/calmondivulgacoes.com.br\/en\/autor\/calmondivulgacoesgmail-com\/"}]}},"uagb_featured_image_src":{"full":["https:\/\/calmondivulgacoes.com.br\/wp-content\/uploads\/2026\/04\/conta-de-luz-1920x1080-1.jpg",1920,1080,false],"thumbnail":["https:\/\/calmondivulgacoes.com.br\/wp-content\/uploads\/2026\/04\/conta-de-luz-1920x1080-1-150x84.jpg",150,84,true],"medium":["https:\/\/calmondivulgacoes.com.br\/wp-content\/uploads\/2026\/04\/conta-de-luz-1920x1080-1-300x169.jpg",300,169,true],"medium_large":["https:\/\/calmondivulgacoes.com.br\/wp-content\/uploads\/2026\/04\/conta-de-luz-1920x1080-1-768x432.jpg",640,360,true],"large":["https:\/\/calmondivulgacoes.com.br\/wp-content\/uploads\/2026\/04\/conta-de-luz-1920x1080-1-1024x576.jpg",640,360,true],"1536x1536":["https:\/\/calmondivulgacoes.com.br\/wp-content\/uploads\/2026\/04\/conta-de-luz-1920x1080-1-1536x864.jpg",1536,864,true],"2048x2048":["https:\/\/calmondivulgacoes.com.br\/wp-content\/uploads\/2026\/04\/conta-de-luz-1920x1080-1.jpg",1920,1080,false],"trp-custom-language-flag":["https:\/\/calmondivulgacoes.com.br\/wp-content\/uploads\/2026\/04\/conta-de-luz-1920x1080-1-18x10.jpg",18,10,true],"cvmm-medium":["https:\/\/calmondivulgacoes.com.br\/wp-content\/uploads\/2026\/04\/conta-de-luz-1920x1080-1-300x300.jpg",300,300,true],"cvmm-medium-plus":["https:\/\/calmondivulgacoes.com.br\/wp-content\/uploads\/2026\/04\/conta-de-luz-1920x1080-1-305x207.jpg",305,207,true],"cvmm-portrait":["https:\/\/calmondivulgacoes.com.br\/wp-content\/uploads\/2026\/04\/conta-de-luz-1920x1080-1-400x600.jpg",400,600,true],"cvmm-medium-square":["https:\/\/calmondivulgacoes.com.br\/wp-content\/uploads\/2026\/04\/conta-de-luz-1920x1080-1-600x600.jpg",600,600,true],"cvmm-large":["https:\/\/calmondivulgacoes.com.br\/wp-content\/uploads\/2026\/04\/conta-de-luz-1920x1080-1-1024x1024.jpg",1024,1024,true],"cvmm-small":["https:\/\/calmondivulgacoes.com.br\/wp-content\/uploads\/2026\/04\/conta-de-luz-1920x1080-1-130x95.jpg",130,95,true]},"uagb_author_info":{"display_name":"Calmon Divulga\u00e7\u00f5es","author_link":"https:\/\/calmondivulgacoes.com.br\/en\/autor\/calmondivulgacoesgmail-com\/"},"uagb_comment_info":0,"uagb_excerpt":"Contas de luz em 2026 disparam e 40% at\u00e9 junho! Saiba quais distribuidoras e regi\u00f5es ser\u00e3o mais afetadas e os motivos por tr\u00e1s do aumento.","blog_post_layout_featured_media_urls":{"thumbnail":["https:\/\/calmondivulgacoes.com.br\/wp-content\/uploads\/2026\/04\/conta-de-luz-1920x1080-1-150x84.jpg",150,84,true],"full":["https:\/\/calmondivulgacoes.com.br\/wp-content\/uploads\/2026\/04\/conta-de-luz-1920x1080-1.jpg",1920,1080,false]},"categories_names":{"45":{"name":"Economia","link":"https:\/\/calmondivulgacoes.com.br\/en\/category\/economia\/"}},"tags_names":{"104":{"name":"Aneel","link":"https:\/\/calmondivulgacoes.com.br\/en\/tag\/aneel\/"},"102":{"name":"aumento energia","link":"https:\/\/calmondivulgacoes.com.br\/en\/tag\/aumento-energia\/"},"103":{"name":"conta de luz","link":"https:\/\/calmondivulgacoes.com.br\/en\/tag\/conta-de-luz\/"},"105":{"name":"energia el\u00e9trica","link":"https:\/\/calmondivulgacoes.com.br\/en\/tag\/energia-eletrica\/"},"107":{"name":"reajuste conta","link":"https:\/\/calmondivulgacoes.com.br\/en\/tag\/reajuste-conta\/"},"106":{"name":"tarifas energia","link":"https:\/\/calmondivulgacoes.com.br\/en\/tag\/tarifas-energia\/"}},"comments_number":"0","wpmagazine_modules_lite_featured_media_urls":{"thumbnail":["https:\/\/calmondivulgacoes.com.br\/wp-content\/uploads\/2026\/04\/conta-de-luz-1920x1080-1-150x84.jpg",150,84,true],"cvmm-medium":["https:\/\/calmondivulgacoes.com.br\/wp-content\/uploads\/2026\/04\/conta-de-luz-1920x1080-1-300x300.jpg",300,300,true],"cvmm-medium-plus":["https:\/\/calmondivulgacoes.com.br\/wp-content\/uploads\/2026\/04\/conta-de-luz-1920x1080-1-305x207.jpg",305,207,true],"cvmm-portrait":["https:\/\/calmondivulgacoes.com.br\/wp-content\/uploads\/2026\/04\/conta-de-luz-1920x1080-1-400x600.jpg",400,600,true],"cvmm-medium-square":["https:\/\/calmondivulgacoes.com.br\/wp-content\/uploads\/2026\/04\/conta-de-luz-1920x1080-1-600x600.jpg",600,600,true],"cvmm-large":["https:\/\/calmondivulgacoes.com.br\/wp-content\/uploads\/2026\/04\/conta-de-luz-1920x1080-1-1024x1024.jpg",1024,1024,true],"cvmm-small":["https:\/\/calmondivulgacoes.com.br\/wp-content\/uploads\/2026\/04\/conta-de-luz-1920x1080-1-130x95.jpg",130,95,true],"full":["https:\/\/calmondivulgacoes.com.br\/wp-content\/uploads\/2026\/04\/conta-de-luz-1920x1080-1.jpg",1920,1080,false]},"_links":{"self":[{"href":"https:\/\/calmondivulgacoes.com.br\/en\/wp-json\/wp\/v2\/posts\/3343","targetHints":{"allow":["GET"]}}],"collection":[{"href":"https:\/\/calmondivulgacoes.com.br\/en\/wp-json\/wp\/v2\/posts"}],"about":[{"href":"https:\/\/calmondivulgacoes.com.br\/en\/wp-json\/wp\/v2\/types\/post"}],"author":[{"embeddable":true,"href":"https:\/\/calmondivulgacoes.com.br\/en\/wp-json\/wp\/v2\/users\/1"}],"replies":[{"embeddable":true,"href":"https:\/\/calmondivulgacoes.com.br\/en\/wp-json\/wp\/v2\/comments?post=3343"}],"version-history":[{"count":1,"href":"https:\/\/calmondivulgacoes.com.br\/en\/wp-json\/wp\/v2\/posts\/3343\/revisions"}],"predecessor-version":[{"id":3345,"href":"https:\/\/calmondivulgacoes.com.br\/en\/wp-json\/wp\/v2\/posts\/3343\/revisions\/3345"}],"wp:featuredmedia":[{"embeddable":true,"href":"https:\/\/calmondivulgacoes.com.br\/en\/wp-json\/wp\/v2\/media\/3344"}],"wp:attachment":[{"href":"https:\/\/calmondivulgacoes.com.br\/en\/wp-json\/wp\/v2\/media?parent=3343"}],"wp:term":[{"taxonomy":"category","embeddable":true,"href":"https:\/\/calmondivulgacoes.com.br\/en\/wp-json\/wp\/v2\/categories?post=3343"},{"taxonomy":"post_tag","embeddable":true,"href":"https:\/\/calmondivulgacoes.com.br\/en\/wp-json\/wp\/v2\/tags?post=3343"}],"curies":[{"name":"wp","href":"https:\/\/api.w.org\/{rel}","templated":true}]}}