{"id":3337,"date":"2026-04-21T21:30:02","date_gmt":"2026-04-22T00:30:02","guid":{"rendered":"https:\/\/calmondivulgacoes.com.br\/?p=3337"},"modified":"2026-04-21T22:26:33","modified_gmt":"2026-04-22T01:26:33","slug":"acidente-grave-miguel-calmon-agua-branca","status":"publish","type":"post","link":"https:\/\/calmondivulgacoes.com.br\/en\/acidente-grave-miguel-calmon-agua-branca\/","title":{"rendered":"Miguel Calmon: Colis\u00e3o Fatal entre Moto e Carro na \u00c1gua Branca (21\/04\/2026)"},"content":{"rendered":"<figure class=\"wp-block-image size-large\"><img fetchpriority=\"high\" decoding=\"async\" width=\"1024\" height=\"107\" src=\"https:\/\/calmondivulgacoes.com.br\/wp-content\/uploads\/2026\/04\/Design-sem-nome-6-1024x107.png\" alt=\"\" class=\"wp-image-3160\" srcset=\"https:\/\/calmondivulgacoes.com.br\/wp-content\/uploads\/2026\/04\/Design-sem-nome-6-1024x107.png 1024w, https:\/\/calmondivulgacoes.com.br\/wp-content\/uploads\/2026\/04\/Design-sem-nome-6-300x31.png 300w, https:\/\/calmondivulgacoes.com.br\/wp-content\/uploads\/2026\/04\/Design-sem-nome-6-150x16.png 150w, https:\/\/calmondivulgacoes.com.br\/wp-content\/uploads\/2026\/04\/Design-sem-nome-6-768x80.png 768w, https:\/\/calmondivulgacoes.com.br\/wp-content\/uploads\/2026\/04\/Design-sem-nome-6-1536x160.png 1536w, https:\/\/calmondivulgacoes.com.br\/wp-content\/uploads\/2026\/04\/Design-sem-nome-6.png 1920w\" sizes=\"(max-width: 1024px) 100vw, 1024px\" \/><\/figure>\n\n\n\n<p>Um grave acidente foi registrado na noite desta ter\u00e7a-feira 21\/04\/2026 nas proximidades da localidade conhecida como \u00c1gua Branca, no munic\u00edpio de Miguel Calmon, Piemonte da Chapada Diamantina.<\/p>\n\n\n\n<p>De acordo com informa\u00e7\u00f5es que circulam em grupos de mensagens, a colis\u00e3o envolveu uma motocicleta e um ve\u00edculo de passeio. Imagens compartilhadas mostram a moto com diversas avarias espalhadas pela pista e a parte frontal do carro danificada.<\/p>\n\n\n\n<p>Ainda segundo relatos preliminares, h\u00e1 registro de v\u00edtima fatal. No entanto, at\u00e9 o fechamento desta mat\u00e9ria, n\u00e3o foram divulgadas oficialmente a identidade da v\u00edtima, nem detalhes sobre as circunst\u00e2ncias do acidente.<\/p>\n\n\n\n<p>As autoridades competentes devem apurar as causas da ocorr\u00eancia. Novas informa\u00e7\u00f5es poder\u00e3o ser divulgadas a qualquer momento ap\u00f3s confirma\u00e7\u00e3o oficial.<\/p>\n\n\n\n<p>A equipe de reportagem segue acompanhando o caso e voltaremos com mais informa\u00e7\u00f5es.<\/p>\n\n\n\n<figure class=\"wp-block-image size-large\"><img decoding=\"async\" width=\"461\" height=\"1024\" src=\"https:\/\/calmondivulgacoes.com.br\/wp-content\/uploads\/2026\/04\/5c201069-78c3-4eec-b9eb-7134d9b60585-461x1024.jpeg\" alt=\"\" class=\"wp-image-3338\" srcset=\"https:\/\/calmondivulgacoes.com.br\/wp-content\/uploads\/2026\/04\/5c201069-78c3-4eec-b9eb-7134d9b60585-461x1024.jpeg 461w, https:\/\/calmondivulgacoes.com.br\/wp-content\/uploads\/2026\/04\/5c201069-78c3-4eec-b9eb-7134d9b60585-135x300.jpeg 135w, https:\/\/calmondivulgacoes.com.br\/wp-content\/uploads\/2026\/04\/5c201069-78c3-4eec-b9eb-7134d9b60585-68x150.jpeg 68w, https:\/\/calmondivulgacoes.com.br\/wp-content\/uploads\/2026\/04\/5c201069-78c3-4eec-b9eb-7134d9b60585-691x1536.jpeg 691w, https:\/\/calmondivulgacoes.com.br\/wp-content\/uploads\/2026\/04\/5c201069-78c3-4eec-b9eb-7134d9b60585-5x12.jpeg 5w, https:\/\/calmondivulgacoes.com.br\/wp-content\/uploads\/2026\/04\/5c201069-78c3-4eec-b9eb-7134d9b60585.jpeg 720w\" sizes=\"(max-width: 461px) 100vw, 461px\" \/><\/figure>\n\n\n\n<figure class=\"wp-block-image size-large\"><img decoding=\"async\" width=\"819\" height=\"1024\" src=\"https:\/\/calmondivulgacoes.com.br\/wp-content\/uploads\/2026\/04\/patrocionadores-5-819x1024.png\" alt=\"\" class=\"wp-image-3169\" srcset=\"https:\/\/calmondivulgacoes.com.br\/wp-content\/uploads\/2026\/04\/patrocionadores-5-819x1024.png 819w, https:\/\/calmondivulgacoes.com.br\/wp-content\/uploads\/2026\/04\/patrocionadores-5-240x300.png 240w, https:\/\/calmondivulgacoes.com.br\/wp-content\/uploads\/2026\/04\/patrocionadores-5-120x150.png 120w, https:\/\/calmondivulgacoes.com.br\/wp-content\/uploads\/2026\/04\/patrocionadores-5-768x960.png 768w, https:\/\/calmondivulgacoes.com.br\/wp-content\/uploads\/2026\/04\/patrocionadores-5.png 1080w\" sizes=\"(max-width: 819px) 100vw, 819px\" \/><\/figure>","protected":false},"excerpt":{"rendered":"<p>Grave acidente na noite de 21\/04\/2026 em Miguel Calmon, BA, pr\u00f3ximo \u00e0 \u00c1gua Branca. Colis\u00e3o entre moto e carro deixa v\u00edtima fatal. Detalhes em apura\u00e7\u00e3o.<\/p>","protected":false},"author":1,"featured_media":3339,"comment_status":"closed","ping_status":"closed","sticky":false,"template":"","format":"standard","meta":{"_uag_custom_page_level_css":"","_monsterinsights_skip_tracking":false,"_monsterinsights_sitenote_active":false,"_monsterinsights_sitenote_note":"","_monsterinsights_sitenote_category":0,"maa_idioma":"","maa_pais":"","footnotes":""},"categories":[40],"tags":[101,100,99,83,95,97,98],"class_list":["post-3337","post","type-post","status-publish","format-standard","has-post-thumbnail","hentry","category-miguel-calmon","tag-acidente","tag-acidente-miguel-calmon","tag-agua-branca","tag-miguel-calmon","tag-noticias-bahia","tag-transito-ba","tag-vitima-fatal"],"yoast_head":"<!-- This site is optimized with the Yoast SEO plugin v27.4 - https:\/\/yoast.com\/product\/yoast-seo-wordpress\/ -->\n<title>Miguel Calmon: Colis\u00e3o Fatal entre Moto e Carro na \u00c1gua Branca (21\/04\/2026) - Calmon Divulga\u00e7\u00f5es<\/title>\n<meta name=\"robots\" content=\"index, follow, max-snippet:-1, max-image-preview:large, max-video-preview:-1\" \/>\n<link rel=\"canonical\" href=\"https:\/\/calmondivulgacoes.com.br\/en\/acidente-grave-miguel-calmon-agua-branca\/\" \/>\n<meta property=\"og:locale\" content=\"en_US\" \/>\n<meta property=\"og:type\" content=\"article\" \/>\n<meta property=\"og:title\" content=\"Miguel Calmon: Colis\u00e3o Fatal entre Moto e Carro na \u00c1gua Branca (21\/04\/2026) - Calmon Divulga\u00e7\u00f5es\" \/>\n<meta property=\"og:description\" content=\"Grave acidente na noite de 21\/04\/2026 em Miguel Calmon, BA, pr\u00f3ximo \u00e0 \u00c1gua Branca. Colis\u00e3o entre moto e carro deixa v\u00edtima fatal. Detalhes em apura\u00e7\u00e3o.\" \/>\n<meta property=\"og:url\" content=\"https:\/\/calmondivulgacoes.com.br\/en\/acidente-grave-miguel-calmon-agua-branca\/\" \/>\n<meta property=\"og:site_name\" content=\"Calmon Divulga\u00e7\u00f5es\" \/>\n<meta property=\"article:publisher\" content=\"https:\/\/www.facebook.com\/calmondivulgacoes\" \/>\n<meta property=\"article:published_time\" content=\"2026-04-22T00:30:02+00:00\" \/>\n<meta property=\"article:modified_time\" content=\"2026-04-22T01:26:33+00:00\" \/>\n<meta property=\"og:image\" content=\"https:\/\/calmondivulgacoes.com.br\/wp-content\/uploads\/2026\/04\/dcd8787d-36be-4c0b-a2c9-dec6056a0cfb.jpeg\" \/>\n\t<meta property=\"og:image:width\" content=\"1200\" \/>\n\t<meta property=\"og:image:height\" content=\"1600\" \/>\n\t<meta property=\"og:image:type\" content=\"image\/jpeg\" \/>\n<meta name=\"author\" content=\"Calmon Divulga\u00e7\u00f5es\" \/>\n<meta name=\"twitter:card\" content=\"summary_large_image\" \/>\n<meta name=\"twitter:label1\" content=\"Written by\" \/>\n\t<meta name=\"twitter:data1\" content=\"Calmon Divulga\u00e7\u00f5es\" \/>\n\t<meta name=\"twitter:label2\" content=\"Est. reading time\" \/>\n\t<meta name=\"twitter:data2\" content=\"2 minutes\" \/>\n<script type=\"application\/ld+json\" class=\"yoast-schema-graph\">{\"@context\":\"https:\\\/\\\/schema.org\",\"@graph\":[{\"@type\":\"Article\",\"@id\":\"https:\\\/\\\/calmondivulgacoes.com.br\\\/acidente-grave-miguel-calmon-agua-branca\\\/#article\",\"isPartOf\":{\"@id\":\"https:\\\/\\\/calmondivulgacoes.com.br\\\/acidente-grave-miguel-calmon-agua-branca\\\/\"},\"author\":{\"name\":\"Calmon Divulga\u00e7\u00f5es\",\"@id\":\"https:\\\/\\\/calmondivulgacoes.com.br\\\/#\\\/schema\\\/person\\\/f51b6a75a3e31b01ea8f6fea23fc01fa\"},\"headline\":\"Miguel Calmon: Colis\u00e3o Fatal entre Moto e Carro na \u00c1gua Branca (21\\\/04\\\/2026)\",\"datePublished\":\"2026-04-22T00:30:02+00:00\",\"dateModified\":\"2026-04-22T01:26:33+00:00\",\"mainEntityOfPage\":{\"@id\":\"https:\\\/\\\/calmondivulgacoes.com.br\\\/acidente-grave-miguel-calmon-agua-branca\\\/\"},\"wordCount\":156,\"publisher\":{\"@id\":\"https:\\\/\\\/calmondivulgacoes.com.br\\\/#organization\"},\"image\":{\"@id\":\"https:\\\/\\\/calmondivulgacoes.com.br\\\/acidente-grave-miguel-calmon-agua-branca\\\/#primaryimage\"},\"thumbnailUrl\":\"https:\\\/\\\/calmondivulgacoes.com.br\\\/wp-content\\\/uploads\\\/2026\\\/04\\\/dcd8787d-36be-4c0b-a2c9-dec6056a0cfb.jpeg\",\"keywords\":[\"acidente\",\"acidente miguel calmon\",\"agua branca\",\"Miguel Calmon\",\"noticias bahia\",\"transito ba\",\"vitima fatal\"],\"articleSection\":[\"Miguel Calmon\"],\"inLanguage\":\"en-US\"},{\"@type\":\"WebPage\",\"@id\":\"https:\\\/\\\/calmondivulgacoes.com.br\\\/acidente-grave-miguel-calmon-agua-branca\\\/\",\"url\":\"https:\\\/\\\/calmondivulgacoes.com.br\\\/acidente-grave-miguel-calmon-agua-branca\\\/\",\"name\":\"Miguel Calmon: Colis\u00e3o Fatal entre Moto e Carro na \u00c1gua Branca (21\\\/04\\\/2026) - Calmon Divulga\u00e7\u00f5es\",\"isPartOf\":{\"@id\":\"https:\\\/\\\/calmondivulgacoes.com.br\\\/#website\"},\"primaryImageOfPage\":{\"@id\":\"https:\\\/\\\/calmondivulgacoes.com.br\\\/acidente-grave-miguel-calmon-agua-branca\\\/#primaryimage\"},\"image\":{\"@id\":\"https:\\\/\\\/calmondivulgacoes.com.br\\\/acidente-grave-miguel-calmon-agua-branca\\\/#primaryimage\"},\"thumbnailUrl\":\"https:\\\/\\\/calmondivulgacoes.com.br\\\/wp-content\\\/uploads\\\/2026\\\/04\\\/dcd8787d-36be-4c0b-a2c9-dec6056a0cfb.jpeg\",\"datePublished\":\"2026-04-22T00:30:02+00:00\",\"dateModified\":\"2026-04-22T01:26:33+00:00\",\"breadcrumb\":{\"@id\":\"https:\\\/\\\/calmondivulgacoes.com.br\\\/acidente-grave-miguel-calmon-agua-branca\\\/#breadcrumb\"},\"inLanguage\":\"en-US\",\"potentialAction\":[{\"@type\":\"ReadAction\",\"target\":[\"https:\\\/\\\/calmondivulgacoes.com.br\\\/acidente-grave-miguel-calmon-agua-branca\\\/\"]}]},{\"@type\":\"ImageObject\",\"inLanguage\":\"en-US\",\"@id\":\"https:\\\/\\\/calmondivulgacoes.com.br\\\/acidente-grave-miguel-calmon-agua-branca\\\/#primaryimage\",\"url\":\"https:\\\/\\\/calmondivulgacoes.com.br\\\/wp-content\\\/uploads\\\/2026\\\/04\\\/dcd8787d-36be-4c0b-a2c9-dec6056a0cfb.jpeg\",\"contentUrl\":\"https:\\\/\\\/calmondivulgacoes.com.br\\\/wp-content\\\/uploads\\\/2026\\\/04\\\/dcd8787d-36be-4c0b-a2c9-dec6056a0cfb.jpeg\",\"width\":1200,\"height\":1600},{\"@type\":\"BreadcrumbList\",\"@id\":\"https:\\\/\\\/calmondivulgacoes.com.br\\\/acidente-grave-miguel-calmon-agua-branca\\\/#breadcrumb\",\"itemListElement\":[{\"@type\":\"ListItem\",\"position\":1,\"name\":\"In\u00edcio\",\"item\":\"https:\\\/\\\/calmondivulgacoes.com.br\\\/\"},{\"@type\":\"ListItem\",\"position\":2,\"name\":\"Miguel Calmon: Colis\u00e3o Fatal entre Moto e Carro na \u00c1gua Branca (21\\\/04\\\/2026)\"}]},{\"@type\":\"WebSite\",\"@id\":\"https:\\\/\\\/calmondivulgacoes.com.br\\\/#website\",\"url\":\"https:\\\/\\\/calmondivulgacoes.com.br\\\/\",\"name\":\"Calmon Divulga\u00e7\u00f5es\",\"description\":\"e Not\u00edcias\",\"publisher\":{\"@id\":\"https:\\\/\\\/calmondivulgacoes.com.br\\\/#organization\"},\"potentialAction\":[{\"@type\":\"SearchAction\",\"target\":{\"@type\":\"EntryPoint\",\"urlTemplate\":\"https:\\\/\\\/calmondivulgacoes.com.br\\\/?s={search_term_string}\"},\"query-input\":{\"@type\":\"PropertyValueSpecification\",\"valueRequired\":true,\"valueName\":\"search_term_string\"}}],\"inLanguage\":\"en-US\"},{\"@type\":\"Organization\",\"@id\":\"https:\\\/\\\/calmondivulgacoes.com.br\\\/#organization\",\"name\":\"Calmon Divulga\u00e7\u00f5es\",\"url\":\"https:\\\/\\\/calmondivulgacoes.com.br\\\/\",\"logo\":{\"@type\":\"ImageObject\",\"inLanguage\":\"en-US\",\"@id\":\"https:\\\/\\\/calmondivulgacoes.com.br\\\/#\\\/schema\\\/logo\\\/image\\\/\",\"url\":\"https:\\\/\\\/calmondivulgacoes.com.br\\\/wp-content\\\/uploads\\\/2026\\\/04\\\/cropped-WhatsApp_Image_2025-12-02_at_20.44.08-removebg-preview.png\",\"contentUrl\":\"https:\\\/\\\/calmondivulgacoes.com.br\\\/wp-content\\\/uploads\\\/2026\\\/04\\\/cropped-WhatsApp_Image_2025-12-02_at_20.44.08-removebg-preview.png\",\"width\":120,\"height\":120,\"caption\":\"Calmon Divulga\u00e7\u00f5es\"},\"image\":{\"@id\":\"https:\\\/\\\/calmondivulgacoes.com.br\\\/#\\\/schema\\\/logo\\\/image\\\/\"},\"sameAs\":[\"https:\\\/\\\/www.facebook.com\\\/calmondivulgacoes\",\"https:\\\/\\\/www.instagram.com\\\/calmondivulgacoes\\\/\"]},{\"@type\":\"Person\",\"@id\":\"https:\\\/\\\/calmondivulgacoes.com.br\\\/#\\\/schema\\\/person\\\/f51b6a75a3e31b01ea8f6fea23fc01fa\",\"name\":\"Calmon Divulga\u00e7\u00f5es\",\"image\":{\"@type\":\"ImageObject\",\"inLanguage\":\"en-US\",\"@id\":\"https:\\\/\\\/calmondivulgacoes.com.br\\\/wp-content\\\/litespeed\\\/avatar\\\/70d8f8af3b6e7945511481b97d22e67c.jpg?ver=1777223803\",\"url\":\"https:\\\/\\\/calmondivulgacoes.com.br\\\/wp-content\\\/litespeed\\\/avatar\\\/70d8f8af3b6e7945511481b97d22e67c.jpg?ver=1777223803\",\"contentUrl\":\"https:\\\/\\\/calmondivulgacoes.com.br\\\/wp-content\\\/litespeed\\\/avatar\\\/70d8f8af3b6e7945511481b97d22e67c.jpg?ver=1777223803\",\"caption\":\"Calmon Divulga\u00e7\u00f5es\"},\"sameAs\":[\"http:\\\/\\\/calmondivulgacoes.com.br\"],\"url\":\"https:\\\/\\\/calmondivulgacoes.com.br\\\/en\\\/autor\\\/calmondivulgacoesgmail-com\\\/\"}]}<\/script>\n<!-- \/ Yoast SEO plugin. -->","yoast_head_json":{"title":"Miguel Calmon: Colis\u00e3o Fatal entre Moto e Carro na \u00c1gua Branca (21\/04\/2026) - Calmon Divulga\u00e7\u00f5es","robots":{"index":"index","follow":"follow","max-snippet":"max-snippet:-1","max-image-preview":"max-image-preview:large","max-video-preview":"max-video-preview:-1"},"canonical":"https:\/\/calmondivulgacoes.com.br\/en\/acidente-grave-miguel-calmon-agua-branca\/","og_locale":"en_US","og_type":"article","og_title":"Miguel Calmon: Colis\u00e3o Fatal entre Moto e Carro na \u00c1gua Branca (21\/04\/2026) - Calmon Divulga\u00e7\u00f5es","og_description":"Grave acidente na noite de 21\/04\/2026 em Miguel Calmon, BA, pr\u00f3ximo \u00e0 \u00c1gua Branca. Colis\u00e3o entre moto e carro deixa v\u00edtima fatal. Detalhes em apura\u00e7\u00e3o.","og_url":"https:\/\/calmondivulgacoes.com.br\/en\/acidente-grave-miguel-calmon-agua-branca\/","og_site_name":"Calmon Divulga\u00e7\u00f5es","article_publisher":"https:\/\/www.facebook.com\/calmondivulgacoes","article_published_time":"2026-04-22T00:30:02+00:00","article_modified_time":"2026-04-22T01:26:33+00:00","og_image":[{"width":1200,"height":1600,"url":"https:\/\/calmondivulgacoes.com.br\/wp-content\/uploads\/2026\/04\/dcd8787d-36be-4c0b-a2c9-dec6056a0cfb.jpeg","type":"image\/jpeg"}],"author":"Calmon Divulga\u00e7\u00f5es","twitter_card":"summary_large_image","twitter_misc":{"Written by":"Calmon Divulga\u00e7\u00f5es","Est. reading time":"2 minutes"},"schema":{"@context":"https:\/\/schema.org","@graph":[{"@type":"Article","@id":"https:\/\/calmondivulgacoes.com.br\/acidente-grave-miguel-calmon-agua-branca\/#article","isPartOf":{"@id":"https:\/\/calmondivulgacoes.com.br\/acidente-grave-miguel-calmon-agua-branca\/"},"author":{"name":"Calmon Divulga\u00e7\u00f5es","@id":"https:\/\/calmondivulgacoes.com.br\/#\/schema\/person\/f51b6a75a3e31b01ea8f6fea23fc01fa"},"headline":"Miguel Calmon: Colis\u00e3o Fatal entre Moto e Carro na \u00c1gua Branca (21\/04\/2026)","datePublished":"2026-04-22T00:30:02+00:00","dateModified":"2026-04-22T01:26:33+00:00","mainEntityOfPage":{"@id":"https:\/\/calmondivulgacoes.com.br\/acidente-grave-miguel-calmon-agua-branca\/"},"wordCount":156,"publisher":{"@id":"https:\/\/calmondivulgacoes.com.br\/#organization"},"image":{"@id":"https:\/\/calmondivulgacoes.com.br\/acidente-grave-miguel-calmon-agua-branca\/#primaryimage"},"thumbnailUrl":"https:\/\/calmondivulgacoes.com.br\/wp-content\/uploads\/2026\/04\/dcd8787d-36be-4c0b-a2c9-dec6056a0cfb.jpeg","keywords":["acidente","acidente miguel calmon","agua branca","Miguel Calmon","noticias bahia","transito ba","vitima fatal"],"articleSection":["Miguel Calmon"],"inLanguage":"en-US"},{"@type":"WebPage","@id":"https:\/\/calmondivulgacoes.com.br\/acidente-grave-miguel-calmon-agua-branca\/","url":"https:\/\/calmondivulgacoes.com.br\/acidente-grave-miguel-calmon-agua-branca\/","name":"Miguel Calmon: Colis\u00e3o Fatal entre Moto e Carro na \u00c1gua Branca (21\/04\/2026) - Calmon Divulga\u00e7\u00f5es","isPartOf":{"@id":"https:\/\/calmondivulgacoes.com.br\/#website"},"primaryImageOfPage":{"@id":"https:\/\/calmondivulgacoes.com.br\/acidente-grave-miguel-calmon-agua-branca\/#primaryimage"},"image":{"@id":"https:\/\/calmondivulgacoes.com.br\/acidente-grave-miguel-calmon-agua-branca\/#primaryimage"},"thumbnailUrl":"https:\/\/calmondivulgacoes.com.br\/wp-content\/uploads\/2026\/04\/dcd8787d-36be-4c0b-a2c9-dec6056a0cfb.jpeg","datePublished":"2026-04-22T00:30:02+00:00","dateModified":"2026-04-22T01:26:33+00:00","breadcrumb":{"@id":"https:\/\/calmondivulgacoes.com.br\/acidente-grave-miguel-calmon-agua-branca\/#breadcrumb"},"inLanguage":"en-US","potentialAction":[{"@type":"ReadAction","target":["https:\/\/calmondivulgacoes.com.br\/acidente-grave-miguel-calmon-agua-branca\/"]}]},{"@type":"ImageObject","inLanguage":"en-US","@id":"https:\/\/calmondivulgacoes.com.br\/acidente-grave-miguel-calmon-agua-branca\/#primaryimage","url":"https:\/\/calmondivulgacoes.com.br\/wp-content\/uploads\/2026\/04\/dcd8787d-36be-4c0b-a2c9-dec6056a0cfb.jpeg","contentUrl":"https:\/\/calmondivulgacoes.com.br\/wp-content\/uploads\/2026\/04\/dcd8787d-36be-4c0b-a2c9-dec6056a0cfb.jpeg","width":1200,"height":1600},{"@type":"BreadcrumbList","@id":"https:\/\/calmondivulgacoes.com.br\/acidente-grave-miguel-calmon-agua-branca\/#breadcrumb","itemListElement":[{"@type":"ListItem","position":1,"name":"In\u00edcio","item":"https:\/\/calmondivulgacoes.com.br\/"},{"@type":"ListItem","position":2,"name":"Miguel Calmon: Colis\u00e3o Fatal entre Moto e Carro na \u00c1gua Branca (21\/04\/2026)"}]},{"@type":"WebSite","@id":"https:\/\/calmondivulgacoes.com.br\/#website","url":"https:\/\/calmondivulgacoes.com.br\/","name":"Calmon Divulga\u00e7\u00f5es","description":"e Not\u00edcias","publisher":{"@id":"https:\/\/calmondivulgacoes.com.br\/#organization"},"potentialAction":[{"@type":"SearchAction","target":{"@type":"EntryPoint","urlTemplate":"https:\/\/calmondivulgacoes.com.br\/?s={search_term_string}"},"query-input":{"@type":"PropertyValueSpecification","valueRequired":true,"valueName":"search_term_string"}}],"inLanguage":"en-US"},{"@type":"Organization","@id":"https:\/\/calmondivulgacoes.com.br\/#organization","name":"Calmon Divulga\u00e7\u00f5es","url":"https:\/\/calmondivulgacoes.com.br\/","logo":{"@type":"ImageObject","inLanguage":"en-US","@id":"https:\/\/calmondivulgacoes.com.br\/#\/schema\/logo\/image\/","url":"https:\/\/calmondivulgacoes.com.br\/wp-content\/uploads\/2026\/04\/cropped-WhatsApp_Image_2025-12-02_at_20.44.08-removebg-preview.png","contentUrl":"https:\/\/calmondivulgacoes.com.br\/wp-content\/uploads\/2026\/04\/cropped-WhatsApp_Image_2025-12-02_at_20.44.08-removebg-preview.png","width":120,"height":120,"caption":"Calmon Divulga\u00e7\u00f5es"},"image":{"@id":"https:\/\/calmondivulgacoes.com.br\/#\/schema\/logo\/image\/"},"sameAs":["https:\/\/www.facebook.com\/calmondivulgacoes","https:\/\/www.instagram.com\/calmondivulgacoes\/"]},{"@type":"Person","@id":"https:\/\/calmondivulgacoes.com.br\/#\/schema\/person\/f51b6a75a3e31b01ea8f6fea23fc01fa","name":"Calmon Divulga\u00e7\u00f5es","image":{"@type":"ImageObject","inLanguage":"en-US","@id":"https:\/\/calmondivulgacoes.com.br\/wp-content\/litespeed\/avatar\/70d8f8af3b6e7945511481b97d22e67c.jpg?ver=1777223803","url":"https:\/\/calmondivulgacoes.com.br\/wp-content\/litespeed\/avatar\/70d8f8af3b6e7945511481b97d22e67c.jpg?ver=1777223803","contentUrl":"https:\/\/calmondivulgacoes.com.br\/wp-content\/litespeed\/avatar\/70d8f8af3b6e7945511481b97d22e67c.jpg?ver=1777223803","caption":"Calmon Divulga\u00e7\u00f5es"},"sameAs":["http:\/\/calmondivulgacoes.com.br"],"url":"https:\/\/calmondivulgacoes.com.br\/en\/autor\/calmondivulgacoesgmail-com\/"}]}},"uagb_featured_image_src":{"full":["https:\/\/calmondivulgacoes.com.br\/wp-content\/uploads\/2026\/04\/dcd8787d-36be-4c0b-a2c9-dec6056a0cfb.jpeg",1200,1600,false],"thumbnail":["https:\/\/calmondivulgacoes.com.br\/wp-content\/uploads\/2026\/04\/dcd8787d-36be-4c0b-a2c9-dec6056a0cfb-113x150.jpeg",113,150,true],"medium":["https:\/\/calmondivulgacoes.com.br\/wp-content\/uploads\/2026\/04\/dcd8787d-36be-4c0b-a2c9-dec6056a0cfb-225x300.jpeg",225,300,true],"medium_large":["https:\/\/calmondivulgacoes.com.br\/wp-content\/uploads\/2026\/04\/dcd8787d-36be-4c0b-a2c9-dec6056a0cfb-768x1024.jpeg",640,853,true],"large":["https:\/\/calmondivulgacoes.com.br\/wp-content\/uploads\/2026\/04\/dcd8787d-36be-4c0b-a2c9-dec6056a0cfb-768x1024.jpeg",640,853,true],"1536x1536":["https:\/\/calmondivulgacoes.com.br\/wp-content\/uploads\/2026\/04\/dcd8787d-36be-4c0b-a2c9-dec6056a0cfb-1152x1536.jpeg",1152,1536,true],"2048x2048":["https:\/\/calmondivulgacoes.com.br\/wp-content\/uploads\/2026\/04\/dcd8787d-36be-4c0b-a2c9-dec6056a0cfb.jpeg",1200,1600,false],"trp-custom-language-flag":["https:\/\/calmondivulgacoes.com.br\/wp-content\/uploads\/2026\/04\/dcd8787d-36be-4c0b-a2c9-dec6056a0cfb-9x12.jpeg",9,12,true],"cvmm-medium":["https:\/\/calmondivulgacoes.com.br\/wp-content\/uploads\/2026\/04\/dcd8787d-36be-4c0b-a2c9-dec6056a0cfb-300x300.jpeg",300,300,true],"cvmm-medium-plus":["https:\/\/calmondivulgacoes.com.br\/wp-content\/uploads\/2026\/04\/dcd8787d-36be-4c0b-a2c9-dec6056a0cfb-305x207.jpeg",305,207,true],"cvmm-portrait":["https:\/\/calmondivulgacoes.com.br\/wp-content\/uploads\/2026\/04\/dcd8787d-36be-4c0b-a2c9-dec6056a0cfb-400x600.jpeg",400,600,true],"cvmm-medium-square":["https:\/\/calmondivulgacoes.com.br\/wp-content\/uploads\/2026\/04\/dcd8787d-36be-4c0b-a2c9-dec6056a0cfb-600x600.jpeg",600,600,true],"cvmm-large":["https:\/\/calmondivulgacoes.com.br\/wp-content\/uploads\/2026\/04\/dcd8787d-36be-4c0b-a2c9-dec6056a0cfb-1024x1024.jpeg",1024,1024,true],"cvmm-small":["https:\/\/calmondivulgacoes.com.br\/wp-content\/uploads\/2026\/04\/dcd8787d-36be-4c0b-a2c9-dec6056a0cfb-130x95.jpeg",130,95,true]},"uagb_author_info":{"display_name":"Calmon Divulga\u00e7\u00f5es","author_link":"https:\/\/calmondivulgacoes.com.br\/en\/autor\/calmondivulgacoesgmail-com\/"},"uagb_comment_info":0,"uagb_excerpt":"Grave acidente na noite de 21\/04\/2026 em Miguel Calmon, BA, pr\u00f3ximo \u00e0 \u00c1gua Branca. Colis\u00e3o entre moto e carro deixa v\u00edtima fatal. Detalhes em apura\u00e7\u00e3o.","blog_post_layout_featured_media_urls":{"thumbnail":["https:\/\/calmondivulgacoes.com.br\/wp-content\/uploads\/2026\/04\/dcd8787d-36be-4c0b-a2c9-dec6056a0cfb-113x150.jpeg",113,150,true],"full":["https:\/\/calmondivulgacoes.com.br\/wp-content\/uploads\/2026\/04\/dcd8787d-36be-4c0b-a2c9-dec6056a0cfb.jpeg",1200,1600,false]},"categories_names":{"40":{"name":"Miguel Calmon","link":"https:\/\/calmondivulgacoes.com.br\/en\/category\/miguel-calmon\/"}},"tags_names":{"101":{"name":"acidente","link":"https:\/\/calmondivulgacoes.com.br\/en\/tag\/acidente\/"},"100":{"name":"acidente miguel calmon","link":"https:\/\/calmondivulgacoes.com.br\/en\/tag\/acidente-miguel-calmon\/"},"99":{"name":"agua branca","link":"https:\/\/calmondivulgacoes.com.br\/en\/tag\/agua-branca\/"},"83":{"name":"Miguel Calmon","link":"https:\/\/calmondivulgacoes.com.br\/en\/tag\/miguel-calmon\/"},"95":{"name":"noticias bahia","link":"https:\/\/calmondivulgacoes.com.br\/en\/tag\/noticias-bahia\/"},"97":{"name":"transito ba","link":"https:\/\/calmondivulgacoes.com.br\/en\/tag\/transito-ba\/"},"98":{"name":"vitima fatal","link":"https:\/\/calmondivulgacoes.com.br\/en\/tag\/vitima-fatal\/"}},"comments_number":"0","wpmagazine_modules_lite_featured_media_urls":{"thumbnail":["https:\/\/calmondivulgacoes.com.br\/wp-content\/uploads\/2026\/04\/dcd8787d-36be-4c0b-a2c9-dec6056a0cfb-113x150.jpeg",113,150,true],"cvmm-medium":["https:\/\/calmondivulgacoes.com.br\/wp-content\/uploads\/2026\/04\/dcd8787d-36be-4c0b-a2c9-dec6056a0cfb-300x300.jpeg",300,300,true],"cvmm-medium-plus":["https:\/\/calmondivulgacoes.com.br\/wp-content\/uploads\/2026\/04\/dcd8787d-36be-4c0b-a2c9-dec6056a0cfb-305x207.jpeg",305,207,true],"cvmm-portrait":["https:\/\/calmondivulgacoes.com.br\/wp-content\/uploads\/2026\/04\/dcd8787d-36be-4c0b-a2c9-dec6056a0cfb-400x600.jpeg",400,600,true],"cvmm-medium-square":["https:\/\/calmondivulgacoes.com.br\/wp-content\/uploads\/2026\/04\/dcd8787d-36be-4c0b-a2c9-dec6056a0cfb-600x600.jpeg",600,600,true],"cvmm-large":["https:\/\/calmondivulgacoes.com.br\/wp-content\/uploads\/2026\/04\/dcd8787d-36be-4c0b-a2c9-dec6056a0cfb-1024x1024.jpeg",1024,1024,true],"cvmm-small":["https:\/\/calmondivulgacoes.com.br\/wp-content\/uploads\/2026\/04\/dcd8787d-36be-4c0b-a2c9-dec6056a0cfb-130x95.jpeg",130,95,true],"full":["https:\/\/calmondivulgacoes.com.br\/wp-content\/uploads\/2026\/04\/dcd8787d-36be-4c0b-a2c9-dec6056a0cfb.jpeg",1200,1600,false]},"_links":{"self":[{"href":"https:\/\/calmondivulgacoes.com.br\/en\/wp-json\/wp\/v2\/posts\/3337","targetHints":{"allow":["GET"]}}],"collection":[{"href":"https:\/\/calmondivulgacoes.com.br\/en\/wp-json\/wp\/v2\/posts"}],"about":[{"href":"https:\/\/calmondivulgacoes.com.br\/en\/wp-json\/wp\/v2\/types\/post"}],"author":[{"embeddable":true,"href":"https:\/\/calmondivulgacoes.com.br\/en\/wp-json\/wp\/v2\/users\/1"}],"replies":[{"embeddable":true,"href":"https:\/\/calmondivulgacoes.com.br\/en\/wp-json\/wp\/v2\/comments?post=3337"}],"version-history":[{"count":2,"href":"https:\/\/calmondivulgacoes.com.br\/en\/wp-json\/wp\/v2\/posts\/3337\/revisions"}],"predecessor-version":[{"id":3341,"href":"https:\/\/calmondivulgacoes.com.br\/en\/wp-json\/wp\/v2\/posts\/3337\/revisions\/3341"}],"wp:featuredmedia":[{"embeddable":true,"href":"https:\/\/calmondivulgacoes.com.br\/en\/wp-json\/wp\/v2\/media\/3339"}],"wp:attachment":[{"href":"https:\/\/calmondivulgacoes.com.br\/en\/wp-json\/wp\/v2\/media?parent=3337"}],"wp:term":[{"taxonomy":"category","embeddable":true,"href":"https:\/\/calmondivulgacoes.com.br\/en\/wp-json\/wp\/v2\/categories?post=3337"},{"taxonomy":"post_tag","embeddable":true,"href":"https:\/\/calmondivulgacoes.com.br\/en\/wp-json\/wp\/v2\/tags?post=3337"}],"curies":[{"name":"wp","href":"https:\/\/api.w.org\/{rel}","templated":true}]}}