{"id":3330,"date":"2026-04-21T09:25:04","date_gmt":"2026-04-21T12:25:04","guid":{"rendered":"https:\/\/calmondivulgacoes.com.br\/?p=3330"},"modified":"2026-04-21T09:35:45","modified_gmt":"2026-04-21T12:35:45","slug":"colisao-fatal-chapada-diamantina-seabra","status":"publish","type":"post","link":"https:\/\/calmondivulgacoes.com.br\/en\/colisao-fatal-chapada-diamantina-seabra\/","title":{"rendered":"Trag\u00e9dia na Chapada Diamantina: 7 mortos em colis\u00e3o brutal na BA-148 em Seabra"},"content":{"rendered":"<figure class=\"wp-block-image size-large\"><img fetchpriority=\"high\" decoding=\"async\" width=\"1024\" height=\"107\" src=\"https:\/\/calmondivulgacoes.com.br\/wp-content\/uploads\/2026\/04\/Design-sem-nome-5-1024x107.png\" alt=\"\" class=\"wp-image-3142\" srcset=\"https:\/\/calmondivulgacoes.com.br\/wp-content\/uploads\/2026\/04\/Design-sem-nome-5-1024x107.png 1024w, https:\/\/calmondivulgacoes.com.br\/wp-content\/uploads\/2026\/04\/Design-sem-nome-5-300x31.png 300w, https:\/\/calmondivulgacoes.com.br\/wp-content\/uploads\/2026\/04\/Design-sem-nome-5-150x16.png 150w, https:\/\/calmondivulgacoes.com.br\/wp-content\/uploads\/2026\/04\/Design-sem-nome-5-768x80.png 768w, https:\/\/calmondivulgacoes.com.br\/wp-content\/uploads\/2026\/04\/Design-sem-nome-5-1536x160.png 1536w, https:\/\/calmondivulgacoes.com.br\/wp-content\/uploads\/2026\/04\/Design-sem-nome-5.png 1920w\" sizes=\"(max-width: 1024px) 100vw, 1024px\" \/><\/figure>\n\n\n\n<h2 class=\"wp-block-heading\">Batida devastadora na BA-148: Sete vidas perdidas em Seabra e regi\u00e3o<\/h2>\n\n\n\n<p class=\"has-regular-font-size\">Uma violenta colis\u00e3o entre dois ve\u00edculos resultou em uma trag\u00e9dia na Chapada Diamantina, na noite de domingo (19). O acidente, que ocorreu em um trecho da BA-148, entre Boninal e Seabra, ceifou a vida de sete pessoas e deixou outras tr\u00eas feridas, abalando a comunidade local.<\/p>\n\n\n\n<p class=\"has-regular-font-size\">As circunst\u00e2ncias exatas que levaram \u00e0 grave batida ainda est\u00e3o sob investiga\u00e7\u00e3o pela Pol\u00edcia Civil, que confirmou a colis\u00e3o frontal entre os autom\u00f3veis. A not\u00edcia gerou como\u00e7\u00e3o e levou a Prefeitura de Seabra a decretar luto oficial.<\/p>\n\n\n\n<p class=\"has-regular-font-size\">As v\u00edtimas fatais foram identificadas como Fl\u00e1via da Silva Oliveira, Vanessa Fernandes Ferreira Rodrigues, Itamara Matos Novais, Eli Elson da Silva Santos Filho e Maria Isabel Sales Santos, que estavam no mesmo carro. No segundo ve\u00edculo, estavam Hildete Celestina de Souza e Ca\u00edque Oliveira Souza, que tamb\u00e9m faleceram, juntamente com os sobreviventes. Conforme informa\u00e7\u00f5es divulgadas, as v\u00edtimas eram amigos e familiares, aumentando a dor e o impacto da perda para a regi\u00e3o.<\/p>\n\n\n\n<h3 class=\"wp-block-heading\">Identidades das V\u00edtimas e Sobreviventes<\/h3>\n\n\n\n<p>No primeiro ve\u00edculo, viajavam cinco amigos que perderam a vida no tr\u00e1gico evento: Fl\u00e1via da Silva Oliveira, Vanessa Fernandes Ferreira Rodrigues, Itamara Matos Novais, Eli Elson da Silva Santos Filho e Maria Isabel Sales Santos. A identidade dos ocupantes do segundo carro, que tamb\u00e9m resultou em fatalidades, era de Hildete Celestina de Souza e Ca\u00edque Oliveira Souza.<\/p>\n\n\n\n<p>As tr\u00eas pessoas que sobreviveram ao grave acidente s\u00e3o duas crian\u00e7as, de 5 e 11 anos, e uma jovem de 18 anos. As crian\u00e7as sofreram os ferimentos mais s\u00e9rios. A de 5 anos precisar\u00e1 passar por cirurgia devido a uma fratura no f\u00eamur, enquanto a de 11 anos apresenta les\u00f5es graves pelo corpo. A jovem de 18 anos est\u00e1 em estado de sa\u00fade est\u00e1vel e sua alta hospitalar \u00e9 prevista para as pr\u00f3ximas horas.<\/p>\n\n\n\n<h3 class=\"wp-block-heading\">Luto Oficial e Solidariedade das Autoridades<\/h3>\n\n\n\n<p>A Prefeitura de Seabra manifestou seu profundo pesar pelo ocorrido atrav\u00e9s das redes sociais, oferecendo solidariedade aos familiares das v\u00edtimas e colocando-se \u00e0 disposi\u00e7\u00e3o para o apoio necess\u00e1rio. Em sinal de respeito e consterna\u00e7\u00e3o, o munic\u00edpio decretou tr\u00eas dias de luto oficial.<\/p>\n\n\n\n<p>O governador da Bahia, Jer\u00f4nimo Rodrigues, tamb\u00e9m expressou sua tristeza diante do acidente fatal. Ele informou que as equipes do Corpo de Bombeiros, do Departamento de Pol\u00edcia T\u00e9cnica e da Secretaria da Sa\u00fade j\u00e1 est\u00e3o mobilizadas para prestar todo o suporte necess\u00e1rio \u00e0s v\u00edtimas e seus familiares, acompanhando de perto a assist\u00eancia prestada e desejando pronta recupera\u00e7\u00e3o aos feridos.<\/p>\n\n\n\n<h3 class=\"wp-block-heading\">Investiga\u00e7\u00e3o e Pr\u00f3ximos Passos<\/h3>\n\n\n\n<p>Os corpos das sete v\u00edtimas foram encaminhados ao Departamento de Pol\u00edcia T\u00e9cnica (DPT) da regi\u00e3o para os procedimentos cab\u00edveis. O caso foi registrado na 1\u00aa Delegacia Territorial (DT) de Seabra, que dar\u00e1 prosseguimento \u00e0s investiga\u00e7\u00f5es para apurar as*causas exatas do acidente e as responsabilidades pelo ocorrido na BA-148.<\/p>\n\n\n\n<p>A comunidade da Chapada Diamantina se une em ora\u00e7\u00f5es e em apoio \u00e0s fam\u00edlias enlutadas, esperando que a justi\u00e7a seja feita e que medidas de seguran\u00e7a sejam refor\u00e7adas para evitar novas trag\u00e9dias como esta.<\/p>\n\n\n\n<figure class=\"wp-block-image size-full\"><img decoding=\"async\" width=\"615\" height=\"395\" src=\"https:\/\/calmondivulgacoes.com.br\/wp-content\/uploads\/2026\/04\/ggg2.png\" alt=\"\" class=\"wp-image-3332\" srcset=\"https:\/\/calmondivulgacoes.com.br\/wp-content\/uploads\/2026\/04\/ggg2.png 615w, https:\/\/calmondivulgacoes.com.br\/wp-content\/uploads\/2026\/04\/ggg2-300x193.png 300w, https:\/\/calmondivulgacoes.com.br\/wp-content\/uploads\/2026\/04\/ggg2-150x96.png 150w, https:\/\/calmondivulgacoes.com.br\/wp-content\/uploads\/2026\/04\/ggg2-18x12.png 18w\" sizes=\"(max-width: 615px) 100vw, 615px\" \/><\/figure>\n\n\n\n<figure class=\"wp-block-image size-large\"><img decoding=\"async\" width=\"819\" height=\"1024\" src=\"https:\/\/calmondivulgacoes.com.br\/wp-content\/uploads\/2026\/04\/patrocionadores-5-819x1024.png\" alt=\"\" class=\"wp-image-3169\" srcset=\"https:\/\/calmondivulgacoes.com.br\/wp-content\/uploads\/2026\/04\/patrocionadores-5-819x1024.png 819w, https:\/\/calmondivulgacoes.com.br\/wp-content\/uploads\/2026\/04\/patrocionadores-5-240x300.png 240w, https:\/\/calmondivulgacoes.com.br\/wp-content\/uploads\/2026\/04\/patrocionadores-5-120x150.png 120w, https:\/\/calmondivulgacoes.com.br\/wp-content\/uploads\/2026\/04\/patrocionadores-5-768x960.png 768w, https:\/\/calmondivulgacoes.com.br\/wp-content\/uploads\/2026\/04\/patrocionadores-5.png 1080w\" sizes=\"(max-width: 819px) 100vw, 819px\" \/><\/figure>","protected":false},"excerpt":{"rendered":"<p>Trag\u00e9dia na Chapada Diamantina: colis\u00e3o fatal na BA-148 em Seabra deixa 7 mortos e 3 feridos. <\/p>","protected":false},"author":1,"featured_media":3333,"comment_status":"closed","ping_status":"closed","sticky":false,"template":"","format":"standard","meta":{"_uag_custom_page_level_css":"","_monsterinsights_skip_tracking":false,"_monsterinsights_sitenote_active":false,"_monsterinsights_sitenote_note":"","_monsterinsights_sitenote_category":0,"maa_idioma":"","maa_pais":"","footnotes":""},"categories":[42],"tags":[89,94,90,92,91,93],"class_list":["post-3330","post","type-post","status-publish","format-standard","has-post-thumbnail","hentry","category-regiao","tag-acidente-chapada-diamantina","tag-acidente-de-transito","tag-colisao-ba-148","tag-luto-oficial-bahia","tag-tragedia-seabra","tag-vitimas-fatais"],"yoast_head":"<!-- This site is optimized with the Yoast SEO plugin v27.4 - https:\/\/yoast.com\/product\/yoast-seo-wordpress\/ -->\n<title>Trag\u00e9dia na Chapada Diamantina: 7 mortos em colis\u00e3o brutal na BA-148 em Seabra - Calmon Divulga\u00e7\u00f5es<\/title>\n<meta name=\"robots\" content=\"index, follow, max-snippet:-1, max-image-preview:large, max-video-preview:-1\" \/>\n<link rel=\"canonical\" href=\"https:\/\/calmondivulgacoes.com.br\/en\/colisao-fatal-chapada-diamantina-seabra\/\" \/>\n<meta property=\"og:locale\" content=\"en_US\" \/>\n<meta property=\"og:type\" content=\"article\" \/>\n<meta property=\"og:title\" content=\"Trag\u00e9dia na Chapada Diamantina: 7 mortos em colis\u00e3o brutal na BA-148 em Seabra - Calmon Divulga\u00e7\u00f5es\" \/>\n<meta property=\"og:description\" content=\"Trag\u00e9dia na Chapada Diamantina: colis\u00e3o fatal na BA-148 em Seabra deixa 7 mortos e 3 feridos.\" \/>\n<meta property=\"og:url\" content=\"https:\/\/calmondivulgacoes.com.br\/en\/colisao-fatal-chapada-diamantina-seabra\/\" \/>\n<meta property=\"og:site_name\" content=\"Calmon Divulga\u00e7\u00f5es\" \/>\n<meta property=\"article:publisher\" content=\"https:\/\/www.facebook.com\/calmondivulgacoes\" \/>\n<meta property=\"article:published_time\" content=\"2026-04-21T12:25:04+00:00\" \/>\n<meta property=\"article:modified_time\" content=\"2026-04-21T12:35:45+00:00\" \/>\n<meta property=\"og:image\" content=\"https:\/\/calmondivulgacoes.com.br\/wp-content\/uploads\/2026\/04\/ggg.png\" \/>\n\t<meta property=\"og:image:width\" content=\"631\" \/>\n\t<meta property=\"og:image:height\" content=\"399\" \/>\n\t<meta property=\"og:image:type\" content=\"image\/png\" \/>\n<meta name=\"author\" content=\"Calmon Divulga\u00e7\u00f5es\" \/>\n<meta name=\"twitter:card\" content=\"summary_large_image\" \/>\n<meta name=\"twitter:label1\" content=\"Written by\" \/>\n\t<meta name=\"twitter:data1\" content=\"Calmon Divulga\u00e7\u00f5es\" \/>\n\t<meta name=\"twitter:label2\" content=\"Est. reading time\" \/>\n\t<meta name=\"twitter:data2\" content=\"4 minutes\" \/>\n<script type=\"application\/ld+json\" class=\"yoast-schema-graph\">{\"@context\":\"https:\\\/\\\/schema.org\",\"@graph\":[{\"@type\":\"Article\",\"@id\":\"https:\\\/\\\/calmondivulgacoes.com.br\\\/colisao-fatal-chapada-diamantina-seabra\\\/#article\",\"isPartOf\":{\"@id\":\"https:\\\/\\\/calmondivulgacoes.com.br\\\/colisao-fatal-chapada-diamantina-seabra\\\/\"},\"author\":{\"name\":\"Calmon Divulga\u00e7\u00f5es\",\"@id\":\"https:\\\/\\\/calmondivulgacoes.com.br\\\/#\\\/schema\\\/person\\\/f51b6a75a3e31b01ea8f6fea23fc01fa\"},\"headline\":\"Trag\u00e9dia na Chapada Diamantina: 7 mortos em colis\u00e3o brutal na BA-148 em Seabra\",\"datePublished\":\"2026-04-21T12:25:04+00:00\",\"dateModified\":\"2026-04-21T12:35:45+00:00\",\"mainEntityOfPage\":{\"@id\":\"https:\\\/\\\/calmondivulgacoes.com.br\\\/colisao-fatal-chapada-diamantina-seabra\\\/\"},\"wordCount\":567,\"publisher\":{\"@id\":\"https:\\\/\\\/calmondivulgacoes.com.br\\\/#organization\"},\"image\":{\"@id\":\"https:\\\/\\\/calmondivulgacoes.com.br\\\/colisao-fatal-chapada-diamantina-seabra\\\/#primaryimage\"},\"thumbnailUrl\":\"https:\\\/\\\/calmondivulgacoes.com.br\\\/wp-content\\\/uploads\\\/2026\\\/04\\\/ggg.png\",\"keywords\":[\"Acidente Chapada Diamantina\",\"Acidente de tr\u00e2nsito\",\"Colis\u00e3o BA-148\",\"Luto oficial Bahia\",\"Trag\u00e9dia Seabra\",\"V\u00edtimas fatais\"],\"articleSection\":[\"Regi\u00e3o\"],\"inLanguage\":\"en-US\"},{\"@type\":\"WebPage\",\"@id\":\"https:\\\/\\\/calmondivulgacoes.com.br\\\/colisao-fatal-chapada-diamantina-seabra\\\/\",\"url\":\"https:\\\/\\\/calmondivulgacoes.com.br\\\/colisao-fatal-chapada-diamantina-seabra\\\/\",\"name\":\"Trag\u00e9dia na Chapada Diamantina: 7 mortos em colis\u00e3o brutal na BA-148 em Seabra - Calmon Divulga\u00e7\u00f5es\",\"isPartOf\":{\"@id\":\"https:\\\/\\\/calmondivulgacoes.com.br\\\/#website\"},\"primaryImageOfPage\":{\"@id\":\"https:\\\/\\\/calmondivulgacoes.com.br\\\/colisao-fatal-chapada-diamantina-seabra\\\/#primaryimage\"},\"image\":{\"@id\":\"https:\\\/\\\/calmondivulgacoes.com.br\\\/colisao-fatal-chapada-diamantina-seabra\\\/#primaryimage\"},\"thumbnailUrl\":\"https:\\\/\\\/calmondivulgacoes.com.br\\\/wp-content\\\/uploads\\\/2026\\\/04\\\/ggg.png\",\"datePublished\":\"2026-04-21T12:25:04+00:00\",\"dateModified\":\"2026-04-21T12:35:45+00:00\",\"breadcrumb\":{\"@id\":\"https:\\\/\\\/calmondivulgacoes.com.br\\\/colisao-fatal-chapada-diamantina-seabra\\\/#breadcrumb\"},\"inLanguage\":\"en-US\",\"potentialAction\":[{\"@type\":\"ReadAction\",\"target\":[\"https:\\\/\\\/calmondivulgacoes.com.br\\\/colisao-fatal-chapada-diamantina-seabra\\\/\"]}]},{\"@type\":\"ImageObject\",\"inLanguage\":\"en-US\",\"@id\":\"https:\\\/\\\/calmondivulgacoes.com.br\\\/colisao-fatal-chapada-diamantina-seabra\\\/#primaryimage\",\"url\":\"https:\\\/\\\/calmondivulgacoes.com.br\\\/wp-content\\\/uploads\\\/2026\\\/04\\\/ggg.png\",\"contentUrl\":\"https:\\\/\\\/calmondivulgacoes.com.br\\\/wp-content\\\/uploads\\\/2026\\\/04\\\/ggg.png\",\"width\":631,\"height\":399},{\"@type\":\"BreadcrumbList\",\"@id\":\"https:\\\/\\\/calmondivulgacoes.com.br\\\/colisao-fatal-chapada-diamantina-seabra\\\/#breadcrumb\",\"itemListElement\":[{\"@type\":\"ListItem\",\"position\":1,\"name\":\"In\u00edcio\",\"item\":\"https:\\\/\\\/calmondivulgacoes.com.br\\\/\"},{\"@type\":\"ListItem\",\"position\":2,\"name\":\"Trag\u00e9dia na Chapada Diamantina: 7 mortos em colis\u00e3o brutal na BA-148 em Seabra\"}]},{\"@type\":\"WebSite\",\"@id\":\"https:\\\/\\\/calmondivulgacoes.com.br\\\/#website\",\"url\":\"https:\\\/\\\/calmondivulgacoes.com.br\\\/\",\"name\":\"Calmon Divulga\u00e7\u00f5es\",\"description\":\"e Not\u00edcias\",\"publisher\":{\"@id\":\"https:\\\/\\\/calmondivulgacoes.com.br\\\/#organization\"},\"potentialAction\":[{\"@type\":\"SearchAction\",\"target\":{\"@type\":\"EntryPoint\",\"urlTemplate\":\"https:\\\/\\\/calmondivulgacoes.com.br\\\/?s={search_term_string}\"},\"query-input\":{\"@type\":\"PropertyValueSpecification\",\"valueRequired\":true,\"valueName\":\"search_term_string\"}}],\"inLanguage\":\"en-US\"},{\"@type\":\"Organization\",\"@id\":\"https:\\\/\\\/calmondivulgacoes.com.br\\\/#organization\",\"name\":\"Calmon Divulga\u00e7\u00f5es\",\"url\":\"https:\\\/\\\/calmondivulgacoes.com.br\\\/\",\"logo\":{\"@type\":\"ImageObject\",\"inLanguage\":\"en-US\",\"@id\":\"https:\\\/\\\/calmondivulgacoes.com.br\\\/#\\\/schema\\\/logo\\\/image\\\/\",\"url\":\"https:\\\/\\\/calmondivulgacoes.com.br\\\/wp-content\\\/uploads\\\/2026\\\/04\\\/cropped-WhatsApp_Image_2025-12-02_at_20.44.08-removebg-preview.png\",\"contentUrl\":\"https:\\\/\\\/calmondivulgacoes.com.br\\\/wp-content\\\/uploads\\\/2026\\\/04\\\/cropped-WhatsApp_Image_2025-12-02_at_20.44.08-removebg-preview.png\",\"width\":120,\"height\":120,\"caption\":\"Calmon Divulga\u00e7\u00f5es\"},\"image\":{\"@id\":\"https:\\\/\\\/calmondivulgacoes.com.br\\\/#\\\/schema\\\/logo\\\/image\\\/\"},\"sameAs\":[\"https:\\\/\\\/www.facebook.com\\\/calmondivulgacoes\",\"https:\\\/\\\/www.instagram.com\\\/calmondivulgacoes\\\/\"]},{\"@type\":\"Person\",\"@id\":\"https:\\\/\\\/calmondivulgacoes.com.br\\\/#\\\/schema\\\/person\\\/f51b6a75a3e31b01ea8f6fea23fc01fa\",\"name\":\"Calmon Divulga\u00e7\u00f5es\",\"image\":{\"@type\":\"ImageObject\",\"inLanguage\":\"en-US\",\"@id\":\"https:\\\/\\\/calmondivulgacoes.com.br\\\/wp-content\\\/litespeed\\\/avatar\\\/70d8f8af3b6e7945511481b97d22e67c.jpg?ver=1777223803\",\"url\":\"https:\\\/\\\/calmondivulgacoes.com.br\\\/wp-content\\\/litespeed\\\/avatar\\\/70d8f8af3b6e7945511481b97d22e67c.jpg?ver=1777223803\",\"contentUrl\":\"https:\\\/\\\/calmondivulgacoes.com.br\\\/wp-content\\\/litespeed\\\/avatar\\\/70d8f8af3b6e7945511481b97d22e67c.jpg?ver=1777223803\",\"caption\":\"Calmon Divulga\u00e7\u00f5es\"},\"sameAs\":[\"http:\\\/\\\/calmondivulgacoes.com.br\"],\"url\":\"https:\\\/\\\/calmondivulgacoes.com.br\\\/en\\\/autor\\\/calmondivulgacoesgmail-com\\\/\"}]}<\/script>\n<!-- \/ Yoast SEO plugin. -->","yoast_head_json":{"title":"Trag\u00e9dia na Chapada Diamantina: 7 mortos em colis\u00e3o brutal na BA-148 em Seabra - Calmon Divulga\u00e7\u00f5es","robots":{"index":"index","follow":"follow","max-snippet":"max-snippet:-1","max-image-preview":"max-image-preview:large","max-video-preview":"max-video-preview:-1"},"canonical":"https:\/\/calmondivulgacoes.com.br\/en\/colisao-fatal-chapada-diamantina-seabra\/","og_locale":"en_US","og_type":"article","og_title":"Trag\u00e9dia na Chapada Diamantina: 7 mortos em colis\u00e3o brutal na BA-148 em Seabra - Calmon Divulga\u00e7\u00f5es","og_description":"Trag\u00e9dia na Chapada Diamantina: colis\u00e3o fatal na BA-148 em Seabra deixa 7 mortos e 3 feridos.","og_url":"https:\/\/calmondivulgacoes.com.br\/en\/colisao-fatal-chapada-diamantina-seabra\/","og_site_name":"Calmon Divulga\u00e7\u00f5es","article_publisher":"https:\/\/www.facebook.com\/calmondivulgacoes","article_published_time":"2026-04-21T12:25:04+00:00","article_modified_time":"2026-04-21T12:35:45+00:00","og_image":[{"width":631,"height":399,"url":"https:\/\/calmondivulgacoes.com.br\/wp-content\/uploads\/2026\/04\/ggg.png","type":"image\/png"}],"author":"Calmon Divulga\u00e7\u00f5es","twitter_card":"summary_large_image","twitter_misc":{"Written by":"Calmon Divulga\u00e7\u00f5es","Est. reading time":"4 minutes"},"schema":{"@context":"https:\/\/schema.org","@graph":[{"@type":"Article","@id":"https:\/\/calmondivulgacoes.com.br\/colisao-fatal-chapada-diamantina-seabra\/#article","isPartOf":{"@id":"https:\/\/calmondivulgacoes.com.br\/colisao-fatal-chapada-diamantina-seabra\/"},"author":{"name":"Calmon Divulga\u00e7\u00f5es","@id":"https:\/\/calmondivulgacoes.com.br\/#\/schema\/person\/f51b6a75a3e31b01ea8f6fea23fc01fa"},"headline":"Trag\u00e9dia na Chapada Diamantina: 7 mortos em colis\u00e3o brutal na BA-148 em Seabra","datePublished":"2026-04-21T12:25:04+00:00","dateModified":"2026-04-21T12:35:45+00:00","mainEntityOfPage":{"@id":"https:\/\/calmondivulgacoes.com.br\/colisao-fatal-chapada-diamantina-seabra\/"},"wordCount":567,"publisher":{"@id":"https:\/\/calmondivulgacoes.com.br\/#organization"},"image":{"@id":"https:\/\/calmondivulgacoes.com.br\/colisao-fatal-chapada-diamantina-seabra\/#primaryimage"},"thumbnailUrl":"https:\/\/calmondivulgacoes.com.br\/wp-content\/uploads\/2026\/04\/ggg.png","keywords":["Acidente Chapada Diamantina","Acidente de tr\u00e2nsito","Colis\u00e3o BA-148","Luto oficial Bahia","Trag\u00e9dia Seabra","V\u00edtimas fatais"],"articleSection":["Regi\u00e3o"],"inLanguage":"en-US"},{"@type":"WebPage","@id":"https:\/\/calmondivulgacoes.com.br\/colisao-fatal-chapada-diamantina-seabra\/","url":"https:\/\/calmondivulgacoes.com.br\/colisao-fatal-chapada-diamantina-seabra\/","name":"Trag\u00e9dia na Chapada Diamantina: 7 mortos em colis\u00e3o brutal na BA-148 em Seabra - Calmon Divulga\u00e7\u00f5es","isPartOf":{"@id":"https:\/\/calmondivulgacoes.com.br\/#website"},"primaryImageOfPage":{"@id":"https:\/\/calmondivulgacoes.com.br\/colisao-fatal-chapada-diamantina-seabra\/#primaryimage"},"image":{"@id":"https:\/\/calmondivulgacoes.com.br\/colisao-fatal-chapada-diamantina-seabra\/#primaryimage"},"thumbnailUrl":"https:\/\/calmondivulgacoes.com.br\/wp-content\/uploads\/2026\/04\/ggg.png","datePublished":"2026-04-21T12:25:04+00:00","dateModified":"2026-04-21T12:35:45+00:00","breadcrumb":{"@id":"https:\/\/calmondivulgacoes.com.br\/colisao-fatal-chapada-diamantina-seabra\/#breadcrumb"},"inLanguage":"en-US","potentialAction":[{"@type":"ReadAction","target":["https:\/\/calmondivulgacoes.com.br\/colisao-fatal-chapada-diamantina-seabra\/"]}]},{"@type":"ImageObject","inLanguage":"en-US","@id":"https:\/\/calmondivulgacoes.com.br\/colisao-fatal-chapada-diamantina-seabra\/#primaryimage","url":"https:\/\/calmondivulgacoes.com.br\/wp-content\/uploads\/2026\/04\/ggg.png","contentUrl":"https:\/\/calmondivulgacoes.com.br\/wp-content\/uploads\/2026\/04\/ggg.png","width":631,"height":399},{"@type":"BreadcrumbList","@id":"https:\/\/calmondivulgacoes.com.br\/colisao-fatal-chapada-diamantina-seabra\/#breadcrumb","itemListElement":[{"@type":"ListItem","position":1,"name":"In\u00edcio","item":"https:\/\/calmondivulgacoes.com.br\/"},{"@type":"ListItem","position":2,"name":"Trag\u00e9dia na Chapada Diamantina: 7 mortos em colis\u00e3o brutal na BA-148 em Seabra"}]},{"@type":"WebSite","@id":"https:\/\/calmondivulgacoes.com.br\/#website","url":"https:\/\/calmondivulgacoes.com.br\/","name":"Calmon Divulga\u00e7\u00f5es","description":"e Not\u00edcias","publisher":{"@id":"https:\/\/calmondivulgacoes.com.br\/#organization"},"potentialAction":[{"@type":"SearchAction","target":{"@type":"EntryPoint","urlTemplate":"https:\/\/calmondivulgacoes.com.br\/?s={search_term_string}"},"query-input":{"@type":"PropertyValueSpecification","valueRequired":true,"valueName":"search_term_string"}}],"inLanguage":"en-US"},{"@type":"Organization","@id":"https:\/\/calmondivulgacoes.com.br\/#organization","name":"Calmon Divulga\u00e7\u00f5es","url":"https:\/\/calmondivulgacoes.com.br\/","logo":{"@type":"ImageObject","inLanguage":"en-US","@id":"https:\/\/calmondivulgacoes.com.br\/#\/schema\/logo\/image\/","url":"https:\/\/calmondivulgacoes.com.br\/wp-content\/uploads\/2026\/04\/cropped-WhatsApp_Image_2025-12-02_at_20.44.08-removebg-preview.png","contentUrl":"https:\/\/calmondivulgacoes.com.br\/wp-content\/uploads\/2026\/04\/cropped-WhatsApp_Image_2025-12-02_at_20.44.08-removebg-preview.png","width":120,"height":120,"caption":"Calmon Divulga\u00e7\u00f5es"},"image":{"@id":"https:\/\/calmondivulgacoes.com.br\/#\/schema\/logo\/image\/"},"sameAs":["https:\/\/www.facebook.com\/calmondivulgacoes","https:\/\/www.instagram.com\/calmondivulgacoes\/"]},{"@type":"Person","@id":"https:\/\/calmondivulgacoes.com.br\/#\/schema\/person\/f51b6a75a3e31b01ea8f6fea23fc01fa","name":"Calmon Divulga\u00e7\u00f5es","image":{"@type":"ImageObject","inLanguage":"en-US","@id":"https:\/\/calmondivulgacoes.com.br\/wp-content\/litespeed\/avatar\/70d8f8af3b6e7945511481b97d22e67c.jpg?ver=1777223803","url":"https:\/\/calmondivulgacoes.com.br\/wp-content\/litespeed\/avatar\/70d8f8af3b6e7945511481b97d22e67c.jpg?ver=1777223803","contentUrl":"https:\/\/calmondivulgacoes.com.br\/wp-content\/litespeed\/avatar\/70d8f8af3b6e7945511481b97d22e67c.jpg?ver=1777223803","caption":"Calmon Divulga\u00e7\u00f5es"},"sameAs":["http:\/\/calmondivulgacoes.com.br"],"url":"https:\/\/calmondivulgacoes.com.br\/en\/autor\/calmondivulgacoesgmail-com\/"}]}},"uagb_featured_image_src":{"full":["https:\/\/calmondivulgacoes.com.br\/wp-content\/uploads\/2026\/04\/ggg.png",631,399,false],"thumbnail":["https:\/\/calmondivulgacoes.com.br\/wp-content\/uploads\/2026\/04\/ggg-150x95.png",150,95,true],"medium":["https:\/\/calmondivulgacoes.com.br\/wp-content\/uploads\/2026\/04\/ggg-300x190.png",300,190,true],"medium_large":["https:\/\/calmondivulgacoes.com.br\/wp-content\/uploads\/2026\/04\/ggg.png",631,399,false],"large":["https:\/\/calmondivulgacoes.com.br\/wp-content\/uploads\/2026\/04\/ggg.png",631,399,false],"1536x1536":["https:\/\/calmondivulgacoes.com.br\/wp-content\/uploads\/2026\/04\/ggg.png",631,399,false],"2048x2048":["https:\/\/calmondivulgacoes.com.br\/wp-content\/uploads\/2026\/04\/ggg.png",631,399,false],"trp-custom-language-flag":["https:\/\/calmondivulgacoes.com.br\/wp-content\/uploads\/2026\/04\/ggg-18x12.png",18,12,true],"cvmm-medium":["https:\/\/calmondivulgacoes.com.br\/wp-content\/uploads\/2026\/04\/ggg-300x300.png",300,300,true],"cvmm-medium-plus":["https:\/\/calmondivulgacoes.com.br\/wp-content\/uploads\/2026\/04\/ggg-305x207.png",305,207,true],"cvmm-portrait":["https:\/\/calmondivulgacoes.com.br\/wp-content\/uploads\/2026\/04\/ggg-400x399.png",400,399,true],"cvmm-medium-square":["https:\/\/calmondivulgacoes.com.br\/wp-content\/uploads\/2026\/04\/ggg-600x399.png",600,399,true],"cvmm-large":["https:\/\/calmondivulgacoes.com.br\/wp-content\/uploads\/2026\/04\/ggg.png",631,399,false],"cvmm-small":["https:\/\/calmondivulgacoes.com.br\/wp-content\/uploads\/2026\/04\/ggg-130x95.png",130,95,true]},"uagb_author_info":{"display_name":"Calmon Divulga\u00e7\u00f5es","author_link":"https:\/\/calmondivulgacoes.com.br\/en\/autor\/calmondivulgacoesgmail-com\/"},"uagb_comment_info":0,"uagb_excerpt":"Trag\u00e9dia na Chapada Diamantina: colis\u00e3o fatal na BA-148 em Seabra deixa 7 mortos e 3 feridos.","blog_post_layout_featured_media_urls":{"thumbnail":["https:\/\/calmondivulgacoes.com.br\/wp-content\/uploads\/2026\/04\/ggg-150x95.png",150,95,true],"full":["https:\/\/calmondivulgacoes.com.br\/wp-content\/uploads\/2026\/04\/ggg.png",631,399,false]},"categories_names":{"42":{"name":"Regi\u00e3o","link":"https:\/\/calmondivulgacoes.com.br\/en\/category\/regiao\/"}},"tags_names":{"89":{"name":"Acidente Chapada Diamantina","link":"https:\/\/calmondivulgacoes.com.br\/en\/tag\/acidente-chapada-diamantina\/"},"94":{"name":"Acidente de tr\u00e2nsito","link":"https:\/\/calmondivulgacoes.com.br\/en\/tag\/acidente-de-transito\/"},"90":{"name":"Colis\u00e3o BA-148","link":"https:\/\/calmondivulgacoes.com.br\/en\/tag\/colisao-ba-148\/"},"92":{"name":"Luto oficial Bahia","link":"https:\/\/calmondivulgacoes.com.br\/en\/tag\/luto-oficial-bahia\/"},"91":{"name":"Trag\u00e9dia Seabra","link":"https:\/\/calmondivulgacoes.com.br\/en\/tag\/tragedia-seabra\/"},"93":{"name":"V\u00edtimas fatais","link":"https:\/\/calmondivulgacoes.com.br\/en\/tag\/vitimas-fatais\/"}},"comments_number":"0","wpmagazine_modules_lite_featured_media_urls":{"thumbnail":["https:\/\/calmondivulgacoes.com.br\/wp-content\/uploads\/2026\/04\/ggg-150x95.png",150,95,true],"cvmm-medium":["https:\/\/calmondivulgacoes.com.br\/wp-content\/uploads\/2026\/04\/ggg-300x300.png",300,300,true],"cvmm-medium-plus":["https:\/\/calmondivulgacoes.com.br\/wp-content\/uploads\/2026\/04\/ggg-305x207.png",305,207,true],"cvmm-portrait":["https:\/\/calmondivulgacoes.com.br\/wp-content\/uploads\/2026\/04\/ggg-400x399.png",400,399,true],"cvmm-medium-square":["https:\/\/calmondivulgacoes.com.br\/wp-content\/uploads\/2026\/04\/ggg-600x399.png",600,399,true],"cvmm-large":["https:\/\/calmondivulgacoes.com.br\/wp-content\/uploads\/2026\/04\/ggg.png",631,399,false],"cvmm-small":["https:\/\/calmondivulgacoes.com.br\/wp-content\/uploads\/2026\/04\/ggg-130x95.png",130,95,true],"full":["https:\/\/calmondivulgacoes.com.br\/wp-content\/uploads\/2026\/04\/ggg.png",631,399,false]},"_links":{"self":[{"href":"https:\/\/calmondivulgacoes.com.br\/en\/wp-json\/wp\/v2\/posts\/3330","targetHints":{"allow":["GET"]}}],"collection":[{"href":"https:\/\/calmondivulgacoes.com.br\/en\/wp-json\/wp\/v2\/posts"}],"about":[{"href":"https:\/\/calmondivulgacoes.com.br\/en\/wp-json\/wp\/v2\/types\/post"}],"author":[{"embeddable":true,"href":"https:\/\/calmondivulgacoes.com.br\/en\/wp-json\/wp\/v2\/users\/1"}],"replies":[{"embeddable":true,"href":"https:\/\/calmondivulgacoes.com.br\/en\/wp-json\/wp\/v2\/comments?post=3330"}],"version-history":[{"count":2,"href":"https:\/\/calmondivulgacoes.com.br\/en\/wp-json\/wp\/v2\/posts\/3330\/revisions"}],"predecessor-version":[{"id":3335,"href":"https:\/\/calmondivulgacoes.com.br\/en\/wp-json\/wp\/v2\/posts\/3330\/revisions\/3335"}],"wp:featuredmedia":[{"embeddable":true,"href":"https:\/\/calmondivulgacoes.com.br\/en\/wp-json\/wp\/v2\/media\/3333"}],"wp:attachment":[{"href":"https:\/\/calmondivulgacoes.com.br\/en\/wp-json\/wp\/v2\/media?parent=3330"}],"wp:term":[{"taxonomy":"category","embeddable":true,"href":"https:\/\/calmondivulgacoes.com.br\/en\/wp-json\/wp\/v2\/categories?post=3330"},{"taxonomy":"post_tag","embeddable":true,"href":"https:\/\/calmondivulgacoes.com.br\/en\/wp-json\/wp\/v2\/tags?post=3330"}],"curies":[{"name":"wp","href":"https:\/\/api.w.org\/{rel}","templated":true}]}}