{"id":3323,"date":"2026-04-20T23:08:33","date_gmt":"2026-04-21T02:08:33","guid":{"rendered":"https:\/\/calmondivulgacoes.com.br\/?p=3323"},"modified":"2026-04-20T23:09:41","modified_gmt":"2026-04-21T02:09:41","slug":"miguel-calmon-centro-velorios","status":"publish","type":"post","link":"https:\/\/calmondivulgacoes.com.br\/en\/miguel-calmon-centro-velorios\/","title":{"rendered":"Prefeitura de Miguel Calmon firma contrato para constru\u00e7\u00e3o de Centro Municipal de Vel\u00f3rios"},"content":{"rendered":"<figure class=\"wp-block-image size-large\"><img fetchpriority=\"high\" decoding=\"async\" width=\"1024\" height=\"107\" src=\"https:\/\/calmondivulgacoes.com.br\/wp-content\/uploads\/2026\/04\/Design-sem-nome-6-1024x107.png\" alt=\"\" class=\"wp-image-3160\" srcset=\"https:\/\/calmondivulgacoes.com.br\/wp-content\/uploads\/2026\/04\/Design-sem-nome-6-1024x107.png 1024w, https:\/\/calmondivulgacoes.com.br\/wp-content\/uploads\/2026\/04\/Design-sem-nome-6-300x31.png 300w, https:\/\/calmondivulgacoes.com.br\/wp-content\/uploads\/2026\/04\/Design-sem-nome-6-150x16.png 150w, https:\/\/calmondivulgacoes.com.br\/wp-content\/uploads\/2026\/04\/Design-sem-nome-6-768x80.png 768w, https:\/\/calmondivulgacoes.com.br\/wp-content\/uploads\/2026\/04\/Design-sem-nome-6-1536x160.png 1536w, https:\/\/calmondivulgacoes.com.br\/wp-content\/uploads\/2026\/04\/Design-sem-nome-6.png 1920w\" sizes=\"(max-width: 1024px) 100vw, 1024px\" \/><\/figure>\n\n\n\n<p class=\"has-regular-font-size\">A Prefeitura Municipal de Miguel Calmon formalizou a contrata\u00e7\u00e3o de empresa especializada para execu\u00e7\u00e3o de obras e servi\u00e7os de engenharia destinados \u00e0 constru\u00e7\u00e3o do Centro Municipal de Vel\u00f3rios no munic\u00edpio de Miguel Calmon.<\/p>\n\n\n\n<p class=\"has-regular-font-size\">At\u00e9 ent\u00e3o n\u00e3o se sabe se houve participa\u00e7\u00e3o popular na escolha do local deste Centro Municipal de Vel\u00f3rio ou indica\u00e7\u00f5es de vereadores ou audi\u00eancia p\u00fablica.<\/p>\n\n\n\n<p class=\"has-regular-font-size\">De acordo com o Contrato n\u00ba 066\/2026, o processo foi realizado por meio de Concorr\u00eancia Eletr\u00f4nica n\u00ba 001\/2026, seguindo os tr\u00e2mites legais estabelecidos para contrata\u00e7\u00f5es p\u00fablicas. O objeto do contrato prev\u00ea a execu\u00e7\u00e3o completa da obra, conforme especifica\u00e7\u00f5es t\u00e9cnicas definidas no edital e no projeto b\u00e1sico anexado ao processo administrativo.<\/p>\n\n\n\n<p class=\"has-regular-font-size\">A empresa contratada \u00e9 a D. Oliveira Lima Constru\u00e7\u00f5es LTDA, inscrita no CNPJ n\u00ba 44.582.661\/0001-48, classificada como pessoa jur\u00eddica. O valor global do contrato \u00e9 de R$ 158.000,00, com pagamento previsto em parcela \u00fanica.<\/p>\n\n\n\n<p class=\"has-regular-font-size\">O contrato foi assinado em 1\u00ba de abril de 2026, com in\u00edcio imediato da vig\u00eancia na mesma data e prazo de execu\u00e7\u00e3o at\u00e9 31 de mar\u00e7o de 2027. A despesa est\u00e1 classificada como recurso p\u00fablico municipal, vinculada \u00e0 unidade administrativa competente.<\/p>\n\n\n\n<p class=\"has-regular-font-size\">A iniciativa visa atender a uma demanda relevante da popula\u00e7\u00e3o, ampliando a infraestrutura p\u00fablica e proporcionando um espa\u00e7o adequado para a realiza\u00e7\u00e3o de vel\u00f3rios no munic\u00edpio.<\/p>\n\n\n\n<p class=\"has-regular-font-size\">Do ponto de vista jur\u00eddico, o contrato est\u00e1 vinculado ao edital da concorr\u00eancia eletr\u00f4nica e \u00e0 proposta vencedora, conforme determina a legisla\u00e7\u00e3o vigente, garantindo transpar\u00eancia, legalidade e observ\u00e2ncia aos princ\u00edpios da administra\u00e7\u00e3o p\u00fablica.<\/p>\n\n\n\n<p class=\"has-regular-font-size\">A constru\u00e7\u00e3o do Centro Municipal de Vel\u00f3rios representa um investimento em infraestrutura social, com impacto direto na presta\u00e7\u00e3o de servi\u00e7os \u00e0 comunidade local.<\/p>\n\n\n\n<figure class=\"wp-block-image size-large\"><img decoding=\"async\" width=\"819\" height=\"1024\" src=\"https:\/\/calmondivulgacoes.com.br\/wp-content\/uploads\/2026\/04\/velorio2-819x1024.png\" alt=\"\" class=\"wp-image-3327\" srcset=\"https:\/\/calmondivulgacoes.com.br\/wp-content\/uploads\/2026\/04\/velorio2-819x1024.png 819w, https:\/\/calmondivulgacoes.com.br\/wp-content\/uploads\/2026\/04\/velorio2-240x300.png 240w, https:\/\/calmondivulgacoes.com.br\/wp-content\/uploads\/2026\/04\/velorio2-120x150.png 120w, https:\/\/calmondivulgacoes.com.br\/wp-content\/uploads\/2026\/04\/velorio2-768x960.png 768w, https:\/\/calmondivulgacoes.com.br\/wp-content\/uploads\/2026\/04\/velorio2-10x12.png 10w, https:\/\/calmondivulgacoes.com.br\/wp-content\/uploads\/2026\/04\/velorio2.png 1080w\" sizes=\"(max-width: 819px) 100vw, 819px\" \/><\/figure>\n\n\n\n<figure class=\"wp-block-image size-large\"><img decoding=\"async\" width=\"819\" height=\"1024\" src=\"https:\/\/calmondivulgacoes.com.br\/wp-content\/uploads\/2026\/04\/patrocionadores-1-819x1024.png\" alt=\"\" class=\"wp-image-3125\" srcset=\"https:\/\/calmondivulgacoes.com.br\/wp-content\/uploads\/2026\/04\/patrocionadores-1-819x1024.png 819w, https:\/\/calmondivulgacoes.com.br\/wp-content\/uploads\/2026\/04\/patrocionadores-1-240x300.png 240w, https:\/\/calmondivulgacoes.com.br\/wp-content\/uploads\/2026\/04\/patrocionadores-1-120x150.png 120w, https:\/\/calmondivulgacoes.com.br\/wp-content\/uploads\/2026\/04\/patrocionadores-1-768x960.png 768w, https:\/\/calmondivulgacoes.com.br\/wp-content\/uploads\/2026\/04\/patrocionadores-1.png 1080w\" sizes=\"(max-width: 819px) 100vw, 819px\" \/><\/figure>","protected":false},"excerpt":{"rendered":"<p>Prefeitura de Miguel Calmon contrata R$ 158 mil para constru\u00e7\u00e3o de Centro Municipal de Vel\u00f3rios.<\/p>","protected":false},"author":1,"featured_media":3324,"comment_status":"closed","ping_status":"closed","sticky":false,"template":"","format":"standard","meta":{"_uag_custom_page_level_css":"","_monsterinsights_skip_tracking":false,"_monsterinsights_sitenote_active":false,"_monsterinsights_sitenote_note":"","_monsterinsights_sitenote_category":0,"maa_idioma":"","maa_pais":"","footnotes":""},"categories":[40],"tags":[84,87,86,88,83,85],"class_list":["post-3323","post","type-post","status-publish","format-standard","has-post-thumbnail","hentry","category-miguel-calmon","tag-centro-de-velorios","tag-contrato-prefeitura","tag-engenharia","tag-infraestrutura-social","tag-miguel-calmon","tag-obras-publicas"],"yoast_head":"<!-- This site is optimized with the Yoast SEO plugin v27.4 - https:\/\/yoast.com\/product\/yoast-seo-wordpress\/ -->\n<title>Prefeitura de Miguel Calmon firma contrato para constru\u00e7\u00e3o de Centro Municipal de Vel\u00f3rios - Calmon Divulga\u00e7\u00f5es<\/title>\n<meta name=\"robots\" content=\"index, follow, max-snippet:-1, max-image-preview:large, max-video-preview:-1\" \/>\n<link rel=\"canonical\" href=\"https:\/\/calmondivulgacoes.com.br\/en\/miguel-calmon-centro-velorios\/\" \/>\n<meta property=\"og:locale\" content=\"en_US\" \/>\n<meta property=\"og:type\" content=\"article\" \/>\n<meta property=\"og:title\" content=\"Prefeitura de Miguel Calmon firma contrato para constru\u00e7\u00e3o de Centro Municipal de Vel\u00f3rios - Calmon Divulga\u00e7\u00f5es\" \/>\n<meta property=\"og:description\" content=\"Prefeitura de Miguel Calmon contrata R$ 158 mil para constru\u00e7\u00e3o de Centro Municipal de Vel\u00f3rios.\" \/>\n<meta property=\"og:url\" content=\"https:\/\/calmondivulgacoes.com.br\/en\/miguel-calmon-centro-velorios\/\" \/>\n<meta property=\"og:site_name\" content=\"Calmon Divulga\u00e7\u00f5es\" \/>\n<meta property=\"article:publisher\" content=\"https:\/\/www.facebook.com\/calmondivulgacoes\" \/>\n<meta property=\"article:published_time\" content=\"2026-04-21T02:08:33+00:00\" \/>\n<meta property=\"article:modified_time\" content=\"2026-04-21T02:09:41+00:00\" \/>\n<meta property=\"og:image\" content=\"https:\/\/calmondivulgacoes.com.br\/wp-content\/uploads\/2026\/04\/velorio1.png\" \/>\n\t<meta property=\"og:image:width\" content=\"1080\" \/>\n\t<meta property=\"og:image:height\" content=\"1350\" \/>\n\t<meta property=\"og:image:type\" content=\"image\/png\" \/>\n<meta name=\"author\" content=\"Calmon Divulga\u00e7\u00f5es\" \/>\n<meta name=\"twitter:card\" content=\"summary_large_image\" \/>\n<meta name=\"twitter:label1\" content=\"Written by\" \/>\n\t<meta name=\"twitter:data1\" content=\"Calmon Divulga\u00e7\u00f5es\" \/>\n\t<meta name=\"twitter:label2\" content=\"Est. reading time\" \/>\n\t<meta name=\"twitter:data2\" content=\"3 minutes\" \/>\n<script type=\"application\/ld+json\" class=\"yoast-schema-graph\">{\"@context\":\"https:\\\/\\\/schema.org\",\"@graph\":[{\"@type\":\"Article\",\"@id\":\"https:\\\/\\\/calmondivulgacoes.com.br\\\/miguel-calmon-centro-velorios\\\/#article\",\"isPartOf\":{\"@id\":\"https:\\\/\\\/calmondivulgacoes.com.br\\\/miguel-calmon-centro-velorios\\\/\"},\"author\":{\"name\":\"Calmon Divulga\u00e7\u00f5es\",\"@id\":\"https:\\\/\\\/calmondivulgacoes.com.br\\\/#\\\/schema\\\/person\\\/f51b6a75a3e31b01ea8f6fea23fc01fa\"},\"headline\":\"Prefeitura de Miguel Calmon firma contrato para constru\u00e7\u00e3o de Centro Municipal de Vel\u00f3rios\",\"datePublished\":\"2026-04-21T02:08:33+00:00\",\"dateModified\":\"2026-04-21T02:09:41+00:00\",\"mainEntityOfPage\":{\"@id\":\"https:\\\/\\\/calmondivulgacoes.com.br\\\/miguel-calmon-centro-velorios\\\/\"},\"wordCount\":315,\"publisher\":{\"@id\":\"https:\\\/\\\/calmondivulgacoes.com.br\\\/#organization\"},\"image\":{\"@id\":\"https:\\\/\\\/calmondivulgacoes.com.br\\\/miguel-calmon-centro-velorios\\\/#primaryimage\"},\"thumbnailUrl\":\"https:\\\/\\\/calmondivulgacoes.com.br\\\/wp-content\\\/uploads\\\/2026\\\/04\\\/velorio1.png\",\"keywords\":[\"Centro de Vel\u00f3rios\",\"Contrato Prefeitura\",\"Engenharia\",\"Infraestrutura Social\",\"Miguel Calmon\",\"Obras P\u00fablicas\"],\"articleSection\":[\"Miguel Calmon\"],\"inLanguage\":\"en-US\"},{\"@type\":\"WebPage\",\"@id\":\"https:\\\/\\\/calmondivulgacoes.com.br\\\/miguel-calmon-centro-velorios\\\/\",\"url\":\"https:\\\/\\\/calmondivulgacoes.com.br\\\/miguel-calmon-centro-velorios\\\/\",\"name\":\"Prefeitura de Miguel Calmon firma contrato para constru\u00e7\u00e3o de Centro Municipal de Vel\u00f3rios - Calmon Divulga\u00e7\u00f5es\",\"isPartOf\":{\"@id\":\"https:\\\/\\\/calmondivulgacoes.com.br\\\/#website\"},\"primaryImageOfPage\":{\"@id\":\"https:\\\/\\\/calmondivulgacoes.com.br\\\/miguel-calmon-centro-velorios\\\/#primaryimage\"},\"image\":{\"@id\":\"https:\\\/\\\/calmondivulgacoes.com.br\\\/miguel-calmon-centro-velorios\\\/#primaryimage\"},\"thumbnailUrl\":\"https:\\\/\\\/calmondivulgacoes.com.br\\\/wp-content\\\/uploads\\\/2026\\\/04\\\/velorio1.png\",\"datePublished\":\"2026-04-21T02:08:33+00:00\",\"dateModified\":\"2026-04-21T02:09:41+00:00\",\"breadcrumb\":{\"@id\":\"https:\\\/\\\/calmondivulgacoes.com.br\\\/miguel-calmon-centro-velorios\\\/#breadcrumb\"},\"inLanguage\":\"en-US\",\"potentialAction\":[{\"@type\":\"ReadAction\",\"target\":[\"https:\\\/\\\/calmondivulgacoes.com.br\\\/miguel-calmon-centro-velorios\\\/\"]}]},{\"@type\":\"ImageObject\",\"inLanguage\":\"en-US\",\"@id\":\"https:\\\/\\\/calmondivulgacoes.com.br\\\/miguel-calmon-centro-velorios\\\/#primaryimage\",\"url\":\"https:\\\/\\\/calmondivulgacoes.com.br\\\/wp-content\\\/uploads\\\/2026\\\/04\\\/velorio1.png\",\"contentUrl\":\"https:\\\/\\\/calmondivulgacoes.com.br\\\/wp-content\\\/uploads\\\/2026\\\/04\\\/velorio1.png\",\"width\":1080,\"height\":1350},{\"@type\":\"BreadcrumbList\",\"@id\":\"https:\\\/\\\/calmondivulgacoes.com.br\\\/miguel-calmon-centro-velorios\\\/#breadcrumb\",\"itemListElement\":[{\"@type\":\"ListItem\",\"position\":1,\"name\":\"In\u00edcio\",\"item\":\"https:\\\/\\\/calmondivulgacoes.com.br\\\/\"},{\"@type\":\"ListItem\",\"position\":2,\"name\":\"Prefeitura de Miguel Calmon firma contrato para constru\u00e7\u00e3o de Centro Municipal de Vel\u00f3rios\"}]},{\"@type\":\"WebSite\",\"@id\":\"https:\\\/\\\/calmondivulgacoes.com.br\\\/#website\",\"url\":\"https:\\\/\\\/calmondivulgacoes.com.br\\\/\",\"name\":\"Calmon Divulga\u00e7\u00f5es\",\"description\":\"e Not\u00edcias\",\"publisher\":{\"@id\":\"https:\\\/\\\/calmondivulgacoes.com.br\\\/#organization\"},\"potentialAction\":[{\"@type\":\"SearchAction\",\"target\":{\"@type\":\"EntryPoint\",\"urlTemplate\":\"https:\\\/\\\/calmondivulgacoes.com.br\\\/?s={search_term_string}\"},\"query-input\":{\"@type\":\"PropertyValueSpecification\",\"valueRequired\":true,\"valueName\":\"search_term_string\"}}],\"inLanguage\":\"en-US\"},{\"@type\":\"Organization\",\"@id\":\"https:\\\/\\\/calmondivulgacoes.com.br\\\/#organization\",\"name\":\"Calmon Divulga\u00e7\u00f5es\",\"url\":\"https:\\\/\\\/calmondivulgacoes.com.br\\\/\",\"logo\":{\"@type\":\"ImageObject\",\"inLanguage\":\"en-US\",\"@id\":\"https:\\\/\\\/calmondivulgacoes.com.br\\\/#\\\/schema\\\/logo\\\/image\\\/\",\"url\":\"https:\\\/\\\/calmondivulgacoes.com.br\\\/wp-content\\\/uploads\\\/2026\\\/04\\\/cropped-WhatsApp_Image_2025-12-02_at_20.44.08-removebg-preview.png\",\"contentUrl\":\"https:\\\/\\\/calmondivulgacoes.com.br\\\/wp-content\\\/uploads\\\/2026\\\/04\\\/cropped-WhatsApp_Image_2025-12-02_at_20.44.08-removebg-preview.png\",\"width\":120,\"height\":120,\"caption\":\"Calmon Divulga\u00e7\u00f5es\"},\"image\":{\"@id\":\"https:\\\/\\\/calmondivulgacoes.com.br\\\/#\\\/schema\\\/logo\\\/image\\\/\"},\"sameAs\":[\"https:\\\/\\\/www.facebook.com\\\/calmondivulgacoes\",\"https:\\\/\\\/www.instagram.com\\\/calmondivulgacoes\\\/\"]},{\"@type\":\"Person\",\"@id\":\"https:\\\/\\\/calmondivulgacoes.com.br\\\/#\\\/schema\\\/person\\\/f51b6a75a3e31b01ea8f6fea23fc01fa\",\"name\":\"Calmon Divulga\u00e7\u00f5es\",\"image\":{\"@type\":\"ImageObject\",\"inLanguage\":\"en-US\",\"@id\":\"https:\\\/\\\/calmondivulgacoes.com.br\\\/wp-content\\\/litespeed\\\/avatar\\\/70d8f8af3b6e7945511481b97d22e67c.jpg?ver=1777223803\",\"url\":\"https:\\\/\\\/calmondivulgacoes.com.br\\\/wp-content\\\/litespeed\\\/avatar\\\/70d8f8af3b6e7945511481b97d22e67c.jpg?ver=1777223803\",\"contentUrl\":\"https:\\\/\\\/calmondivulgacoes.com.br\\\/wp-content\\\/litespeed\\\/avatar\\\/70d8f8af3b6e7945511481b97d22e67c.jpg?ver=1777223803\",\"caption\":\"Calmon Divulga\u00e7\u00f5es\"},\"sameAs\":[\"http:\\\/\\\/calmondivulgacoes.com.br\"],\"url\":\"https:\\\/\\\/calmondivulgacoes.com.br\\\/en\\\/autor\\\/calmondivulgacoesgmail-com\\\/\"}]}<\/script>\n<!-- \/ Yoast SEO plugin. -->","yoast_head_json":{"title":"Prefeitura de Miguel Calmon firma contrato para constru\u00e7\u00e3o de Centro Municipal de Vel\u00f3rios - Calmon Divulga\u00e7\u00f5es","robots":{"index":"index","follow":"follow","max-snippet":"max-snippet:-1","max-image-preview":"max-image-preview:large","max-video-preview":"max-video-preview:-1"},"canonical":"https:\/\/calmondivulgacoes.com.br\/en\/miguel-calmon-centro-velorios\/","og_locale":"en_US","og_type":"article","og_title":"Prefeitura de Miguel Calmon firma contrato para constru\u00e7\u00e3o de Centro Municipal de Vel\u00f3rios - Calmon Divulga\u00e7\u00f5es","og_description":"Prefeitura de Miguel Calmon contrata R$ 158 mil para constru\u00e7\u00e3o de Centro Municipal de Vel\u00f3rios.","og_url":"https:\/\/calmondivulgacoes.com.br\/en\/miguel-calmon-centro-velorios\/","og_site_name":"Calmon Divulga\u00e7\u00f5es","article_publisher":"https:\/\/www.facebook.com\/calmondivulgacoes","article_published_time":"2026-04-21T02:08:33+00:00","article_modified_time":"2026-04-21T02:09:41+00:00","og_image":[{"width":1080,"height":1350,"url":"https:\/\/calmondivulgacoes.com.br\/wp-content\/uploads\/2026\/04\/velorio1.png","type":"image\/png"}],"author":"Calmon Divulga\u00e7\u00f5es","twitter_card":"summary_large_image","twitter_misc":{"Written by":"Calmon Divulga\u00e7\u00f5es","Est. reading time":"3 minutes"},"schema":{"@context":"https:\/\/schema.org","@graph":[{"@type":"Article","@id":"https:\/\/calmondivulgacoes.com.br\/miguel-calmon-centro-velorios\/#article","isPartOf":{"@id":"https:\/\/calmondivulgacoes.com.br\/miguel-calmon-centro-velorios\/"},"author":{"name":"Calmon Divulga\u00e7\u00f5es","@id":"https:\/\/calmondivulgacoes.com.br\/#\/schema\/person\/f51b6a75a3e31b01ea8f6fea23fc01fa"},"headline":"Prefeitura de Miguel Calmon firma contrato para constru\u00e7\u00e3o de Centro Municipal de Vel\u00f3rios","datePublished":"2026-04-21T02:08:33+00:00","dateModified":"2026-04-21T02:09:41+00:00","mainEntityOfPage":{"@id":"https:\/\/calmondivulgacoes.com.br\/miguel-calmon-centro-velorios\/"},"wordCount":315,"publisher":{"@id":"https:\/\/calmondivulgacoes.com.br\/#organization"},"image":{"@id":"https:\/\/calmondivulgacoes.com.br\/miguel-calmon-centro-velorios\/#primaryimage"},"thumbnailUrl":"https:\/\/calmondivulgacoes.com.br\/wp-content\/uploads\/2026\/04\/velorio1.png","keywords":["Centro de Vel\u00f3rios","Contrato Prefeitura","Engenharia","Infraestrutura Social","Miguel Calmon","Obras P\u00fablicas"],"articleSection":["Miguel Calmon"],"inLanguage":"en-US"},{"@type":"WebPage","@id":"https:\/\/calmondivulgacoes.com.br\/miguel-calmon-centro-velorios\/","url":"https:\/\/calmondivulgacoes.com.br\/miguel-calmon-centro-velorios\/","name":"Prefeitura de Miguel Calmon firma contrato para constru\u00e7\u00e3o de Centro Municipal de Vel\u00f3rios - Calmon Divulga\u00e7\u00f5es","isPartOf":{"@id":"https:\/\/calmondivulgacoes.com.br\/#website"},"primaryImageOfPage":{"@id":"https:\/\/calmondivulgacoes.com.br\/miguel-calmon-centro-velorios\/#primaryimage"},"image":{"@id":"https:\/\/calmondivulgacoes.com.br\/miguel-calmon-centro-velorios\/#primaryimage"},"thumbnailUrl":"https:\/\/calmondivulgacoes.com.br\/wp-content\/uploads\/2026\/04\/velorio1.png","datePublished":"2026-04-21T02:08:33+00:00","dateModified":"2026-04-21T02:09:41+00:00","breadcrumb":{"@id":"https:\/\/calmondivulgacoes.com.br\/miguel-calmon-centro-velorios\/#breadcrumb"},"inLanguage":"en-US","potentialAction":[{"@type":"ReadAction","target":["https:\/\/calmondivulgacoes.com.br\/miguel-calmon-centro-velorios\/"]}]},{"@type":"ImageObject","inLanguage":"en-US","@id":"https:\/\/calmondivulgacoes.com.br\/miguel-calmon-centro-velorios\/#primaryimage","url":"https:\/\/calmondivulgacoes.com.br\/wp-content\/uploads\/2026\/04\/velorio1.png","contentUrl":"https:\/\/calmondivulgacoes.com.br\/wp-content\/uploads\/2026\/04\/velorio1.png","width":1080,"height":1350},{"@type":"BreadcrumbList","@id":"https:\/\/calmondivulgacoes.com.br\/miguel-calmon-centro-velorios\/#breadcrumb","itemListElement":[{"@type":"ListItem","position":1,"name":"In\u00edcio","item":"https:\/\/calmondivulgacoes.com.br\/"},{"@type":"ListItem","position":2,"name":"Prefeitura de Miguel Calmon firma contrato para constru\u00e7\u00e3o de Centro Municipal de Vel\u00f3rios"}]},{"@type":"WebSite","@id":"https:\/\/calmondivulgacoes.com.br\/#website","url":"https:\/\/calmondivulgacoes.com.br\/","name":"Calmon Divulga\u00e7\u00f5es","description":"e Not\u00edcias","publisher":{"@id":"https:\/\/calmondivulgacoes.com.br\/#organization"},"potentialAction":[{"@type":"SearchAction","target":{"@type":"EntryPoint","urlTemplate":"https:\/\/calmondivulgacoes.com.br\/?s={search_term_string}"},"query-input":{"@type":"PropertyValueSpecification","valueRequired":true,"valueName":"search_term_string"}}],"inLanguage":"en-US"},{"@type":"Organization","@id":"https:\/\/calmondivulgacoes.com.br\/#organization","name":"Calmon Divulga\u00e7\u00f5es","url":"https:\/\/calmondivulgacoes.com.br\/","logo":{"@type":"ImageObject","inLanguage":"en-US","@id":"https:\/\/calmondivulgacoes.com.br\/#\/schema\/logo\/image\/","url":"https:\/\/calmondivulgacoes.com.br\/wp-content\/uploads\/2026\/04\/cropped-WhatsApp_Image_2025-12-02_at_20.44.08-removebg-preview.png","contentUrl":"https:\/\/calmondivulgacoes.com.br\/wp-content\/uploads\/2026\/04\/cropped-WhatsApp_Image_2025-12-02_at_20.44.08-removebg-preview.png","width":120,"height":120,"caption":"Calmon Divulga\u00e7\u00f5es"},"image":{"@id":"https:\/\/calmondivulgacoes.com.br\/#\/schema\/logo\/image\/"},"sameAs":["https:\/\/www.facebook.com\/calmondivulgacoes","https:\/\/www.instagram.com\/calmondivulgacoes\/"]},{"@type":"Person","@id":"https:\/\/calmondivulgacoes.com.br\/#\/schema\/person\/f51b6a75a3e31b01ea8f6fea23fc01fa","name":"Calmon Divulga\u00e7\u00f5es","image":{"@type":"ImageObject","inLanguage":"en-US","@id":"https:\/\/calmondivulgacoes.com.br\/wp-content\/litespeed\/avatar\/70d8f8af3b6e7945511481b97d22e67c.jpg?ver=1777223803","url":"https:\/\/calmondivulgacoes.com.br\/wp-content\/litespeed\/avatar\/70d8f8af3b6e7945511481b97d22e67c.jpg?ver=1777223803","contentUrl":"https:\/\/calmondivulgacoes.com.br\/wp-content\/litespeed\/avatar\/70d8f8af3b6e7945511481b97d22e67c.jpg?ver=1777223803","caption":"Calmon Divulga\u00e7\u00f5es"},"sameAs":["http:\/\/calmondivulgacoes.com.br"],"url":"https:\/\/calmondivulgacoes.com.br\/en\/autor\/calmondivulgacoesgmail-com\/"}]}},"uagb_featured_image_src":{"full":["https:\/\/calmondivulgacoes.com.br\/wp-content\/uploads\/2026\/04\/velorio1.png",1080,1350,false],"thumbnail":["https:\/\/calmondivulgacoes.com.br\/wp-content\/uploads\/2026\/04\/velorio1-120x150.png",120,150,true],"medium":["https:\/\/calmondivulgacoes.com.br\/wp-content\/uploads\/2026\/04\/velorio1-240x300.png",240,300,true],"medium_large":["https:\/\/calmondivulgacoes.com.br\/wp-content\/uploads\/2026\/04\/velorio1-768x960.png",640,800,true],"large":["https:\/\/calmondivulgacoes.com.br\/wp-content\/uploads\/2026\/04\/velorio1-819x1024.png",640,800,true],"1536x1536":["https:\/\/calmondivulgacoes.com.br\/wp-content\/uploads\/2026\/04\/velorio1.png",1080,1350,false],"2048x2048":["https:\/\/calmondivulgacoes.com.br\/wp-content\/uploads\/2026\/04\/velorio1.png",1080,1350,false],"trp-custom-language-flag":["https:\/\/calmondivulgacoes.com.br\/wp-content\/uploads\/2026\/04\/velorio1-10x12.png",10,12,true],"cvmm-medium":["https:\/\/calmondivulgacoes.com.br\/wp-content\/uploads\/2026\/04\/velorio1-300x300.png",300,300,true],"cvmm-medium-plus":["https:\/\/calmondivulgacoes.com.br\/wp-content\/uploads\/2026\/04\/velorio1-305x207.png",305,207,true],"cvmm-portrait":["https:\/\/calmondivulgacoes.com.br\/wp-content\/uploads\/2026\/04\/velorio1-400x600.png",400,600,true],"cvmm-medium-square":["https:\/\/calmondivulgacoes.com.br\/wp-content\/uploads\/2026\/04\/velorio1-600x600.png",600,600,true],"cvmm-large":["https:\/\/calmondivulgacoes.com.br\/wp-content\/uploads\/2026\/04\/velorio1-1024x1024.png",1024,1024,true],"cvmm-small":["https:\/\/calmondivulgacoes.com.br\/wp-content\/uploads\/2026\/04\/velorio1-130x95.png",130,95,true]},"uagb_author_info":{"display_name":"Calmon Divulga\u00e7\u00f5es","author_link":"https:\/\/calmondivulgacoes.com.br\/en\/autor\/calmondivulgacoesgmail-com\/"},"uagb_comment_info":0,"uagb_excerpt":"Prefeitura de Miguel Calmon contrata R$ 158 mil para constru\u00e7\u00e3o de Centro Municipal de Vel\u00f3rios.","blog_post_layout_featured_media_urls":{"thumbnail":["https:\/\/calmondivulgacoes.com.br\/wp-content\/uploads\/2026\/04\/velorio1-120x150.png",120,150,true],"full":["https:\/\/calmondivulgacoes.com.br\/wp-content\/uploads\/2026\/04\/velorio1.png",1080,1350,false]},"categories_names":{"40":{"name":"Miguel Calmon","link":"https:\/\/calmondivulgacoes.com.br\/en\/category\/miguel-calmon\/"}},"tags_names":{"84":{"name":"Centro de Vel\u00f3rios","link":"https:\/\/calmondivulgacoes.com.br\/en\/tag\/centro-de-velorios\/"},"87":{"name":"Contrato Prefeitura","link":"https:\/\/calmondivulgacoes.com.br\/en\/tag\/contrato-prefeitura\/"},"86":{"name":"Engenharia","link":"https:\/\/calmondivulgacoes.com.br\/en\/tag\/engenharia\/"},"88":{"name":"Infraestrutura Social","link":"https:\/\/calmondivulgacoes.com.br\/en\/tag\/infraestrutura-social\/"},"83":{"name":"Miguel Calmon","link":"https:\/\/calmondivulgacoes.com.br\/en\/tag\/miguel-calmon\/"},"85":{"name":"Obras P\u00fablicas","link":"https:\/\/calmondivulgacoes.com.br\/en\/tag\/obras-publicas\/"}},"comments_number":"0","wpmagazine_modules_lite_featured_media_urls":{"thumbnail":["https:\/\/calmondivulgacoes.com.br\/wp-content\/uploads\/2026\/04\/velorio1-120x150.png",120,150,true],"cvmm-medium":["https:\/\/calmondivulgacoes.com.br\/wp-content\/uploads\/2026\/04\/velorio1-300x300.png",300,300,true],"cvmm-medium-plus":["https:\/\/calmondivulgacoes.com.br\/wp-content\/uploads\/2026\/04\/velorio1-305x207.png",305,207,true],"cvmm-portrait":["https:\/\/calmondivulgacoes.com.br\/wp-content\/uploads\/2026\/04\/velorio1-400x600.png",400,600,true],"cvmm-medium-square":["https:\/\/calmondivulgacoes.com.br\/wp-content\/uploads\/2026\/04\/velorio1-600x600.png",600,600,true],"cvmm-large":["https:\/\/calmondivulgacoes.com.br\/wp-content\/uploads\/2026\/04\/velorio1-1024x1024.png",1024,1024,true],"cvmm-small":["https:\/\/calmondivulgacoes.com.br\/wp-content\/uploads\/2026\/04\/velorio1-130x95.png",130,95,true],"full":["https:\/\/calmondivulgacoes.com.br\/wp-content\/uploads\/2026\/04\/velorio1.png",1080,1350,false]},"_links":{"self":[{"href":"https:\/\/calmondivulgacoes.com.br\/en\/wp-json\/wp\/v2\/posts\/3323","targetHints":{"allow":["GET"]}}],"collection":[{"href":"https:\/\/calmondivulgacoes.com.br\/en\/wp-json\/wp\/v2\/posts"}],"about":[{"href":"https:\/\/calmondivulgacoes.com.br\/en\/wp-json\/wp\/v2\/types\/post"}],"author":[{"embeddable":true,"href":"https:\/\/calmondivulgacoes.com.br\/en\/wp-json\/wp\/v2\/users\/1"}],"replies":[{"embeddable":true,"href":"https:\/\/calmondivulgacoes.com.br\/en\/wp-json\/wp\/v2\/comments?post=3323"}],"version-history":[{"count":2,"href":"https:\/\/calmondivulgacoes.com.br\/en\/wp-json\/wp\/v2\/posts\/3323\/revisions"}],"predecessor-version":[{"id":3328,"href":"https:\/\/calmondivulgacoes.com.br\/en\/wp-json\/wp\/v2\/posts\/3323\/revisions\/3328"}],"wp:featuredmedia":[{"embeddable":true,"href":"https:\/\/calmondivulgacoes.com.br\/en\/wp-json\/wp\/v2\/media\/3324"}],"wp:attachment":[{"href":"https:\/\/calmondivulgacoes.com.br\/en\/wp-json\/wp\/v2\/media?parent=3323"}],"wp:term":[{"taxonomy":"category","embeddable":true,"href":"https:\/\/calmondivulgacoes.com.br\/en\/wp-json\/wp\/v2\/categories?post=3323"},{"taxonomy":"post_tag","embeddable":true,"href":"https:\/\/calmondivulgacoes.com.br\/en\/wp-json\/wp\/v2\/tags?post=3323"}],"curies":[{"name":"wp","href":"https:\/\/api.w.org\/{rel}","templated":true}]}}