{"id":3308,"date":"2026-04-19T23:38:22","date_gmt":"2026-04-20T02:38:22","guid":{"rendered":"https:\/\/calmondivulgacoes.com.br\/?p=3308"},"modified":"2026-04-19T23:38:26","modified_gmt":"2026-04-20T02:38:26","slug":"brasil-energia-limpa-guerra-ira","status":"publish","type":"post","link":"https:\/\/calmondivulgacoes.com.br\/en\/brasil-energia-limpa-guerra-ira\/","title":{"rendered":"Lula no exterior: Brasil menos afetado pela guerra no Ir\u00e3 gra\u00e7as \u00e0 energia limpa, diz presidente"},"content":{"rendered":"<h2 class=\"wp-block-heading\">Brasil menos afetado por conflitos globais, aponta Lula na Alemanha<\/h2>\n\n\n\n<p>O presidente Luiz In\u00e1cio Lula da Silva afirmou, durante a abertura da Hannover Messe, na Alemanha, que o Brasil se encontra entre as na\u00e7\u00f5es menos impactadas pelos efeitos da guerra no Oriente M\u00e9dio. Segundo o mandat\u00e1rio, essa resili\u00eancia se deve, em grande parte, \u00e0 <b>matriz el\u00e9trica limpa<\/b> do pa\u00eds.<\/p>\n\n\n\n<p>Lula destacou que cerca de 90% da energia el\u00e9trica brasileira \u00e9 proveniente de fontes renov\u00e1veis, um fator que fortaleceu a <b>seguran\u00e7a energ\u00e9tica<\/b> nacional. Al\u00e9m disso, o presidente ressaltou o potencial brasileiro para a produ\u00e7\u00e3o de hidrog\u00eanio verde, visando ser o mais barato do mundo.<\/p>\n\n\n\n<p>O presidente tamb\u00e9m mencionou que medidas adotadas pelo governo federal foram cruciais para evitar a alta nos pre\u00e7os dos combust\u00edveis, um cen\u00e1rio observado em diversas outras na\u00e7\u00f5es. Essa trajet\u00f3ria consistente em energias renov\u00e1veis consolida o pa\u00eds em um cen\u00e1rio de instabilidade internacional, conforme informa\u00e7\u00f5es divulgadas durante o evento.<\/p>\n\n\n\n<h3 class=\"wp-block-heading\">Energia limpa como escudo contra crises<\/h3>\n\n\n\n<p>Na avalia\u00e7\u00e3o de Lula, a aposta em <b>energias renov\u00e1veis<\/b> tem sido um diferencial estrat\u00e9gico para o Brasil. A diversifica\u00e7\u00e3o e a predomin\u00e2ncia de fontes limpas na matriz energ\u00e9tica, como hidrel\u00e9tricas e e\u00f3licas, garantem maior independ\u00eancia e estabilidade no fornecimento, mesmo diante de choques externos como o conflito no Oriente M\u00e9dio.<\/p>\n\n\n\n<h3 class=\"wp-block-heading\">Hidrog\u00eanio verde: o futuro energ\u00e9tico brasileiro<\/h3>\n\n\n\n<p>O presidente enfatizou o potencial do Brasil para liderar a produ\u00e7\u00e3o de <b>hidrog\u00eanio verde<\/b>, um combust\u00edvel limpo com grande potencial de aplica\u00e7\u00e3o industrial e de transporte. A expectativa \u00e9 que o pa\u00eds possa oferecer o hidrog\u00eanio verde com o menor custo global, atraindo investimentos e fortalecendo ainda mais sua posi\u00e7\u00e3o no cen\u00e1rio energ\u00e9tico mundial.<\/p>\n\n\n\n<h3 class=\"wp-block-heading\">Medidas do governo evitam alta de combust\u00edveis<\/h3>\n\n\n\n<p>Lula tamb\u00e9m comemorou o sucesso das pol\u00edticas p\u00fablicas implementadas pelo seu governo, que conseguiram mitigar os efeitos da volatilidade dos pre\u00e7os internacionais dos combust\u00edveis no mercado interno. Essa a\u00e7\u00e3o preventiva protege o consumidor brasileiro e contribui para a estabilidade econ\u00f4mica do pa\u00eds, um contraste com a situa\u00e7\u00e3o enfrentada por outras economias.<\/p>\n\n\n\n<h3 class=\"wp-block-heading\">Lula no exterior refor\u00e7a imagem de estabilidade<\/h3>\n\n\n\n<p>A fala do presidente durante a Hannover Messe, um importante palco internacional, serve para refor\u00e7ar a imagem do Brasil como um pa\u00eds com <b>seguran\u00e7a energ\u00e9tica<\/b> e com pol\u00edticas eficazes para lidar com os desafios econ\u00f4micos globais. A estrat\u00e9gia de focar em energia limpa e em medidas de controle de pre\u00e7os posiciona o Brasil de forma vantajosa em um contexto de incertezas.<\/p>\n\n\n\n<figure class=\"wp-block-image size-large\"><img fetchpriority=\"high\" decoding=\"async\" width=\"819\" height=\"1024\" src=\"https:\/\/calmondivulgacoes.com.br\/wp-content\/uploads\/2026\/04\/patrocionadores-4-819x1024.png\" alt=\"\" class=\"wp-image-3163\" srcset=\"https:\/\/calmondivulgacoes.com.br\/wp-content\/uploads\/2026\/04\/patrocionadores-4-819x1024.png 819w, https:\/\/calmondivulgacoes.com.br\/wp-content\/uploads\/2026\/04\/patrocionadores-4-240x300.png 240w, https:\/\/calmondivulgacoes.com.br\/wp-content\/uploads\/2026\/04\/patrocionadores-4-120x150.png 120w, https:\/\/calmondivulgacoes.com.br\/wp-content\/uploads\/2026\/04\/patrocionadores-4-768x960.png 768w, https:\/\/calmondivulgacoes.com.br\/wp-content\/uploads\/2026\/04\/patrocionadores-4.png 1080w\" sizes=\"(max-width: 819px) 100vw, 819px\" \/><\/figure>","protected":false},"excerpt":{"rendered":"<p>Lula destaca na Alemanha como a matriz energ\u00e9tica limpa do Brasil o protege dos impactos da guerra no Ir\u00e3 e de crises globais.<\/p>","protected":false},"author":1,"featured_media":3309,"comment_status":"closed","ping_status":"closed","sticky":false,"template":"","format":"standard","meta":{"_uag_custom_page_level_css":"","_monsterinsights_skip_tracking":false,"_monsterinsights_sitenote_active":false,"_monsterinsights_sitenote_note":"","_monsterinsights_sitenote_category":0,"maa_idioma":"","maa_pais":"","footnotes":""},"categories":[45],"tags":[70,75,74,73,72,69,71],"class_list":["post-3308","post","type-post","status-publish","format-standard","has-post-thumbnail","hentry","category-economia","tag-brasil","tag-energia-limpa","tag-guerra-ira","tag-hidrogenio-verde","tag-lula","tag-lula-no-exterior","tag-seguranca-energetica"],"yoast_head":"<!-- This site is optimized with the Yoast SEO plugin v27.4 - https:\/\/yoast.com\/product\/yoast-seo-wordpress\/ -->\n<title>Lula no exterior: Brasil menos afetado pela guerra no Ir\u00e3 gra\u00e7as \u00e0 energia limpa, diz presidente - Calmon Divulga\u00e7\u00f5es<\/title>\n<meta name=\"robots\" content=\"index, follow, max-snippet:-1, max-image-preview:large, max-video-preview:-1\" \/>\n<link rel=\"canonical\" href=\"https:\/\/calmondivulgacoes.com.br\/en\/brasil-energia-limpa-guerra-ira\/\" \/>\n<meta property=\"og:locale\" content=\"en_US\" \/>\n<meta property=\"og:type\" content=\"article\" \/>\n<meta property=\"og:title\" content=\"Lula no exterior: Brasil menos afetado pela guerra no Ir\u00e3 gra\u00e7as \u00e0 energia limpa, diz presidente - Calmon Divulga\u00e7\u00f5es\" \/>\n<meta property=\"og:description\" content=\"Lula destaca na Alemanha como a matriz energ\u00e9tica limpa do Brasil o protege dos impactos da guerra no Ir\u00e3 e de crises globais.\" \/>\n<meta property=\"og:url\" content=\"https:\/\/calmondivulgacoes.com.br\/en\/brasil-energia-limpa-guerra-ira\/\" \/>\n<meta property=\"og:site_name\" content=\"Calmon Divulga\u00e7\u00f5es\" \/>\n<meta property=\"article:publisher\" content=\"https:\/\/www.facebook.com\/calmondivulgacoes\" \/>\n<meta property=\"article:published_time\" content=\"2026-04-20T02:38:22+00:00\" \/>\n<meta property=\"article:modified_time\" content=\"2026-04-20T02:38:26+00:00\" \/>\n<meta property=\"og:image\" content=\"https:\/\/calmondivulgacoes.com.br\/wp-content\/uploads\/2026\/04\/lulk.png\" \/>\n\t<meta property=\"og:image:width\" content=\"637\" \/>\n\t<meta property=\"og:image:height\" content=\"379\" \/>\n\t<meta property=\"og:image:type\" content=\"image\/png\" \/>\n<meta name=\"author\" content=\"Calmon Divulga\u00e7\u00f5es\" \/>\n<meta name=\"twitter:card\" content=\"summary_large_image\" \/>\n<meta name=\"twitter:label1\" content=\"Written by\" \/>\n\t<meta name=\"twitter:data1\" content=\"Calmon Divulga\u00e7\u00f5es\" \/>\n\t<meta name=\"twitter:label2\" content=\"Est. reading time\" \/>\n\t<meta name=\"twitter:data2\" content=\"3 minutes\" \/>\n<script type=\"application\/ld+json\" class=\"yoast-schema-graph\">{\"@context\":\"https:\\\/\\\/schema.org\",\"@graph\":[{\"@type\":\"Article\",\"@id\":\"https:\\\/\\\/calmondivulgacoes.com.br\\\/brasil-energia-limpa-guerra-ira\\\/#article\",\"isPartOf\":{\"@id\":\"https:\\\/\\\/calmondivulgacoes.com.br\\\/brasil-energia-limpa-guerra-ira\\\/\"},\"author\":{\"name\":\"Calmon Divulga\u00e7\u00f5es\",\"@id\":\"https:\\\/\\\/calmondivulgacoes.com.br\\\/#\\\/schema\\\/person\\\/f51b6a75a3e31b01ea8f6fea23fc01fa\"},\"headline\":\"Lula no exterior: Brasil menos afetado pela guerra no Ir\u00e3 gra\u00e7as \u00e0 energia limpa, diz presidente\",\"datePublished\":\"2026-04-20T02:38:22+00:00\",\"dateModified\":\"2026-04-20T02:38:26+00:00\",\"mainEntityOfPage\":{\"@id\":\"https:\\\/\\\/calmondivulgacoes.com.br\\\/brasil-energia-limpa-guerra-ira\\\/\"},\"wordCount\":469,\"publisher\":{\"@id\":\"https:\\\/\\\/calmondivulgacoes.com.br\\\/#organization\"},\"image\":{\"@id\":\"https:\\\/\\\/calmondivulgacoes.com.br\\\/brasil-energia-limpa-guerra-ira\\\/#primaryimage\"},\"thumbnailUrl\":\"https:\\\/\\\/calmondivulgacoes.com.br\\\/wp-content\\\/uploads\\\/2026\\\/04\\\/lulk.png\",\"keywords\":[\"Brasil\",\"energia limpa\",\"guerra Ir\u00e3\",\"hidrog\u00eanio verde\",\"Lula\",\"Lula no exterior\",\"seguran\u00e7a energ\u00e9tica\"],\"articleSection\":[\"Economia\"],\"inLanguage\":\"en-US\"},{\"@type\":\"WebPage\",\"@id\":\"https:\\\/\\\/calmondivulgacoes.com.br\\\/brasil-energia-limpa-guerra-ira\\\/\",\"url\":\"https:\\\/\\\/calmondivulgacoes.com.br\\\/brasil-energia-limpa-guerra-ira\\\/\",\"name\":\"Lula no exterior: Brasil menos afetado pela guerra no Ir\u00e3 gra\u00e7as \u00e0 energia limpa, diz presidente - Calmon Divulga\u00e7\u00f5es\",\"isPartOf\":{\"@id\":\"https:\\\/\\\/calmondivulgacoes.com.br\\\/#website\"},\"primaryImageOfPage\":{\"@id\":\"https:\\\/\\\/calmondivulgacoes.com.br\\\/brasil-energia-limpa-guerra-ira\\\/#primaryimage\"},\"image\":{\"@id\":\"https:\\\/\\\/calmondivulgacoes.com.br\\\/brasil-energia-limpa-guerra-ira\\\/#primaryimage\"},\"thumbnailUrl\":\"https:\\\/\\\/calmondivulgacoes.com.br\\\/wp-content\\\/uploads\\\/2026\\\/04\\\/lulk.png\",\"datePublished\":\"2026-04-20T02:38:22+00:00\",\"dateModified\":\"2026-04-20T02:38:26+00:00\",\"breadcrumb\":{\"@id\":\"https:\\\/\\\/calmondivulgacoes.com.br\\\/brasil-energia-limpa-guerra-ira\\\/#breadcrumb\"},\"inLanguage\":\"en-US\",\"potentialAction\":[{\"@type\":\"ReadAction\",\"target\":[\"https:\\\/\\\/calmondivulgacoes.com.br\\\/brasil-energia-limpa-guerra-ira\\\/\"]}]},{\"@type\":\"ImageObject\",\"inLanguage\":\"en-US\",\"@id\":\"https:\\\/\\\/calmondivulgacoes.com.br\\\/brasil-energia-limpa-guerra-ira\\\/#primaryimage\",\"url\":\"https:\\\/\\\/calmondivulgacoes.com.br\\\/wp-content\\\/uploads\\\/2026\\\/04\\\/lulk.png\",\"contentUrl\":\"https:\\\/\\\/calmondivulgacoes.com.br\\\/wp-content\\\/uploads\\\/2026\\\/04\\\/lulk.png\",\"width\":637,\"height\":379},{\"@type\":\"BreadcrumbList\",\"@id\":\"https:\\\/\\\/calmondivulgacoes.com.br\\\/brasil-energia-limpa-guerra-ira\\\/#breadcrumb\",\"itemListElement\":[{\"@type\":\"ListItem\",\"position\":1,\"name\":\"In\u00edcio\",\"item\":\"https:\\\/\\\/calmondivulgacoes.com.br\\\/\"},{\"@type\":\"ListItem\",\"position\":2,\"name\":\"Lula no exterior: Brasil menos afetado pela guerra no Ir\u00e3 gra\u00e7as \u00e0 energia limpa, diz presidente\"}]},{\"@type\":\"WebSite\",\"@id\":\"https:\\\/\\\/calmondivulgacoes.com.br\\\/#website\",\"url\":\"https:\\\/\\\/calmondivulgacoes.com.br\\\/\",\"name\":\"Calmon Divulga\u00e7\u00f5es\",\"description\":\"e Not\u00edcias\",\"publisher\":{\"@id\":\"https:\\\/\\\/calmondivulgacoes.com.br\\\/#organization\"},\"potentialAction\":[{\"@type\":\"SearchAction\",\"target\":{\"@type\":\"EntryPoint\",\"urlTemplate\":\"https:\\\/\\\/calmondivulgacoes.com.br\\\/?s={search_term_string}\"},\"query-input\":{\"@type\":\"PropertyValueSpecification\",\"valueRequired\":true,\"valueName\":\"search_term_string\"}}],\"inLanguage\":\"en-US\"},{\"@type\":\"Organization\",\"@id\":\"https:\\\/\\\/calmondivulgacoes.com.br\\\/#organization\",\"name\":\"Calmon Divulga\u00e7\u00f5es\",\"url\":\"https:\\\/\\\/calmondivulgacoes.com.br\\\/\",\"logo\":{\"@type\":\"ImageObject\",\"inLanguage\":\"en-US\",\"@id\":\"https:\\\/\\\/calmondivulgacoes.com.br\\\/#\\\/schema\\\/logo\\\/image\\\/\",\"url\":\"https:\\\/\\\/calmondivulgacoes.com.br\\\/wp-content\\\/uploads\\\/2026\\\/04\\\/cropped-WhatsApp_Image_2025-12-02_at_20.44.08-removebg-preview.png\",\"contentUrl\":\"https:\\\/\\\/calmondivulgacoes.com.br\\\/wp-content\\\/uploads\\\/2026\\\/04\\\/cropped-WhatsApp_Image_2025-12-02_at_20.44.08-removebg-preview.png\",\"width\":120,\"height\":120,\"caption\":\"Calmon Divulga\u00e7\u00f5es\"},\"image\":{\"@id\":\"https:\\\/\\\/calmondivulgacoes.com.br\\\/#\\\/schema\\\/logo\\\/image\\\/\"},\"sameAs\":[\"https:\\\/\\\/www.facebook.com\\\/calmondivulgacoes\",\"https:\\\/\\\/www.instagram.com\\\/calmondivulgacoes\\\/\"]},{\"@type\":\"Person\",\"@id\":\"https:\\\/\\\/calmondivulgacoes.com.br\\\/#\\\/schema\\\/person\\\/f51b6a75a3e31b01ea8f6fea23fc01fa\",\"name\":\"Calmon Divulga\u00e7\u00f5es\",\"image\":{\"@type\":\"ImageObject\",\"inLanguage\":\"en-US\",\"@id\":\"https:\\\/\\\/calmondivulgacoes.com.br\\\/wp-content\\\/litespeed\\\/avatar\\\/70d8f8af3b6e7945511481b97d22e67c.jpg?ver=1777223803\",\"url\":\"https:\\\/\\\/calmondivulgacoes.com.br\\\/wp-content\\\/litespeed\\\/avatar\\\/70d8f8af3b6e7945511481b97d22e67c.jpg?ver=1777223803\",\"contentUrl\":\"https:\\\/\\\/calmondivulgacoes.com.br\\\/wp-content\\\/litespeed\\\/avatar\\\/70d8f8af3b6e7945511481b97d22e67c.jpg?ver=1777223803\",\"caption\":\"Calmon Divulga\u00e7\u00f5es\"},\"sameAs\":[\"http:\\\/\\\/calmondivulgacoes.com.br\"],\"url\":\"https:\\\/\\\/calmondivulgacoes.com.br\\\/en\\\/autor\\\/calmondivulgacoesgmail-com\\\/\"}]}<\/script>\n<!-- \/ Yoast SEO plugin. -->","yoast_head_json":{"title":"Lula no exterior: Brasil menos afetado pela guerra no Ir\u00e3 gra\u00e7as \u00e0 energia limpa, diz presidente - Calmon Divulga\u00e7\u00f5es","robots":{"index":"index","follow":"follow","max-snippet":"max-snippet:-1","max-image-preview":"max-image-preview:large","max-video-preview":"max-video-preview:-1"},"canonical":"https:\/\/calmondivulgacoes.com.br\/en\/brasil-energia-limpa-guerra-ira\/","og_locale":"en_US","og_type":"article","og_title":"Lula no exterior: Brasil menos afetado pela guerra no Ir\u00e3 gra\u00e7as \u00e0 energia limpa, diz presidente - Calmon Divulga\u00e7\u00f5es","og_description":"Lula destaca na Alemanha como a matriz energ\u00e9tica limpa do Brasil o protege dos impactos da guerra no Ir\u00e3 e de crises globais.","og_url":"https:\/\/calmondivulgacoes.com.br\/en\/brasil-energia-limpa-guerra-ira\/","og_site_name":"Calmon Divulga\u00e7\u00f5es","article_publisher":"https:\/\/www.facebook.com\/calmondivulgacoes","article_published_time":"2026-04-20T02:38:22+00:00","article_modified_time":"2026-04-20T02:38:26+00:00","og_image":[{"width":637,"height":379,"url":"https:\/\/calmondivulgacoes.com.br\/wp-content\/uploads\/2026\/04\/lulk.png","type":"image\/png"}],"author":"Calmon Divulga\u00e7\u00f5es","twitter_card":"summary_large_image","twitter_misc":{"Written by":"Calmon Divulga\u00e7\u00f5es","Est. reading time":"3 minutes"},"schema":{"@context":"https:\/\/schema.org","@graph":[{"@type":"Article","@id":"https:\/\/calmondivulgacoes.com.br\/brasil-energia-limpa-guerra-ira\/#article","isPartOf":{"@id":"https:\/\/calmondivulgacoes.com.br\/brasil-energia-limpa-guerra-ira\/"},"author":{"name":"Calmon Divulga\u00e7\u00f5es","@id":"https:\/\/calmondivulgacoes.com.br\/#\/schema\/person\/f51b6a75a3e31b01ea8f6fea23fc01fa"},"headline":"Lula no exterior: Brasil menos afetado pela guerra no Ir\u00e3 gra\u00e7as \u00e0 energia limpa, diz presidente","datePublished":"2026-04-20T02:38:22+00:00","dateModified":"2026-04-20T02:38:26+00:00","mainEntityOfPage":{"@id":"https:\/\/calmondivulgacoes.com.br\/brasil-energia-limpa-guerra-ira\/"},"wordCount":469,"publisher":{"@id":"https:\/\/calmondivulgacoes.com.br\/#organization"},"image":{"@id":"https:\/\/calmondivulgacoes.com.br\/brasil-energia-limpa-guerra-ira\/#primaryimage"},"thumbnailUrl":"https:\/\/calmondivulgacoes.com.br\/wp-content\/uploads\/2026\/04\/lulk.png","keywords":["Brasil","energia limpa","guerra Ir\u00e3","hidrog\u00eanio verde","Lula","Lula no exterior","seguran\u00e7a energ\u00e9tica"],"articleSection":["Economia"],"inLanguage":"en-US"},{"@type":"WebPage","@id":"https:\/\/calmondivulgacoes.com.br\/brasil-energia-limpa-guerra-ira\/","url":"https:\/\/calmondivulgacoes.com.br\/brasil-energia-limpa-guerra-ira\/","name":"Lula no exterior: Brasil menos afetado pela guerra no Ir\u00e3 gra\u00e7as \u00e0 energia limpa, diz presidente - Calmon Divulga\u00e7\u00f5es","isPartOf":{"@id":"https:\/\/calmondivulgacoes.com.br\/#website"},"primaryImageOfPage":{"@id":"https:\/\/calmondivulgacoes.com.br\/brasil-energia-limpa-guerra-ira\/#primaryimage"},"image":{"@id":"https:\/\/calmondivulgacoes.com.br\/brasil-energia-limpa-guerra-ira\/#primaryimage"},"thumbnailUrl":"https:\/\/calmondivulgacoes.com.br\/wp-content\/uploads\/2026\/04\/lulk.png","datePublished":"2026-04-20T02:38:22+00:00","dateModified":"2026-04-20T02:38:26+00:00","breadcrumb":{"@id":"https:\/\/calmondivulgacoes.com.br\/brasil-energia-limpa-guerra-ira\/#breadcrumb"},"inLanguage":"en-US","potentialAction":[{"@type":"ReadAction","target":["https:\/\/calmondivulgacoes.com.br\/brasil-energia-limpa-guerra-ira\/"]}]},{"@type":"ImageObject","inLanguage":"en-US","@id":"https:\/\/calmondivulgacoes.com.br\/brasil-energia-limpa-guerra-ira\/#primaryimage","url":"https:\/\/calmondivulgacoes.com.br\/wp-content\/uploads\/2026\/04\/lulk.png","contentUrl":"https:\/\/calmondivulgacoes.com.br\/wp-content\/uploads\/2026\/04\/lulk.png","width":637,"height":379},{"@type":"BreadcrumbList","@id":"https:\/\/calmondivulgacoes.com.br\/brasil-energia-limpa-guerra-ira\/#breadcrumb","itemListElement":[{"@type":"ListItem","position":1,"name":"In\u00edcio","item":"https:\/\/calmondivulgacoes.com.br\/"},{"@type":"ListItem","position":2,"name":"Lula no exterior: Brasil menos afetado pela guerra no Ir\u00e3 gra\u00e7as \u00e0 energia limpa, diz presidente"}]},{"@type":"WebSite","@id":"https:\/\/calmondivulgacoes.com.br\/#website","url":"https:\/\/calmondivulgacoes.com.br\/","name":"Calmon Divulga\u00e7\u00f5es","description":"e Not\u00edcias","publisher":{"@id":"https:\/\/calmondivulgacoes.com.br\/#organization"},"potentialAction":[{"@type":"SearchAction","target":{"@type":"EntryPoint","urlTemplate":"https:\/\/calmondivulgacoes.com.br\/?s={search_term_string}"},"query-input":{"@type":"PropertyValueSpecification","valueRequired":true,"valueName":"search_term_string"}}],"inLanguage":"en-US"},{"@type":"Organization","@id":"https:\/\/calmondivulgacoes.com.br\/#organization","name":"Calmon Divulga\u00e7\u00f5es","url":"https:\/\/calmondivulgacoes.com.br\/","logo":{"@type":"ImageObject","inLanguage":"en-US","@id":"https:\/\/calmondivulgacoes.com.br\/#\/schema\/logo\/image\/","url":"https:\/\/calmondivulgacoes.com.br\/wp-content\/uploads\/2026\/04\/cropped-WhatsApp_Image_2025-12-02_at_20.44.08-removebg-preview.png","contentUrl":"https:\/\/calmondivulgacoes.com.br\/wp-content\/uploads\/2026\/04\/cropped-WhatsApp_Image_2025-12-02_at_20.44.08-removebg-preview.png","width":120,"height":120,"caption":"Calmon Divulga\u00e7\u00f5es"},"image":{"@id":"https:\/\/calmondivulgacoes.com.br\/#\/schema\/logo\/image\/"},"sameAs":["https:\/\/www.facebook.com\/calmondivulgacoes","https:\/\/www.instagram.com\/calmondivulgacoes\/"]},{"@type":"Person","@id":"https:\/\/calmondivulgacoes.com.br\/#\/schema\/person\/f51b6a75a3e31b01ea8f6fea23fc01fa","name":"Calmon Divulga\u00e7\u00f5es","image":{"@type":"ImageObject","inLanguage":"en-US","@id":"https:\/\/calmondivulgacoes.com.br\/wp-content\/litespeed\/avatar\/70d8f8af3b6e7945511481b97d22e67c.jpg?ver=1777223803","url":"https:\/\/calmondivulgacoes.com.br\/wp-content\/litespeed\/avatar\/70d8f8af3b6e7945511481b97d22e67c.jpg?ver=1777223803","contentUrl":"https:\/\/calmondivulgacoes.com.br\/wp-content\/litespeed\/avatar\/70d8f8af3b6e7945511481b97d22e67c.jpg?ver=1777223803","caption":"Calmon Divulga\u00e7\u00f5es"},"sameAs":["http:\/\/calmondivulgacoes.com.br"],"url":"https:\/\/calmondivulgacoes.com.br\/en\/autor\/calmondivulgacoesgmail-com\/"}]}},"uagb_featured_image_src":{"full":["https:\/\/calmondivulgacoes.com.br\/wp-content\/uploads\/2026\/04\/lulk.png",637,379,false],"thumbnail":["https:\/\/calmondivulgacoes.com.br\/wp-content\/uploads\/2026\/04\/lulk-150x89.png",150,89,true],"medium":["https:\/\/calmondivulgacoes.com.br\/wp-content\/uploads\/2026\/04\/lulk-300x178.png",300,178,true],"medium_large":["https:\/\/calmondivulgacoes.com.br\/wp-content\/uploads\/2026\/04\/lulk.png",637,379,false],"large":["https:\/\/calmondivulgacoes.com.br\/wp-content\/uploads\/2026\/04\/lulk.png",637,379,false],"1536x1536":["https:\/\/calmondivulgacoes.com.br\/wp-content\/uploads\/2026\/04\/lulk.png",637,379,false],"2048x2048":["https:\/\/calmondivulgacoes.com.br\/wp-content\/uploads\/2026\/04\/lulk.png",637,379,false],"trp-custom-language-flag":["https:\/\/calmondivulgacoes.com.br\/wp-content\/uploads\/2026\/04\/lulk-18x12.png",18,12,true],"cvmm-medium":["https:\/\/calmondivulgacoes.com.br\/wp-content\/uploads\/2026\/04\/lulk-300x300.png",300,300,true],"cvmm-medium-plus":["https:\/\/calmondivulgacoes.com.br\/wp-content\/uploads\/2026\/04\/lulk-305x207.png",305,207,true],"cvmm-portrait":["https:\/\/calmondivulgacoes.com.br\/wp-content\/uploads\/2026\/04\/lulk-400x379.png",400,379,true],"cvmm-medium-square":["https:\/\/calmondivulgacoes.com.br\/wp-content\/uploads\/2026\/04\/lulk-600x379.png",600,379,true],"cvmm-large":["https:\/\/calmondivulgacoes.com.br\/wp-content\/uploads\/2026\/04\/lulk.png",637,379,false],"cvmm-small":["https:\/\/calmondivulgacoes.com.br\/wp-content\/uploads\/2026\/04\/lulk-130x95.png",130,95,true]},"uagb_author_info":{"display_name":"Calmon Divulga\u00e7\u00f5es","author_link":"https:\/\/calmondivulgacoes.com.br\/en\/autor\/calmondivulgacoesgmail-com\/"},"uagb_comment_info":0,"uagb_excerpt":"Lula destaca na Alemanha como a matriz energ\u00e9tica limpa do Brasil o protege dos impactos da guerra no Ir\u00e3 e de crises globais.","blog_post_layout_featured_media_urls":{"thumbnail":["https:\/\/calmondivulgacoes.com.br\/wp-content\/uploads\/2026\/04\/lulk-150x89.png",150,89,true],"full":["https:\/\/calmondivulgacoes.com.br\/wp-content\/uploads\/2026\/04\/lulk.png",637,379,false]},"categories_names":{"45":{"name":"Economia","link":"https:\/\/calmondivulgacoes.com.br\/en\/category\/economia\/"}},"tags_names":{"70":{"name":"Brasil","link":"https:\/\/calmondivulgacoes.com.br\/en\/tag\/brasil\/"},"75":{"name":"energia limpa","link":"https:\/\/calmondivulgacoes.com.br\/en\/tag\/energia-limpa\/"},"74":{"name":"guerra Ir\u00e3","link":"https:\/\/calmondivulgacoes.com.br\/en\/tag\/guerra-ira\/"},"73":{"name":"hidrog\u00eanio verde","link":"https:\/\/calmondivulgacoes.com.br\/en\/tag\/hidrogenio-verde\/"},"72":{"name":"Lula","link":"https:\/\/calmondivulgacoes.com.br\/en\/tag\/lula\/"},"69":{"name":"Lula no exterior","link":"https:\/\/calmondivulgacoes.com.br\/en\/tag\/lula-no-exterior\/"},"71":{"name":"seguran\u00e7a energ\u00e9tica","link":"https:\/\/calmondivulgacoes.com.br\/en\/tag\/seguranca-energetica\/"}},"comments_number":"0","wpmagazine_modules_lite_featured_media_urls":{"thumbnail":["https:\/\/calmondivulgacoes.com.br\/wp-content\/uploads\/2026\/04\/lulk-150x89.png",150,89,true],"cvmm-medium":["https:\/\/calmondivulgacoes.com.br\/wp-content\/uploads\/2026\/04\/lulk-300x300.png",300,300,true],"cvmm-medium-plus":["https:\/\/calmondivulgacoes.com.br\/wp-content\/uploads\/2026\/04\/lulk-305x207.png",305,207,true],"cvmm-portrait":["https:\/\/calmondivulgacoes.com.br\/wp-content\/uploads\/2026\/04\/lulk-400x379.png",400,379,true],"cvmm-medium-square":["https:\/\/calmondivulgacoes.com.br\/wp-content\/uploads\/2026\/04\/lulk-600x379.png",600,379,true],"cvmm-large":["https:\/\/calmondivulgacoes.com.br\/wp-content\/uploads\/2026\/04\/lulk.png",637,379,false],"cvmm-small":["https:\/\/calmondivulgacoes.com.br\/wp-content\/uploads\/2026\/04\/lulk-130x95.png",130,95,true],"full":["https:\/\/calmondivulgacoes.com.br\/wp-content\/uploads\/2026\/04\/lulk.png",637,379,false]},"_links":{"self":[{"href":"https:\/\/calmondivulgacoes.com.br\/en\/wp-json\/wp\/v2\/posts\/3308","targetHints":{"allow":["GET"]}}],"collection":[{"href":"https:\/\/calmondivulgacoes.com.br\/en\/wp-json\/wp\/v2\/posts"}],"about":[{"href":"https:\/\/calmondivulgacoes.com.br\/en\/wp-json\/wp\/v2\/types\/post"}],"author":[{"embeddable":true,"href":"https:\/\/calmondivulgacoes.com.br\/en\/wp-json\/wp\/v2\/users\/1"}],"replies":[{"embeddable":true,"href":"https:\/\/calmondivulgacoes.com.br\/en\/wp-json\/wp\/v2\/comments?post=3308"}],"version-history":[{"count":1,"href":"https:\/\/calmondivulgacoes.com.br\/en\/wp-json\/wp\/v2\/posts\/3308\/revisions"}],"predecessor-version":[{"id":3310,"href":"https:\/\/calmondivulgacoes.com.br\/en\/wp-json\/wp\/v2\/posts\/3308\/revisions\/3310"}],"wp:featuredmedia":[{"embeddable":true,"href":"https:\/\/calmondivulgacoes.com.br\/en\/wp-json\/wp\/v2\/media\/3309"}],"wp:attachment":[{"href":"https:\/\/calmondivulgacoes.com.br\/en\/wp-json\/wp\/v2\/media?parent=3308"}],"wp:term":[{"taxonomy":"category","embeddable":true,"href":"https:\/\/calmondivulgacoes.com.br\/en\/wp-json\/wp\/v2\/categories?post=3308"},{"taxonomy":"post_tag","embeddable":true,"href":"https:\/\/calmondivulgacoes.com.br\/en\/wp-json\/wp\/v2\/tags?post=3308"}],"curies":[{"name":"wp","href":"https:\/\/api.w.org\/{rel}","templated":true}]}}