{"id":3307,"date":"2026-04-19T23:42:32","date_gmt":"2026-04-20T02:42:32","guid":{"rendered":"https:\/\/calmondivulgacoes.com.br\/?p=3307"},"modified":"2026-04-19T23:42:37","modified_gmt":"2026-04-20T02:42:37","slug":"trump-anuncia-apreensao-de-navio-iraniano","status":"publish","type":"post","link":"https:\/\/calmondivulgacoes.com.br\/en\/trump-anuncia-apreensao-de-navio-iraniano\/","title":{"rendered":"Trump anuncia apreens\u00e3o de navio iraniano no Estreito de Ormuz; Ir\u00e3 promete retalia\u00e7\u00e3o em meio \u00e0 tens\u00e3o"},"content":{"rendered":"<h2 class=\"wp-block-heading\">Tens\u00e3o aumenta no Estreito de Ormuz com apreens\u00e3o de navio iraniano por EUA<\/h2>\n\n\n\n<p>O presidente dos Estados Unidos, Donald Trump, anunciou neste domingo (05\/07) que o pa\u00eds apreendeu \u00e0 for\u00e7a um navio de carga com bandeira iraniana. A embarca\u00e7\u00e3o tentou contornar o bloqueio naval americano no estrat\u00e9gico Estreito de Ormuz.<\/p>\n\n\n\n<p>Esta \u00e9 a primeira intercepta\u00e7\u00e3o desse tipo desde o in\u00edcio da medida de bloqueio imposta pelos EUA. A a\u00e7\u00e3o eleva as preocupa\u00e7\u00f5es sobre um poss\u00edvel conflito na regi\u00e3o, intensificando o clima de &#8220;Guerra do Ir\u00e3&#8221;.<\/p>\n\n\n\n<p>Em resposta \u00e0 apreens\u00e3o, o comando militar do Ir\u00e3 afirmou que o ataque \u00e0 embarca\u00e7\u00e3o constituiu uma viola\u00e7\u00e3o e prometeu retalia\u00e7\u00e3o, aumentando o risco de escalada militar. As informa\u00e7\u00f5es foram divulgadas pelo g1.<\/p>\n\n\n\n<h3 class=\"wp-block-heading\">A\u00e7\u00e3o americana no Estreito de Ormuz<\/h3>\n\n\n\n<p>O Estreito de Ormuz \u00e9 uma passagem mar\u00edtima vital para o transporte de petr\u00f3leo, e o bloqueio imposto pelos EUA tem sido um ponto de atrito constante com o Ir\u00e3. A apreens\u00e3o do navio representa uma nova fase nas tens\u00f5es entre os dois pa\u00edses.<\/p>\n\n\n\n<h3 class=\"wp-block-heading\">Ir\u00e3 promete resposta \u00e0 apreens\u00e3o<\/h3>\n\n\n\n<p>Autoridades iranianas declararam que a a\u00e7\u00e3o dos Estados Unidos \u00e9 inaceit\u00e1vel e que haver\u00e1 consequ\u00eancias. A promessa de retalia\u00e7\u00e3o aumenta o receio de um confronto direto, com potencial para afetar o fornecimento global de petr\u00f3leo.<\/p>\n\n\n\n<h3 class=\"wp-block-heading\">Contexto de &#8220;Guerra do Ir\u00e3&#8221;<\/h3>\n\n\n\n<p>A apreens\u00e3o ocorre em um momento de alta tens\u00e3o na regi\u00e3o, onde a ret\u00f3rica entre EUA e Ir\u00e3 tem sido acirrada. A possibilidade de uma &#8220;Guerra do Ir\u00e3&#8221; tem sido amplamente discutida por analistas de seguran\u00e7a internacional.<\/p>\n\n\n\n<h3 class=\"wp-block-heading\">Impacto global e diplomacia<\/h3>\n\n\n\n<p>O incidente no Estreito de Ormuz tem implica\u00e7\u00f5es diretas no mercado de energia mundial. A comunidade internacional observa atentamente os pr\u00f3ximos passos, na esperan\u00e7a de que a diplomacia prevale\u00e7a sobre o conflito.<\/p>\n\n\n\n<figure class=\"wp-block-image size-large\"><img fetchpriority=\"high\" decoding=\"async\" width=\"819\" height=\"1024\" src=\"https:\/\/calmondivulgacoes.com.br\/wp-content\/uploads\/2026\/04\/patrocionadores-4-819x1024.png\" alt=\"\" class=\"wp-image-3163\" srcset=\"https:\/\/calmondivulgacoes.com.br\/wp-content\/uploads\/2026\/04\/patrocionadores-4-819x1024.png 819w, https:\/\/calmondivulgacoes.com.br\/wp-content\/uploads\/2026\/04\/patrocionadores-4-240x300.png 240w, https:\/\/calmondivulgacoes.com.br\/wp-content\/uploads\/2026\/04\/patrocionadores-4-120x150.png 120w, https:\/\/calmondivulgacoes.com.br\/wp-content\/uploads\/2026\/04\/patrocionadores-4-768x960.png 768w, https:\/\/calmondivulgacoes.com.br\/wp-content\/uploads\/2026\/04\/patrocionadores-4.png 1080w\" sizes=\"(max-width: 819px) 100vw, 819px\" \/><\/figure>","protected":false},"excerpt":{"rendered":"<p>EUA apreendem navio iraniano no Estreito de Ormuz; Ir\u00e3 promete retalia\u00e7\u00e3o. Tens\u00e3o aumenta e risco de conflito na regi\u00e3o cresce. Saiba mais!<\/p>","protected":false},"author":1,"featured_media":3311,"comment_status":"closed","ping_status":"closed","sticky":false,"template":"","format":"standard","meta":{"_uag_custom_page_level_css":"","_monsterinsights_skip_tracking":false,"_monsterinsights_sitenote_active":false,"_monsterinsights_sitenote_note":"","_monsterinsights_sitenote_category":0,"maa_idioma":"","maa_pais":"","footnotes":""},"categories":[45],"tags":[82,78,76,79,77,81,80],"class_list":["post-3307","post","type-post","status-publish","format-standard","has-post-thumbnail","hentry","category-economia","tag-donald-trump","tag-estreito-de-ormuz","tag-eua","tag-ira","tag-navio-iraniano","tag-retaliacao","tag-tensao-internacional"],"yoast_head":"<!-- This site is optimized with the Yoast SEO plugin v27.4 - https:\/\/yoast.com\/product\/yoast-seo-wordpress\/ -->\n<title>Trump anuncia apreens\u00e3o de navio iraniano no Estreito de Ormuz; Ir\u00e3 promete retalia\u00e7\u00e3o em meio \u00e0 tens\u00e3o - Calmon Divulga\u00e7\u00f5es<\/title>\n<meta name=\"robots\" content=\"index, follow, max-snippet:-1, max-image-preview:large, max-video-preview:-1\" \/>\n<link rel=\"canonical\" href=\"https:\/\/calmondivulgacoes.com.br\/en\/trump-anuncia-apreensao-de-navio-iraniano\/\" \/>\n<meta property=\"og:locale\" content=\"en_US\" \/>\n<meta property=\"og:type\" content=\"article\" \/>\n<meta property=\"og:title\" content=\"Trump anuncia apreens\u00e3o de navio iraniano no Estreito de Ormuz; Ir\u00e3 promete retalia\u00e7\u00e3o em meio \u00e0 tens\u00e3o - Calmon Divulga\u00e7\u00f5es\" \/>\n<meta property=\"og:description\" content=\"EUA apreendem navio iraniano no Estreito de Ormuz; Ir\u00e3 promete retalia\u00e7\u00e3o. Tens\u00e3o aumenta e risco de conflito na regi\u00e3o cresce. Saiba mais!\" \/>\n<meta property=\"og:url\" content=\"https:\/\/calmondivulgacoes.com.br\/en\/trump-anuncia-apreensao-de-navio-iraniano\/\" \/>\n<meta property=\"og:site_name\" content=\"Calmon Divulga\u00e7\u00f5es\" \/>\n<meta property=\"article:publisher\" content=\"https:\/\/www.facebook.com\/calmondivulgacoes\" \/>\n<meta property=\"article:published_time\" content=\"2026-04-20T02:42:32+00:00\" \/>\n<meta property=\"article:modified_time\" content=\"2026-04-20T02:42:37+00:00\" \/>\n<meta property=\"og:image\" content=\"https:\/\/calmondivulgacoes.com.br\/wp-content\/uploads\/2026\/04\/sssddd.png\" \/>\n\t<meta property=\"og:image:width\" content=\"785\" \/>\n\t<meta property=\"og:image:height\" content=\"471\" \/>\n\t<meta property=\"og:image:type\" content=\"image\/png\" \/>\n<meta name=\"author\" content=\"Calmon Divulga\u00e7\u00f5es\" \/>\n<meta name=\"twitter:card\" content=\"summary_large_image\" \/>\n<meta name=\"twitter:label1\" content=\"Written by\" \/>\n\t<meta name=\"twitter:data1\" content=\"Calmon Divulga\u00e7\u00f5es\" \/>\n\t<meta name=\"twitter:label2\" content=\"Est. reading time\" \/>\n\t<meta name=\"twitter:data2\" content=\"2 minutes\" \/>\n<script type=\"application\/ld+json\" class=\"yoast-schema-graph\">{\"@context\":\"https:\\\/\\\/schema.org\",\"@graph\":[{\"@type\":\"Article\",\"@id\":\"https:\\\/\\\/calmondivulgacoes.com.br\\\/trump-anuncia-apreensao-de-navio-iraniano\\\/#article\",\"isPartOf\":{\"@id\":\"https:\\\/\\\/calmondivulgacoes.com.br\\\/trump-anuncia-apreensao-de-navio-iraniano\\\/\"},\"author\":{\"name\":\"Calmon Divulga\u00e7\u00f5es\",\"@id\":\"https:\\\/\\\/calmondivulgacoes.com.br\\\/#\\\/schema\\\/person\\\/f51b6a75a3e31b01ea8f6fea23fc01fa\"},\"headline\":\"Trump anuncia apreens\u00e3o de navio iraniano no Estreito de Ormuz; Ir\u00e3 promete retalia\u00e7\u00e3o em meio \u00e0 tens\u00e3o\",\"datePublished\":\"2026-04-20T02:42:32+00:00\",\"dateModified\":\"2026-04-20T02:42:37+00:00\",\"mainEntityOfPage\":{\"@id\":\"https:\\\/\\\/calmondivulgacoes.com.br\\\/trump-anuncia-apreensao-de-navio-iraniano\\\/\"},\"wordCount\":335,\"publisher\":{\"@id\":\"https:\\\/\\\/calmondivulgacoes.com.br\\\/#organization\"},\"image\":{\"@id\":\"https:\\\/\\\/calmondivulgacoes.com.br\\\/trump-anuncia-apreensao-de-navio-iraniano\\\/#primaryimage\"},\"thumbnailUrl\":\"https:\\\/\\\/calmondivulgacoes.com.br\\\/wp-content\\\/uploads\\\/2026\\\/04\\\/sssddd.png\",\"keywords\":[\"Donald Trump\",\"Estreito de Ormuz\",\"EUA\",\"Ir\u00e3\",\"Navio iraniano\",\"Retalia\u00e7\u00e3o\",\"Tens\u00e3o internacional\"],\"articleSection\":[\"Economia\"],\"inLanguage\":\"en-US\"},{\"@type\":\"WebPage\",\"@id\":\"https:\\\/\\\/calmondivulgacoes.com.br\\\/trump-anuncia-apreensao-de-navio-iraniano\\\/\",\"url\":\"https:\\\/\\\/calmondivulgacoes.com.br\\\/trump-anuncia-apreensao-de-navio-iraniano\\\/\",\"name\":\"Trump anuncia apreens\u00e3o de navio iraniano no Estreito de Ormuz; Ir\u00e3 promete retalia\u00e7\u00e3o em meio \u00e0 tens\u00e3o - Calmon Divulga\u00e7\u00f5es\",\"isPartOf\":{\"@id\":\"https:\\\/\\\/calmondivulgacoes.com.br\\\/#website\"},\"primaryImageOfPage\":{\"@id\":\"https:\\\/\\\/calmondivulgacoes.com.br\\\/trump-anuncia-apreensao-de-navio-iraniano\\\/#primaryimage\"},\"image\":{\"@id\":\"https:\\\/\\\/calmondivulgacoes.com.br\\\/trump-anuncia-apreensao-de-navio-iraniano\\\/#primaryimage\"},\"thumbnailUrl\":\"https:\\\/\\\/calmondivulgacoes.com.br\\\/wp-content\\\/uploads\\\/2026\\\/04\\\/sssddd.png\",\"datePublished\":\"2026-04-20T02:42:32+00:00\",\"dateModified\":\"2026-04-20T02:42:37+00:00\",\"breadcrumb\":{\"@id\":\"https:\\\/\\\/calmondivulgacoes.com.br\\\/trump-anuncia-apreensao-de-navio-iraniano\\\/#breadcrumb\"},\"inLanguage\":\"en-US\",\"potentialAction\":[{\"@type\":\"ReadAction\",\"target\":[\"https:\\\/\\\/calmondivulgacoes.com.br\\\/trump-anuncia-apreensao-de-navio-iraniano\\\/\"]}]},{\"@type\":\"ImageObject\",\"inLanguage\":\"en-US\",\"@id\":\"https:\\\/\\\/calmondivulgacoes.com.br\\\/trump-anuncia-apreensao-de-navio-iraniano\\\/#primaryimage\",\"url\":\"https:\\\/\\\/calmondivulgacoes.com.br\\\/wp-content\\\/uploads\\\/2026\\\/04\\\/sssddd.png\",\"contentUrl\":\"https:\\\/\\\/calmondivulgacoes.com.br\\\/wp-content\\\/uploads\\\/2026\\\/04\\\/sssddd.png\",\"width\":785,\"height\":471},{\"@type\":\"BreadcrumbList\",\"@id\":\"https:\\\/\\\/calmondivulgacoes.com.br\\\/trump-anuncia-apreensao-de-navio-iraniano\\\/#breadcrumb\",\"itemListElement\":[{\"@type\":\"ListItem\",\"position\":1,\"name\":\"In\u00edcio\",\"item\":\"https:\\\/\\\/calmondivulgacoes.com.br\\\/\"},{\"@type\":\"ListItem\",\"position\":2,\"name\":\"Trump anuncia apreens\u00e3o de navio iraniano no Estreito de Ormuz; Ir\u00e3 promete retalia\u00e7\u00e3o em meio \u00e0 tens\u00e3o\"}]},{\"@type\":\"WebSite\",\"@id\":\"https:\\\/\\\/calmondivulgacoes.com.br\\\/#website\",\"url\":\"https:\\\/\\\/calmondivulgacoes.com.br\\\/\",\"name\":\"Calmon Divulga\u00e7\u00f5es\",\"description\":\"e Not\u00edcias\",\"publisher\":{\"@id\":\"https:\\\/\\\/calmondivulgacoes.com.br\\\/#organization\"},\"potentialAction\":[{\"@type\":\"SearchAction\",\"target\":{\"@type\":\"EntryPoint\",\"urlTemplate\":\"https:\\\/\\\/calmondivulgacoes.com.br\\\/?s={search_term_string}\"},\"query-input\":{\"@type\":\"PropertyValueSpecification\",\"valueRequired\":true,\"valueName\":\"search_term_string\"}}],\"inLanguage\":\"en-US\"},{\"@type\":\"Organization\",\"@id\":\"https:\\\/\\\/calmondivulgacoes.com.br\\\/#organization\",\"name\":\"Calmon Divulga\u00e7\u00f5es\",\"url\":\"https:\\\/\\\/calmondivulgacoes.com.br\\\/\",\"logo\":{\"@type\":\"ImageObject\",\"inLanguage\":\"en-US\",\"@id\":\"https:\\\/\\\/calmondivulgacoes.com.br\\\/#\\\/schema\\\/logo\\\/image\\\/\",\"url\":\"https:\\\/\\\/calmondivulgacoes.com.br\\\/wp-content\\\/uploads\\\/2026\\\/04\\\/cropped-WhatsApp_Image_2025-12-02_at_20.44.08-removebg-preview.png\",\"contentUrl\":\"https:\\\/\\\/calmondivulgacoes.com.br\\\/wp-content\\\/uploads\\\/2026\\\/04\\\/cropped-WhatsApp_Image_2025-12-02_at_20.44.08-removebg-preview.png\",\"width\":120,\"height\":120,\"caption\":\"Calmon Divulga\u00e7\u00f5es\"},\"image\":{\"@id\":\"https:\\\/\\\/calmondivulgacoes.com.br\\\/#\\\/schema\\\/logo\\\/image\\\/\"},\"sameAs\":[\"https:\\\/\\\/www.facebook.com\\\/calmondivulgacoes\",\"https:\\\/\\\/www.instagram.com\\\/calmondivulgacoes\\\/\"]},{\"@type\":\"Person\",\"@id\":\"https:\\\/\\\/calmondivulgacoes.com.br\\\/#\\\/schema\\\/person\\\/f51b6a75a3e31b01ea8f6fea23fc01fa\",\"name\":\"Calmon Divulga\u00e7\u00f5es\",\"image\":{\"@type\":\"ImageObject\",\"inLanguage\":\"en-US\",\"@id\":\"https:\\\/\\\/calmondivulgacoes.com.br\\\/wp-content\\\/litespeed\\\/avatar\\\/70d8f8af3b6e7945511481b97d22e67c.jpg?ver=1777223803\",\"url\":\"https:\\\/\\\/calmondivulgacoes.com.br\\\/wp-content\\\/litespeed\\\/avatar\\\/70d8f8af3b6e7945511481b97d22e67c.jpg?ver=1777223803\",\"contentUrl\":\"https:\\\/\\\/calmondivulgacoes.com.br\\\/wp-content\\\/litespeed\\\/avatar\\\/70d8f8af3b6e7945511481b97d22e67c.jpg?ver=1777223803\",\"caption\":\"Calmon Divulga\u00e7\u00f5es\"},\"sameAs\":[\"http:\\\/\\\/calmondivulgacoes.com.br\"],\"url\":\"https:\\\/\\\/calmondivulgacoes.com.br\\\/en\\\/autor\\\/calmondivulgacoesgmail-com\\\/\"}]}<\/script>\n<!-- \/ Yoast SEO plugin. -->","yoast_head_json":{"title":"Trump anuncia apreens\u00e3o de navio iraniano no Estreito de Ormuz; Ir\u00e3 promete retalia\u00e7\u00e3o em meio \u00e0 tens\u00e3o - Calmon Divulga\u00e7\u00f5es","robots":{"index":"index","follow":"follow","max-snippet":"max-snippet:-1","max-image-preview":"max-image-preview:large","max-video-preview":"max-video-preview:-1"},"canonical":"https:\/\/calmondivulgacoes.com.br\/en\/trump-anuncia-apreensao-de-navio-iraniano\/","og_locale":"en_US","og_type":"article","og_title":"Trump anuncia apreens\u00e3o de navio iraniano no Estreito de Ormuz; Ir\u00e3 promete retalia\u00e7\u00e3o em meio \u00e0 tens\u00e3o - Calmon Divulga\u00e7\u00f5es","og_description":"EUA apreendem navio iraniano no Estreito de Ormuz; Ir\u00e3 promete retalia\u00e7\u00e3o. Tens\u00e3o aumenta e risco de conflito na regi\u00e3o cresce. Saiba mais!","og_url":"https:\/\/calmondivulgacoes.com.br\/en\/trump-anuncia-apreensao-de-navio-iraniano\/","og_site_name":"Calmon Divulga\u00e7\u00f5es","article_publisher":"https:\/\/www.facebook.com\/calmondivulgacoes","article_published_time":"2026-04-20T02:42:32+00:00","article_modified_time":"2026-04-20T02:42:37+00:00","og_image":[{"width":785,"height":471,"url":"https:\/\/calmondivulgacoes.com.br\/wp-content\/uploads\/2026\/04\/sssddd.png","type":"image\/png"}],"author":"Calmon Divulga\u00e7\u00f5es","twitter_card":"summary_large_image","twitter_misc":{"Written by":"Calmon Divulga\u00e7\u00f5es","Est. reading time":"2 minutes"},"schema":{"@context":"https:\/\/schema.org","@graph":[{"@type":"Article","@id":"https:\/\/calmondivulgacoes.com.br\/trump-anuncia-apreensao-de-navio-iraniano\/#article","isPartOf":{"@id":"https:\/\/calmondivulgacoes.com.br\/trump-anuncia-apreensao-de-navio-iraniano\/"},"author":{"name":"Calmon Divulga\u00e7\u00f5es","@id":"https:\/\/calmondivulgacoes.com.br\/#\/schema\/person\/f51b6a75a3e31b01ea8f6fea23fc01fa"},"headline":"Trump anuncia apreens\u00e3o de navio iraniano no Estreito de Ormuz; Ir\u00e3 promete retalia\u00e7\u00e3o em meio \u00e0 tens\u00e3o","datePublished":"2026-04-20T02:42:32+00:00","dateModified":"2026-04-20T02:42:37+00:00","mainEntityOfPage":{"@id":"https:\/\/calmondivulgacoes.com.br\/trump-anuncia-apreensao-de-navio-iraniano\/"},"wordCount":335,"publisher":{"@id":"https:\/\/calmondivulgacoes.com.br\/#organization"},"image":{"@id":"https:\/\/calmondivulgacoes.com.br\/trump-anuncia-apreensao-de-navio-iraniano\/#primaryimage"},"thumbnailUrl":"https:\/\/calmondivulgacoes.com.br\/wp-content\/uploads\/2026\/04\/sssddd.png","keywords":["Donald Trump","Estreito de Ormuz","EUA","Ir\u00e3","Navio iraniano","Retalia\u00e7\u00e3o","Tens\u00e3o internacional"],"articleSection":["Economia"],"inLanguage":"en-US"},{"@type":"WebPage","@id":"https:\/\/calmondivulgacoes.com.br\/trump-anuncia-apreensao-de-navio-iraniano\/","url":"https:\/\/calmondivulgacoes.com.br\/trump-anuncia-apreensao-de-navio-iraniano\/","name":"Trump anuncia apreens\u00e3o de navio iraniano no Estreito de Ormuz; Ir\u00e3 promete retalia\u00e7\u00e3o em meio \u00e0 tens\u00e3o - Calmon Divulga\u00e7\u00f5es","isPartOf":{"@id":"https:\/\/calmondivulgacoes.com.br\/#website"},"primaryImageOfPage":{"@id":"https:\/\/calmondivulgacoes.com.br\/trump-anuncia-apreensao-de-navio-iraniano\/#primaryimage"},"image":{"@id":"https:\/\/calmondivulgacoes.com.br\/trump-anuncia-apreensao-de-navio-iraniano\/#primaryimage"},"thumbnailUrl":"https:\/\/calmondivulgacoes.com.br\/wp-content\/uploads\/2026\/04\/sssddd.png","datePublished":"2026-04-20T02:42:32+00:00","dateModified":"2026-04-20T02:42:37+00:00","breadcrumb":{"@id":"https:\/\/calmondivulgacoes.com.br\/trump-anuncia-apreensao-de-navio-iraniano\/#breadcrumb"},"inLanguage":"en-US","potentialAction":[{"@type":"ReadAction","target":["https:\/\/calmondivulgacoes.com.br\/trump-anuncia-apreensao-de-navio-iraniano\/"]}]},{"@type":"ImageObject","inLanguage":"en-US","@id":"https:\/\/calmondivulgacoes.com.br\/trump-anuncia-apreensao-de-navio-iraniano\/#primaryimage","url":"https:\/\/calmondivulgacoes.com.br\/wp-content\/uploads\/2026\/04\/sssddd.png","contentUrl":"https:\/\/calmondivulgacoes.com.br\/wp-content\/uploads\/2026\/04\/sssddd.png","width":785,"height":471},{"@type":"BreadcrumbList","@id":"https:\/\/calmondivulgacoes.com.br\/trump-anuncia-apreensao-de-navio-iraniano\/#breadcrumb","itemListElement":[{"@type":"ListItem","position":1,"name":"In\u00edcio","item":"https:\/\/calmondivulgacoes.com.br\/"},{"@type":"ListItem","position":2,"name":"Trump anuncia apreens\u00e3o de navio iraniano no Estreito de Ormuz; Ir\u00e3 promete retalia\u00e7\u00e3o em meio \u00e0 tens\u00e3o"}]},{"@type":"WebSite","@id":"https:\/\/calmondivulgacoes.com.br\/#website","url":"https:\/\/calmondivulgacoes.com.br\/","name":"Calmon Divulga\u00e7\u00f5es","description":"e Not\u00edcias","publisher":{"@id":"https:\/\/calmondivulgacoes.com.br\/#organization"},"potentialAction":[{"@type":"SearchAction","target":{"@type":"EntryPoint","urlTemplate":"https:\/\/calmondivulgacoes.com.br\/?s={search_term_string}"},"query-input":{"@type":"PropertyValueSpecification","valueRequired":true,"valueName":"search_term_string"}}],"inLanguage":"en-US"},{"@type":"Organization","@id":"https:\/\/calmondivulgacoes.com.br\/#organization","name":"Calmon Divulga\u00e7\u00f5es","url":"https:\/\/calmondivulgacoes.com.br\/","logo":{"@type":"ImageObject","inLanguage":"en-US","@id":"https:\/\/calmondivulgacoes.com.br\/#\/schema\/logo\/image\/","url":"https:\/\/calmondivulgacoes.com.br\/wp-content\/uploads\/2026\/04\/cropped-WhatsApp_Image_2025-12-02_at_20.44.08-removebg-preview.png","contentUrl":"https:\/\/calmondivulgacoes.com.br\/wp-content\/uploads\/2026\/04\/cropped-WhatsApp_Image_2025-12-02_at_20.44.08-removebg-preview.png","width":120,"height":120,"caption":"Calmon Divulga\u00e7\u00f5es"},"image":{"@id":"https:\/\/calmondivulgacoes.com.br\/#\/schema\/logo\/image\/"},"sameAs":["https:\/\/www.facebook.com\/calmondivulgacoes","https:\/\/www.instagram.com\/calmondivulgacoes\/"]},{"@type":"Person","@id":"https:\/\/calmondivulgacoes.com.br\/#\/schema\/person\/f51b6a75a3e31b01ea8f6fea23fc01fa","name":"Calmon Divulga\u00e7\u00f5es","image":{"@type":"ImageObject","inLanguage":"en-US","@id":"https:\/\/calmondivulgacoes.com.br\/wp-content\/litespeed\/avatar\/70d8f8af3b6e7945511481b97d22e67c.jpg?ver=1777223803","url":"https:\/\/calmondivulgacoes.com.br\/wp-content\/litespeed\/avatar\/70d8f8af3b6e7945511481b97d22e67c.jpg?ver=1777223803","contentUrl":"https:\/\/calmondivulgacoes.com.br\/wp-content\/litespeed\/avatar\/70d8f8af3b6e7945511481b97d22e67c.jpg?ver=1777223803","caption":"Calmon Divulga\u00e7\u00f5es"},"sameAs":["http:\/\/calmondivulgacoes.com.br"],"url":"https:\/\/calmondivulgacoes.com.br\/en\/autor\/calmondivulgacoesgmail-com\/"}]}},"uagb_featured_image_src":{"full":["https:\/\/calmondivulgacoes.com.br\/wp-content\/uploads\/2026\/04\/sssddd.png",785,471,false],"thumbnail":["https:\/\/calmondivulgacoes.com.br\/wp-content\/uploads\/2026\/04\/sssddd-150x90.png",150,90,true],"medium":["https:\/\/calmondivulgacoes.com.br\/wp-content\/uploads\/2026\/04\/sssddd-300x180.png",300,180,true],"medium_large":["https:\/\/calmondivulgacoes.com.br\/wp-content\/uploads\/2026\/04\/sssddd-768x461.png",640,384,true],"large":["https:\/\/calmondivulgacoes.com.br\/wp-content\/uploads\/2026\/04\/sssddd.png",640,384,false],"1536x1536":["https:\/\/calmondivulgacoes.com.br\/wp-content\/uploads\/2026\/04\/sssddd.png",785,471,false],"2048x2048":["https:\/\/calmondivulgacoes.com.br\/wp-content\/uploads\/2026\/04\/sssddd.png",785,471,false],"trp-custom-language-flag":["https:\/\/calmondivulgacoes.com.br\/wp-content\/uploads\/2026\/04\/sssddd-18x12.png",18,12,true],"cvmm-medium":["https:\/\/calmondivulgacoes.com.br\/wp-content\/uploads\/2026\/04\/sssddd-300x300.png",300,300,true],"cvmm-medium-plus":["https:\/\/calmondivulgacoes.com.br\/wp-content\/uploads\/2026\/04\/sssddd-305x207.png",305,207,true],"cvmm-portrait":["https:\/\/calmondivulgacoes.com.br\/wp-content\/uploads\/2026\/04\/sssddd-400x471.png",400,471,true],"cvmm-medium-square":["https:\/\/calmondivulgacoes.com.br\/wp-content\/uploads\/2026\/04\/sssddd-600x471.png",600,471,true],"cvmm-large":["https:\/\/calmondivulgacoes.com.br\/wp-content\/uploads\/2026\/04\/sssddd.png",785,471,false],"cvmm-small":["https:\/\/calmondivulgacoes.com.br\/wp-content\/uploads\/2026\/04\/sssddd-130x95.png",130,95,true]},"uagb_author_info":{"display_name":"Calmon Divulga\u00e7\u00f5es","author_link":"https:\/\/calmondivulgacoes.com.br\/en\/autor\/calmondivulgacoesgmail-com\/"},"uagb_comment_info":0,"uagb_excerpt":"EUA apreendem navio iraniano no Estreito de Ormuz; Ir\u00e3 promete retalia\u00e7\u00e3o. Tens\u00e3o aumenta e risco de conflito na regi\u00e3o cresce. Saiba mais!","blog_post_layout_featured_media_urls":{"thumbnail":["https:\/\/calmondivulgacoes.com.br\/wp-content\/uploads\/2026\/04\/sssddd-150x90.png",150,90,true],"full":["https:\/\/calmondivulgacoes.com.br\/wp-content\/uploads\/2026\/04\/sssddd.png",785,471,false]},"categories_names":{"45":{"name":"Economia","link":"https:\/\/calmondivulgacoes.com.br\/en\/category\/economia\/"}},"tags_names":{"82":{"name":"Donald Trump","link":"https:\/\/calmondivulgacoes.com.br\/en\/tag\/donald-trump\/"},"78":{"name":"Estreito de Ormuz","link":"https:\/\/calmondivulgacoes.com.br\/en\/tag\/estreito-de-ormuz\/"},"76":{"name":"EUA","link":"https:\/\/calmondivulgacoes.com.br\/en\/tag\/eua\/"},"79":{"name":"Ir\u00e3","link":"https:\/\/calmondivulgacoes.com.br\/en\/tag\/ira\/"},"77":{"name":"Navio iraniano","link":"https:\/\/calmondivulgacoes.com.br\/en\/tag\/navio-iraniano\/"},"81":{"name":"Retalia\u00e7\u00e3o","link":"https:\/\/calmondivulgacoes.com.br\/en\/tag\/retaliacao\/"},"80":{"name":"Tens\u00e3o internacional","link":"https:\/\/calmondivulgacoes.com.br\/en\/tag\/tensao-internacional\/"}},"comments_number":"0","wpmagazine_modules_lite_featured_media_urls":{"thumbnail":["https:\/\/calmondivulgacoes.com.br\/wp-content\/uploads\/2026\/04\/sssddd-150x90.png",150,90,true],"cvmm-medium":["https:\/\/calmondivulgacoes.com.br\/wp-content\/uploads\/2026\/04\/sssddd-300x300.png",300,300,true],"cvmm-medium-plus":["https:\/\/calmondivulgacoes.com.br\/wp-content\/uploads\/2026\/04\/sssddd-305x207.png",305,207,true],"cvmm-portrait":["https:\/\/calmondivulgacoes.com.br\/wp-content\/uploads\/2026\/04\/sssddd-400x471.png",400,471,true],"cvmm-medium-square":["https:\/\/calmondivulgacoes.com.br\/wp-content\/uploads\/2026\/04\/sssddd-600x471.png",600,471,true],"cvmm-large":["https:\/\/calmondivulgacoes.com.br\/wp-content\/uploads\/2026\/04\/sssddd.png",785,471,false],"cvmm-small":["https:\/\/calmondivulgacoes.com.br\/wp-content\/uploads\/2026\/04\/sssddd-130x95.png",130,95,true],"full":["https:\/\/calmondivulgacoes.com.br\/wp-content\/uploads\/2026\/04\/sssddd.png",785,471,false]},"_links":{"self":[{"href":"https:\/\/calmondivulgacoes.com.br\/en\/wp-json\/wp\/v2\/posts\/3307","targetHints":{"allow":["GET"]}}],"collection":[{"href":"https:\/\/calmondivulgacoes.com.br\/en\/wp-json\/wp\/v2\/posts"}],"about":[{"href":"https:\/\/calmondivulgacoes.com.br\/en\/wp-json\/wp\/v2\/types\/post"}],"author":[{"embeddable":true,"href":"https:\/\/calmondivulgacoes.com.br\/en\/wp-json\/wp\/v2\/users\/1"}],"replies":[{"embeddable":true,"href":"https:\/\/calmondivulgacoes.com.br\/en\/wp-json\/wp\/v2\/comments?post=3307"}],"version-history":[{"count":1,"href":"https:\/\/calmondivulgacoes.com.br\/en\/wp-json\/wp\/v2\/posts\/3307\/revisions"}],"predecessor-version":[{"id":3312,"href":"https:\/\/calmondivulgacoes.com.br\/en\/wp-json\/wp\/v2\/posts\/3307\/revisions\/3312"}],"wp:featuredmedia":[{"embeddable":true,"href":"https:\/\/calmondivulgacoes.com.br\/en\/wp-json\/wp\/v2\/media\/3311"}],"wp:attachment":[{"href":"https:\/\/calmondivulgacoes.com.br\/en\/wp-json\/wp\/v2\/media?parent=3307"}],"wp:term":[{"taxonomy":"category","embeddable":true,"href":"https:\/\/calmondivulgacoes.com.br\/en\/wp-json\/wp\/v2\/categories?post=3307"},{"taxonomy":"post_tag","embeddable":true,"href":"https:\/\/calmondivulgacoes.com.br\/en\/wp-json\/wp\/v2\/tags?post=3307"}],"curies":[{"name":"wp","href":"https:\/\/api.w.org\/{rel}","templated":true}]}}