{"id":3303,"date":"2026-04-19T23:14:56","date_gmt":"2026-04-20T02:14:56","guid":{"rendered":"https:\/\/calmondivulgacoes.com.br\/?p=3303"},"modified":"2026-04-20T08:41:17","modified_gmt":"2026-04-20T11:41:17","slug":"miguel-calmon-ausencia-da-lei-de-cotas-municipal-para-povos-indigenas-levanta-debate-sobre-inclusao","status":"publish","type":"post","link":"https:\/\/calmondivulgacoes.com.br\/en\/miguel-calmon-ausencia-da-lei-de-cotas-municipal-para-povos-indigenas-levanta-debate-sobre-inclusao\/","title":{"rendered":"Miguel Calmon: aus\u00eancia da lei municipal de cotas para povos ind\u00edgenas levanta debate sobre inclus\u00e3o"},"content":{"rendered":"<figure class=\"wp-block-image size-large\"><img fetchpriority=\"high\" decoding=\"async\" width=\"1024\" height=\"107\" src=\"https:\/\/calmondivulgacoes.com.br\/wp-content\/uploads\/2026\/04\/Design-sem-nome-6-1024x107.png\" alt=\"\" class=\"wp-image-3160\" srcset=\"https:\/\/calmondivulgacoes.com.br\/wp-content\/uploads\/2026\/04\/Design-sem-nome-6-1024x107.png 1024w, https:\/\/calmondivulgacoes.com.br\/wp-content\/uploads\/2026\/04\/Design-sem-nome-6-300x31.png 300w, https:\/\/calmondivulgacoes.com.br\/wp-content\/uploads\/2026\/04\/Design-sem-nome-6-150x16.png 150w, https:\/\/calmondivulgacoes.com.br\/wp-content\/uploads\/2026\/04\/Design-sem-nome-6-768x80.png 768w, https:\/\/calmondivulgacoes.com.br\/wp-content\/uploads\/2026\/04\/Design-sem-nome-6-1536x160.png 1536w, https:\/\/calmondivulgacoes.com.br\/wp-content\/uploads\/2026\/04\/Design-sem-nome-6.png 1920w\" sizes=\"(max-width: 1024px) 100vw, 1024px\" \/><\/figure>\n\n\n\n<p>Uma publica\u00e7\u00e3o recente da Prefeitura de Miguel Calmon, em alus\u00e3o ao Dia dos Povos Ind\u00edgenas, 19\/04\/2026, refor\u00e7ou a import\u00e2ncia do combate ao racismo e da valoriza\u00e7\u00e3o cultural. No entanto, o tema tamb\u00e9m reacendeu um debate relevante no munic\u00edpio: a lei de cotas municipal, como pol\u00edtica p\u00fablica ou a\u00e7\u00f5es afirmativas voltadas diretamente \u00e0s comunidades ind\u00edgenas locais.<\/p>\n\n\n\n<p>A Constitui\u00e7\u00e3o Federal garante a promo\u00e7\u00e3o da igualdade e a prote\u00e7\u00e3o das culturas tradicionais. Nesse contexto, iniciativas locais podem ser adotadas como forma de fortalecer a inclus\u00e3o e reduzir desigualdades hist\u00f3ricas.<\/p>\n\n\n\n<p>Atualmente, n\u00e3o h\u00e1 registro p\u00fablico de legisla\u00e7\u00e3o municipal em Miguel Calmon que trate diretamente de cotas aos povos ind\u00edgenas. Diante disso, cresce a expectativa de que o tema possa ser debatido no \u00e2mbito da C\u00e2mara de Vereadores, com eventual proposi\u00e7\u00e3o de projetos de lei que ampliem o reconhecimento e a valoriza\u00e7\u00e3o dessas comunidades.<\/p>\n\n\n\n<p>Entre outras poss\u00edveis medidas est\u00e3o a cria\u00e7\u00e3o de programas educacionais inclusivos, mais incentivo \u00e0 cultura ind\u00edgena e pol\u00edticas p\u00fablicas que promovam maior acesso a oportunidades. A iniciativa dependeria da atua\u00e7\u00e3o conjunta entre o Poder Legislativo e o Executivo municipal.<\/p>\n\n\n\n<p>Procurados, representantes do poder p\u00fablico local podem se manifestar sobre a possibilidade de discuss\u00e3o de projetos nessa \u00e1rea. O espa\u00e7o segue aberto para posicionamentos oficiais.<\/p>\n\n\n\n<figure class=\"wp-block-image size-full\"><img decoding=\"async\" width=\"961\" height=\"601\" src=\"https:\/\/calmondivulgacoes.com.br\/wp-content\/uploads\/2026\/04\/inddd2.png\" alt=\"\" class=\"wp-image-3304\" srcset=\"https:\/\/calmondivulgacoes.com.br\/wp-content\/uploads\/2026\/04\/inddd2.png 961w, https:\/\/calmondivulgacoes.com.br\/wp-content\/uploads\/2026\/04\/inddd2-300x188.png 300w, https:\/\/calmondivulgacoes.com.br\/wp-content\/uploads\/2026\/04\/inddd2-150x94.png 150w, https:\/\/calmondivulgacoes.com.br\/wp-content\/uploads\/2026\/04\/inddd2-768x480.png 768w, https:\/\/calmondivulgacoes.com.br\/wp-content\/uploads\/2026\/04\/inddd2-18x12.png 18w\" sizes=\"(max-width: 961px) 100vw, 961px\" \/><\/figure>\n\n\n\n<figure class=\"wp-block-image size-large\"><img decoding=\"async\" width=\"819\" height=\"1024\" src=\"https:\/\/calmondivulgacoes.com.br\/wp-content\/uploads\/2026\/04\/patrocionadores-2-819x1024.png\" alt=\"\" class=\"wp-image-3147\" srcset=\"https:\/\/calmondivulgacoes.com.br\/wp-content\/uploads\/2026\/04\/patrocionadores-2-819x1024.png 819w, https:\/\/calmondivulgacoes.com.br\/wp-content\/uploads\/2026\/04\/patrocionadores-2-240x300.png 240w, https:\/\/calmondivulgacoes.com.br\/wp-content\/uploads\/2026\/04\/patrocionadores-2-120x150.png 120w, https:\/\/calmondivulgacoes.com.br\/wp-content\/uploads\/2026\/04\/patrocionadores-2-768x960.png 768w, https:\/\/calmondivulgacoes.com.br\/wp-content\/uploads\/2026\/04\/patrocionadores-2.png 1080w\" sizes=\"(max-width: 819px) 100vw, 819px\" \/><\/figure>","protected":false},"excerpt":{"rendered":"<p>Uma publica\u00e7\u00e3o recente da Prefeitura de Miguel Calmon, em alus\u00e3o ao Dia dos Povos Ind\u00edgenas, 19\/04\/2026, refor\u00e7ou a import\u00e2ncia do combate ao racismo e da valoriza\u00e7\u00e3o cultural. No entanto, o tema tamb\u00e9m reacendeu um debate relevante no munic\u00edpio: a lei de cotas municipal, como pol\u00edtica p\u00fablica ou a\u00e7\u00f5es afirmativas voltadas diretamente \u00e0s comunidades ind\u00edgenas locais. [&hellip;]<\/p>\n","protected":false},"author":1,"featured_media":3305,"comment_status":"closed","ping_status":"closed","sticky":false,"template":"","format":"standard","meta":{"_uag_custom_page_level_css":"","_monsterinsights_skip_tracking":false,"_monsterinsights_sitenote_active":false,"_monsterinsights_sitenote_note":"","_monsterinsights_sitenote_category":0,"maa_idioma":"","maa_pais":"","footnotes":""},"categories":[40],"tags":[],"class_list":["post-3303","post","type-post","status-publish","format-standard","has-post-thumbnail","hentry","category-miguel-calmon"],"yoast_head":"<!-- This site is optimized with the Yoast SEO plugin v27.4 - https:\/\/yoast.com\/product\/yoast-seo-wordpress\/ -->\n<title>Miguel Calmon: aus\u00eancia da lei municipal de cotas para povos ind\u00edgenas levanta debate sobre inclus\u00e3o - Calmon Divulga\u00e7\u00f5es<\/title>\n<meta name=\"robots\" content=\"index, follow, max-snippet:-1, max-image-preview:large, max-video-preview:-1\" \/>\n<link rel=\"canonical\" href=\"https:\/\/calmondivulgacoes.com.br\/en\/miguel-calmon-ausencia-da-lei-de-cotas-municipal-para-povos-indigenas-levanta-debate-sobre-inclusao\/\" \/>\n<meta property=\"og:locale\" content=\"en_US\" \/>\n<meta property=\"og:type\" content=\"article\" \/>\n<meta property=\"og:title\" content=\"Miguel Calmon: aus\u00eancia da lei municipal de cotas para povos ind\u00edgenas levanta debate sobre inclus\u00e3o - Calmon Divulga\u00e7\u00f5es\" \/>\n<meta property=\"og:description\" content=\"Uma publica\u00e7\u00e3o recente da Prefeitura de Miguel Calmon, em alus\u00e3o ao Dia dos Povos Ind\u00edgenas, 19\/04\/2026, refor\u00e7ou a import\u00e2ncia do combate ao racismo e da valoriza\u00e7\u00e3o cultural. No entanto, o tema tamb\u00e9m reacendeu um debate relevante no munic\u00edpio: a lei de cotas municipal, como pol\u00edtica p\u00fablica ou a\u00e7\u00f5es afirmativas voltadas diretamente \u00e0s comunidades ind\u00edgenas locais. [&hellip;]\" \/>\n<meta property=\"og:url\" content=\"https:\/\/calmondivulgacoes.com.br\/en\/miguel-calmon-ausencia-da-lei-de-cotas-municipal-para-povos-indigenas-levanta-debate-sobre-inclusao\/\" \/>\n<meta property=\"og:site_name\" content=\"Calmon Divulga\u00e7\u00f5es\" \/>\n<meta property=\"article:publisher\" content=\"https:\/\/www.facebook.com\/calmondivulgacoes\" \/>\n<meta property=\"article:published_time\" content=\"2026-04-20T02:14:56+00:00\" \/>\n<meta property=\"article:modified_time\" content=\"2026-04-20T11:41:17+00:00\" \/>\n<meta property=\"og:image\" content=\"https:\/\/calmondivulgacoes.com.br\/wp-content\/uploads\/2026\/04\/inddd.png\" \/>\n\t<meta property=\"og:image:width\" content=\"473\" \/>\n\t<meta property=\"og:image:height\" content=\"599\" \/>\n\t<meta property=\"og:image:type\" content=\"image\/png\" \/>\n<meta name=\"author\" content=\"Calmon Divulga\u00e7\u00f5es\" \/>\n<meta name=\"twitter:card\" content=\"summary_large_image\" \/>\n<meta name=\"twitter:label1\" content=\"Written by\" \/>\n\t<meta name=\"twitter:data1\" content=\"Calmon Divulga\u00e7\u00f5es\" \/>\n\t<meta name=\"twitter:label2\" content=\"Est. reading time\" \/>\n\t<meta name=\"twitter:data2\" content=\"2 minutes\" \/>\n<script type=\"application\/ld+json\" class=\"yoast-schema-graph\">{\"@context\":\"https:\\\/\\\/schema.org\",\"@graph\":[{\"@type\":\"Article\",\"@id\":\"https:\\\/\\\/calmondivulgacoes.com.br\\\/miguel-calmon-ausencia-da-lei-de-cotas-municipal-para-povos-indigenas-levanta-debate-sobre-inclusao\\\/#article\",\"isPartOf\":{\"@id\":\"https:\\\/\\\/calmondivulgacoes.com.br\\\/miguel-calmon-ausencia-da-lei-de-cotas-municipal-para-povos-indigenas-levanta-debate-sobre-inclusao\\\/\"},\"author\":{\"name\":\"Calmon Divulga\u00e7\u00f5es\",\"@id\":\"https:\\\/\\\/calmondivulgacoes.com.br\\\/#\\\/schema\\\/person\\\/f51b6a75a3e31b01ea8f6fea23fc01fa\"},\"headline\":\"Miguel Calmon: aus\u00eancia da lei municipal de cotas para povos ind\u00edgenas levanta debate sobre inclus\u00e3o\",\"datePublished\":\"2026-04-20T02:14:56+00:00\",\"dateModified\":\"2026-04-20T11:41:17+00:00\",\"mainEntityOfPage\":{\"@id\":\"https:\\\/\\\/calmondivulgacoes.com.br\\\/miguel-calmon-ausencia-da-lei-de-cotas-municipal-para-povos-indigenas-levanta-debate-sobre-inclusao\\\/\"},\"wordCount\":253,\"publisher\":{\"@id\":\"https:\\\/\\\/calmondivulgacoes.com.br\\\/#organization\"},\"image\":{\"@id\":\"https:\\\/\\\/calmondivulgacoes.com.br\\\/miguel-calmon-ausencia-da-lei-de-cotas-municipal-para-povos-indigenas-levanta-debate-sobre-inclusao\\\/#primaryimage\"},\"thumbnailUrl\":\"https:\\\/\\\/calmondivulgacoes.com.br\\\/wp-content\\\/uploads\\\/2026\\\/04\\\/inddd.png\",\"articleSection\":[\"Miguel Calmon\"],\"inLanguage\":\"en-US\"},{\"@type\":\"WebPage\",\"@id\":\"https:\\\/\\\/calmondivulgacoes.com.br\\\/miguel-calmon-ausencia-da-lei-de-cotas-municipal-para-povos-indigenas-levanta-debate-sobre-inclusao\\\/\",\"url\":\"https:\\\/\\\/calmondivulgacoes.com.br\\\/miguel-calmon-ausencia-da-lei-de-cotas-municipal-para-povos-indigenas-levanta-debate-sobre-inclusao\\\/\",\"name\":\"Miguel Calmon: aus\u00eancia da lei municipal de cotas para povos ind\u00edgenas levanta debate sobre inclus\u00e3o - Calmon Divulga\u00e7\u00f5es\",\"isPartOf\":{\"@id\":\"https:\\\/\\\/calmondivulgacoes.com.br\\\/#website\"},\"primaryImageOfPage\":{\"@id\":\"https:\\\/\\\/calmondivulgacoes.com.br\\\/miguel-calmon-ausencia-da-lei-de-cotas-municipal-para-povos-indigenas-levanta-debate-sobre-inclusao\\\/#primaryimage\"},\"image\":{\"@id\":\"https:\\\/\\\/calmondivulgacoes.com.br\\\/miguel-calmon-ausencia-da-lei-de-cotas-municipal-para-povos-indigenas-levanta-debate-sobre-inclusao\\\/#primaryimage\"},\"thumbnailUrl\":\"https:\\\/\\\/calmondivulgacoes.com.br\\\/wp-content\\\/uploads\\\/2026\\\/04\\\/inddd.png\",\"datePublished\":\"2026-04-20T02:14:56+00:00\",\"dateModified\":\"2026-04-20T11:41:17+00:00\",\"breadcrumb\":{\"@id\":\"https:\\\/\\\/calmondivulgacoes.com.br\\\/miguel-calmon-ausencia-da-lei-de-cotas-municipal-para-povos-indigenas-levanta-debate-sobre-inclusao\\\/#breadcrumb\"},\"inLanguage\":\"en-US\",\"potentialAction\":[{\"@type\":\"ReadAction\",\"target\":[\"https:\\\/\\\/calmondivulgacoes.com.br\\\/miguel-calmon-ausencia-da-lei-de-cotas-municipal-para-povos-indigenas-levanta-debate-sobre-inclusao\\\/\"]}]},{\"@type\":\"ImageObject\",\"inLanguage\":\"en-US\",\"@id\":\"https:\\\/\\\/calmondivulgacoes.com.br\\\/miguel-calmon-ausencia-da-lei-de-cotas-municipal-para-povos-indigenas-levanta-debate-sobre-inclusao\\\/#primaryimage\",\"url\":\"https:\\\/\\\/calmondivulgacoes.com.br\\\/wp-content\\\/uploads\\\/2026\\\/04\\\/inddd.png\",\"contentUrl\":\"https:\\\/\\\/calmondivulgacoes.com.br\\\/wp-content\\\/uploads\\\/2026\\\/04\\\/inddd.png\",\"width\":473,\"height\":599},{\"@type\":\"BreadcrumbList\",\"@id\":\"https:\\\/\\\/calmondivulgacoes.com.br\\\/miguel-calmon-ausencia-da-lei-de-cotas-municipal-para-povos-indigenas-levanta-debate-sobre-inclusao\\\/#breadcrumb\",\"itemListElement\":[{\"@type\":\"ListItem\",\"position\":1,\"name\":\"In\u00edcio\",\"item\":\"https:\\\/\\\/calmondivulgacoes.com.br\\\/\"},{\"@type\":\"ListItem\",\"position\":2,\"name\":\"Miguel Calmon: aus\u00eancia da lei municipal de cotas para povos ind\u00edgenas levanta debate sobre inclus\u00e3o\"}]},{\"@type\":\"WebSite\",\"@id\":\"https:\\\/\\\/calmondivulgacoes.com.br\\\/#website\",\"url\":\"https:\\\/\\\/calmondivulgacoes.com.br\\\/\",\"name\":\"Calmon Divulga\u00e7\u00f5es\",\"description\":\"e Not\u00edcias\",\"publisher\":{\"@id\":\"https:\\\/\\\/calmondivulgacoes.com.br\\\/#organization\"},\"potentialAction\":[{\"@type\":\"SearchAction\",\"target\":{\"@type\":\"EntryPoint\",\"urlTemplate\":\"https:\\\/\\\/calmondivulgacoes.com.br\\\/?s={search_term_string}\"},\"query-input\":{\"@type\":\"PropertyValueSpecification\",\"valueRequired\":true,\"valueName\":\"search_term_string\"}}],\"inLanguage\":\"en-US\"},{\"@type\":\"Organization\",\"@id\":\"https:\\\/\\\/calmondivulgacoes.com.br\\\/#organization\",\"name\":\"Calmon Divulga\u00e7\u00f5es\",\"url\":\"https:\\\/\\\/calmondivulgacoes.com.br\\\/\",\"logo\":{\"@type\":\"ImageObject\",\"inLanguage\":\"en-US\",\"@id\":\"https:\\\/\\\/calmondivulgacoes.com.br\\\/#\\\/schema\\\/logo\\\/image\\\/\",\"url\":\"https:\\\/\\\/calmondivulgacoes.com.br\\\/wp-content\\\/uploads\\\/2026\\\/04\\\/cropped-WhatsApp_Image_2025-12-02_at_20.44.08-removebg-preview.png\",\"contentUrl\":\"https:\\\/\\\/calmondivulgacoes.com.br\\\/wp-content\\\/uploads\\\/2026\\\/04\\\/cropped-WhatsApp_Image_2025-12-02_at_20.44.08-removebg-preview.png\",\"width\":120,\"height\":120,\"caption\":\"Calmon Divulga\u00e7\u00f5es\"},\"image\":{\"@id\":\"https:\\\/\\\/calmondivulgacoes.com.br\\\/#\\\/schema\\\/logo\\\/image\\\/\"},\"sameAs\":[\"https:\\\/\\\/www.facebook.com\\\/calmondivulgacoes\",\"https:\\\/\\\/www.instagram.com\\\/calmondivulgacoes\\\/\"]},{\"@type\":\"Person\",\"@id\":\"https:\\\/\\\/calmondivulgacoes.com.br\\\/#\\\/schema\\\/person\\\/f51b6a75a3e31b01ea8f6fea23fc01fa\",\"name\":\"Calmon Divulga\u00e7\u00f5es\",\"image\":{\"@type\":\"ImageObject\",\"inLanguage\":\"en-US\",\"@id\":\"https:\\\/\\\/calmondivulgacoes.com.br\\\/wp-content\\\/litespeed\\\/avatar\\\/70d8f8af3b6e7945511481b97d22e67c.jpg?ver=1777223803\",\"url\":\"https:\\\/\\\/calmondivulgacoes.com.br\\\/wp-content\\\/litespeed\\\/avatar\\\/70d8f8af3b6e7945511481b97d22e67c.jpg?ver=1777223803\",\"contentUrl\":\"https:\\\/\\\/calmondivulgacoes.com.br\\\/wp-content\\\/litespeed\\\/avatar\\\/70d8f8af3b6e7945511481b97d22e67c.jpg?ver=1777223803\",\"caption\":\"Calmon Divulga\u00e7\u00f5es\"},\"sameAs\":[\"http:\\\/\\\/calmondivulgacoes.com.br\"],\"url\":\"https:\\\/\\\/calmondivulgacoes.com.br\\\/en\\\/autor\\\/calmondivulgacoesgmail-com\\\/\"}]}<\/script>\n<!-- \/ Yoast SEO plugin. -->","yoast_head_json":{"title":"Miguel Calmon: aus\u00eancia da lei municipal de cotas para povos ind\u00edgenas levanta debate sobre inclus\u00e3o - Calmon Divulga\u00e7\u00f5es","robots":{"index":"index","follow":"follow","max-snippet":"max-snippet:-1","max-image-preview":"max-image-preview:large","max-video-preview":"max-video-preview:-1"},"canonical":"https:\/\/calmondivulgacoes.com.br\/en\/miguel-calmon-ausencia-da-lei-de-cotas-municipal-para-povos-indigenas-levanta-debate-sobre-inclusao\/","og_locale":"en_US","og_type":"article","og_title":"Miguel Calmon: aus\u00eancia da lei municipal de cotas para povos ind\u00edgenas levanta debate sobre inclus\u00e3o - Calmon Divulga\u00e7\u00f5es","og_description":"Uma publica\u00e7\u00e3o recente da Prefeitura de Miguel Calmon, em alus\u00e3o ao Dia dos Povos Ind\u00edgenas, 19\/04\/2026, refor\u00e7ou a import\u00e2ncia do combate ao racismo e da valoriza\u00e7\u00e3o cultural. No entanto, o tema tamb\u00e9m reacendeu um debate relevante no munic\u00edpio: a lei de cotas municipal, como pol\u00edtica p\u00fablica ou a\u00e7\u00f5es afirmativas voltadas diretamente \u00e0s comunidades ind\u00edgenas locais. [&hellip;]","og_url":"https:\/\/calmondivulgacoes.com.br\/en\/miguel-calmon-ausencia-da-lei-de-cotas-municipal-para-povos-indigenas-levanta-debate-sobre-inclusao\/","og_site_name":"Calmon Divulga\u00e7\u00f5es","article_publisher":"https:\/\/www.facebook.com\/calmondivulgacoes","article_published_time":"2026-04-20T02:14:56+00:00","article_modified_time":"2026-04-20T11:41:17+00:00","og_image":[{"width":473,"height":599,"url":"https:\/\/calmondivulgacoes.com.br\/wp-content\/uploads\/2026\/04\/inddd.png","type":"image\/png"}],"author":"Calmon Divulga\u00e7\u00f5es","twitter_card":"summary_large_image","twitter_misc":{"Written by":"Calmon Divulga\u00e7\u00f5es","Est. reading time":"2 minutes"},"schema":{"@context":"https:\/\/schema.org","@graph":[{"@type":"Article","@id":"https:\/\/calmondivulgacoes.com.br\/miguel-calmon-ausencia-da-lei-de-cotas-municipal-para-povos-indigenas-levanta-debate-sobre-inclusao\/#article","isPartOf":{"@id":"https:\/\/calmondivulgacoes.com.br\/miguel-calmon-ausencia-da-lei-de-cotas-municipal-para-povos-indigenas-levanta-debate-sobre-inclusao\/"},"author":{"name":"Calmon Divulga\u00e7\u00f5es","@id":"https:\/\/calmondivulgacoes.com.br\/#\/schema\/person\/f51b6a75a3e31b01ea8f6fea23fc01fa"},"headline":"Miguel Calmon: aus\u00eancia da lei municipal de cotas para povos ind\u00edgenas levanta debate sobre inclus\u00e3o","datePublished":"2026-04-20T02:14:56+00:00","dateModified":"2026-04-20T11:41:17+00:00","mainEntityOfPage":{"@id":"https:\/\/calmondivulgacoes.com.br\/miguel-calmon-ausencia-da-lei-de-cotas-municipal-para-povos-indigenas-levanta-debate-sobre-inclusao\/"},"wordCount":253,"publisher":{"@id":"https:\/\/calmondivulgacoes.com.br\/#organization"},"image":{"@id":"https:\/\/calmondivulgacoes.com.br\/miguel-calmon-ausencia-da-lei-de-cotas-municipal-para-povos-indigenas-levanta-debate-sobre-inclusao\/#primaryimage"},"thumbnailUrl":"https:\/\/calmondivulgacoes.com.br\/wp-content\/uploads\/2026\/04\/inddd.png","articleSection":["Miguel Calmon"],"inLanguage":"en-US"},{"@type":"WebPage","@id":"https:\/\/calmondivulgacoes.com.br\/miguel-calmon-ausencia-da-lei-de-cotas-municipal-para-povos-indigenas-levanta-debate-sobre-inclusao\/","url":"https:\/\/calmondivulgacoes.com.br\/miguel-calmon-ausencia-da-lei-de-cotas-municipal-para-povos-indigenas-levanta-debate-sobre-inclusao\/","name":"Miguel Calmon: aus\u00eancia da lei municipal de cotas para povos ind\u00edgenas levanta debate sobre inclus\u00e3o - Calmon Divulga\u00e7\u00f5es","isPartOf":{"@id":"https:\/\/calmondivulgacoes.com.br\/#website"},"primaryImageOfPage":{"@id":"https:\/\/calmondivulgacoes.com.br\/miguel-calmon-ausencia-da-lei-de-cotas-municipal-para-povos-indigenas-levanta-debate-sobre-inclusao\/#primaryimage"},"image":{"@id":"https:\/\/calmondivulgacoes.com.br\/miguel-calmon-ausencia-da-lei-de-cotas-municipal-para-povos-indigenas-levanta-debate-sobre-inclusao\/#primaryimage"},"thumbnailUrl":"https:\/\/calmondivulgacoes.com.br\/wp-content\/uploads\/2026\/04\/inddd.png","datePublished":"2026-04-20T02:14:56+00:00","dateModified":"2026-04-20T11:41:17+00:00","breadcrumb":{"@id":"https:\/\/calmondivulgacoes.com.br\/miguel-calmon-ausencia-da-lei-de-cotas-municipal-para-povos-indigenas-levanta-debate-sobre-inclusao\/#breadcrumb"},"inLanguage":"en-US","potentialAction":[{"@type":"ReadAction","target":["https:\/\/calmondivulgacoes.com.br\/miguel-calmon-ausencia-da-lei-de-cotas-municipal-para-povos-indigenas-levanta-debate-sobre-inclusao\/"]}]},{"@type":"ImageObject","inLanguage":"en-US","@id":"https:\/\/calmondivulgacoes.com.br\/miguel-calmon-ausencia-da-lei-de-cotas-municipal-para-povos-indigenas-levanta-debate-sobre-inclusao\/#primaryimage","url":"https:\/\/calmondivulgacoes.com.br\/wp-content\/uploads\/2026\/04\/inddd.png","contentUrl":"https:\/\/calmondivulgacoes.com.br\/wp-content\/uploads\/2026\/04\/inddd.png","width":473,"height":599},{"@type":"BreadcrumbList","@id":"https:\/\/calmondivulgacoes.com.br\/miguel-calmon-ausencia-da-lei-de-cotas-municipal-para-povos-indigenas-levanta-debate-sobre-inclusao\/#breadcrumb","itemListElement":[{"@type":"ListItem","position":1,"name":"In\u00edcio","item":"https:\/\/calmondivulgacoes.com.br\/"},{"@type":"ListItem","position":2,"name":"Miguel Calmon: aus\u00eancia da lei municipal de cotas para povos ind\u00edgenas levanta debate sobre inclus\u00e3o"}]},{"@type":"WebSite","@id":"https:\/\/calmondivulgacoes.com.br\/#website","url":"https:\/\/calmondivulgacoes.com.br\/","name":"Calmon Divulga\u00e7\u00f5es","description":"e Not\u00edcias","publisher":{"@id":"https:\/\/calmondivulgacoes.com.br\/#organization"},"potentialAction":[{"@type":"SearchAction","target":{"@type":"EntryPoint","urlTemplate":"https:\/\/calmondivulgacoes.com.br\/?s={search_term_string}"},"query-input":{"@type":"PropertyValueSpecification","valueRequired":true,"valueName":"search_term_string"}}],"inLanguage":"en-US"},{"@type":"Organization","@id":"https:\/\/calmondivulgacoes.com.br\/#organization","name":"Calmon Divulga\u00e7\u00f5es","url":"https:\/\/calmondivulgacoes.com.br\/","logo":{"@type":"ImageObject","inLanguage":"en-US","@id":"https:\/\/calmondivulgacoes.com.br\/#\/schema\/logo\/image\/","url":"https:\/\/calmondivulgacoes.com.br\/wp-content\/uploads\/2026\/04\/cropped-WhatsApp_Image_2025-12-02_at_20.44.08-removebg-preview.png","contentUrl":"https:\/\/calmondivulgacoes.com.br\/wp-content\/uploads\/2026\/04\/cropped-WhatsApp_Image_2025-12-02_at_20.44.08-removebg-preview.png","width":120,"height":120,"caption":"Calmon Divulga\u00e7\u00f5es"},"image":{"@id":"https:\/\/calmondivulgacoes.com.br\/#\/schema\/logo\/image\/"},"sameAs":["https:\/\/www.facebook.com\/calmondivulgacoes","https:\/\/www.instagram.com\/calmondivulgacoes\/"]},{"@type":"Person","@id":"https:\/\/calmondivulgacoes.com.br\/#\/schema\/person\/f51b6a75a3e31b01ea8f6fea23fc01fa","name":"Calmon Divulga\u00e7\u00f5es","image":{"@type":"ImageObject","inLanguage":"en-US","@id":"https:\/\/calmondivulgacoes.com.br\/wp-content\/litespeed\/avatar\/70d8f8af3b6e7945511481b97d22e67c.jpg?ver=1777223803","url":"https:\/\/calmondivulgacoes.com.br\/wp-content\/litespeed\/avatar\/70d8f8af3b6e7945511481b97d22e67c.jpg?ver=1777223803","contentUrl":"https:\/\/calmondivulgacoes.com.br\/wp-content\/litespeed\/avatar\/70d8f8af3b6e7945511481b97d22e67c.jpg?ver=1777223803","caption":"Calmon Divulga\u00e7\u00f5es"},"sameAs":["http:\/\/calmondivulgacoes.com.br"],"url":"https:\/\/calmondivulgacoes.com.br\/en\/autor\/calmondivulgacoesgmail-com\/"}]}},"uagb_featured_image_src":{"full":["https:\/\/calmondivulgacoes.com.br\/wp-content\/uploads\/2026\/04\/inddd.png",473,599,false],"thumbnail":["https:\/\/calmondivulgacoes.com.br\/wp-content\/uploads\/2026\/04\/inddd-118x150.png",118,150,true],"medium":["https:\/\/calmondivulgacoes.com.br\/wp-content\/uploads\/2026\/04\/inddd-237x300.png",237,300,true],"medium_large":["https:\/\/calmondivulgacoes.com.br\/wp-content\/uploads\/2026\/04\/inddd.png",473,599,false],"large":["https:\/\/calmondivulgacoes.com.br\/wp-content\/uploads\/2026\/04\/inddd.png",473,599,false],"1536x1536":["https:\/\/calmondivulgacoes.com.br\/wp-content\/uploads\/2026\/04\/inddd.png",473,599,false],"2048x2048":["https:\/\/calmondivulgacoes.com.br\/wp-content\/uploads\/2026\/04\/inddd.png",473,599,false],"trp-custom-language-flag":["https:\/\/calmondivulgacoes.com.br\/wp-content\/uploads\/2026\/04\/inddd-9x12.png",9,12,true],"cvmm-medium":["https:\/\/calmondivulgacoes.com.br\/wp-content\/uploads\/2026\/04\/inddd-300x300.png",300,300,true],"cvmm-medium-plus":["https:\/\/calmondivulgacoes.com.br\/wp-content\/uploads\/2026\/04\/inddd-305x207.png",305,207,true],"cvmm-portrait":["https:\/\/calmondivulgacoes.com.br\/wp-content\/uploads\/2026\/04\/inddd-400x599.png",400,599,true],"cvmm-medium-square":["https:\/\/calmondivulgacoes.com.br\/wp-content\/uploads\/2026\/04\/inddd.png",473,599,false],"cvmm-large":["https:\/\/calmondivulgacoes.com.br\/wp-content\/uploads\/2026\/04\/inddd.png",473,599,false],"cvmm-small":["https:\/\/calmondivulgacoes.com.br\/wp-content\/uploads\/2026\/04\/inddd-130x95.png",130,95,true]},"uagb_author_info":{"display_name":"Calmon Divulga\u00e7\u00f5es","author_link":"https:\/\/calmondivulgacoes.com.br\/en\/autor\/calmondivulgacoesgmail-com\/"},"uagb_comment_info":0,"uagb_excerpt":"Uma publica\u00e7\u00e3o recente da Prefeitura de Miguel Calmon, em alus\u00e3o ao Dia dos Povos Ind\u00edgenas, 19\/04\/2026, refor\u00e7ou a import\u00e2ncia do combate ao racismo e da valoriza\u00e7\u00e3o cultural. No entanto, o tema tamb\u00e9m reacendeu um debate relevante no munic\u00edpio: a lei de cotas municipal, como pol\u00edtica p\u00fablica ou a\u00e7\u00f5es afirmativas voltadas diretamente \u00e0s comunidades ind\u00edgenas locais.&hellip;","blog_post_layout_featured_media_urls":{"thumbnail":["https:\/\/calmondivulgacoes.com.br\/wp-content\/uploads\/2026\/04\/inddd-118x150.png",118,150,true],"full":["https:\/\/calmondivulgacoes.com.br\/wp-content\/uploads\/2026\/04\/inddd.png",473,599,false]},"categories_names":{"40":{"name":"Miguel Calmon","link":"https:\/\/calmondivulgacoes.com.br\/en\/category\/miguel-calmon\/"}},"tags_names":[],"comments_number":"0","wpmagazine_modules_lite_featured_media_urls":{"thumbnail":["https:\/\/calmondivulgacoes.com.br\/wp-content\/uploads\/2026\/04\/inddd-118x150.png",118,150,true],"cvmm-medium":["https:\/\/calmondivulgacoes.com.br\/wp-content\/uploads\/2026\/04\/inddd-300x300.png",300,300,true],"cvmm-medium-plus":["https:\/\/calmondivulgacoes.com.br\/wp-content\/uploads\/2026\/04\/inddd-305x207.png",305,207,true],"cvmm-portrait":["https:\/\/calmondivulgacoes.com.br\/wp-content\/uploads\/2026\/04\/inddd-400x599.png",400,599,true],"cvmm-medium-square":["https:\/\/calmondivulgacoes.com.br\/wp-content\/uploads\/2026\/04\/inddd.png",473,599,false],"cvmm-large":["https:\/\/calmondivulgacoes.com.br\/wp-content\/uploads\/2026\/04\/inddd.png",473,599,false],"cvmm-small":["https:\/\/calmondivulgacoes.com.br\/wp-content\/uploads\/2026\/04\/inddd-130x95.png",130,95,true],"full":["https:\/\/calmondivulgacoes.com.br\/wp-content\/uploads\/2026\/04\/inddd.png",473,599,false]},"_links":{"self":[{"href":"https:\/\/calmondivulgacoes.com.br\/en\/wp-json\/wp\/v2\/posts\/3303","targetHints":{"allow":["GET"]}}],"collection":[{"href":"https:\/\/calmondivulgacoes.com.br\/en\/wp-json\/wp\/v2\/posts"}],"about":[{"href":"https:\/\/calmondivulgacoes.com.br\/en\/wp-json\/wp\/v2\/types\/post"}],"author":[{"embeddable":true,"href":"https:\/\/calmondivulgacoes.com.br\/en\/wp-json\/wp\/v2\/users\/1"}],"replies":[{"embeddable":true,"href":"https:\/\/calmondivulgacoes.com.br\/en\/wp-json\/wp\/v2\/comments?post=3303"}],"version-history":[{"count":2,"href":"https:\/\/calmondivulgacoes.com.br\/en\/wp-json\/wp\/v2\/posts\/3303\/revisions"}],"predecessor-version":[{"id":3313,"href":"https:\/\/calmondivulgacoes.com.br\/en\/wp-json\/wp\/v2\/posts\/3303\/revisions\/3313"}],"wp:featuredmedia":[{"embeddable":true,"href":"https:\/\/calmondivulgacoes.com.br\/en\/wp-json\/wp\/v2\/media\/3305"}],"wp:attachment":[{"href":"https:\/\/calmondivulgacoes.com.br\/en\/wp-json\/wp\/v2\/media?parent=3303"}],"wp:term":[{"taxonomy":"category","embeddable":true,"href":"https:\/\/calmondivulgacoes.com.br\/en\/wp-json\/wp\/v2\/categories?post=3303"},{"taxonomy":"post_tag","embeddable":true,"href":"https:\/\/calmondivulgacoes.com.br\/en\/wp-json\/wp\/v2\/tags?post=3303"}],"curies":[{"name":"wp","href":"https:\/\/api.w.org\/{rel}","templated":true}]}}