{"id":3205,"date":"2026-04-18T14:21:11","date_gmt":"2026-04-18T17:21:11","guid":{"rendered":"https:\/\/calmondivulgacoes.com.br\/?p=3205"},"modified":"2026-04-18T14:21:14","modified_gmt":"2026-04-18T17:21:14","slug":"exposicao-ecos-da-aldeia-na-aacc-vai-ate-o-dia-24-04-em-miguel-calmon","status":"publish","type":"post","link":"https:\/\/calmondivulgacoes.com.br\/en\/exposicao-ecos-da-aldeia-na-aacc-vai-ate-o-dia-24-04-em-miguel-calmon\/","title":{"rendered":"Exposi\u00e7\u00e3o Ecos da Aldeia na AACC vai at\u00e9 o dia 24\/04 em Miguel Calmon"},"content":{"rendered":"<figure class=\"wp-block-image size-large\"><img fetchpriority=\"high\" decoding=\"async\" width=\"1024\" height=\"107\" src=\"https:\/\/calmondivulgacoes.com.br\/wp-content\/uploads\/2026\/04\/Design-sem-nome-6-1024x107.png\" alt=\"\" class=\"wp-image-3160\" srcset=\"https:\/\/calmondivulgacoes.com.br\/wp-content\/uploads\/2026\/04\/Design-sem-nome-6-1024x107.png 1024w, https:\/\/calmondivulgacoes.com.br\/wp-content\/uploads\/2026\/04\/Design-sem-nome-6-300x31.png 300w, https:\/\/calmondivulgacoes.com.br\/wp-content\/uploads\/2026\/04\/Design-sem-nome-6-150x16.png 150w, https:\/\/calmondivulgacoes.com.br\/wp-content\/uploads\/2026\/04\/Design-sem-nome-6-768x80.png 768w, https:\/\/calmondivulgacoes.com.br\/wp-content\/uploads\/2026\/04\/Design-sem-nome-6-1536x160.png 1536w, https:\/\/calmondivulgacoes.com.br\/wp-content\/uploads\/2026\/04\/Design-sem-nome-6.png 1920w\" sizes=\"(max-width: 1024px) 100vw, 1024px\" \/><\/figure>\n\n\n\n<p class=\"has-medium-font-size\">A Associa\u00e7\u00e3o Art\u00edstica e Cultural Calmonense recebeu a equipe da R\u00e1dio Canabrava FM 87,9 e do portal Calmon Divulga\u00e7\u00f5es para uma entrevista com o presidente Iwison Ricardo.<\/p>\n\n\n\n<p class=\"has-medium-font-size\">Durante a conversa, foram abordadas a\u00e7\u00f5es promovidas ao longo do m\u00eas de abril em valoriza\u00e7\u00e3o aos povos ind\u00edgenas, destacando a exposi\u00e7\u00e3o que vai at\u00e9 o dia (24\/04) onde conta a import\u00e2ncia da mem\u00f3ria, identidade e resist\u00eancia dos povos origin\u00e1rios.<\/p>\n\n\n\n<p class=\"has-medium-font-size\">Presidente Iwison Ricardo refor\u00e7a o convite para toda popula\u00e7\u00e3o e regi\u00e3o para ver as reflex\u00f5es importantes sobre cultura, ancestralidade e o fortalecimento das ra\u00edzes locais. Segundo a equipe da AACC, tem 20 fam\u00edlias ind\u00edgenas em Miguel Calmon. Na foto, ao lado Iwison, \u00e9 uma ind\u00edgena chamada J\u00falia. <\/p>\n\n\n\n<p class=\"has-medium-font-size\">\ud83d\udcf2 <strong>Fica o convite:<\/strong> visite a AACC na pra\u00e7a da feira, Centro, Miguel Calmon at\u00e9 dia 24\/04\/2026.<\/p>\n\n\n\n<ul class=\"wp-block-social-links is-layout-flex wp-block-social-links-is-layout-flex\"><li class=\"wp-social-link wp-social-link-instagram  wp-block-social-link\"><a href=\"https:\/\/www.instagram.com\/reel\/DXQPsQ5mUgK\/?utm_source=ig_web_copy_link&#038;igsh=MzRlODBiNWFlZA==\" class=\"wp-block-social-link-anchor\" target=\"_blank\" rel=\"noopener\"><svg width=\"24\" height=\"24\" viewbox=\"0 0 24 24\" version=\"1.1\" xmlns=\"http:\/\/www.w3.org\/2000\/svg\" aria-hidden=\"true\" focusable=\"false\"><path d=\"M12,4.622c2.403,0,2.688,0.009,3.637,0.052c0.877,0.04,1.354,0.187,1.671,0.31c0.42,0.163,0.72,0.358,1.035,0.673 c0.315,0.315,0.51,0.615,0.673,1.035c0.123,0.317,0.27,0.794,0.31,1.671c0.043,0.949,0.052,1.234,0.052,3.637 s-0.009,2.688-0.052,3.637c-0.04,0.877-0.187,1.354-0.31,1.671c-0.163,0.42-0.358,0.72-0.673,1.035 c-0.315,0.315-0.615,0.51-1.035,0.673c-0.317,0.123-0.794,0.27-1.671,0.31c-0.949,0.043-1.233,0.052-3.637,0.052 s-2.688-0.009-3.637-0.052c-0.877-0.04-1.354-0.187-1.671-0.31c-0.42-0.163-0.72-0.358-1.035-0.673 c-0.315-0.315-0.51-0.615-0.673-1.035c-0.123-0.317-0.27-0.794-0.31-1.671C4.631,14.688,4.622,14.403,4.622,12 s0.009-2.688,0.052-3.637c0.04-0.877,0.187-1.354,0.31-1.671c0.163-0.42,0.358-0.72,0.673-1.035 c0.315-0.315,0.615-0.51,1.035-0.673c0.317-0.123,0.794-0.27,1.671-0.31C9.312,4.631,9.597,4.622,12,4.622 M12,3 C9.556,3,9.249,3.01,8.289,3.054C7.331,3.098,6.677,3.25,6.105,3.472C5.513,3.702,5.011,4.01,4.511,4.511 c-0.5,0.5-0.808,1.002-1.038,1.594C3.25,6.677,3.098,7.331,3.054,8.289C3.01,9.249,3,9.556,3,12c0,2.444,0.01,2.751,0.054,3.711 c0.044,0.958,0.196,1.612,0.418,2.185c0.23,0.592,0.538,1.094,1.038,1.594c0.5,0.5,1.002,0.808,1.594,1.038 c0.572,0.222,1.227,0.375,2.185,0.418C9.249,20.99,9.556,21,12,21s2.751-0.01,3.711-0.054c0.958-0.044,1.612-0.196,2.185-0.418 c0.592-0.23,1.094-0.538,1.594-1.038c0.5-0.5,0.808-1.002,1.038-1.594c0.222-0.572,0.375-1.227,0.418-2.185 C20.99,14.751,21,14.444,21,12s-0.01-2.751-0.054-3.711c-0.044-0.958-0.196-1.612-0.418-2.185c-0.23-0.592-0.538-1.094-1.038-1.594 c-0.5-0.5-1.002-0.808-1.594-1.038c-0.572-0.222-1.227-0.375-2.185-0.418C14.751,3.01,14.444,3,12,3L12,3z M12,7.378 c-2.552,0-4.622,2.069-4.622,4.622S9.448,16.622,12,16.622s4.622-2.069,4.622-4.622S14.552,7.378,12,7.378z M12,15 c-1.657,0-3-1.343-3-3s1.343-3,3-3s3,1.343,3,3S13.657,15,12,15z M16.804,6.116c-0.596,0-1.08,0.484-1.08,1.08 s0.484,1.08,1.08,1.08c0.596,0,1.08-0.484,1.08-1.08S17.401,6.116,16.804,6.116z\"><\/path><\/svg><span class=\"wp-block-social-link-label screen-reader-text\">Instagram<\/span><\/a><\/li><\/ul>\n\n\n\n<p class=\"has-large-font-size\">Veja a entrevista no link acima ou clicando na foto abaixo.<\/p>\n\n\n\n<figure class=\"wp-block-image size-large\"><a href=\"https:\/\/www.instagram.com\/reel\/DXQPsQ5mUgK\/?utm_source=ig_web_copy_link&amp;igsh=MzRlODBiNWFlZA==\" target=\"_blank\" rel=\"noopener\"><img decoding=\"async\" width=\"768\" height=\"1024\" src=\"https:\/\/calmondivulgacoes.com.br\/wp-content\/uploads\/2026\/04\/IMG_3579-768x1024.jpeg\" alt=\"\" class=\"wp-image-3208\" srcset=\"https:\/\/calmondivulgacoes.com.br\/wp-content\/uploads\/2026\/04\/IMG_3579-768x1024.jpeg 768w, https:\/\/calmondivulgacoes.com.br\/wp-content\/uploads\/2026\/04\/IMG_3579-225x300.jpeg 225w, https:\/\/calmondivulgacoes.com.br\/wp-content\/uploads\/2026\/04\/IMG_3579-113x150.jpeg 113w, https:\/\/calmondivulgacoes.com.br\/wp-content\/uploads\/2026\/04\/IMG_3579-1152x1536.jpeg 1152w, https:\/\/calmondivulgacoes.com.br\/wp-content\/uploads\/2026\/04\/IMG_3579-1536x2048.jpeg 1536w, https:\/\/calmondivulgacoes.com.br\/wp-content\/uploads\/2026\/04\/IMG_3579-scaled.jpeg 1920w\" sizes=\"(max-width: 768px) 100vw, 768px\" \/><\/a><\/figure>\n\n\n\n<figure class=\"wp-block-image size-large\"><a href=\"https:\/\/www.instagram.com\/reel\/DXQPsQ5mUgK\/?utm_source=ig_web_copy_link&amp;igsh=MzRlODBiNWFlZA==\" target=\"_blank\" rel=\"noopener\"><img decoding=\"async\" width=\"768\" height=\"1024\" src=\"https:\/\/calmondivulgacoes.com.br\/wp-content\/uploads\/2026\/04\/IMG_3580-768x1024.jpeg\" alt=\"\" class=\"wp-image-3207\" srcset=\"https:\/\/calmondivulgacoes.com.br\/wp-content\/uploads\/2026\/04\/IMG_3580-768x1024.jpeg 768w, https:\/\/calmondivulgacoes.com.br\/wp-content\/uploads\/2026\/04\/IMG_3580-225x300.jpeg 225w, https:\/\/calmondivulgacoes.com.br\/wp-content\/uploads\/2026\/04\/IMG_3580-113x150.jpeg 113w, https:\/\/calmondivulgacoes.com.br\/wp-content\/uploads\/2026\/04\/IMG_3580-1152x1536.jpeg 1152w, https:\/\/calmondivulgacoes.com.br\/wp-content\/uploads\/2026\/04\/IMG_3580-1536x2048.jpeg 1536w, https:\/\/calmondivulgacoes.com.br\/wp-content\/uploads\/2026\/04\/IMG_3580-scaled.jpeg 1920w\" sizes=\"(max-width: 768px) 100vw, 768px\" \/><\/a><\/figure>\n\n\n\n<figure class=\"wp-block-image size-large\"><img loading=\"lazy\" decoding=\"async\" width=\"819\" height=\"1024\" src=\"https:\/\/calmondivulgacoes.com.br\/wp-content\/uploads\/2026\/04\/patrocionadores-5-819x1024.png\" alt=\"\" class=\"wp-image-3169\" srcset=\"https:\/\/calmondivulgacoes.com.br\/wp-content\/uploads\/2026\/04\/patrocionadores-5-819x1024.png 819w, https:\/\/calmondivulgacoes.com.br\/wp-content\/uploads\/2026\/04\/patrocionadores-5-240x300.png 240w, https:\/\/calmondivulgacoes.com.br\/wp-content\/uploads\/2026\/04\/patrocionadores-5-120x150.png 120w, https:\/\/calmondivulgacoes.com.br\/wp-content\/uploads\/2026\/04\/patrocionadores-5-768x960.png 768w, https:\/\/calmondivulgacoes.com.br\/wp-content\/uploads\/2026\/04\/patrocionadores-5.png 1080w\" sizes=\"(max-width: 819px) 100vw, 819px\" \/><\/figure>","protected":false},"excerpt":{"rendered":"<p>A Associa\u00e7\u00e3o Art\u00edstica e Cultural Calmonense recebeu a equipe da R\u00e1dio Canabrava FM 87,9 e do portal Calmon Divulga\u00e7\u00f5es para uma entrevista com o presidente Iwison Ricardo. Durante a conversa, foram abordadas a\u00e7\u00f5es promovidas ao longo do m\u00eas de abril em valoriza\u00e7\u00e3o aos povos ind\u00edgenas, destacando a exposi\u00e7\u00e3o que vai at\u00e9 o dia (24\/04) onde [&hellip;]<\/p>\n","protected":false},"author":1,"featured_media":3206,"comment_status":"closed","ping_status":"closed","sticky":false,"template":"","format":"standard","meta":{"_uag_custom_page_level_css":"","_monsterinsights_skip_tracking":false,"_monsterinsights_sitenote_active":false,"_monsterinsights_sitenote_note":"","_monsterinsights_sitenote_category":0,"maa_idioma":"","maa_pais":"","footnotes":""},"categories":[40],"tags":[],"class_list":["post-3205","post","type-post","status-publish","format-standard","has-post-thumbnail","hentry","category-miguel-calmon"],"yoast_head":"<!-- This site is optimized with the Yoast SEO plugin v27.4 - https:\/\/yoast.com\/product\/yoast-seo-wordpress\/ -->\n<title>Exposi\u00e7\u00e3o Ecos da Aldeia na AACC vai at\u00e9 o dia 24\/04 em Miguel Calmon - Calmon Divulga\u00e7\u00f5es<\/title>\n<meta name=\"robots\" content=\"index, follow, max-snippet:-1, max-image-preview:large, max-video-preview:-1\" \/>\n<link rel=\"canonical\" href=\"https:\/\/calmondivulgacoes.com.br\/en\/exposicao-ecos-da-aldeia-na-aacc-vai-ate-o-dia-24-04-em-miguel-calmon\/\" \/>\n<meta property=\"og:locale\" content=\"en_US\" \/>\n<meta property=\"og:type\" content=\"article\" \/>\n<meta property=\"og:title\" content=\"Exposi\u00e7\u00e3o Ecos da Aldeia na AACC vai at\u00e9 o dia 24\/04 em Miguel Calmon - Calmon Divulga\u00e7\u00f5es\" \/>\n<meta property=\"og:description\" content=\"A Associa\u00e7\u00e3o Art\u00edstica e Cultural Calmonense recebeu a equipe da R\u00e1dio Canabrava FM 87,9 e do portal Calmon Divulga\u00e7\u00f5es para uma entrevista com o presidente Iwison Ricardo. Durante a conversa, foram abordadas a\u00e7\u00f5es promovidas ao longo do m\u00eas de abril em valoriza\u00e7\u00e3o aos povos ind\u00edgenas, destacando a exposi\u00e7\u00e3o que vai at\u00e9 o dia (24\/04) onde [&hellip;]\" \/>\n<meta property=\"og:url\" content=\"https:\/\/calmondivulgacoes.com.br\/en\/exposicao-ecos-da-aldeia-na-aacc-vai-ate-o-dia-24-04-em-miguel-calmon\/\" \/>\n<meta property=\"og:site_name\" content=\"Calmon Divulga\u00e7\u00f5es\" \/>\n<meta property=\"article:publisher\" content=\"https:\/\/www.facebook.com\/calmondivulgacoes\" \/>\n<meta property=\"article:published_time\" content=\"2026-04-18T17:21:11+00:00\" \/>\n<meta property=\"article:modified_time\" content=\"2026-04-18T17:21:14+00:00\" \/>\n<meta property=\"og:image\" content=\"https:\/\/calmondivulgacoes.com.br\/wp-content\/uploads\/2026\/04\/IMG_3572-scaled.jpeg\" \/>\n\t<meta property=\"og:image:width\" content=\"1920\" \/>\n\t<meta property=\"og:image:height\" content=\"2560\" \/>\n\t<meta property=\"og:image:type\" content=\"image\/jpeg\" \/>\n<meta name=\"author\" content=\"Calmon Divulga\u00e7\u00f5es\" \/>\n<meta name=\"twitter:card\" content=\"summary_large_image\" \/>\n<meta name=\"twitter:label1\" content=\"Written by\" \/>\n\t<meta name=\"twitter:data1\" content=\"Calmon Divulga\u00e7\u00f5es\" \/>\n\t<meta name=\"twitter:label2\" content=\"Est. reading time\" \/>\n\t<meta name=\"twitter:data2\" content=\"2 minutes\" \/>\n<script type=\"application\/ld+json\" class=\"yoast-schema-graph\">{\"@context\":\"https:\\\/\\\/schema.org\",\"@graph\":[{\"@type\":\"Article\",\"@id\":\"https:\\\/\\\/calmondivulgacoes.com.br\\\/exposicao-ecos-da-aldeia-na-aacc-vai-ate-o-dia-24-04-em-miguel-calmon\\\/#article\",\"isPartOf\":{\"@id\":\"https:\\\/\\\/calmondivulgacoes.com.br\\\/exposicao-ecos-da-aldeia-na-aacc-vai-ate-o-dia-24-04-em-miguel-calmon\\\/\"},\"author\":{\"name\":\"Calmon Divulga\u00e7\u00f5es\",\"@id\":\"https:\\\/\\\/calmondivulgacoes.com.br\\\/#\\\/schema\\\/person\\\/f51b6a75a3e31b01ea8f6fea23fc01fa\"},\"headline\":\"Exposi\u00e7\u00e3o Ecos da Aldeia na AACC vai at\u00e9 o dia 24\\\/04 em Miguel Calmon\",\"datePublished\":\"2026-04-18T17:21:11+00:00\",\"dateModified\":\"2026-04-18T17:21:14+00:00\",\"mainEntityOfPage\":{\"@id\":\"https:\\\/\\\/calmondivulgacoes.com.br\\\/exposicao-ecos-da-aldeia-na-aacc-vai-ate-o-dia-24-04-em-miguel-calmon\\\/\"},\"wordCount\":172,\"publisher\":{\"@id\":\"https:\\\/\\\/calmondivulgacoes.com.br\\\/#organization\"},\"image\":{\"@id\":\"https:\\\/\\\/calmondivulgacoes.com.br\\\/exposicao-ecos-da-aldeia-na-aacc-vai-ate-o-dia-24-04-em-miguel-calmon\\\/#primaryimage\"},\"thumbnailUrl\":\"https:\\\/\\\/calmondivulgacoes.com.br\\\/wp-content\\\/uploads\\\/2026\\\/04\\\/IMG_3572-scaled.jpeg\",\"articleSection\":[\"Miguel Calmon\"],\"inLanguage\":\"en-US\"},{\"@type\":\"WebPage\",\"@id\":\"https:\\\/\\\/calmondivulgacoes.com.br\\\/exposicao-ecos-da-aldeia-na-aacc-vai-ate-o-dia-24-04-em-miguel-calmon\\\/\",\"url\":\"https:\\\/\\\/calmondivulgacoes.com.br\\\/exposicao-ecos-da-aldeia-na-aacc-vai-ate-o-dia-24-04-em-miguel-calmon\\\/\",\"name\":\"Exposi\u00e7\u00e3o Ecos da Aldeia na AACC vai at\u00e9 o dia 24\\\/04 em Miguel Calmon - Calmon Divulga\u00e7\u00f5es\",\"isPartOf\":{\"@id\":\"https:\\\/\\\/calmondivulgacoes.com.br\\\/#website\"},\"primaryImageOfPage\":{\"@id\":\"https:\\\/\\\/calmondivulgacoes.com.br\\\/exposicao-ecos-da-aldeia-na-aacc-vai-ate-o-dia-24-04-em-miguel-calmon\\\/#primaryimage\"},\"image\":{\"@id\":\"https:\\\/\\\/calmondivulgacoes.com.br\\\/exposicao-ecos-da-aldeia-na-aacc-vai-ate-o-dia-24-04-em-miguel-calmon\\\/#primaryimage\"},\"thumbnailUrl\":\"https:\\\/\\\/calmondivulgacoes.com.br\\\/wp-content\\\/uploads\\\/2026\\\/04\\\/IMG_3572-scaled.jpeg\",\"datePublished\":\"2026-04-18T17:21:11+00:00\",\"dateModified\":\"2026-04-18T17:21:14+00:00\",\"breadcrumb\":{\"@id\":\"https:\\\/\\\/calmondivulgacoes.com.br\\\/exposicao-ecos-da-aldeia-na-aacc-vai-ate-o-dia-24-04-em-miguel-calmon\\\/#breadcrumb\"},\"inLanguage\":\"en-US\",\"potentialAction\":[{\"@type\":\"ReadAction\",\"target\":[\"https:\\\/\\\/calmondivulgacoes.com.br\\\/exposicao-ecos-da-aldeia-na-aacc-vai-ate-o-dia-24-04-em-miguel-calmon\\\/\"]}]},{\"@type\":\"ImageObject\",\"inLanguage\":\"en-US\",\"@id\":\"https:\\\/\\\/calmondivulgacoes.com.br\\\/exposicao-ecos-da-aldeia-na-aacc-vai-ate-o-dia-24-04-em-miguel-calmon\\\/#primaryimage\",\"url\":\"https:\\\/\\\/calmondivulgacoes.com.br\\\/wp-content\\\/uploads\\\/2026\\\/04\\\/IMG_3572-scaled.jpeg\",\"contentUrl\":\"https:\\\/\\\/calmondivulgacoes.com.br\\\/wp-content\\\/uploads\\\/2026\\\/04\\\/IMG_3572-scaled.jpeg\",\"width\":1920,\"height\":2560},{\"@type\":\"BreadcrumbList\",\"@id\":\"https:\\\/\\\/calmondivulgacoes.com.br\\\/exposicao-ecos-da-aldeia-na-aacc-vai-ate-o-dia-24-04-em-miguel-calmon\\\/#breadcrumb\",\"itemListElement\":[{\"@type\":\"ListItem\",\"position\":1,\"name\":\"In\u00edcio\",\"item\":\"https:\\\/\\\/calmondivulgacoes.com.br\\\/\"},{\"@type\":\"ListItem\",\"position\":2,\"name\":\"Exposi\u00e7\u00e3o Ecos da Aldeia na AACC vai at\u00e9 o dia 24\\\/04 em Miguel Calmon\"}]},{\"@type\":\"WebSite\",\"@id\":\"https:\\\/\\\/calmondivulgacoes.com.br\\\/#website\",\"url\":\"https:\\\/\\\/calmondivulgacoes.com.br\\\/\",\"name\":\"Calmon Divulga\u00e7\u00f5es\",\"description\":\"e Not\u00edcias\",\"publisher\":{\"@id\":\"https:\\\/\\\/calmondivulgacoes.com.br\\\/#organization\"},\"potentialAction\":[{\"@type\":\"SearchAction\",\"target\":{\"@type\":\"EntryPoint\",\"urlTemplate\":\"https:\\\/\\\/calmondivulgacoes.com.br\\\/?s={search_term_string}\"},\"query-input\":{\"@type\":\"PropertyValueSpecification\",\"valueRequired\":true,\"valueName\":\"search_term_string\"}}],\"inLanguage\":\"en-US\"},{\"@type\":\"Organization\",\"@id\":\"https:\\\/\\\/calmondivulgacoes.com.br\\\/#organization\",\"name\":\"Calmon Divulga\u00e7\u00f5es\",\"url\":\"https:\\\/\\\/calmondivulgacoes.com.br\\\/\",\"logo\":{\"@type\":\"ImageObject\",\"inLanguage\":\"en-US\",\"@id\":\"https:\\\/\\\/calmondivulgacoes.com.br\\\/#\\\/schema\\\/logo\\\/image\\\/\",\"url\":\"https:\\\/\\\/calmondivulgacoes.com.br\\\/wp-content\\\/uploads\\\/2026\\\/04\\\/cropped-WhatsApp_Image_2025-12-02_at_20.44.08-removebg-preview.png\",\"contentUrl\":\"https:\\\/\\\/calmondivulgacoes.com.br\\\/wp-content\\\/uploads\\\/2026\\\/04\\\/cropped-WhatsApp_Image_2025-12-02_at_20.44.08-removebg-preview.png\",\"width\":120,\"height\":120,\"caption\":\"Calmon Divulga\u00e7\u00f5es\"},\"image\":{\"@id\":\"https:\\\/\\\/calmondivulgacoes.com.br\\\/#\\\/schema\\\/logo\\\/image\\\/\"},\"sameAs\":[\"https:\\\/\\\/www.facebook.com\\\/calmondivulgacoes\",\"https:\\\/\\\/www.instagram.com\\\/calmondivulgacoes\\\/\"]},{\"@type\":\"Person\",\"@id\":\"https:\\\/\\\/calmondivulgacoes.com.br\\\/#\\\/schema\\\/person\\\/f51b6a75a3e31b01ea8f6fea23fc01fa\",\"name\":\"Calmon Divulga\u00e7\u00f5es\",\"image\":{\"@type\":\"ImageObject\",\"inLanguage\":\"en-US\",\"@id\":\"https:\\\/\\\/calmondivulgacoes.com.br\\\/wp-content\\\/litespeed\\\/avatar\\\/70d8f8af3b6e7945511481b97d22e67c.jpg?ver=1777223803\",\"url\":\"https:\\\/\\\/calmondivulgacoes.com.br\\\/wp-content\\\/litespeed\\\/avatar\\\/70d8f8af3b6e7945511481b97d22e67c.jpg?ver=1777223803\",\"contentUrl\":\"https:\\\/\\\/calmondivulgacoes.com.br\\\/wp-content\\\/litespeed\\\/avatar\\\/70d8f8af3b6e7945511481b97d22e67c.jpg?ver=1777223803\",\"caption\":\"Calmon Divulga\u00e7\u00f5es\"},\"sameAs\":[\"http:\\\/\\\/calmondivulgacoes.com.br\"],\"url\":\"https:\\\/\\\/calmondivulgacoes.com.br\\\/en\\\/autor\\\/calmondivulgacoesgmail-com\\\/\"}]}<\/script>\n<!-- \/ Yoast SEO plugin. -->","yoast_head_json":{"title":"Exposi\u00e7\u00e3o Ecos da Aldeia na AACC vai at\u00e9 o dia 24\/04 em Miguel Calmon - Calmon Divulga\u00e7\u00f5es","robots":{"index":"index","follow":"follow","max-snippet":"max-snippet:-1","max-image-preview":"max-image-preview:large","max-video-preview":"max-video-preview:-1"},"canonical":"https:\/\/calmondivulgacoes.com.br\/en\/exposicao-ecos-da-aldeia-na-aacc-vai-ate-o-dia-24-04-em-miguel-calmon\/","og_locale":"en_US","og_type":"article","og_title":"Exposi\u00e7\u00e3o Ecos da Aldeia na AACC vai at\u00e9 o dia 24\/04 em Miguel Calmon - Calmon Divulga\u00e7\u00f5es","og_description":"A Associa\u00e7\u00e3o Art\u00edstica e Cultural Calmonense recebeu a equipe da R\u00e1dio Canabrava FM 87,9 e do portal Calmon Divulga\u00e7\u00f5es para uma entrevista com o presidente Iwison Ricardo. Durante a conversa, foram abordadas a\u00e7\u00f5es promovidas ao longo do m\u00eas de abril em valoriza\u00e7\u00e3o aos povos ind\u00edgenas, destacando a exposi\u00e7\u00e3o que vai at\u00e9 o dia (24\/04) onde [&hellip;]","og_url":"https:\/\/calmondivulgacoes.com.br\/en\/exposicao-ecos-da-aldeia-na-aacc-vai-ate-o-dia-24-04-em-miguel-calmon\/","og_site_name":"Calmon Divulga\u00e7\u00f5es","article_publisher":"https:\/\/www.facebook.com\/calmondivulgacoes","article_published_time":"2026-04-18T17:21:11+00:00","article_modified_time":"2026-04-18T17:21:14+00:00","og_image":[{"width":1920,"height":2560,"url":"https:\/\/calmondivulgacoes.com.br\/wp-content\/uploads\/2026\/04\/IMG_3572-scaled.jpeg","type":"image\/jpeg"}],"author":"Calmon Divulga\u00e7\u00f5es","twitter_card":"summary_large_image","twitter_misc":{"Written by":"Calmon Divulga\u00e7\u00f5es","Est. reading time":"2 minutes"},"schema":{"@context":"https:\/\/schema.org","@graph":[{"@type":"Article","@id":"https:\/\/calmondivulgacoes.com.br\/exposicao-ecos-da-aldeia-na-aacc-vai-ate-o-dia-24-04-em-miguel-calmon\/#article","isPartOf":{"@id":"https:\/\/calmondivulgacoes.com.br\/exposicao-ecos-da-aldeia-na-aacc-vai-ate-o-dia-24-04-em-miguel-calmon\/"},"author":{"name":"Calmon Divulga\u00e7\u00f5es","@id":"https:\/\/calmondivulgacoes.com.br\/#\/schema\/person\/f51b6a75a3e31b01ea8f6fea23fc01fa"},"headline":"Exposi\u00e7\u00e3o Ecos da Aldeia na AACC vai at\u00e9 o dia 24\/04 em Miguel Calmon","datePublished":"2026-04-18T17:21:11+00:00","dateModified":"2026-04-18T17:21:14+00:00","mainEntityOfPage":{"@id":"https:\/\/calmondivulgacoes.com.br\/exposicao-ecos-da-aldeia-na-aacc-vai-ate-o-dia-24-04-em-miguel-calmon\/"},"wordCount":172,"publisher":{"@id":"https:\/\/calmondivulgacoes.com.br\/#organization"},"image":{"@id":"https:\/\/calmondivulgacoes.com.br\/exposicao-ecos-da-aldeia-na-aacc-vai-ate-o-dia-24-04-em-miguel-calmon\/#primaryimage"},"thumbnailUrl":"https:\/\/calmondivulgacoes.com.br\/wp-content\/uploads\/2026\/04\/IMG_3572-scaled.jpeg","articleSection":["Miguel Calmon"],"inLanguage":"en-US"},{"@type":"WebPage","@id":"https:\/\/calmondivulgacoes.com.br\/exposicao-ecos-da-aldeia-na-aacc-vai-ate-o-dia-24-04-em-miguel-calmon\/","url":"https:\/\/calmondivulgacoes.com.br\/exposicao-ecos-da-aldeia-na-aacc-vai-ate-o-dia-24-04-em-miguel-calmon\/","name":"Exposi\u00e7\u00e3o Ecos da Aldeia na AACC vai at\u00e9 o dia 24\/04 em Miguel Calmon - Calmon Divulga\u00e7\u00f5es","isPartOf":{"@id":"https:\/\/calmondivulgacoes.com.br\/#website"},"primaryImageOfPage":{"@id":"https:\/\/calmondivulgacoes.com.br\/exposicao-ecos-da-aldeia-na-aacc-vai-ate-o-dia-24-04-em-miguel-calmon\/#primaryimage"},"image":{"@id":"https:\/\/calmondivulgacoes.com.br\/exposicao-ecos-da-aldeia-na-aacc-vai-ate-o-dia-24-04-em-miguel-calmon\/#primaryimage"},"thumbnailUrl":"https:\/\/calmondivulgacoes.com.br\/wp-content\/uploads\/2026\/04\/IMG_3572-scaled.jpeg","datePublished":"2026-04-18T17:21:11+00:00","dateModified":"2026-04-18T17:21:14+00:00","breadcrumb":{"@id":"https:\/\/calmondivulgacoes.com.br\/exposicao-ecos-da-aldeia-na-aacc-vai-ate-o-dia-24-04-em-miguel-calmon\/#breadcrumb"},"inLanguage":"en-US","potentialAction":[{"@type":"ReadAction","target":["https:\/\/calmondivulgacoes.com.br\/exposicao-ecos-da-aldeia-na-aacc-vai-ate-o-dia-24-04-em-miguel-calmon\/"]}]},{"@type":"ImageObject","inLanguage":"en-US","@id":"https:\/\/calmondivulgacoes.com.br\/exposicao-ecos-da-aldeia-na-aacc-vai-ate-o-dia-24-04-em-miguel-calmon\/#primaryimage","url":"https:\/\/calmondivulgacoes.com.br\/wp-content\/uploads\/2026\/04\/IMG_3572-scaled.jpeg","contentUrl":"https:\/\/calmondivulgacoes.com.br\/wp-content\/uploads\/2026\/04\/IMG_3572-scaled.jpeg","width":1920,"height":2560},{"@type":"BreadcrumbList","@id":"https:\/\/calmondivulgacoes.com.br\/exposicao-ecos-da-aldeia-na-aacc-vai-ate-o-dia-24-04-em-miguel-calmon\/#breadcrumb","itemListElement":[{"@type":"ListItem","position":1,"name":"In\u00edcio","item":"https:\/\/calmondivulgacoes.com.br\/"},{"@type":"ListItem","position":2,"name":"Exposi\u00e7\u00e3o Ecos da Aldeia na AACC vai at\u00e9 o dia 24\/04 em Miguel Calmon"}]},{"@type":"WebSite","@id":"https:\/\/calmondivulgacoes.com.br\/#website","url":"https:\/\/calmondivulgacoes.com.br\/","name":"Calmon Divulga\u00e7\u00f5es","description":"e Not\u00edcias","publisher":{"@id":"https:\/\/calmondivulgacoes.com.br\/#organization"},"potentialAction":[{"@type":"SearchAction","target":{"@type":"EntryPoint","urlTemplate":"https:\/\/calmondivulgacoes.com.br\/?s={search_term_string}"},"query-input":{"@type":"PropertyValueSpecification","valueRequired":true,"valueName":"search_term_string"}}],"inLanguage":"en-US"},{"@type":"Organization","@id":"https:\/\/calmondivulgacoes.com.br\/#organization","name":"Calmon Divulga\u00e7\u00f5es","url":"https:\/\/calmondivulgacoes.com.br\/","logo":{"@type":"ImageObject","inLanguage":"en-US","@id":"https:\/\/calmondivulgacoes.com.br\/#\/schema\/logo\/image\/","url":"https:\/\/calmondivulgacoes.com.br\/wp-content\/uploads\/2026\/04\/cropped-WhatsApp_Image_2025-12-02_at_20.44.08-removebg-preview.png","contentUrl":"https:\/\/calmondivulgacoes.com.br\/wp-content\/uploads\/2026\/04\/cropped-WhatsApp_Image_2025-12-02_at_20.44.08-removebg-preview.png","width":120,"height":120,"caption":"Calmon Divulga\u00e7\u00f5es"},"image":{"@id":"https:\/\/calmondivulgacoes.com.br\/#\/schema\/logo\/image\/"},"sameAs":["https:\/\/www.facebook.com\/calmondivulgacoes","https:\/\/www.instagram.com\/calmondivulgacoes\/"]},{"@type":"Person","@id":"https:\/\/calmondivulgacoes.com.br\/#\/schema\/person\/f51b6a75a3e31b01ea8f6fea23fc01fa","name":"Calmon Divulga\u00e7\u00f5es","image":{"@type":"ImageObject","inLanguage":"en-US","@id":"https:\/\/calmondivulgacoes.com.br\/wp-content\/litespeed\/avatar\/70d8f8af3b6e7945511481b97d22e67c.jpg?ver=1777223803","url":"https:\/\/calmondivulgacoes.com.br\/wp-content\/litespeed\/avatar\/70d8f8af3b6e7945511481b97d22e67c.jpg?ver=1777223803","contentUrl":"https:\/\/calmondivulgacoes.com.br\/wp-content\/litespeed\/avatar\/70d8f8af3b6e7945511481b97d22e67c.jpg?ver=1777223803","caption":"Calmon Divulga\u00e7\u00f5es"},"sameAs":["http:\/\/calmondivulgacoes.com.br"],"url":"https:\/\/calmondivulgacoes.com.br\/en\/autor\/calmondivulgacoesgmail-com\/"}]}},"uagb_featured_image_src":{"full":["https:\/\/calmondivulgacoes.com.br\/wp-content\/uploads\/2026\/04\/IMG_3572-scaled.jpeg",1920,2560,false],"thumbnail":["https:\/\/calmondivulgacoes.com.br\/wp-content\/uploads\/2026\/04\/IMG_3572-113x150.jpeg",113,150,true],"medium":["https:\/\/calmondivulgacoes.com.br\/wp-content\/uploads\/2026\/04\/IMG_3572-225x300.jpeg",225,300,true],"medium_large":["https:\/\/calmondivulgacoes.com.br\/wp-content\/uploads\/2026\/04\/IMG_3572-768x1024.jpeg",640,853,true],"large":["https:\/\/calmondivulgacoes.com.br\/wp-content\/uploads\/2026\/04\/IMG_3572-768x1024.jpeg",640,853,true],"1536x1536":["https:\/\/calmondivulgacoes.com.br\/wp-content\/uploads\/2026\/04\/IMG_3572-1152x1536.jpeg",1152,1536,true],"2048x2048":["https:\/\/calmondivulgacoes.com.br\/wp-content\/uploads\/2026\/04\/IMG_3572-1536x2048.jpeg",1536,2048,true],"trp-custom-language-flag":["https:\/\/calmondivulgacoes.com.br\/wp-content\/uploads\/2026\/04\/IMG_3572-scaled.jpeg",9,12,false],"cvmm-medium":["https:\/\/calmondivulgacoes.com.br\/wp-content\/uploads\/2026\/04\/IMG_3572-300x300.jpeg",300,300,true],"cvmm-medium-plus":["https:\/\/calmondivulgacoes.com.br\/wp-content\/uploads\/2026\/04\/IMG_3572-305x207.jpeg",305,207,true],"cvmm-portrait":["https:\/\/calmondivulgacoes.com.br\/wp-content\/uploads\/2026\/04\/IMG_3572-400x600.jpeg",400,600,true],"cvmm-medium-square":["https:\/\/calmondivulgacoes.com.br\/wp-content\/uploads\/2026\/04\/IMG_3572-600x600.jpeg",600,600,true],"cvmm-large":["https:\/\/calmondivulgacoes.com.br\/wp-content\/uploads\/2026\/04\/IMG_3572-1024x1024.jpeg",1024,1024,true],"cvmm-small":["https:\/\/calmondivulgacoes.com.br\/wp-content\/uploads\/2026\/04\/IMG_3572-130x95.jpeg",130,95,true]},"uagb_author_info":{"display_name":"Calmon Divulga\u00e7\u00f5es","author_link":"https:\/\/calmondivulgacoes.com.br\/en\/autor\/calmondivulgacoesgmail-com\/"},"uagb_comment_info":0,"uagb_excerpt":"A Associa\u00e7\u00e3o Art\u00edstica e Cultural Calmonense recebeu a equipe da R\u00e1dio Canabrava FM 87,9 e do portal Calmon Divulga\u00e7\u00f5es para uma entrevista com o presidente Iwison Ricardo. Durante a conversa, foram abordadas a\u00e7\u00f5es promovidas ao longo do m\u00eas de abril em valoriza\u00e7\u00e3o aos povos ind\u00edgenas, destacando a exposi\u00e7\u00e3o que vai at\u00e9 o dia (24\/04) onde&hellip;","blog_post_layout_featured_media_urls":{"thumbnail":["https:\/\/calmondivulgacoes.com.br\/wp-content\/uploads\/2026\/04\/IMG_3572-113x150.jpeg",113,150,true],"full":["https:\/\/calmondivulgacoes.com.br\/wp-content\/uploads\/2026\/04\/IMG_3572-scaled.jpeg",1920,2560,false]},"categories_names":{"40":{"name":"Miguel Calmon","link":"https:\/\/calmondivulgacoes.com.br\/en\/category\/miguel-calmon\/"}},"tags_names":[],"comments_number":"0","wpmagazine_modules_lite_featured_media_urls":{"thumbnail":["https:\/\/calmondivulgacoes.com.br\/wp-content\/uploads\/2026\/04\/IMG_3572-113x150.jpeg",113,150,true],"cvmm-medium":["https:\/\/calmondivulgacoes.com.br\/wp-content\/uploads\/2026\/04\/IMG_3572-300x300.jpeg",300,300,true],"cvmm-medium-plus":["https:\/\/calmondivulgacoes.com.br\/wp-content\/uploads\/2026\/04\/IMG_3572-305x207.jpeg",305,207,true],"cvmm-portrait":["https:\/\/calmondivulgacoes.com.br\/wp-content\/uploads\/2026\/04\/IMG_3572-400x600.jpeg",400,600,true],"cvmm-medium-square":["https:\/\/calmondivulgacoes.com.br\/wp-content\/uploads\/2026\/04\/IMG_3572-600x600.jpeg",600,600,true],"cvmm-large":["https:\/\/calmondivulgacoes.com.br\/wp-content\/uploads\/2026\/04\/IMG_3572-1024x1024.jpeg",1024,1024,true],"cvmm-small":["https:\/\/calmondivulgacoes.com.br\/wp-content\/uploads\/2026\/04\/IMG_3572-130x95.jpeg",130,95,true],"full":["https:\/\/calmondivulgacoes.com.br\/wp-content\/uploads\/2026\/04\/IMG_3572-scaled.jpeg",1920,2560,false]},"_links":{"self":[{"href":"https:\/\/calmondivulgacoes.com.br\/en\/wp-json\/wp\/v2\/posts\/3205","targetHints":{"allow":["GET"]}}],"collection":[{"href":"https:\/\/calmondivulgacoes.com.br\/en\/wp-json\/wp\/v2\/posts"}],"about":[{"href":"https:\/\/calmondivulgacoes.com.br\/en\/wp-json\/wp\/v2\/types\/post"}],"author":[{"embeddable":true,"href":"https:\/\/calmondivulgacoes.com.br\/en\/wp-json\/wp\/v2\/users\/1"}],"replies":[{"embeddable":true,"href":"https:\/\/calmondivulgacoes.com.br\/en\/wp-json\/wp\/v2\/comments?post=3205"}],"version-history":[{"count":1,"href":"https:\/\/calmondivulgacoes.com.br\/en\/wp-json\/wp\/v2\/posts\/3205\/revisions"}],"predecessor-version":[{"id":3209,"href":"https:\/\/calmondivulgacoes.com.br\/en\/wp-json\/wp\/v2\/posts\/3205\/revisions\/3209"}],"wp:featuredmedia":[{"embeddable":true,"href":"https:\/\/calmondivulgacoes.com.br\/en\/wp-json\/wp\/v2\/media\/3206"}],"wp:attachment":[{"href":"https:\/\/calmondivulgacoes.com.br\/en\/wp-json\/wp\/v2\/media?parent=3205"}],"wp:term":[{"taxonomy":"category","embeddable":true,"href":"https:\/\/calmondivulgacoes.com.br\/en\/wp-json\/wp\/v2\/categories?post=3205"},{"taxonomy":"post_tag","embeddable":true,"href":"https:\/\/calmondivulgacoes.com.br\/en\/wp-json\/wp\/v2\/tags?post=3205"}],"curies":[{"name":"wp","href":"https:\/\/api.w.org\/{rel}","templated":true}]}}