{"id":3188,"date":"2026-04-17T11:28:46","date_gmt":"2026-04-17T14:28:46","guid":{"rendered":"https:\/\/calmondivulgacoes.com.br\/?p=3188"},"modified":"2026-04-17T13:07:59","modified_gmt":"2026-04-17T16:07:59","slug":"prefeitura-de-miguel-calmon-antecipa-salario-de-abril-2026-e-divulga-funcionamento-no-feriado","status":"publish","type":"post","link":"https:\/\/calmondivulgacoes.com.br\/en\/prefeitura-de-miguel-calmon-antecipa-salario-de-abril-2026-e-divulga-funcionamento-no-feriado\/","title":{"rendered":"Prefeitura de Miguel Calmon antecipa sal\u00e1rio de abril (2026) e divulga funcionamento no feriado"},"content":{"rendered":"<figure class=\"wp-block-image size-large\"><img fetchpriority=\"high\" decoding=\"async\" width=\"1024\" height=\"107\" src=\"https:\/\/calmondivulgacoes.com.br\/wp-content\/uploads\/2026\/04\/Design-sem-nome-6-1024x107.png\" alt=\"\" class=\"wp-image-3160\" srcset=\"https:\/\/calmondivulgacoes.com.br\/wp-content\/uploads\/2026\/04\/Design-sem-nome-6-1024x107.png 1024w, https:\/\/calmondivulgacoes.com.br\/wp-content\/uploads\/2026\/04\/Design-sem-nome-6-300x31.png 300w, https:\/\/calmondivulgacoes.com.br\/wp-content\/uploads\/2026\/04\/Design-sem-nome-6-150x16.png 150w, https:\/\/calmondivulgacoes.com.br\/wp-content\/uploads\/2026\/04\/Design-sem-nome-6-768x80.png 768w, https:\/\/calmondivulgacoes.com.br\/wp-content\/uploads\/2026\/04\/Design-sem-nome-6-1536x160.png 1536w, https:\/\/calmondivulgacoes.com.br\/wp-content\/uploads\/2026\/04\/Design-sem-nome-6.png 1920w\" sizes=\"(max-width: 1024px) 100vw, 1024px\" \/><\/figure>\n\n\n\n<p class=\"has-medium-font-size\">A Prefeitura de Miguel Calmon informou que o sal\u00e1rio referente ao m\u00eas de abril j\u00e1 foi depositado nas contas dos servidores municipais. A medida garante que os trabalhadores iniciem o feriado prolongado com os vencimentos dispon\u00edveis, contribuindo para a organiza\u00e7\u00e3o financeira das fam\u00edlias e aquecimento da economia local.<\/p>\n\n\n\n<p class=\"has-medium-font-size\">Al\u00e9m do pagamento, a gest\u00e3o municipal tamb\u00e9m divulgou como ser\u00e1 o funcionamento dos \u00f3rg\u00e3os p\u00fablicos durante o per\u00edodo. Na segunda-feira, 20 de abril, ser\u00e1 ponto facultativo nas reparti\u00e7\u00f5es p\u00fablicas. J\u00e1 na ter\u00e7a-feira, 21 de abril, \u00e9 celebrado o feriado nacional de Tiradentes, data em que n\u00e3o haver\u00e1 expediente.<\/p>\n\n\n\n<p class=\"has-medium-font-size\">De acordo com a prefeitura, os servi\u00e7os p\u00fablicos retornam normalmente na quarta-feira, dia 22 de abril.<\/p>\n\n\n\n<p class=\"has-medium-font-size\">Em nota, a administra\u00e7\u00e3o destacou o compromisso com os servidores e com a transpar\u00eancia na gest\u00e3o, refor\u00e7ando a import\u00e2ncia do planejamento para garantir o pagamento em dia e a organiza\u00e7\u00e3o dos servi\u00e7os durante o feriado prolongado.<\/p>\n\n\n\n<figure class=\"wp-block-image size-full\"><img decoding=\"async\" width=\"963\" height=\"589\" src=\"https:\/\/calmondivulgacoes.com.br\/wp-content\/uploads\/2026\/04\/pp.png\" alt=\"\" class=\"wp-image-3189\" srcset=\"https:\/\/calmondivulgacoes.com.br\/wp-content\/uploads\/2026\/04\/pp.png 963w, https:\/\/calmondivulgacoes.com.br\/wp-content\/uploads\/2026\/04\/pp-300x183.png 300w, https:\/\/calmondivulgacoes.com.br\/wp-content\/uploads\/2026\/04\/pp-150x92.png 150w, https:\/\/calmondivulgacoes.com.br\/wp-content\/uploads\/2026\/04\/pp-768x470.png 768w\" sizes=\"(max-width: 963px) 100vw, 963px\" \/><\/figure>\n\n\n\n<figure class=\"wp-block-image size-large\"><img decoding=\"async\" width=\"819\" height=\"1024\" src=\"https:\/\/calmondivulgacoes.com.br\/wp-content\/uploads\/2026\/04\/patrocionadores-5-819x1024.png\" alt=\"\" class=\"wp-image-3169\" srcset=\"https:\/\/calmondivulgacoes.com.br\/wp-content\/uploads\/2026\/04\/patrocionadores-5-819x1024.png 819w, https:\/\/calmondivulgacoes.com.br\/wp-content\/uploads\/2026\/04\/patrocionadores-5-240x300.png 240w, https:\/\/calmondivulgacoes.com.br\/wp-content\/uploads\/2026\/04\/patrocionadores-5-120x150.png 120w, https:\/\/calmondivulgacoes.com.br\/wp-content\/uploads\/2026\/04\/patrocionadores-5-768x960.png 768w, https:\/\/calmondivulgacoes.com.br\/wp-content\/uploads\/2026\/04\/patrocionadores-5.png 1080w\" sizes=\"(max-width: 819px) 100vw, 819px\" \/><\/figure>","protected":false},"excerpt":{"rendered":"<p>A Prefeitura de Miguel Calmon informou que o sal\u00e1rio referente ao m\u00eas de abril j\u00e1 foi depositado nas contas dos servidores municipais. A medida garante que os trabalhadores iniciem o feriado prolongado com os vencimentos dispon\u00edveis, contribuindo para a organiza\u00e7\u00e3o financeira das fam\u00edlias e aquecimento da economia local. Al\u00e9m do pagamento, a gest\u00e3o municipal tamb\u00e9m [&hellip;]<\/p>\n","protected":false},"author":1,"featured_media":3190,"comment_status":"closed","ping_status":"closed","sticky":false,"template":"","format":"standard","meta":{"_uag_custom_page_level_css":"","_monsterinsights_skip_tracking":false,"_monsterinsights_sitenote_active":false,"_monsterinsights_sitenote_note":"","_monsterinsights_sitenote_category":0,"maa_idioma":"","maa_pais":"","footnotes":""},"categories":[40],"tags":[],"class_list":["post-3188","post","type-post","status-publish","format-standard","has-post-thumbnail","hentry","category-miguel-calmon"],"yoast_head":"<!-- This site is optimized with the Yoast SEO plugin v27.4 - https:\/\/yoast.com\/product\/yoast-seo-wordpress\/ -->\n<title>Prefeitura de Miguel Calmon antecipa sal\u00e1rio de abril (2026) e divulga funcionamento no feriado - Calmon Divulga\u00e7\u00f5es<\/title>\n<meta name=\"robots\" content=\"index, follow, max-snippet:-1, max-image-preview:large, max-video-preview:-1\" \/>\n<link rel=\"canonical\" href=\"https:\/\/calmondivulgacoes.com.br\/en\/prefeitura-de-miguel-calmon-antecipa-salario-de-abril-2026-e-divulga-funcionamento-no-feriado\/\" \/>\n<meta property=\"og:locale\" content=\"en_US\" \/>\n<meta property=\"og:type\" content=\"article\" \/>\n<meta property=\"og:title\" content=\"Prefeitura de Miguel Calmon antecipa sal\u00e1rio de abril (2026) e divulga funcionamento no feriado - Calmon Divulga\u00e7\u00f5es\" \/>\n<meta property=\"og:description\" content=\"A Prefeitura de Miguel Calmon informou que o sal\u00e1rio referente ao m\u00eas de abril j\u00e1 foi depositado nas contas dos servidores municipais. A medida garante que os trabalhadores iniciem o feriado prolongado com os vencimentos dispon\u00edveis, contribuindo para a organiza\u00e7\u00e3o financeira das fam\u00edlias e aquecimento da economia local. Al\u00e9m do pagamento, a gest\u00e3o municipal tamb\u00e9m [&hellip;]\" \/>\n<meta property=\"og:url\" content=\"https:\/\/calmondivulgacoes.com.br\/en\/prefeitura-de-miguel-calmon-antecipa-salario-de-abril-2026-e-divulga-funcionamento-no-feriado\/\" \/>\n<meta property=\"og:site_name\" content=\"Calmon Divulga\u00e7\u00f5es\" \/>\n<meta property=\"article:publisher\" content=\"https:\/\/www.facebook.com\/calmondivulgacoes\" \/>\n<meta property=\"article:published_time\" content=\"2026-04-17T14:28:46+00:00\" \/>\n<meta property=\"article:modified_time\" content=\"2026-04-17T16:07:59+00:00\" \/>\n<meta property=\"og:image\" content=\"https:\/\/calmondivulgacoes.com.br\/wp-content\/uploads\/2026\/04\/pp2.png\" \/>\n\t<meta property=\"og:image:width\" content=\"969\" \/>\n\t<meta property=\"og:image:height\" content=\"563\" \/>\n\t<meta property=\"og:image:type\" content=\"image\/png\" \/>\n<meta name=\"author\" content=\"Calmon Divulga\u00e7\u00f5es\" \/>\n<meta name=\"twitter:card\" content=\"summary_large_image\" \/>\n<meta name=\"twitter:label1\" content=\"Written by\" \/>\n\t<meta name=\"twitter:data1\" content=\"Calmon Divulga\u00e7\u00f5es\" \/>\n\t<meta name=\"twitter:label2\" content=\"Est. reading time\" \/>\n\t<meta name=\"twitter:data2\" content=\"2 minutes\" \/>\n<script type=\"application\/ld+json\" class=\"yoast-schema-graph\">{\"@context\":\"https:\\\/\\\/schema.org\",\"@graph\":[{\"@type\":\"Article\",\"@id\":\"https:\\\/\\\/calmondivulgacoes.com.br\\\/prefeitura-de-miguel-calmon-antecipa-salario-de-abril-2026-e-divulga-funcionamento-no-feriado\\\/#article\",\"isPartOf\":{\"@id\":\"https:\\\/\\\/calmondivulgacoes.com.br\\\/prefeitura-de-miguel-calmon-antecipa-salario-de-abril-2026-e-divulga-funcionamento-no-feriado\\\/\"},\"author\":{\"name\":\"Calmon Divulga\u00e7\u00f5es\",\"@id\":\"https:\\\/\\\/calmondivulgacoes.com.br\\\/#\\\/schema\\\/person\\\/f51b6a75a3e31b01ea8f6fea23fc01fa\"},\"headline\":\"Prefeitura de Miguel Calmon antecipa sal\u00e1rio de abril (2026) e divulga funcionamento no feriado\",\"datePublished\":\"2026-04-17T14:28:46+00:00\",\"dateModified\":\"2026-04-17T16:07:59+00:00\",\"mainEntityOfPage\":{\"@id\":\"https:\\\/\\\/calmondivulgacoes.com.br\\\/prefeitura-de-miguel-calmon-antecipa-salario-de-abril-2026-e-divulga-funcionamento-no-feriado\\\/\"},\"wordCount\":182,\"publisher\":{\"@id\":\"https:\\\/\\\/calmondivulgacoes.com.br\\\/#organization\"},\"image\":{\"@id\":\"https:\\\/\\\/calmondivulgacoes.com.br\\\/prefeitura-de-miguel-calmon-antecipa-salario-de-abril-2026-e-divulga-funcionamento-no-feriado\\\/#primaryimage\"},\"thumbnailUrl\":\"https:\\\/\\\/calmondivulgacoes.com.br\\\/wp-content\\\/uploads\\\/2026\\\/04\\\/pp2.png\",\"articleSection\":[\"Miguel Calmon\"],\"inLanguage\":\"en-US\"},{\"@type\":\"WebPage\",\"@id\":\"https:\\\/\\\/calmondivulgacoes.com.br\\\/prefeitura-de-miguel-calmon-antecipa-salario-de-abril-2026-e-divulga-funcionamento-no-feriado\\\/\",\"url\":\"https:\\\/\\\/calmondivulgacoes.com.br\\\/prefeitura-de-miguel-calmon-antecipa-salario-de-abril-2026-e-divulga-funcionamento-no-feriado\\\/\",\"name\":\"Prefeitura de Miguel Calmon antecipa sal\u00e1rio de abril (2026) e divulga funcionamento no feriado - Calmon Divulga\u00e7\u00f5es\",\"isPartOf\":{\"@id\":\"https:\\\/\\\/calmondivulgacoes.com.br\\\/#website\"},\"primaryImageOfPage\":{\"@id\":\"https:\\\/\\\/calmondivulgacoes.com.br\\\/prefeitura-de-miguel-calmon-antecipa-salario-de-abril-2026-e-divulga-funcionamento-no-feriado\\\/#primaryimage\"},\"image\":{\"@id\":\"https:\\\/\\\/calmondivulgacoes.com.br\\\/prefeitura-de-miguel-calmon-antecipa-salario-de-abril-2026-e-divulga-funcionamento-no-feriado\\\/#primaryimage\"},\"thumbnailUrl\":\"https:\\\/\\\/calmondivulgacoes.com.br\\\/wp-content\\\/uploads\\\/2026\\\/04\\\/pp2.png\",\"datePublished\":\"2026-04-17T14:28:46+00:00\",\"dateModified\":\"2026-04-17T16:07:59+00:00\",\"breadcrumb\":{\"@id\":\"https:\\\/\\\/calmondivulgacoes.com.br\\\/prefeitura-de-miguel-calmon-antecipa-salario-de-abril-2026-e-divulga-funcionamento-no-feriado\\\/#breadcrumb\"},\"inLanguage\":\"en-US\",\"potentialAction\":[{\"@type\":\"ReadAction\",\"target\":[\"https:\\\/\\\/calmondivulgacoes.com.br\\\/prefeitura-de-miguel-calmon-antecipa-salario-de-abril-2026-e-divulga-funcionamento-no-feriado\\\/\"]}]},{\"@type\":\"ImageObject\",\"inLanguage\":\"en-US\",\"@id\":\"https:\\\/\\\/calmondivulgacoes.com.br\\\/prefeitura-de-miguel-calmon-antecipa-salario-de-abril-2026-e-divulga-funcionamento-no-feriado\\\/#primaryimage\",\"url\":\"https:\\\/\\\/calmondivulgacoes.com.br\\\/wp-content\\\/uploads\\\/2026\\\/04\\\/pp2.png\",\"contentUrl\":\"https:\\\/\\\/calmondivulgacoes.com.br\\\/wp-content\\\/uploads\\\/2026\\\/04\\\/pp2.png\",\"width\":969,\"height\":563},{\"@type\":\"BreadcrumbList\",\"@id\":\"https:\\\/\\\/calmondivulgacoes.com.br\\\/prefeitura-de-miguel-calmon-antecipa-salario-de-abril-2026-e-divulga-funcionamento-no-feriado\\\/#breadcrumb\",\"itemListElement\":[{\"@type\":\"ListItem\",\"position\":1,\"name\":\"In\u00edcio\",\"item\":\"https:\\\/\\\/calmondivulgacoes.com.br\\\/\"},{\"@type\":\"ListItem\",\"position\":2,\"name\":\"Prefeitura de Miguel Calmon antecipa sal\u00e1rio de abril (2026) e divulga funcionamento no feriado\"}]},{\"@type\":\"WebSite\",\"@id\":\"https:\\\/\\\/calmondivulgacoes.com.br\\\/#website\",\"url\":\"https:\\\/\\\/calmondivulgacoes.com.br\\\/\",\"name\":\"Calmon Divulga\u00e7\u00f5es\",\"description\":\"e Not\u00edcias\",\"publisher\":{\"@id\":\"https:\\\/\\\/calmondivulgacoes.com.br\\\/#organization\"},\"potentialAction\":[{\"@type\":\"SearchAction\",\"target\":{\"@type\":\"EntryPoint\",\"urlTemplate\":\"https:\\\/\\\/calmondivulgacoes.com.br\\\/?s={search_term_string}\"},\"query-input\":{\"@type\":\"PropertyValueSpecification\",\"valueRequired\":true,\"valueName\":\"search_term_string\"}}],\"inLanguage\":\"en-US\"},{\"@type\":\"Organization\",\"@id\":\"https:\\\/\\\/calmondivulgacoes.com.br\\\/#organization\",\"name\":\"Calmon Divulga\u00e7\u00f5es\",\"url\":\"https:\\\/\\\/calmondivulgacoes.com.br\\\/\",\"logo\":{\"@type\":\"ImageObject\",\"inLanguage\":\"en-US\",\"@id\":\"https:\\\/\\\/calmondivulgacoes.com.br\\\/#\\\/schema\\\/logo\\\/image\\\/\",\"url\":\"https:\\\/\\\/calmondivulgacoes.com.br\\\/wp-content\\\/uploads\\\/2026\\\/04\\\/cropped-WhatsApp_Image_2025-12-02_at_20.44.08-removebg-preview.png\",\"contentUrl\":\"https:\\\/\\\/calmondivulgacoes.com.br\\\/wp-content\\\/uploads\\\/2026\\\/04\\\/cropped-WhatsApp_Image_2025-12-02_at_20.44.08-removebg-preview.png\",\"width\":120,\"height\":120,\"caption\":\"Calmon Divulga\u00e7\u00f5es\"},\"image\":{\"@id\":\"https:\\\/\\\/calmondivulgacoes.com.br\\\/#\\\/schema\\\/logo\\\/image\\\/\"},\"sameAs\":[\"https:\\\/\\\/www.facebook.com\\\/calmondivulgacoes\",\"https:\\\/\\\/www.instagram.com\\\/calmondivulgacoes\\\/\"]},{\"@type\":\"Person\",\"@id\":\"https:\\\/\\\/calmondivulgacoes.com.br\\\/#\\\/schema\\\/person\\\/f51b6a75a3e31b01ea8f6fea23fc01fa\",\"name\":\"Calmon Divulga\u00e7\u00f5es\",\"image\":{\"@type\":\"ImageObject\",\"inLanguage\":\"en-US\",\"@id\":\"https:\\\/\\\/calmondivulgacoes.com.br\\\/wp-content\\\/litespeed\\\/avatar\\\/70d8f8af3b6e7945511481b97d22e67c.jpg?ver=1777223803\",\"url\":\"https:\\\/\\\/calmondivulgacoes.com.br\\\/wp-content\\\/litespeed\\\/avatar\\\/70d8f8af3b6e7945511481b97d22e67c.jpg?ver=1777223803\",\"contentUrl\":\"https:\\\/\\\/calmondivulgacoes.com.br\\\/wp-content\\\/litespeed\\\/avatar\\\/70d8f8af3b6e7945511481b97d22e67c.jpg?ver=1777223803\",\"caption\":\"Calmon Divulga\u00e7\u00f5es\"},\"sameAs\":[\"http:\\\/\\\/calmondivulgacoes.com.br\"],\"url\":\"https:\\\/\\\/calmondivulgacoes.com.br\\\/en\\\/autor\\\/calmondivulgacoesgmail-com\\\/\"}]}<\/script>\n<!-- \/ Yoast SEO plugin. -->","yoast_head_json":{"title":"Prefeitura de Miguel Calmon antecipa sal\u00e1rio de abril (2026) e divulga funcionamento no feriado - Calmon Divulga\u00e7\u00f5es","robots":{"index":"index","follow":"follow","max-snippet":"max-snippet:-1","max-image-preview":"max-image-preview:large","max-video-preview":"max-video-preview:-1"},"canonical":"https:\/\/calmondivulgacoes.com.br\/en\/prefeitura-de-miguel-calmon-antecipa-salario-de-abril-2026-e-divulga-funcionamento-no-feriado\/","og_locale":"en_US","og_type":"article","og_title":"Prefeitura de Miguel Calmon antecipa sal\u00e1rio de abril (2026) e divulga funcionamento no feriado - Calmon Divulga\u00e7\u00f5es","og_description":"A Prefeitura de Miguel Calmon informou que o sal\u00e1rio referente ao m\u00eas de abril j\u00e1 foi depositado nas contas dos servidores municipais. A medida garante que os trabalhadores iniciem o feriado prolongado com os vencimentos dispon\u00edveis, contribuindo para a organiza\u00e7\u00e3o financeira das fam\u00edlias e aquecimento da economia local. Al\u00e9m do pagamento, a gest\u00e3o municipal tamb\u00e9m [&hellip;]","og_url":"https:\/\/calmondivulgacoes.com.br\/en\/prefeitura-de-miguel-calmon-antecipa-salario-de-abril-2026-e-divulga-funcionamento-no-feriado\/","og_site_name":"Calmon Divulga\u00e7\u00f5es","article_publisher":"https:\/\/www.facebook.com\/calmondivulgacoes","article_published_time":"2026-04-17T14:28:46+00:00","article_modified_time":"2026-04-17T16:07:59+00:00","og_image":[{"width":969,"height":563,"url":"https:\/\/calmondivulgacoes.com.br\/wp-content\/uploads\/2026\/04\/pp2.png","type":"image\/png"}],"author":"Calmon Divulga\u00e7\u00f5es","twitter_card":"summary_large_image","twitter_misc":{"Written by":"Calmon Divulga\u00e7\u00f5es","Est. reading time":"2 minutes"},"schema":{"@context":"https:\/\/schema.org","@graph":[{"@type":"Article","@id":"https:\/\/calmondivulgacoes.com.br\/prefeitura-de-miguel-calmon-antecipa-salario-de-abril-2026-e-divulga-funcionamento-no-feriado\/#article","isPartOf":{"@id":"https:\/\/calmondivulgacoes.com.br\/prefeitura-de-miguel-calmon-antecipa-salario-de-abril-2026-e-divulga-funcionamento-no-feriado\/"},"author":{"name":"Calmon Divulga\u00e7\u00f5es","@id":"https:\/\/calmondivulgacoes.com.br\/#\/schema\/person\/f51b6a75a3e31b01ea8f6fea23fc01fa"},"headline":"Prefeitura de Miguel Calmon antecipa sal\u00e1rio de abril (2026) e divulga funcionamento no feriado","datePublished":"2026-04-17T14:28:46+00:00","dateModified":"2026-04-17T16:07:59+00:00","mainEntityOfPage":{"@id":"https:\/\/calmondivulgacoes.com.br\/prefeitura-de-miguel-calmon-antecipa-salario-de-abril-2026-e-divulga-funcionamento-no-feriado\/"},"wordCount":182,"publisher":{"@id":"https:\/\/calmondivulgacoes.com.br\/#organization"},"image":{"@id":"https:\/\/calmondivulgacoes.com.br\/prefeitura-de-miguel-calmon-antecipa-salario-de-abril-2026-e-divulga-funcionamento-no-feriado\/#primaryimage"},"thumbnailUrl":"https:\/\/calmondivulgacoes.com.br\/wp-content\/uploads\/2026\/04\/pp2.png","articleSection":["Miguel Calmon"],"inLanguage":"en-US"},{"@type":"WebPage","@id":"https:\/\/calmondivulgacoes.com.br\/prefeitura-de-miguel-calmon-antecipa-salario-de-abril-2026-e-divulga-funcionamento-no-feriado\/","url":"https:\/\/calmondivulgacoes.com.br\/prefeitura-de-miguel-calmon-antecipa-salario-de-abril-2026-e-divulga-funcionamento-no-feriado\/","name":"Prefeitura de Miguel Calmon antecipa sal\u00e1rio de abril (2026) e divulga funcionamento no feriado - Calmon Divulga\u00e7\u00f5es","isPartOf":{"@id":"https:\/\/calmondivulgacoes.com.br\/#website"},"primaryImageOfPage":{"@id":"https:\/\/calmondivulgacoes.com.br\/prefeitura-de-miguel-calmon-antecipa-salario-de-abril-2026-e-divulga-funcionamento-no-feriado\/#primaryimage"},"image":{"@id":"https:\/\/calmondivulgacoes.com.br\/prefeitura-de-miguel-calmon-antecipa-salario-de-abril-2026-e-divulga-funcionamento-no-feriado\/#primaryimage"},"thumbnailUrl":"https:\/\/calmondivulgacoes.com.br\/wp-content\/uploads\/2026\/04\/pp2.png","datePublished":"2026-04-17T14:28:46+00:00","dateModified":"2026-04-17T16:07:59+00:00","breadcrumb":{"@id":"https:\/\/calmondivulgacoes.com.br\/prefeitura-de-miguel-calmon-antecipa-salario-de-abril-2026-e-divulga-funcionamento-no-feriado\/#breadcrumb"},"inLanguage":"en-US","potentialAction":[{"@type":"ReadAction","target":["https:\/\/calmondivulgacoes.com.br\/prefeitura-de-miguel-calmon-antecipa-salario-de-abril-2026-e-divulga-funcionamento-no-feriado\/"]}]},{"@type":"ImageObject","inLanguage":"en-US","@id":"https:\/\/calmondivulgacoes.com.br\/prefeitura-de-miguel-calmon-antecipa-salario-de-abril-2026-e-divulga-funcionamento-no-feriado\/#primaryimage","url":"https:\/\/calmondivulgacoes.com.br\/wp-content\/uploads\/2026\/04\/pp2.png","contentUrl":"https:\/\/calmondivulgacoes.com.br\/wp-content\/uploads\/2026\/04\/pp2.png","width":969,"height":563},{"@type":"BreadcrumbList","@id":"https:\/\/calmondivulgacoes.com.br\/prefeitura-de-miguel-calmon-antecipa-salario-de-abril-2026-e-divulga-funcionamento-no-feriado\/#breadcrumb","itemListElement":[{"@type":"ListItem","position":1,"name":"In\u00edcio","item":"https:\/\/calmondivulgacoes.com.br\/"},{"@type":"ListItem","position":2,"name":"Prefeitura de Miguel Calmon antecipa sal\u00e1rio de abril (2026) e divulga funcionamento no feriado"}]},{"@type":"WebSite","@id":"https:\/\/calmondivulgacoes.com.br\/#website","url":"https:\/\/calmondivulgacoes.com.br\/","name":"Calmon Divulga\u00e7\u00f5es","description":"e Not\u00edcias","publisher":{"@id":"https:\/\/calmondivulgacoes.com.br\/#organization"},"potentialAction":[{"@type":"SearchAction","target":{"@type":"EntryPoint","urlTemplate":"https:\/\/calmondivulgacoes.com.br\/?s={search_term_string}"},"query-input":{"@type":"PropertyValueSpecification","valueRequired":true,"valueName":"search_term_string"}}],"inLanguage":"en-US"},{"@type":"Organization","@id":"https:\/\/calmondivulgacoes.com.br\/#organization","name":"Calmon Divulga\u00e7\u00f5es","url":"https:\/\/calmondivulgacoes.com.br\/","logo":{"@type":"ImageObject","inLanguage":"en-US","@id":"https:\/\/calmondivulgacoes.com.br\/#\/schema\/logo\/image\/","url":"https:\/\/calmondivulgacoes.com.br\/wp-content\/uploads\/2026\/04\/cropped-WhatsApp_Image_2025-12-02_at_20.44.08-removebg-preview.png","contentUrl":"https:\/\/calmondivulgacoes.com.br\/wp-content\/uploads\/2026\/04\/cropped-WhatsApp_Image_2025-12-02_at_20.44.08-removebg-preview.png","width":120,"height":120,"caption":"Calmon Divulga\u00e7\u00f5es"},"image":{"@id":"https:\/\/calmondivulgacoes.com.br\/#\/schema\/logo\/image\/"},"sameAs":["https:\/\/www.facebook.com\/calmondivulgacoes","https:\/\/www.instagram.com\/calmondivulgacoes\/"]},{"@type":"Person","@id":"https:\/\/calmondivulgacoes.com.br\/#\/schema\/person\/f51b6a75a3e31b01ea8f6fea23fc01fa","name":"Calmon Divulga\u00e7\u00f5es","image":{"@type":"ImageObject","inLanguage":"en-US","@id":"https:\/\/calmondivulgacoes.com.br\/wp-content\/litespeed\/avatar\/70d8f8af3b6e7945511481b97d22e67c.jpg?ver=1777223803","url":"https:\/\/calmondivulgacoes.com.br\/wp-content\/litespeed\/avatar\/70d8f8af3b6e7945511481b97d22e67c.jpg?ver=1777223803","contentUrl":"https:\/\/calmondivulgacoes.com.br\/wp-content\/litespeed\/avatar\/70d8f8af3b6e7945511481b97d22e67c.jpg?ver=1777223803","caption":"Calmon Divulga\u00e7\u00f5es"},"sameAs":["http:\/\/calmondivulgacoes.com.br"],"url":"https:\/\/calmondivulgacoes.com.br\/en\/autor\/calmondivulgacoesgmail-com\/"}]}},"uagb_featured_image_src":{"full":["https:\/\/calmondivulgacoes.com.br\/wp-content\/uploads\/2026\/04\/pp2.png",969,563,false],"thumbnail":["https:\/\/calmondivulgacoes.com.br\/wp-content\/uploads\/2026\/04\/pp2-150x87.png",150,87,true],"medium":["https:\/\/calmondivulgacoes.com.br\/wp-content\/uploads\/2026\/04\/pp2-300x174.png",300,174,true],"medium_large":["https:\/\/calmondivulgacoes.com.br\/wp-content\/uploads\/2026\/04\/pp2-768x446.png",640,372,true],"large":["https:\/\/calmondivulgacoes.com.br\/wp-content\/uploads\/2026\/04\/pp2.png",640,372,false],"1536x1536":["https:\/\/calmondivulgacoes.com.br\/wp-content\/uploads\/2026\/04\/pp2.png",969,563,false],"2048x2048":["https:\/\/calmondivulgacoes.com.br\/wp-content\/uploads\/2026\/04\/pp2.png",969,563,false],"trp-custom-language-flag":["https:\/\/calmondivulgacoes.com.br\/wp-content\/uploads\/2026\/04\/pp2.png",18,10,false],"cvmm-medium":["https:\/\/calmondivulgacoes.com.br\/wp-content\/uploads\/2026\/04\/pp2-300x300.png",300,300,true],"cvmm-medium-plus":["https:\/\/calmondivulgacoes.com.br\/wp-content\/uploads\/2026\/04\/pp2-305x207.png",305,207,true],"cvmm-portrait":["https:\/\/calmondivulgacoes.com.br\/wp-content\/uploads\/2026\/04\/pp2-400x563.png",400,563,true],"cvmm-medium-square":["https:\/\/calmondivulgacoes.com.br\/wp-content\/uploads\/2026\/04\/pp2-600x563.png",600,563,true],"cvmm-large":["https:\/\/calmondivulgacoes.com.br\/wp-content\/uploads\/2026\/04\/pp2.png",969,563,false],"cvmm-small":["https:\/\/calmondivulgacoes.com.br\/wp-content\/uploads\/2026\/04\/pp2-130x95.png",130,95,true]},"uagb_author_info":{"display_name":"Calmon Divulga\u00e7\u00f5es","author_link":"https:\/\/calmondivulgacoes.com.br\/en\/autor\/calmondivulgacoesgmail-com\/"},"uagb_comment_info":0,"uagb_excerpt":"A Prefeitura de Miguel Calmon informou que o sal\u00e1rio referente ao m\u00eas de abril j\u00e1 foi depositado nas contas dos servidores municipais. A medida garante que os trabalhadores iniciem o feriado prolongado com os vencimentos dispon\u00edveis, contribuindo para a organiza\u00e7\u00e3o financeira das fam\u00edlias e aquecimento da economia local. Al\u00e9m do pagamento, a gest\u00e3o municipal tamb\u00e9m&hellip;","blog_post_layout_featured_media_urls":{"thumbnail":["https:\/\/calmondivulgacoes.com.br\/wp-content\/uploads\/2026\/04\/pp2-150x87.png",150,87,true],"full":["https:\/\/calmondivulgacoes.com.br\/wp-content\/uploads\/2026\/04\/pp2.png",969,563,false]},"categories_names":{"40":{"name":"Miguel Calmon","link":"https:\/\/calmondivulgacoes.com.br\/en\/category\/miguel-calmon\/"}},"tags_names":[],"comments_number":"0","wpmagazine_modules_lite_featured_media_urls":{"thumbnail":["https:\/\/calmondivulgacoes.com.br\/wp-content\/uploads\/2026\/04\/pp2-150x87.png",150,87,true],"cvmm-medium":["https:\/\/calmondivulgacoes.com.br\/wp-content\/uploads\/2026\/04\/pp2-300x300.png",300,300,true],"cvmm-medium-plus":["https:\/\/calmondivulgacoes.com.br\/wp-content\/uploads\/2026\/04\/pp2-305x207.png",305,207,true],"cvmm-portrait":["https:\/\/calmondivulgacoes.com.br\/wp-content\/uploads\/2026\/04\/pp2-400x563.png",400,563,true],"cvmm-medium-square":["https:\/\/calmondivulgacoes.com.br\/wp-content\/uploads\/2026\/04\/pp2-600x563.png",600,563,true],"cvmm-large":["https:\/\/calmondivulgacoes.com.br\/wp-content\/uploads\/2026\/04\/pp2.png",969,563,false],"cvmm-small":["https:\/\/calmondivulgacoes.com.br\/wp-content\/uploads\/2026\/04\/pp2-130x95.png",130,95,true],"full":["https:\/\/calmondivulgacoes.com.br\/wp-content\/uploads\/2026\/04\/pp2.png",969,563,false]},"_links":{"self":[{"href":"https:\/\/calmondivulgacoes.com.br\/en\/wp-json\/wp\/v2\/posts\/3188","targetHints":{"allow":["GET"]}}],"collection":[{"href":"https:\/\/calmondivulgacoes.com.br\/en\/wp-json\/wp\/v2\/posts"}],"about":[{"href":"https:\/\/calmondivulgacoes.com.br\/en\/wp-json\/wp\/v2\/types\/post"}],"author":[{"embeddable":true,"href":"https:\/\/calmondivulgacoes.com.br\/en\/wp-json\/wp\/v2\/users\/1"}],"replies":[{"embeddable":true,"href":"https:\/\/calmondivulgacoes.com.br\/en\/wp-json\/wp\/v2\/comments?post=3188"}],"version-history":[{"count":2,"href":"https:\/\/calmondivulgacoes.com.br\/en\/wp-json\/wp\/v2\/posts\/3188\/revisions"}],"predecessor-version":[{"id":3194,"href":"https:\/\/calmondivulgacoes.com.br\/en\/wp-json\/wp\/v2\/posts\/3188\/revisions\/3194"}],"wp:featuredmedia":[{"embeddable":true,"href":"https:\/\/calmondivulgacoes.com.br\/en\/wp-json\/wp\/v2\/media\/3190"}],"wp:attachment":[{"href":"https:\/\/calmondivulgacoes.com.br\/en\/wp-json\/wp\/v2\/media?parent=3188"}],"wp:term":[{"taxonomy":"category","embeddable":true,"href":"https:\/\/calmondivulgacoes.com.br\/en\/wp-json\/wp\/v2\/categories?post=3188"},{"taxonomy":"post_tag","embeddable":true,"href":"https:\/\/calmondivulgacoes.com.br\/en\/wp-json\/wp\/v2\/tags?post=3188"}],"curies":[{"name":"wp","href":"https:\/\/api.w.org\/{rel}","templated":true}]}}