{"id":3182,"date":"2026-04-16T22:17:31","date_gmt":"2026-04-17T01:17:31","guid":{"rendered":"https:\/\/calmondivulgacoes.com.br\/?p=3182"},"modified":"2026-04-16T22:17:34","modified_gmt":"2026-04-17T01:17:34","slug":"ex-vereador-marlus-muriel","status":"publish","type":"post","link":"https:\/\/calmondivulgacoes.com.br\/en\/ex-vereador-marlus-muriel\/","title":{"rendered":"Ex-vereador Marlus Muriel Almeida Andrade comenta reajuste, festas e gest\u00e3o municipal em Miguel Calmon"},"content":{"rendered":"<figure class=\"wp-block-image size-large\"><img fetchpriority=\"high\" decoding=\"async\" width=\"1024\" height=\"107\" src=\"https:\/\/calmondivulgacoes.com.br\/wp-content\/uploads\/2026\/04\/Design-sem-nome-6-1024x107.png\" alt=\"\" class=\"wp-image-3160\" srcset=\"https:\/\/calmondivulgacoes.com.br\/wp-content\/uploads\/2026\/04\/Design-sem-nome-6-1024x107.png 1024w, https:\/\/calmondivulgacoes.com.br\/wp-content\/uploads\/2026\/04\/Design-sem-nome-6-300x31.png 300w, https:\/\/calmondivulgacoes.com.br\/wp-content\/uploads\/2026\/04\/Design-sem-nome-6-150x16.png 150w, https:\/\/calmondivulgacoes.com.br\/wp-content\/uploads\/2026\/04\/Design-sem-nome-6-768x80.png 768w, https:\/\/calmondivulgacoes.com.br\/wp-content\/uploads\/2026\/04\/Design-sem-nome-6-1536x160.png 1536w, https:\/\/calmondivulgacoes.com.br\/wp-content\/uploads\/2026\/04\/Design-sem-nome-6.png 1920w\" sizes=\"(max-width: 1024px) 100vw, 1024px\" \/><\/figure>\n\n\n\n<p>O ex-vereador <strong>Marlus Muriel Almeida Andrade<\/strong> (nascido em 01 de abril de 1984) participou de entrevista no Jornal Tribuna Livre da R\u00e1dio Comunit\u00e1ria Canabrava FM 87,9, onde abordou diversos temas atuais de interesse da popula\u00e7\u00e3o de Miguel Calmon.<\/p>\n\n\n\n<p>Durante a conversa, Marlus comentou sobre o reajuste concedido pelo Munic\u00edpio ao Poder Legislativo, destacando a import\u00e2ncia da medida para a valoriza\u00e7\u00e3o dos servidores e o funcionamento das atividades parlamentares. Ele tamb\u00e9m analisou o impacto da decis\u00e3o no contexto administrativo da cidade.<\/p>\n\n\n\n<p>Outro ponto abordado por William Sales e M\u00e1rio Augusto foram as tradicionais festas do munic\u00edpio, ressaltando o papel desses eventos na valoriza\u00e7\u00e3o cultural e no fortalecimento da economia local, especialmente com a gera\u00e7\u00e3o de renda e o incentivo ao com\u00e9rcio.<\/p>\n\n\n\n<p>O ex-vereador ainda fez uma avalia\u00e7\u00e3o da gest\u00e3o do prefeito Sampaio, apresentando sua vis\u00e3o sobre as a\u00e7\u00f5es desenvolvidas pela administra\u00e7\u00e3o municipal, al\u00e9m de comentar desafios e avan\u00e7os em \u00e1reas importantes para o desenvolvimento de Miguel Calmon.<\/p>\n\n\n\n<p>Ao longo da entrevista, Marlus tamb\u00e9m discutiu outros temas relevantes, refor\u00e7ando a necessidade de di\u00e1logo entre poder p\u00fablico e comunidade para constru\u00e7\u00e3o de solu\u00e7\u00f5es que atendam \u00e0s demandas da popula\u00e7\u00e3o.<\/p>\n\n\n\n<p><strong>Veja a reportagem completa no Instagram da @radiocanabrava.<\/strong><\/p>\n\n\n\n<p><strong>Reda\u00e7\u00e3o: Calmon Divulga\u00e7\u00f5es \/ R\u00e1dio Canabrava FM 87,9<\/strong><\/p>\n\n\n\n<figure class=\"wp-block-image size-large\"><img decoding=\"async\" width=\"819\" height=\"1024\" src=\"https:\/\/calmondivulgacoes.com.br\/wp-content\/uploads\/2026\/04\/patrocionadores-5-819x1024.png\" alt=\"\" class=\"wp-image-3169\" srcset=\"https:\/\/calmondivulgacoes.com.br\/wp-content\/uploads\/2026\/04\/patrocionadores-5-819x1024.png 819w, https:\/\/calmondivulgacoes.com.br\/wp-content\/uploads\/2026\/04\/patrocionadores-5-240x300.png 240w, https:\/\/calmondivulgacoes.com.br\/wp-content\/uploads\/2026\/04\/patrocionadores-5-120x150.png 120w, https:\/\/calmondivulgacoes.com.br\/wp-content\/uploads\/2026\/04\/patrocionadores-5-768x960.png 768w, https:\/\/calmondivulgacoes.com.br\/wp-content\/uploads\/2026\/04\/patrocionadores-5.png 1080w\" sizes=\"(max-width: 819px) 100vw, 819px\" \/><\/figure>","protected":false},"excerpt":{"rendered":"<p>O ex-vereador Marlus Muriel Almeida Andrade (nascido em 01 de abril de 1984) participou de entrevista no Jornal Tribuna Livre da R\u00e1dio Comunit\u00e1ria Canabrava FM 87,9, onde abordou diversos temas atuais de interesse da popula\u00e7\u00e3o de Miguel Calmon. Durante a conversa, Marlus comentou sobre o reajuste concedido pelo Munic\u00edpio ao Poder Legislativo, destacando a import\u00e2ncia [&hellip;]<\/p>\n","protected":false},"author":1,"featured_media":3183,"comment_status":"closed","ping_status":"closed","sticky":false,"template":"","format":"standard","meta":{"_uag_custom_page_level_css":"","_monsterinsights_skip_tracking":false,"_monsterinsights_sitenote_active":false,"_monsterinsights_sitenote_note":"","_monsterinsights_sitenote_category":0,"maa_idioma":"","maa_pais":"","footnotes":""},"categories":[39],"tags":[],"class_list":["post-3182","post","type-post","status-publish","format-standard","has-post-thumbnail","hentry","category-politica"],"yoast_head":"<!-- This site is optimized with the Yoast SEO plugin v27.4 - https:\/\/yoast.com\/product\/yoast-seo-wordpress\/ -->\n<title>Ex-vereador Marlus Muriel Almeida Andrade comenta reajuste, festas e gest\u00e3o municipal em Miguel Calmon - Calmon Divulga\u00e7\u00f5es<\/title>\n<meta name=\"robots\" content=\"index, follow, max-snippet:-1, max-image-preview:large, max-video-preview:-1\" \/>\n<link rel=\"canonical\" href=\"https:\/\/calmondivulgacoes.com.br\/en\/ex-vereador-marlus-muriel\/\" \/>\n<meta property=\"og:locale\" content=\"en_US\" \/>\n<meta property=\"og:type\" content=\"article\" \/>\n<meta property=\"og:title\" content=\"Ex-vereador Marlus Muriel Almeida Andrade comenta reajuste, festas e gest\u00e3o municipal em Miguel Calmon - Calmon Divulga\u00e7\u00f5es\" \/>\n<meta property=\"og:description\" content=\"O ex-vereador Marlus Muriel Almeida Andrade (nascido em 01 de abril de 1984) participou de entrevista no Jornal Tribuna Livre da R\u00e1dio Comunit\u00e1ria Canabrava FM 87,9, onde abordou diversos temas atuais de interesse da popula\u00e7\u00e3o de Miguel Calmon. Durante a conversa, Marlus comentou sobre o reajuste concedido pelo Munic\u00edpio ao Poder Legislativo, destacando a import\u00e2ncia [&hellip;]\" \/>\n<meta property=\"og:url\" content=\"https:\/\/calmondivulgacoes.com.br\/en\/ex-vereador-marlus-muriel\/\" \/>\n<meta property=\"og:site_name\" content=\"Calmon Divulga\u00e7\u00f5es\" \/>\n<meta property=\"article:publisher\" content=\"https:\/\/www.facebook.com\/calmondivulgacoes\" \/>\n<meta property=\"article:published_time\" content=\"2026-04-17T01:17:31+00:00\" \/>\n<meta property=\"article:modified_time\" content=\"2026-04-17T01:17:34+00:00\" \/>\n<meta property=\"og:image\" content=\"https:\/\/calmondivulgacoes.com.br\/wp-content\/uploads\/2026\/04\/marlus.png\" \/>\n\t<meta property=\"og:image:width\" content=\"319\" \/>\n\t<meta property=\"og:image:height\" content=\"421\" \/>\n\t<meta property=\"og:image:type\" content=\"image\/png\" \/>\n<meta name=\"author\" content=\"Calmon Divulga\u00e7\u00f5es\" \/>\n<meta name=\"twitter:card\" content=\"summary_large_image\" \/>\n<meta name=\"twitter:label1\" content=\"Written by\" \/>\n\t<meta name=\"twitter:data1\" content=\"Calmon Divulga\u00e7\u00f5es\" \/>\n\t<meta name=\"twitter:label2\" content=\"Est. reading time\" \/>\n\t<meta name=\"twitter:data2\" content=\"2 minutes\" \/>\n<script type=\"application\/ld+json\" class=\"yoast-schema-graph\">{\"@context\":\"https:\\\/\\\/schema.org\",\"@graph\":[{\"@type\":\"Article\",\"@id\":\"https:\\\/\\\/calmondivulgacoes.com.br\\\/ex-vereador-marlus-muriel\\\/#article\",\"isPartOf\":{\"@id\":\"https:\\\/\\\/calmondivulgacoes.com.br\\\/ex-vereador-marlus-muriel\\\/\"},\"author\":{\"name\":\"Calmon Divulga\u00e7\u00f5es\",\"@id\":\"https:\\\/\\\/calmondivulgacoes.com.br\\\/#\\\/schema\\\/person\\\/f51b6a75a3e31b01ea8f6fea23fc01fa\"},\"headline\":\"Ex-vereador Marlus Muriel Almeida Andrade comenta reajuste, festas e gest\u00e3o municipal em Miguel Calmon\",\"datePublished\":\"2026-04-17T01:17:31+00:00\",\"dateModified\":\"2026-04-17T01:17:34+00:00\",\"mainEntityOfPage\":{\"@id\":\"https:\\\/\\\/calmondivulgacoes.com.br\\\/ex-vereador-marlus-muriel\\\/\"},\"wordCount\":242,\"publisher\":{\"@id\":\"https:\\\/\\\/calmondivulgacoes.com.br\\\/#organization\"},\"image\":{\"@id\":\"https:\\\/\\\/calmondivulgacoes.com.br\\\/ex-vereador-marlus-muriel\\\/#primaryimage\"},\"thumbnailUrl\":\"https:\\\/\\\/calmondivulgacoes.com.br\\\/wp-content\\\/uploads\\\/2026\\\/04\\\/marlus.png\",\"articleSection\":[\"Pol\u00edtica\"],\"inLanguage\":\"en-US\"},{\"@type\":\"WebPage\",\"@id\":\"https:\\\/\\\/calmondivulgacoes.com.br\\\/ex-vereador-marlus-muriel\\\/\",\"url\":\"https:\\\/\\\/calmondivulgacoes.com.br\\\/ex-vereador-marlus-muriel\\\/\",\"name\":\"Ex-vereador Marlus Muriel Almeida Andrade comenta reajuste, festas e gest\u00e3o municipal em Miguel Calmon - Calmon Divulga\u00e7\u00f5es\",\"isPartOf\":{\"@id\":\"https:\\\/\\\/calmondivulgacoes.com.br\\\/#website\"},\"primaryImageOfPage\":{\"@id\":\"https:\\\/\\\/calmondivulgacoes.com.br\\\/ex-vereador-marlus-muriel\\\/#primaryimage\"},\"image\":{\"@id\":\"https:\\\/\\\/calmondivulgacoes.com.br\\\/ex-vereador-marlus-muriel\\\/#primaryimage\"},\"thumbnailUrl\":\"https:\\\/\\\/calmondivulgacoes.com.br\\\/wp-content\\\/uploads\\\/2026\\\/04\\\/marlus.png\",\"datePublished\":\"2026-04-17T01:17:31+00:00\",\"dateModified\":\"2026-04-17T01:17:34+00:00\",\"breadcrumb\":{\"@id\":\"https:\\\/\\\/calmondivulgacoes.com.br\\\/ex-vereador-marlus-muriel\\\/#breadcrumb\"},\"inLanguage\":\"en-US\",\"potentialAction\":[{\"@type\":\"ReadAction\",\"target\":[\"https:\\\/\\\/calmondivulgacoes.com.br\\\/ex-vereador-marlus-muriel\\\/\"]}]},{\"@type\":\"ImageObject\",\"inLanguage\":\"en-US\",\"@id\":\"https:\\\/\\\/calmondivulgacoes.com.br\\\/ex-vereador-marlus-muriel\\\/#primaryimage\",\"url\":\"https:\\\/\\\/calmondivulgacoes.com.br\\\/wp-content\\\/uploads\\\/2026\\\/04\\\/marlus.png\",\"contentUrl\":\"https:\\\/\\\/calmondivulgacoes.com.br\\\/wp-content\\\/uploads\\\/2026\\\/04\\\/marlus.png\",\"width\":319,\"height\":421},{\"@type\":\"BreadcrumbList\",\"@id\":\"https:\\\/\\\/calmondivulgacoes.com.br\\\/ex-vereador-marlus-muriel\\\/#breadcrumb\",\"itemListElement\":[{\"@type\":\"ListItem\",\"position\":1,\"name\":\"In\u00edcio\",\"item\":\"https:\\\/\\\/calmondivulgacoes.com.br\\\/\"},{\"@type\":\"ListItem\",\"position\":2,\"name\":\"Ex-vereador Marlus Muriel Almeida Andrade comenta reajuste, festas e gest\u00e3o municipal em Miguel Calmon\"}]},{\"@type\":\"WebSite\",\"@id\":\"https:\\\/\\\/calmondivulgacoes.com.br\\\/#website\",\"url\":\"https:\\\/\\\/calmondivulgacoes.com.br\\\/\",\"name\":\"Calmon Divulga\u00e7\u00f5es\",\"description\":\"e Not\u00edcias\",\"publisher\":{\"@id\":\"https:\\\/\\\/calmondivulgacoes.com.br\\\/#organization\"},\"potentialAction\":[{\"@type\":\"SearchAction\",\"target\":{\"@type\":\"EntryPoint\",\"urlTemplate\":\"https:\\\/\\\/calmondivulgacoes.com.br\\\/?s={search_term_string}\"},\"query-input\":{\"@type\":\"PropertyValueSpecification\",\"valueRequired\":true,\"valueName\":\"search_term_string\"}}],\"inLanguage\":\"en-US\"},{\"@type\":\"Organization\",\"@id\":\"https:\\\/\\\/calmondivulgacoes.com.br\\\/#organization\",\"name\":\"Calmon Divulga\u00e7\u00f5es\",\"url\":\"https:\\\/\\\/calmondivulgacoes.com.br\\\/\",\"logo\":{\"@type\":\"ImageObject\",\"inLanguage\":\"en-US\",\"@id\":\"https:\\\/\\\/calmondivulgacoes.com.br\\\/#\\\/schema\\\/logo\\\/image\\\/\",\"url\":\"https:\\\/\\\/calmondivulgacoes.com.br\\\/wp-content\\\/uploads\\\/2026\\\/04\\\/cropped-WhatsApp_Image_2025-12-02_at_20.44.08-removebg-preview.png\",\"contentUrl\":\"https:\\\/\\\/calmondivulgacoes.com.br\\\/wp-content\\\/uploads\\\/2026\\\/04\\\/cropped-WhatsApp_Image_2025-12-02_at_20.44.08-removebg-preview.png\",\"width\":120,\"height\":120,\"caption\":\"Calmon Divulga\u00e7\u00f5es\"},\"image\":{\"@id\":\"https:\\\/\\\/calmondivulgacoes.com.br\\\/#\\\/schema\\\/logo\\\/image\\\/\"},\"sameAs\":[\"https:\\\/\\\/www.facebook.com\\\/calmondivulgacoes\",\"https:\\\/\\\/www.instagram.com\\\/calmondivulgacoes\\\/\"]},{\"@type\":\"Person\",\"@id\":\"https:\\\/\\\/calmondivulgacoes.com.br\\\/#\\\/schema\\\/person\\\/f51b6a75a3e31b01ea8f6fea23fc01fa\",\"name\":\"Calmon Divulga\u00e7\u00f5es\",\"image\":{\"@type\":\"ImageObject\",\"inLanguage\":\"en-US\",\"@id\":\"https:\\\/\\\/calmondivulgacoes.com.br\\\/wp-content\\\/litespeed\\\/avatar\\\/70d8f8af3b6e7945511481b97d22e67c.jpg?ver=1777223803\",\"url\":\"https:\\\/\\\/calmondivulgacoes.com.br\\\/wp-content\\\/litespeed\\\/avatar\\\/70d8f8af3b6e7945511481b97d22e67c.jpg?ver=1777223803\",\"contentUrl\":\"https:\\\/\\\/calmondivulgacoes.com.br\\\/wp-content\\\/litespeed\\\/avatar\\\/70d8f8af3b6e7945511481b97d22e67c.jpg?ver=1777223803\",\"caption\":\"Calmon Divulga\u00e7\u00f5es\"},\"sameAs\":[\"http:\\\/\\\/calmondivulgacoes.com.br\"],\"url\":\"https:\\\/\\\/calmondivulgacoes.com.br\\\/en\\\/autor\\\/calmondivulgacoesgmail-com\\\/\"}]}<\/script>\n<!-- \/ Yoast SEO plugin. -->","yoast_head_json":{"title":"Ex-vereador Marlus Muriel Almeida Andrade comenta reajuste, festas e gest\u00e3o municipal em Miguel Calmon - Calmon Divulga\u00e7\u00f5es","robots":{"index":"index","follow":"follow","max-snippet":"max-snippet:-1","max-image-preview":"max-image-preview:large","max-video-preview":"max-video-preview:-1"},"canonical":"https:\/\/calmondivulgacoes.com.br\/en\/ex-vereador-marlus-muriel\/","og_locale":"en_US","og_type":"article","og_title":"Ex-vereador Marlus Muriel Almeida Andrade comenta reajuste, festas e gest\u00e3o municipal em Miguel Calmon - Calmon Divulga\u00e7\u00f5es","og_description":"O ex-vereador Marlus Muriel Almeida Andrade (nascido em 01 de abril de 1984) participou de entrevista no Jornal Tribuna Livre da R\u00e1dio Comunit\u00e1ria Canabrava FM 87,9, onde abordou diversos temas atuais de interesse da popula\u00e7\u00e3o de Miguel Calmon. Durante a conversa, Marlus comentou sobre o reajuste concedido pelo Munic\u00edpio ao Poder Legislativo, destacando a import\u00e2ncia [&hellip;]","og_url":"https:\/\/calmondivulgacoes.com.br\/en\/ex-vereador-marlus-muriel\/","og_site_name":"Calmon Divulga\u00e7\u00f5es","article_publisher":"https:\/\/www.facebook.com\/calmondivulgacoes","article_published_time":"2026-04-17T01:17:31+00:00","article_modified_time":"2026-04-17T01:17:34+00:00","og_image":[{"width":319,"height":421,"url":"https:\/\/calmondivulgacoes.com.br\/wp-content\/uploads\/2026\/04\/marlus.png","type":"image\/png"}],"author":"Calmon Divulga\u00e7\u00f5es","twitter_card":"summary_large_image","twitter_misc":{"Written by":"Calmon Divulga\u00e7\u00f5es","Est. reading time":"2 minutes"},"schema":{"@context":"https:\/\/schema.org","@graph":[{"@type":"Article","@id":"https:\/\/calmondivulgacoes.com.br\/ex-vereador-marlus-muriel\/#article","isPartOf":{"@id":"https:\/\/calmondivulgacoes.com.br\/ex-vereador-marlus-muriel\/"},"author":{"name":"Calmon Divulga\u00e7\u00f5es","@id":"https:\/\/calmondivulgacoes.com.br\/#\/schema\/person\/f51b6a75a3e31b01ea8f6fea23fc01fa"},"headline":"Ex-vereador Marlus Muriel Almeida Andrade comenta reajuste, festas e gest\u00e3o municipal em Miguel Calmon","datePublished":"2026-04-17T01:17:31+00:00","dateModified":"2026-04-17T01:17:34+00:00","mainEntityOfPage":{"@id":"https:\/\/calmondivulgacoes.com.br\/ex-vereador-marlus-muriel\/"},"wordCount":242,"publisher":{"@id":"https:\/\/calmondivulgacoes.com.br\/#organization"},"image":{"@id":"https:\/\/calmondivulgacoes.com.br\/ex-vereador-marlus-muriel\/#primaryimage"},"thumbnailUrl":"https:\/\/calmondivulgacoes.com.br\/wp-content\/uploads\/2026\/04\/marlus.png","articleSection":["Pol\u00edtica"],"inLanguage":"en-US"},{"@type":"WebPage","@id":"https:\/\/calmondivulgacoes.com.br\/ex-vereador-marlus-muriel\/","url":"https:\/\/calmondivulgacoes.com.br\/ex-vereador-marlus-muriel\/","name":"Ex-vereador Marlus Muriel Almeida Andrade comenta reajuste, festas e gest\u00e3o municipal em Miguel Calmon - Calmon Divulga\u00e7\u00f5es","isPartOf":{"@id":"https:\/\/calmondivulgacoes.com.br\/#website"},"primaryImageOfPage":{"@id":"https:\/\/calmondivulgacoes.com.br\/ex-vereador-marlus-muriel\/#primaryimage"},"image":{"@id":"https:\/\/calmondivulgacoes.com.br\/ex-vereador-marlus-muriel\/#primaryimage"},"thumbnailUrl":"https:\/\/calmondivulgacoes.com.br\/wp-content\/uploads\/2026\/04\/marlus.png","datePublished":"2026-04-17T01:17:31+00:00","dateModified":"2026-04-17T01:17:34+00:00","breadcrumb":{"@id":"https:\/\/calmondivulgacoes.com.br\/ex-vereador-marlus-muriel\/#breadcrumb"},"inLanguage":"en-US","potentialAction":[{"@type":"ReadAction","target":["https:\/\/calmondivulgacoes.com.br\/ex-vereador-marlus-muriel\/"]}]},{"@type":"ImageObject","inLanguage":"en-US","@id":"https:\/\/calmondivulgacoes.com.br\/ex-vereador-marlus-muriel\/#primaryimage","url":"https:\/\/calmondivulgacoes.com.br\/wp-content\/uploads\/2026\/04\/marlus.png","contentUrl":"https:\/\/calmondivulgacoes.com.br\/wp-content\/uploads\/2026\/04\/marlus.png","width":319,"height":421},{"@type":"BreadcrumbList","@id":"https:\/\/calmondivulgacoes.com.br\/ex-vereador-marlus-muriel\/#breadcrumb","itemListElement":[{"@type":"ListItem","position":1,"name":"In\u00edcio","item":"https:\/\/calmondivulgacoes.com.br\/"},{"@type":"ListItem","position":2,"name":"Ex-vereador Marlus Muriel Almeida Andrade comenta reajuste, festas e gest\u00e3o municipal em Miguel Calmon"}]},{"@type":"WebSite","@id":"https:\/\/calmondivulgacoes.com.br\/#website","url":"https:\/\/calmondivulgacoes.com.br\/","name":"Calmon Divulga\u00e7\u00f5es","description":"e Not\u00edcias","publisher":{"@id":"https:\/\/calmondivulgacoes.com.br\/#organization"},"potentialAction":[{"@type":"SearchAction","target":{"@type":"EntryPoint","urlTemplate":"https:\/\/calmondivulgacoes.com.br\/?s={search_term_string}"},"query-input":{"@type":"PropertyValueSpecification","valueRequired":true,"valueName":"search_term_string"}}],"inLanguage":"en-US"},{"@type":"Organization","@id":"https:\/\/calmondivulgacoes.com.br\/#organization","name":"Calmon Divulga\u00e7\u00f5es","url":"https:\/\/calmondivulgacoes.com.br\/","logo":{"@type":"ImageObject","inLanguage":"en-US","@id":"https:\/\/calmondivulgacoes.com.br\/#\/schema\/logo\/image\/","url":"https:\/\/calmondivulgacoes.com.br\/wp-content\/uploads\/2026\/04\/cropped-WhatsApp_Image_2025-12-02_at_20.44.08-removebg-preview.png","contentUrl":"https:\/\/calmondivulgacoes.com.br\/wp-content\/uploads\/2026\/04\/cropped-WhatsApp_Image_2025-12-02_at_20.44.08-removebg-preview.png","width":120,"height":120,"caption":"Calmon Divulga\u00e7\u00f5es"},"image":{"@id":"https:\/\/calmondivulgacoes.com.br\/#\/schema\/logo\/image\/"},"sameAs":["https:\/\/www.facebook.com\/calmondivulgacoes","https:\/\/www.instagram.com\/calmondivulgacoes\/"]},{"@type":"Person","@id":"https:\/\/calmondivulgacoes.com.br\/#\/schema\/person\/f51b6a75a3e31b01ea8f6fea23fc01fa","name":"Calmon Divulga\u00e7\u00f5es","image":{"@type":"ImageObject","inLanguage":"en-US","@id":"https:\/\/calmondivulgacoes.com.br\/wp-content\/litespeed\/avatar\/70d8f8af3b6e7945511481b97d22e67c.jpg?ver=1777223803","url":"https:\/\/calmondivulgacoes.com.br\/wp-content\/litespeed\/avatar\/70d8f8af3b6e7945511481b97d22e67c.jpg?ver=1777223803","contentUrl":"https:\/\/calmondivulgacoes.com.br\/wp-content\/litespeed\/avatar\/70d8f8af3b6e7945511481b97d22e67c.jpg?ver=1777223803","caption":"Calmon Divulga\u00e7\u00f5es"},"sameAs":["http:\/\/calmondivulgacoes.com.br"],"url":"https:\/\/calmondivulgacoes.com.br\/en\/autor\/calmondivulgacoesgmail-com\/"}]}},"uagb_featured_image_src":{"full":["https:\/\/calmondivulgacoes.com.br\/wp-content\/uploads\/2026\/04\/marlus.png",319,421,false],"thumbnail":["https:\/\/calmondivulgacoes.com.br\/wp-content\/uploads\/2026\/04\/marlus-114x150.png",114,150,true],"medium":["https:\/\/calmondivulgacoes.com.br\/wp-content\/uploads\/2026\/04\/marlus-227x300.png",227,300,true],"medium_large":["https:\/\/calmondivulgacoes.com.br\/wp-content\/uploads\/2026\/04\/marlus.png",319,421,false],"large":["https:\/\/calmondivulgacoes.com.br\/wp-content\/uploads\/2026\/04\/marlus.png",319,421,false],"1536x1536":["https:\/\/calmondivulgacoes.com.br\/wp-content\/uploads\/2026\/04\/marlus.png",319,421,false],"2048x2048":["https:\/\/calmondivulgacoes.com.br\/wp-content\/uploads\/2026\/04\/marlus.png",319,421,false],"trp-custom-language-flag":["https:\/\/calmondivulgacoes.com.br\/wp-content\/uploads\/2026\/04\/marlus.png",9,12,false],"cvmm-medium":["https:\/\/calmondivulgacoes.com.br\/wp-content\/uploads\/2026\/04\/marlus-300x300.png",300,300,true],"cvmm-medium-plus":["https:\/\/calmondivulgacoes.com.br\/wp-content\/uploads\/2026\/04\/marlus-305x207.png",305,207,true],"cvmm-portrait":["https:\/\/calmondivulgacoes.com.br\/wp-content\/uploads\/2026\/04\/marlus.png",319,421,false],"cvmm-medium-square":["https:\/\/calmondivulgacoes.com.br\/wp-content\/uploads\/2026\/04\/marlus.png",319,421,false],"cvmm-large":["https:\/\/calmondivulgacoes.com.br\/wp-content\/uploads\/2026\/04\/marlus.png",319,421,false],"cvmm-small":["https:\/\/calmondivulgacoes.com.br\/wp-content\/uploads\/2026\/04\/marlus-130x95.png",130,95,true]},"uagb_author_info":{"display_name":"Calmon Divulga\u00e7\u00f5es","author_link":"https:\/\/calmondivulgacoes.com.br\/en\/autor\/calmondivulgacoesgmail-com\/"},"uagb_comment_info":0,"uagb_excerpt":"O ex-vereador Marlus Muriel Almeida Andrade (nascido em 01 de abril de 1984) participou de entrevista no Jornal Tribuna Livre da R\u00e1dio Comunit\u00e1ria Canabrava FM 87,9, onde abordou diversos temas atuais de interesse da popula\u00e7\u00e3o de Miguel Calmon. Durante a conversa, Marlus comentou sobre o reajuste concedido pelo Munic\u00edpio ao Poder Legislativo, destacando a import\u00e2ncia&hellip;","blog_post_layout_featured_media_urls":{"thumbnail":["https:\/\/calmondivulgacoes.com.br\/wp-content\/uploads\/2026\/04\/marlus-114x150.png",114,150,true],"full":["https:\/\/calmondivulgacoes.com.br\/wp-content\/uploads\/2026\/04\/marlus.png",319,421,false]},"categories_names":{"39":{"name":"Pol\u00edtica","link":"https:\/\/calmondivulgacoes.com.br\/en\/category\/politica\/"}},"tags_names":[],"comments_number":"0","wpmagazine_modules_lite_featured_media_urls":{"thumbnail":["https:\/\/calmondivulgacoes.com.br\/wp-content\/uploads\/2026\/04\/marlus-114x150.png",114,150,true],"cvmm-medium":["https:\/\/calmondivulgacoes.com.br\/wp-content\/uploads\/2026\/04\/marlus-300x300.png",300,300,true],"cvmm-medium-plus":["https:\/\/calmondivulgacoes.com.br\/wp-content\/uploads\/2026\/04\/marlus-305x207.png",305,207,true],"cvmm-portrait":["https:\/\/calmondivulgacoes.com.br\/wp-content\/uploads\/2026\/04\/marlus.png",319,421,false],"cvmm-medium-square":["https:\/\/calmondivulgacoes.com.br\/wp-content\/uploads\/2026\/04\/marlus.png",319,421,false],"cvmm-large":["https:\/\/calmondivulgacoes.com.br\/wp-content\/uploads\/2026\/04\/marlus.png",319,421,false],"cvmm-small":["https:\/\/calmondivulgacoes.com.br\/wp-content\/uploads\/2026\/04\/marlus-130x95.png",130,95,true],"full":["https:\/\/calmondivulgacoes.com.br\/wp-content\/uploads\/2026\/04\/marlus.png",319,421,false]},"_links":{"self":[{"href":"https:\/\/calmondivulgacoes.com.br\/en\/wp-json\/wp\/v2\/posts\/3182","targetHints":{"allow":["GET"]}}],"collection":[{"href":"https:\/\/calmondivulgacoes.com.br\/en\/wp-json\/wp\/v2\/posts"}],"about":[{"href":"https:\/\/calmondivulgacoes.com.br\/en\/wp-json\/wp\/v2\/types\/post"}],"author":[{"embeddable":true,"href":"https:\/\/calmondivulgacoes.com.br\/en\/wp-json\/wp\/v2\/users\/1"}],"replies":[{"embeddable":true,"href":"https:\/\/calmondivulgacoes.com.br\/en\/wp-json\/wp\/v2\/comments?post=3182"}],"version-history":[{"count":1,"href":"https:\/\/calmondivulgacoes.com.br\/en\/wp-json\/wp\/v2\/posts\/3182\/revisions"}],"predecessor-version":[{"id":3184,"href":"https:\/\/calmondivulgacoes.com.br\/en\/wp-json\/wp\/v2\/posts\/3182\/revisions\/3184"}],"wp:featuredmedia":[{"embeddable":true,"href":"https:\/\/calmondivulgacoes.com.br\/en\/wp-json\/wp\/v2\/media\/3183"}],"wp:attachment":[{"href":"https:\/\/calmondivulgacoes.com.br\/en\/wp-json\/wp\/v2\/media?parent=3182"}],"wp:term":[{"taxonomy":"category","embeddable":true,"href":"https:\/\/calmondivulgacoes.com.br\/en\/wp-json\/wp\/v2\/categories?post=3182"},{"taxonomy":"post_tag","embeddable":true,"href":"https:\/\/calmondivulgacoes.com.br\/en\/wp-json\/wp\/v2\/tags?post=3182"}],"curies":[{"name":"wp","href":"https:\/\/api.w.org\/{rel}","templated":true}]}}