{"id":3177,"date":"2026-04-16T21:59:13","date_gmt":"2026-04-17T00:59:13","guid":{"rendered":"https:\/\/calmondivulgacoes.com.br\/?p=3177"},"modified":"2026-04-18T15:50:57","modified_gmt":"2026-04-18T18:50:57","slug":"festa-do-candeeiro","status":"publish","type":"post","link":"https:\/\/calmondivulgacoes.com.br\/en\/festa-do-candeeiro\/","title":{"rendered":"Festa do Candeeiro \u00e9 destaque em entrevista com M\u00e1rcia Barbosa e Silvana Pereira na R\u00e1dio Canabrava"},"content":{"rendered":"<figure class=\"wp-block-image size-large\"><img fetchpriority=\"high\" decoding=\"async\" width=\"1024\" height=\"107\" src=\"https:\/\/calmondivulgacoes.com.br\/wp-content\/uploads\/2026\/04\/Design-sem-nome-6-1024x107.png\" alt=\"\" class=\"wp-image-3160\" srcset=\"https:\/\/calmondivulgacoes.com.br\/wp-content\/uploads\/2026\/04\/Design-sem-nome-6-1024x107.png 1024w, https:\/\/calmondivulgacoes.com.br\/wp-content\/uploads\/2026\/04\/Design-sem-nome-6-300x31.png 300w, https:\/\/calmondivulgacoes.com.br\/wp-content\/uploads\/2026\/04\/Design-sem-nome-6-150x16.png 150w, https:\/\/calmondivulgacoes.com.br\/wp-content\/uploads\/2026\/04\/Design-sem-nome-6-768x80.png 768w, https:\/\/calmondivulgacoes.com.br\/wp-content\/uploads\/2026\/04\/Design-sem-nome-6-1536x160.png 1536w, https:\/\/calmondivulgacoes.com.br\/wp-content\/uploads\/2026\/04\/Design-sem-nome-6.png 1920w\" sizes=\"(max-width: 1024px) 100vw, 1024px\" \/><\/figure>\n\n\n\n<p>No dia 18\/04\/26 ir\u00e1 acontecer a 3\u00aa edi\u00e7\u00e3o da festa do candeeiro. Em participa\u00e7\u00e3o na R\u00e1dio Comunit\u00e1ria Canabrava FM 87,9, <strong>M\u00e1rcia Barbosa<\/strong> e <strong>Silvana Pereira<\/strong> falaram sobre os preparativos para a tradicional <strong>Festa do Candeeiro<\/strong>, que ser\u00e1 realizada no povoado do Murici, em Miguel Calmon.<\/p>\n\n\n\n<p>Durante a entrevista, os apresentadores William Sales e M\u00e1rio Augusto abordaram diversos aspectos do evento, incluindo a hist\u00f3ria e a import\u00e2ncia cultural da festa para a comunidade local. As representantes destacaram que a celebra\u00e7\u00e3o mant\u00e9m viva uma tradi\u00e7\u00e3o que re\u00fane moradores e visitantes em um momento de valoriza\u00e7\u00e3o das ra\u00edzes culturais da regi\u00e3o.<\/p>\n\n\n\n<p>Outro ponto discutido foi o apoio recebido para a realiza\u00e7\u00e3o do evento, com destaque para a parceria da Prefeitura de Miguel Calmon e o suporte de vereadores, fundamentais para garantir a estrutura necess\u00e1ria.<\/p>\n\n\n\n<p>Tamb\u00e9m foram apresentados detalhes sobre a organiza\u00e7\u00e3o, como a presen\u00e7a de equipe de seguran\u00e7a, incluindo bombeiros e ambul\u00e2ncia, assegurando tranquilidade ao p\u00fablico. A programa\u00e7\u00e3o contar\u00e1 ainda com atra\u00e7\u00f5es musicais que prometem animar a noite.<\/p>\n\n\n\n<p>A estrutura geral do evento foi outro destaque, com oferta de comidas e bebidas, al\u00e9m de um ambiente preparado para receber bem os participantes. A festa tem hor\u00e1rio previsto para in\u00edcio \u00e0s 20h, no dia 18 de abril (s\u00e1bado), e seguir\u00e1 at\u00e9 a madrugada, proporcionando uma noite de lazer e integra\u00e7\u00e3o.<\/p>\n\n\n\n<p>A Festa do Candeeiro refor\u00e7a a import\u00e2ncia das manifesta\u00e7\u00f5es culturais no fortalecimento da identidade local e na movimenta\u00e7\u00e3o da economia do munic\u00edpio.<\/p>\n\n\n\n<p><strong>Veja a reportagem completa no Instagram da @radiocanabrava.<\/strong><\/p>\n\n\n\n<p><strong>Reda\u00e7\u00e3o: Calmon Divulga\u00e7\u00f5es \/ R\u00e1dio Canabrava FM 87,9<\/strong><\/p>\n\n\n\n<figure class=\"wp-block-image size-full\"><img decoding=\"async\" width=\"467\" height=\"393\" src=\"https:\/\/calmondivulgacoes.com.br\/wp-content\/uploads\/2026\/04\/candieiro.png\" alt=\"\" class=\"wp-image-3179\" srcset=\"https:\/\/calmondivulgacoes.com.br\/wp-content\/uploads\/2026\/04\/candieiro.png 467w, https:\/\/calmondivulgacoes.com.br\/wp-content\/uploads\/2026\/04\/candieiro-300x252.png 300w, https:\/\/calmondivulgacoes.com.br\/wp-content\/uploads\/2026\/04\/candieiro-150x126.png 150w\" sizes=\"(max-width: 467px) 100vw, 467px\" \/><\/figure>\n\n\n\n<figure class=\"wp-block-image size-large\"><img decoding=\"async\" width=\"819\" height=\"1024\" src=\"https:\/\/calmondivulgacoes.com.br\/wp-content\/uploads\/2026\/04\/patrocionadores-5-819x1024.png\" alt=\"\" class=\"wp-image-3169\" srcset=\"https:\/\/calmondivulgacoes.com.br\/wp-content\/uploads\/2026\/04\/patrocionadores-5-819x1024.png 819w, https:\/\/calmondivulgacoes.com.br\/wp-content\/uploads\/2026\/04\/patrocionadores-5-240x300.png 240w, https:\/\/calmondivulgacoes.com.br\/wp-content\/uploads\/2026\/04\/patrocionadores-5-120x150.png 120w, https:\/\/calmondivulgacoes.com.br\/wp-content\/uploads\/2026\/04\/patrocionadores-5-768x960.png 768w, https:\/\/calmondivulgacoes.com.br\/wp-content\/uploads\/2026\/04\/patrocionadores-5.png 1080w\" sizes=\"(max-width: 819px) 100vw, 819px\" \/><\/figure>\n\n\n\n<p><\/p>","protected":false},"excerpt":{"rendered":"<p>No dia 18\/04\/26 ir\u00e1 acontecer a 3\u00aa edi\u00e7\u00e3o da festa do candeeiro. Em participa\u00e7\u00e3o na R\u00e1dio Comunit\u00e1ria Canabrava FM 87,9, M\u00e1rcia Barbosa e Silvana Pereira falaram sobre os preparativos para a tradicional Festa do Candeeiro, que ser\u00e1 realizada no povoado do Murici, em Miguel Calmon. Durante a entrevista, os apresentadores William Sales e M\u00e1rio Augusto [&hellip;]<\/p>\n","protected":false},"author":1,"featured_media":3180,"comment_status":"closed","ping_status":"closed","sticky":false,"template":"","format":"standard","meta":{"_uag_custom_page_level_css":"","_monsterinsights_skip_tracking":false,"_monsterinsights_sitenote_active":false,"_monsterinsights_sitenote_note":"","_monsterinsights_sitenote_category":0,"maa_idioma":"","maa_pais":"","footnotes":""},"categories":[40],"tags":[],"class_list":["post-3177","post","type-post","status-publish","format-standard","has-post-thumbnail","hentry","category-miguel-calmon"],"yoast_head":"<!-- This site is optimized with the Yoast SEO plugin v27.4 - https:\/\/yoast.com\/product\/yoast-seo-wordpress\/ -->\n<title>Festa do Candeeiro \u00e9 destaque em entrevista com M\u00e1rcia Barbosa e Silvana Pereira na R\u00e1dio Canabrava - Calmon Divulga\u00e7\u00f5es<\/title>\n<meta name=\"robots\" content=\"index, follow, max-snippet:-1, max-image-preview:large, max-video-preview:-1\" \/>\n<link rel=\"canonical\" href=\"https:\/\/calmondivulgacoes.com.br\/en\/festa-do-candeeiro\/\" \/>\n<meta property=\"og:locale\" content=\"en_US\" \/>\n<meta property=\"og:type\" content=\"article\" \/>\n<meta property=\"og:title\" content=\"Festa do Candeeiro \u00e9 destaque em entrevista com M\u00e1rcia Barbosa e Silvana Pereira na R\u00e1dio Canabrava - Calmon Divulga\u00e7\u00f5es\" \/>\n<meta property=\"og:description\" content=\"No dia 18\/04\/26 ir\u00e1 acontecer a 3\u00aa edi\u00e7\u00e3o da festa do candeeiro. Em participa\u00e7\u00e3o na R\u00e1dio Comunit\u00e1ria Canabrava FM 87,9, M\u00e1rcia Barbosa e Silvana Pereira falaram sobre os preparativos para a tradicional Festa do Candeeiro, que ser\u00e1 realizada no povoado do Murici, em Miguel Calmon. Durante a entrevista, os apresentadores William Sales e M\u00e1rio Augusto [&hellip;]\" \/>\n<meta property=\"og:url\" content=\"https:\/\/calmondivulgacoes.com.br\/en\/festa-do-candeeiro\/\" \/>\n<meta property=\"og:site_name\" content=\"Calmon Divulga\u00e7\u00f5es\" \/>\n<meta property=\"article:publisher\" content=\"https:\/\/www.facebook.com\/calmondivulgacoes\" \/>\n<meta property=\"article:published_time\" content=\"2026-04-17T00:59:13+00:00\" \/>\n<meta property=\"article:modified_time\" content=\"2026-04-18T18:50:57+00:00\" \/>\n<meta property=\"og:image\" content=\"https:\/\/calmondivulgacoes.com.br\/wp-content\/uploads\/2026\/04\/candieiro2.png\" \/>\n\t<meta property=\"og:image:width\" content=\"661\" \/>\n\t<meta property=\"og:image:height\" content=\"441\" \/>\n\t<meta property=\"og:image:type\" content=\"image\/png\" \/>\n<meta name=\"author\" content=\"Calmon Divulga\u00e7\u00f5es\" \/>\n<meta name=\"twitter:card\" content=\"summary_large_image\" \/>\n<meta name=\"twitter:label1\" content=\"Written by\" \/>\n\t<meta name=\"twitter:data1\" content=\"Calmon Divulga\u00e7\u00f5es\" \/>\n\t<meta name=\"twitter:label2\" content=\"Est. reading time\" \/>\n\t<meta name=\"twitter:data2\" content=\"3 minutes\" \/>\n<script type=\"application\/ld+json\" class=\"yoast-schema-graph\">{\"@context\":\"https:\\\/\\\/schema.org\",\"@graph\":[{\"@type\":\"Article\",\"@id\":\"https:\\\/\\\/calmondivulgacoes.com.br\\\/festa-do-candeeiro\\\/#article\",\"isPartOf\":{\"@id\":\"https:\\\/\\\/calmondivulgacoes.com.br\\\/festa-do-candeeiro\\\/\"},\"author\":{\"name\":\"Calmon Divulga\u00e7\u00f5es\",\"@id\":\"https:\\\/\\\/calmondivulgacoes.com.br\\\/#\\\/schema\\\/person\\\/f51b6a75a3e31b01ea8f6fea23fc01fa\"},\"headline\":\"Festa do Candeeiro \u00e9 destaque em entrevista com M\u00e1rcia Barbosa e Silvana Pereira na R\u00e1dio Canabrava\",\"datePublished\":\"2026-04-17T00:59:13+00:00\",\"dateModified\":\"2026-04-18T18:50:57+00:00\",\"mainEntityOfPage\":{\"@id\":\"https:\\\/\\\/calmondivulgacoes.com.br\\\/festa-do-candeeiro\\\/\"},\"wordCount\":303,\"publisher\":{\"@id\":\"https:\\\/\\\/calmondivulgacoes.com.br\\\/#organization\"},\"image\":{\"@id\":\"https:\\\/\\\/calmondivulgacoes.com.br\\\/festa-do-candeeiro\\\/#primaryimage\"},\"thumbnailUrl\":\"https:\\\/\\\/calmondivulgacoes.com.br\\\/wp-content\\\/uploads\\\/2026\\\/04\\\/candieiro2.png\",\"articleSection\":[\"Miguel Calmon\"],\"inLanguage\":\"en-US\"},{\"@type\":\"WebPage\",\"@id\":\"https:\\\/\\\/calmondivulgacoes.com.br\\\/festa-do-candeeiro\\\/\",\"url\":\"https:\\\/\\\/calmondivulgacoes.com.br\\\/festa-do-candeeiro\\\/\",\"name\":\"Festa do Candeeiro \u00e9 destaque em entrevista com M\u00e1rcia Barbosa e Silvana Pereira na R\u00e1dio Canabrava - Calmon Divulga\u00e7\u00f5es\",\"isPartOf\":{\"@id\":\"https:\\\/\\\/calmondivulgacoes.com.br\\\/#website\"},\"primaryImageOfPage\":{\"@id\":\"https:\\\/\\\/calmondivulgacoes.com.br\\\/festa-do-candeeiro\\\/#primaryimage\"},\"image\":{\"@id\":\"https:\\\/\\\/calmondivulgacoes.com.br\\\/festa-do-candeeiro\\\/#primaryimage\"},\"thumbnailUrl\":\"https:\\\/\\\/calmondivulgacoes.com.br\\\/wp-content\\\/uploads\\\/2026\\\/04\\\/candieiro2.png\",\"datePublished\":\"2026-04-17T00:59:13+00:00\",\"dateModified\":\"2026-04-18T18:50:57+00:00\",\"breadcrumb\":{\"@id\":\"https:\\\/\\\/calmondivulgacoes.com.br\\\/festa-do-candeeiro\\\/#breadcrumb\"},\"inLanguage\":\"en-US\",\"potentialAction\":[{\"@type\":\"ReadAction\",\"target\":[\"https:\\\/\\\/calmondivulgacoes.com.br\\\/festa-do-candeeiro\\\/\"]}]},{\"@type\":\"ImageObject\",\"inLanguage\":\"en-US\",\"@id\":\"https:\\\/\\\/calmondivulgacoes.com.br\\\/festa-do-candeeiro\\\/#primaryimage\",\"url\":\"https:\\\/\\\/calmondivulgacoes.com.br\\\/wp-content\\\/uploads\\\/2026\\\/04\\\/candieiro2.png\",\"contentUrl\":\"https:\\\/\\\/calmondivulgacoes.com.br\\\/wp-content\\\/uploads\\\/2026\\\/04\\\/candieiro2.png\",\"width\":661,\"height\":441},{\"@type\":\"BreadcrumbList\",\"@id\":\"https:\\\/\\\/calmondivulgacoes.com.br\\\/festa-do-candeeiro\\\/#breadcrumb\",\"itemListElement\":[{\"@type\":\"ListItem\",\"position\":1,\"name\":\"In\u00edcio\",\"item\":\"https:\\\/\\\/calmondivulgacoes.com.br\\\/\"},{\"@type\":\"ListItem\",\"position\":2,\"name\":\"Festa do Candeeiro \u00e9 destaque em entrevista com M\u00e1rcia Barbosa e Silvana Pereira na R\u00e1dio Canabrava\"}]},{\"@type\":\"WebSite\",\"@id\":\"https:\\\/\\\/calmondivulgacoes.com.br\\\/#website\",\"url\":\"https:\\\/\\\/calmondivulgacoes.com.br\\\/\",\"name\":\"Calmon Divulga\u00e7\u00f5es\",\"description\":\"e Not\u00edcias\",\"publisher\":{\"@id\":\"https:\\\/\\\/calmondivulgacoes.com.br\\\/#organization\"},\"potentialAction\":[{\"@type\":\"SearchAction\",\"target\":{\"@type\":\"EntryPoint\",\"urlTemplate\":\"https:\\\/\\\/calmondivulgacoes.com.br\\\/?s={search_term_string}\"},\"query-input\":{\"@type\":\"PropertyValueSpecification\",\"valueRequired\":true,\"valueName\":\"search_term_string\"}}],\"inLanguage\":\"en-US\"},{\"@type\":\"Organization\",\"@id\":\"https:\\\/\\\/calmondivulgacoes.com.br\\\/#organization\",\"name\":\"Calmon Divulga\u00e7\u00f5es\",\"url\":\"https:\\\/\\\/calmondivulgacoes.com.br\\\/\",\"logo\":{\"@type\":\"ImageObject\",\"inLanguage\":\"en-US\",\"@id\":\"https:\\\/\\\/calmondivulgacoes.com.br\\\/#\\\/schema\\\/logo\\\/image\\\/\",\"url\":\"https:\\\/\\\/calmondivulgacoes.com.br\\\/wp-content\\\/uploads\\\/2026\\\/04\\\/cropped-WhatsApp_Image_2025-12-02_at_20.44.08-removebg-preview.png\",\"contentUrl\":\"https:\\\/\\\/calmondivulgacoes.com.br\\\/wp-content\\\/uploads\\\/2026\\\/04\\\/cropped-WhatsApp_Image_2025-12-02_at_20.44.08-removebg-preview.png\",\"width\":120,\"height\":120,\"caption\":\"Calmon Divulga\u00e7\u00f5es\"},\"image\":{\"@id\":\"https:\\\/\\\/calmondivulgacoes.com.br\\\/#\\\/schema\\\/logo\\\/image\\\/\"},\"sameAs\":[\"https:\\\/\\\/www.facebook.com\\\/calmondivulgacoes\",\"https:\\\/\\\/www.instagram.com\\\/calmondivulgacoes\\\/\"]},{\"@type\":\"Person\",\"@id\":\"https:\\\/\\\/calmondivulgacoes.com.br\\\/#\\\/schema\\\/person\\\/f51b6a75a3e31b01ea8f6fea23fc01fa\",\"name\":\"Calmon Divulga\u00e7\u00f5es\",\"image\":{\"@type\":\"ImageObject\",\"inLanguage\":\"en-US\",\"@id\":\"https:\\\/\\\/calmondivulgacoes.com.br\\\/wp-content\\\/litespeed\\\/avatar\\\/70d8f8af3b6e7945511481b97d22e67c.jpg?ver=1777223803\",\"url\":\"https:\\\/\\\/calmondivulgacoes.com.br\\\/wp-content\\\/litespeed\\\/avatar\\\/70d8f8af3b6e7945511481b97d22e67c.jpg?ver=1777223803\",\"contentUrl\":\"https:\\\/\\\/calmondivulgacoes.com.br\\\/wp-content\\\/litespeed\\\/avatar\\\/70d8f8af3b6e7945511481b97d22e67c.jpg?ver=1777223803\",\"caption\":\"Calmon Divulga\u00e7\u00f5es\"},\"sameAs\":[\"http:\\\/\\\/calmondivulgacoes.com.br\"],\"url\":\"https:\\\/\\\/calmondivulgacoes.com.br\\\/en\\\/autor\\\/calmondivulgacoesgmail-com\\\/\"}]}<\/script>\n<!-- \/ Yoast SEO plugin. -->","yoast_head_json":{"title":"Festa do Candeeiro \u00e9 destaque em entrevista com M\u00e1rcia Barbosa e Silvana Pereira na R\u00e1dio Canabrava - Calmon Divulga\u00e7\u00f5es","robots":{"index":"index","follow":"follow","max-snippet":"max-snippet:-1","max-image-preview":"max-image-preview:large","max-video-preview":"max-video-preview:-1"},"canonical":"https:\/\/calmondivulgacoes.com.br\/en\/festa-do-candeeiro\/","og_locale":"en_US","og_type":"article","og_title":"Festa do Candeeiro \u00e9 destaque em entrevista com M\u00e1rcia Barbosa e Silvana Pereira na R\u00e1dio Canabrava - Calmon Divulga\u00e7\u00f5es","og_description":"No dia 18\/04\/26 ir\u00e1 acontecer a 3\u00aa edi\u00e7\u00e3o da festa do candeeiro. Em participa\u00e7\u00e3o na R\u00e1dio Comunit\u00e1ria Canabrava FM 87,9, M\u00e1rcia Barbosa e Silvana Pereira falaram sobre os preparativos para a tradicional Festa do Candeeiro, que ser\u00e1 realizada no povoado do Murici, em Miguel Calmon. Durante a entrevista, os apresentadores William Sales e M\u00e1rio Augusto [&hellip;]","og_url":"https:\/\/calmondivulgacoes.com.br\/en\/festa-do-candeeiro\/","og_site_name":"Calmon Divulga\u00e7\u00f5es","article_publisher":"https:\/\/www.facebook.com\/calmondivulgacoes","article_published_time":"2026-04-17T00:59:13+00:00","article_modified_time":"2026-04-18T18:50:57+00:00","og_image":[{"width":661,"height":441,"url":"https:\/\/calmondivulgacoes.com.br\/wp-content\/uploads\/2026\/04\/candieiro2.png","type":"image\/png"}],"author":"Calmon Divulga\u00e7\u00f5es","twitter_card":"summary_large_image","twitter_misc":{"Written by":"Calmon Divulga\u00e7\u00f5es","Est. reading time":"3 minutes"},"schema":{"@context":"https:\/\/schema.org","@graph":[{"@type":"Article","@id":"https:\/\/calmondivulgacoes.com.br\/festa-do-candeeiro\/#article","isPartOf":{"@id":"https:\/\/calmondivulgacoes.com.br\/festa-do-candeeiro\/"},"author":{"name":"Calmon Divulga\u00e7\u00f5es","@id":"https:\/\/calmondivulgacoes.com.br\/#\/schema\/person\/f51b6a75a3e31b01ea8f6fea23fc01fa"},"headline":"Festa do Candeeiro \u00e9 destaque em entrevista com M\u00e1rcia Barbosa e Silvana Pereira na R\u00e1dio Canabrava","datePublished":"2026-04-17T00:59:13+00:00","dateModified":"2026-04-18T18:50:57+00:00","mainEntityOfPage":{"@id":"https:\/\/calmondivulgacoes.com.br\/festa-do-candeeiro\/"},"wordCount":303,"publisher":{"@id":"https:\/\/calmondivulgacoes.com.br\/#organization"},"image":{"@id":"https:\/\/calmondivulgacoes.com.br\/festa-do-candeeiro\/#primaryimage"},"thumbnailUrl":"https:\/\/calmondivulgacoes.com.br\/wp-content\/uploads\/2026\/04\/candieiro2.png","articleSection":["Miguel Calmon"],"inLanguage":"en-US"},{"@type":"WebPage","@id":"https:\/\/calmondivulgacoes.com.br\/festa-do-candeeiro\/","url":"https:\/\/calmondivulgacoes.com.br\/festa-do-candeeiro\/","name":"Festa do Candeeiro \u00e9 destaque em entrevista com M\u00e1rcia Barbosa e Silvana Pereira na R\u00e1dio Canabrava - Calmon Divulga\u00e7\u00f5es","isPartOf":{"@id":"https:\/\/calmondivulgacoes.com.br\/#website"},"primaryImageOfPage":{"@id":"https:\/\/calmondivulgacoes.com.br\/festa-do-candeeiro\/#primaryimage"},"image":{"@id":"https:\/\/calmondivulgacoes.com.br\/festa-do-candeeiro\/#primaryimage"},"thumbnailUrl":"https:\/\/calmondivulgacoes.com.br\/wp-content\/uploads\/2026\/04\/candieiro2.png","datePublished":"2026-04-17T00:59:13+00:00","dateModified":"2026-04-18T18:50:57+00:00","breadcrumb":{"@id":"https:\/\/calmondivulgacoes.com.br\/festa-do-candeeiro\/#breadcrumb"},"inLanguage":"en-US","potentialAction":[{"@type":"ReadAction","target":["https:\/\/calmondivulgacoes.com.br\/festa-do-candeeiro\/"]}]},{"@type":"ImageObject","inLanguage":"en-US","@id":"https:\/\/calmondivulgacoes.com.br\/festa-do-candeeiro\/#primaryimage","url":"https:\/\/calmondivulgacoes.com.br\/wp-content\/uploads\/2026\/04\/candieiro2.png","contentUrl":"https:\/\/calmondivulgacoes.com.br\/wp-content\/uploads\/2026\/04\/candieiro2.png","width":661,"height":441},{"@type":"BreadcrumbList","@id":"https:\/\/calmondivulgacoes.com.br\/festa-do-candeeiro\/#breadcrumb","itemListElement":[{"@type":"ListItem","position":1,"name":"In\u00edcio","item":"https:\/\/calmondivulgacoes.com.br\/"},{"@type":"ListItem","position":2,"name":"Festa do Candeeiro \u00e9 destaque em entrevista com M\u00e1rcia Barbosa e Silvana Pereira na R\u00e1dio Canabrava"}]},{"@type":"WebSite","@id":"https:\/\/calmondivulgacoes.com.br\/#website","url":"https:\/\/calmondivulgacoes.com.br\/","name":"Calmon Divulga\u00e7\u00f5es","description":"e Not\u00edcias","publisher":{"@id":"https:\/\/calmondivulgacoes.com.br\/#organization"},"potentialAction":[{"@type":"SearchAction","target":{"@type":"EntryPoint","urlTemplate":"https:\/\/calmondivulgacoes.com.br\/?s={search_term_string}"},"query-input":{"@type":"PropertyValueSpecification","valueRequired":true,"valueName":"search_term_string"}}],"inLanguage":"en-US"},{"@type":"Organization","@id":"https:\/\/calmondivulgacoes.com.br\/#organization","name":"Calmon Divulga\u00e7\u00f5es","url":"https:\/\/calmondivulgacoes.com.br\/","logo":{"@type":"ImageObject","inLanguage":"en-US","@id":"https:\/\/calmondivulgacoes.com.br\/#\/schema\/logo\/image\/","url":"https:\/\/calmondivulgacoes.com.br\/wp-content\/uploads\/2026\/04\/cropped-WhatsApp_Image_2025-12-02_at_20.44.08-removebg-preview.png","contentUrl":"https:\/\/calmondivulgacoes.com.br\/wp-content\/uploads\/2026\/04\/cropped-WhatsApp_Image_2025-12-02_at_20.44.08-removebg-preview.png","width":120,"height":120,"caption":"Calmon Divulga\u00e7\u00f5es"},"image":{"@id":"https:\/\/calmondivulgacoes.com.br\/#\/schema\/logo\/image\/"},"sameAs":["https:\/\/www.facebook.com\/calmondivulgacoes","https:\/\/www.instagram.com\/calmondivulgacoes\/"]},{"@type":"Person","@id":"https:\/\/calmondivulgacoes.com.br\/#\/schema\/person\/f51b6a75a3e31b01ea8f6fea23fc01fa","name":"Calmon Divulga\u00e7\u00f5es","image":{"@type":"ImageObject","inLanguage":"en-US","@id":"https:\/\/calmondivulgacoes.com.br\/wp-content\/litespeed\/avatar\/70d8f8af3b6e7945511481b97d22e67c.jpg?ver=1777223803","url":"https:\/\/calmondivulgacoes.com.br\/wp-content\/litespeed\/avatar\/70d8f8af3b6e7945511481b97d22e67c.jpg?ver=1777223803","contentUrl":"https:\/\/calmondivulgacoes.com.br\/wp-content\/litespeed\/avatar\/70d8f8af3b6e7945511481b97d22e67c.jpg?ver=1777223803","caption":"Calmon Divulga\u00e7\u00f5es"},"sameAs":["http:\/\/calmondivulgacoes.com.br"],"url":"https:\/\/calmondivulgacoes.com.br\/en\/autor\/calmondivulgacoesgmail-com\/"}]}},"uagb_featured_image_src":{"full":["https:\/\/calmondivulgacoes.com.br\/wp-content\/uploads\/2026\/04\/candieiro2.png",661,441,false],"thumbnail":["https:\/\/calmondivulgacoes.com.br\/wp-content\/uploads\/2026\/04\/candieiro2-150x100.png",150,100,true],"medium":["https:\/\/calmondivulgacoes.com.br\/wp-content\/uploads\/2026\/04\/candieiro2-300x200.png",300,200,true],"medium_large":["https:\/\/calmondivulgacoes.com.br\/wp-content\/uploads\/2026\/04\/candieiro2.png",640,427,false],"large":["https:\/\/calmondivulgacoes.com.br\/wp-content\/uploads\/2026\/04\/candieiro2.png",640,427,false],"1536x1536":["https:\/\/calmondivulgacoes.com.br\/wp-content\/uploads\/2026\/04\/candieiro2.png",661,441,false],"2048x2048":["https:\/\/calmondivulgacoes.com.br\/wp-content\/uploads\/2026\/04\/candieiro2.png",661,441,false],"trp-custom-language-flag":["https:\/\/calmondivulgacoes.com.br\/wp-content\/uploads\/2026\/04\/candieiro2.png",18,12,false],"cvmm-medium":["https:\/\/calmondivulgacoes.com.br\/wp-content\/uploads\/2026\/04\/candieiro2-300x300.png",300,300,true],"cvmm-medium-plus":["https:\/\/calmondivulgacoes.com.br\/wp-content\/uploads\/2026\/04\/candieiro2-305x207.png",305,207,true],"cvmm-portrait":["https:\/\/calmondivulgacoes.com.br\/wp-content\/uploads\/2026\/04\/candieiro2-400x441.png",400,441,true],"cvmm-medium-square":["https:\/\/calmondivulgacoes.com.br\/wp-content\/uploads\/2026\/04\/candieiro2-600x441.png",600,441,true],"cvmm-large":["https:\/\/calmondivulgacoes.com.br\/wp-content\/uploads\/2026\/04\/candieiro2.png",661,441,false],"cvmm-small":["https:\/\/calmondivulgacoes.com.br\/wp-content\/uploads\/2026\/04\/candieiro2-130x95.png",130,95,true]},"uagb_author_info":{"display_name":"Calmon Divulga\u00e7\u00f5es","author_link":"https:\/\/calmondivulgacoes.com.br\/en\/autor\/calmondivulgacoesgmail-com\/"},"uagb_comment_info":0,"uagb_excerpt":"No dia 18\/04\/26 ir\u00e1 acontecer a 3\u00aa edi\u00e7\u00e3o da festa do candeeiro. Em participa\u00e7\u00e3o na R\u00e1dio Comunit\u00e1ria Canabrava FM 87,9, M\u00e1rcia Barbosa e Silvana Pereira falaram sobre os preparativos para a tradicional Festa do Candeeiro, que ser\u00e1 realizada no povoado do Murici, em Miguel Calmon. Durante a entrevista, os apresentadores William Sales e M\u00e1rio Augusto&hellip;","blog_post_layout_featured_media_urls":{"thumbnail":["https:\/\/calmondivulgacoes.com.br\/wp-content\/uploads\/2026\/04\/candieiro2-150x100.png",150,100,true],"full":["https:\/\/calmondivulgacoes.com.br\/wp-content\/uploads\/2026\/04\/candieiro2.png",661,441,false]},"categories_names":{"40":{"name":"Miguel Calmon","link":"https:\/\/calmondivulgacoes.com.br\/en\/category\/miguel-calmon\/"}},"tags_names":[],"comments_number":"0","wpmagazine_modules_lite_featured_media_urls":{"thumbnail":["https:\/\/calmondivulgacoes.com.br\/wp-content\/uploads\/2026\/04\/candieiro2-150x100.png",150,100,true],"cvmm-medium":["https:\/\/calmondivulgacoes.com.br\/wp-content\/uploads\/2026\/04\/candieiro2-300x300.png",300,300,true],"cvmm-medium-plus":["https:\/\/calmondivulgacoes.com.br\/wp-content\/uploads\/2026\/04\/candieiro2-305x207.png",305,207,true],"cvmm-portrait":["https:\/\/calmondivulgacoes.com.br\/wp-content\/uploads\/2026\/04\/candieiro2-400x441.png",400,441,true],"cvmm-medium-square":["https:\/\/calmondivulgacoes.com.br\/wp-content\/uploads\/2026\/04\/candieiro2-600x441.png",600,441,true],"cvmm-large":["https:\/\/calmondivulgacoes.com.br\/wp-content\/uploads\/2026\/04\/candieiro2.png",661,441,false],"cvmm-small":["https:\/\/calmondivulgacoes.com.br\/wp-content\/uploads\/2026\/04\/candieiro2-130x95.png",130,95,true],"full":["https:\/\/calmondivulgacoes.com.br\/wp-content\/uploads\/2026\/04\/candieiro2.png",661,441,false]},"_links":{"self":[{"href":"https:\/\/calmondivulgacoes.com.br\/en\/wp-json\/wp\/v2\/posts\/3177","targetHints":{"allow":["GET"]}}],"collection":[{"href":"https:\/\/calmondivulgacoes.com.br\/en\/wp-json\/wp\/v2\/posts"}],"about":[{"href":"https:\/\/calmondivulgacoes.com.br\/en\/wp-json\/wp\/v2\/types\/post"}],"author":[{"embeddable":true,"href":"https:\/\/calmondivulgacoes.com.br\/en\/wp-json\/wp\/v2\/users\/1"}],"replies":[{"embeddable":true,"href":"https:\/\/calmondivulgacoes.com.br\/en\/wp-json\/wp\/v2\/comments?post=3177"}],"version-history":[{"count":2,"href":"https:\/\/calmondivulgacoes.com.br\/en\/wp-json\/wp\/v2\/posts\/3177\/revisions"}],"predecessor-version":[{"id":3221,"href":"https:\/\/calmondivulgacoes.com.br\/en\/wp-json\/wp\/v2\/posts\/3177\/revisions\/3221"}],"wp:featuredmedia":[{"embeddable":true,"href":"https:\/\/calmondivulgacoes.com.br\/en\/wp-json\/wp\/v2\/media\/3180"}],"wp:attachment":[{"href":"https:\/\/calmondivulgacoes.com.br\/en\/wp-json\/wp\/v2\/media?parent=3177"}],"wp:term":[{"taxonomy":"category","embeddable":true,"href":"https:\/\/calmondivulgacoes.com.br\/en\/wp-json\/wp\/v2\/categories?post=3177"},{"taxonomy":"post_tag","embeddable":true,"href":"https:\/\/calmondivulgacoes.com.br\/en\/wp-json\/wp\/v2\/tags?post=3177"}],"curies":[{"name":"wp","href":"https:\/\/api.w.org\/{rel}","templated":true}]}}