{"id":3066,"date":"2026-04-14T16:00:21","date_gmt":"2026-04-14T19:00:21","guid":{"rendered":"https:\/\/calmondivulgacoes.com.br\/?p=3066"},"modified":"2026-04-14T16:02:14","modified_gmt":"2026-04-14T19:02:14","slug":"miguel-calmon-concede-reajuste","status":"publish","type":"post","link":"https:\/\/calmondivulgacoes.com.br\/en\/miguel-calmon-concede-reajuste\/","title":{"rendered":"Miguel Calmon concede reajuste de 3,81% a servidores do Legislativo e vereadores"},"content":{"rendered":"<p>A Prefeitura de Miguel Calmon sancionou a Lei n\u00ba 809\/2026, que autoriza a revis\u00e3o geral anual dos vencimentos dos servidores do Poder Legislativo municipal, al\u00e9m dos subs\u00eddios dos vereadores e do presidente da C\u00e2mara. <\/p>\n\n\n\n<p>O reajuste estabelecido \u00e9 de 3,81%, com base na recomposi\u00e7\u00e3o inflacion\u00e1ria medida pelo \u00cdndice de Pre\u00e7os ao Consumidor Amplo (IPCA) acumulado nos \u00faltimos 12 meses at\u00e9 fevereiro de 2026.<\/p>\n\n\n\n<p>De acordo com o texto da lei, a revis\u00e3o tem car\u00e1ter exclusivamente inflacion\u00e1rio, n\u00e3o representando aumento real de sal\u00e1rio. A legisla\u00e7\u00e3o tamb\u00e9m destaca que n\u00e3o haver\u00e1 pagamento retroativo referente a perdas inflacion\u00e1rias, seguindo orienta\u00e7\u00f5es do Tribunal de Contas dos Munic\u00edpios da Bahia (TCM-BA).<\/p>\n\n\n\n<p>Com a atualiza\u00e7\u00e3o, os vencimentos dos cargos efetivos e comissionados do Legislativo municipal passam a ter novos valores. Entre eles, o cargo de gerente administrativo e fun\u00e7\u00f5es como diretor de secretaria, controlador interno e gerente cont\u00e1bil ter\u00e3o remunera\u00e7\u00e3o fixada em R$ 4.378,93. J\u00e1 cargos como assessor parlamentar e auxiliar de controladoria passam a receber R$ 2.494,55.<\/p>\n\n\n\n<p>No caso dos vereadores, o subs\u00eddio foi reajustado de R$ 8.320,00 para R$ 8.637,20 ap\u00f3s a aplica\u00e7\u00e3o do \u00edndice.<\/p>\n\n\n\n<p>A lei foi sancionada pelo prefeito Marinaldo Sampaio de Souza Filho no dia 7 de abril de 2026 e entrou em vigor na data de sua publica\u00e7\u00e3o oficial.<\/p>\n\n\n\n<p>Segundo a gest\u00e3o municipal, a medida respeita os limites or\u00e7ament\u00e1rios e financeiros do munic\u00edpio, garantindo a reposi\u00e7\u00e3o das perdas inflacion\u00e1rias sem comprometer o equil\u00edbrio fiscal.<\/p>\n\n\n\n<figure class=\"wp-block-image size-full\"><img fetchpriority=\"high\" decoding=\"async\" width=\"809\" height=\"619\" src=\"https:\/\/calmondivulgacoes.com.br\/wp-content\/uploads\/2026\/04\/verea1.png\" alt=\"\" class=\"wp-image-3067\" srcset=\"https:\/\/calmondivulgacoes.com.br\/wp-content\/uploads\/2026\/04\/verea1.png 809w, https:\/\/calmondivulgacoes.com.br\/wp-content\/uploads\/2026\/04\/verea1-300x230.png 300w, https:\/\/calmondivulgacoes.com.br\/wp-content\/uploads\/2026\/04\/verea1-150x115.png 150w, https:\/\/calmondivulgacoes.com.br\/wp-content\/uploads\/2026\/04\/verea1-768x588.png 768w\" sizes=\"(max-width: 809px) 100vw, 809px\" \/><\/figure>\n\n\n\n<figure class=\"wp-block-image size-full\"><img decoding=\"async\" width=\"461\" height=\"637\" src=\"https:\/\/calmondivulgacoes.com.br\/wp-content\/uploads\/2026\/04\/verea2.png\" alt=\"\" class=\"wp-image-3068\" srcset=\"https:\/\/calmondivulgacoes.com.br\/wp-content\/uploads\/2026\/04\/verea2.png 461w, https:\/\/calmondivulgacoes.com.br\/wp-content\/uploads\/2026\/04\/verea2-217x300.png 217w, https:\/\/calmondivulgacoes.com.br\/wp-content\/uploads\/2026\/04\/verea2-109x150.png 109w\" sizes=\"(max-width: 461px) 100vw, 461px\" \/><\/figure>\n\n\n\n<figure class=\"wp-block-image size-large\"><img decoding=\"async\" width=\"1024\" height=\"107\" src=\"https:\/\/calmondivulgacoes.com.br\/wp-content\/uploads\/2026\/04\/Design-sem-nome-2-1024x107.png\" alt=\"\" class=\"wp-image-3069\" srcset=\"https:\/\/calmondivulgacoes.com.br\/wp-content\/uploads\/2026\/04\/Design-sem-nome-2-1024x107.png 1024w, https:\/\/calmondivulgacoes.com.br\/wp-content\/uploads\/2026\/04\/Design-sem-nome-2-300x31.png 300w, https:\/\/calmondivulgacoes.com.br\/wp-content\/uploads\/2026\/04\/Design-sem-nome-2-150x16.png 150w, https:\/\/calmondivulgacoes.com.br\/wp-content\/uploads\/2026\/04\/Design-sem-nome-2-768x80.png 768w, https:\/\/calmondivulgacoes.com.br\/wp-content\/uploads\/2026\/04\/Design-sem-nome-2-1536x160.png 1536w, https:\/\/calmondivulgacoes.com.br\/wp-content\/uploads\/2026\/04\/Design-sem-nome-2.png 1920w\" sizes=\"(max-width: 1024px) 100vw, 1024px\" \/><\/figure>","protected":false},"excerpt":{"rendered":"<p>A Prefeitura de Miguel Calmon sancionou a Lei n\u00ba 809\/2026, que autoriza a revis\u00e3o geral anual dos vencimentos dos servidores do Poder Legislativo municipal, al\u00e9m dos subs\u00eddios dos vereadores e do presidente da C\u00e2mara. O reajuste estabelecido \u00e9 de 3,81%, com base na recomposi\u00e7\u00e3o inflacion\u00e1ria medida pelo \u00cdndice de Pre\u00e7os ao Consumidor Amplo (IPCA) acumulado [&hellip;]<\/p>\n","protected":false},"author":1,"featured_media":3070,"comment_status":"closed","ping_status":"closed","sticky":false,"template":"","format":"standard","meta":{"_uag_custom_page_level_css":"","_monsterinsights_skip_tracking":false,"_monsterinsights_sitenote_active":false,"_monsterinsights_sitenote_note":"","_monsterinsights_sitenote_category":0,"maa_idioma":"","maa_pais":"","footnotes":""},"categories":[40],"tags":[],"class_list":["post-3066","post","type-post","status-publish","format-standard","has-post-thumbnail","hentry","category-miguel-calmon"],"yoast_head":"<!-- This site is optimized with the Yoast SEO plugin v27.4 - https:\/\/yoast.com\/product\/yoast-seo-wordpress\/ -->\n<title>Miguel Calmon concede reajuste de 3,81% a servidores do Legislativo e vereadores - Calmon Divulga\u00e7\u00f5es<\/title>\n<meta name=\"robots\" content=\"index, follow, max-snippet:-1, max-image-preview:large, max-video-preview:-1\" \/>\n<link rel=\"canonical\" href=\"https:\/\/calmondivulgacoes.com.br\/en\/miguel-calmon-concede-reajuste\/\" \/>\n<meta property=\"og:locale\" content=\"en_US\" \/>\n<meta property=\"og:type\" content=\"article\" \/>\n<meta property=\"og:title\" content=\"Miguel Calmon concede reajuste de 3,81% a servidores do Legislativo e vereadores - Calmon Divulga\u00e7\u00f5es\" \/>\n<meta property=\"og:description\" content=\"A Prefeitura de Miguel Calmon sancionou a Lei n\u00ba 809\/2026, que autoriza a revis\u00e3o geral anual dos vencimentos dos servidores do Poder Legislativo municipal, al\u00e9m dos subs\u00eddios dos vereadores e do presidente da C\u00e2mara. O reajuste estabelecido \u00e9 de 3,81%, com base na recomposi\u00e7\u00e3o inflacion\u00e1ria medida pelo \u00cdndice de Pre\u00e7os ao Consumidor Amplo (IPCA) acumulado [&hellip;]\" \/>\n<meta property=\"og:url\" content=\"https:\/\/calmondivulgacoes.com.br\/en\/miguel-calmon-concede-reajuste\/\" \/>\n<meta property=\"og:site_name\" content=\"Calmon Divulga\u00e7\u00f5es\" \/>\n<meta property=\"article:publisher\" content=\"https:\/\/www.facebook.com\/calmondivulgacoes\" \/>\n<meta property=\"article:published_time\" content=\"2026-04-14T19:00:21+00:00\" \/>\n<meta property=\"article:modified_time\" content=\"2026-04-14T19:02:14+00:00\" \/>\n<meta property=\"og:image\" content=\"https:\/\/calmondivulgacoes.com.br\/wp-content\/uploads\/2026\/04\/verea1-1.png\" \/>\n\t<meta property=\"og:image:width\" content=\"809\" \/>\n\t<meta property=\"og:image:height\" content=\"619\" \/>\n\t<meta property=\"og:image:type\" content=\"image\/png\" \/>\n<meta name=\"author\" content=\"Calmon Divulga\u00e7\u00f5es\" \/>\n<meta name=\"twitter:card\" content=\"summary_large_image\" \/>\n<meta name=\"twitter:label1\" content=\"Written by\" \/>\n\t<meta name=\"twitter:data1\" content=\"Calmon Divulga\u00e7\u00f5es\" \/>\n\t<meta name=\"twitter:label2\" content=\"Est. reading time\" \/>\n\t<meta name=\"twitter:data2\" content=\"3 minutes\" \/>\n<script type=\"application\/ld+json\" class=\"yoast-schema-graph\">{\"@context\":\"https:\\\/\\\/schema.org\",\"@graph\":[{\"@type\":\"Article\",\"@id\":\"https:\\\/\\\/calmondivulgacoes.com.br\\\/miguel-calmon-concede-reajuste\\\/#article\",\"isPartOf\":{\"@id\":\"https:\\\/\\\/calmondivulgacoes.com.br\\\/miguel-calmon-concede-reajuste\\\/\"},\"author\":{\"name\":\"Calmon Divulga\u00e7\u00f5es\",\"@id\":\"https:\\\/\\\/calmondivulgacoes.com.br\\\/#\\\/schema\\\/person\\\/f51b6a75a3e31b01ea8f6fea23fc01fa\"},\"headline\":\"Miguel Calmon concede reajuste de 3,81% a servidores do Legislativo e vereadores\",\"datePublished\":\"2026-04-14T19:00:21+00:00\",\"dateModified\":\"2026-04-14T19:02:14+00:00\",\"mainEntityOfPage\":{\"@id\":\"https:\\\/\\\/calmondivulgacoes.com.br\\\/miguel-calmon-concede-reajuste\\\/\"},\"wordCount\":268,\"publisher\":{\"@id\":\"https:\\\/\\\/calmondivulgacoes.com.br\\\/#organization\"},\"image\":{\"@id\":\"https:\\\/\\\/calmondivulgacoes.com.br\\\/miguel-calmon-concede-reajuste\\\/#primaryimage\"},\"thumbnailUrl\":\"https:\\\/\\\/calmondivulgacoes.com.br\\\/wp-content\\\/uploads\\\/2026\\\/04\\\/verea1-1.png\",\"articleSection\":[\"Miguel Calmon\"],\"inLanguage\":\"en-US\"},{\"@type\":\"WebPage\",\"@id\":\"https:\\\/\\\/calmondivulgacoes.com.br\\\/miguel-calmon-concede-reajuste\\\/\",\"url\":\"https:\\\/\\\/calmondivulgacoes.com.br\\\/miguel-calmon-concede-reajuste\\\/\",\"name\":\"Miguel Calmon concede reajuste de 3,81% a servidores do Legislativo e vereadores - Calmon Divulga\u00e7\u00f5es\",\"isPartOf\":{\"@id\":\"https:\\\/\\\/calmondivulgacoes.com.br\\\/#website\"},\"primaryImageOfPage\":{\"@id\":\"https:\\\/\\\/calmondivulgacoes.com.br\\\/miguel-calmon-concede-reajuste\\\/#primaryimage\"},\"image\":{\"@id\":\"https:\\\/\\\/calmondivulgacoes.com.br\\\/miguel-calmon-concede-reajuste\\\/#primaryimage\"},\"thumbnailUrl\":\"https:\\\/\\\/calmondivulgacoes.com.br\\\/wp-content\\\/uploads\\\/2026\\\/04\\\/verea1-1.png\",\"datePublished\":\"2026-04-14T19:00:21+00:00\",\"dateModified\":\"2026-04-14T19:02:14+00:00\",\"breadcrumb\":{\"@id\":\"https:\\\/\\\/calmondivulgacoes.com.br\\\/miguel-calmon-concede-reajuste\\\/#breadcrumb\"},\"inLanguage\":\"en-US\",\"potentialAction\":[{\"@type\":\"ReadAction\",\"target\":[\"https:\\\/\\\/calmondivulgacoes.com.br\\\/miguel-calmon-concede-reajuste\\\/\"]}]},{\"@type\":\"ImageObject\",\"inLanguage\":\"en-US\",\"@id\":\"https:\\\/\\\/calmondivulgacoes.com.br\\\/miguel-calmon-concede-reajuste\\\/#primaryimage\",\"url\":\"https:\\\/\\\/calmondivulgacoes.com.br\\\/wp-content\\\/uploads\\\/2026\\\/04\\\/verea1-1.png\",\"contentUrl\":\"https:\\\/\\\/calmondivulgacoes.com.br\\\/wp-content\\\/uploads\\\/2026\\\/04\\\/verea1-1.png\",\"width\":809,\"height\":619},{\"@type\":\"BreadcrumbList\",\"@id\":\"https:\\\/\\\/calmondivulgacoes.com.br\\\/miguel-calmon-concede-reajuste\\\/#breadcrumb\",\"itemListElement\":[{\"@type\":\"ListItem\",\"position\":1,\"name\":\"In\u00edcio\",\"item\":\"https:\\\/\\\/calmondivulgacoes.com.br\\\/\"},{\"@type\":\"ListItem\",\"position\":2,\"name\":\"Miguel Calmon concede reajuste de 3,81% a servidores do Legislativo e vereadores\"}]},{\"@type\":\"WebSite\",\"@id\":\"https:\\\/\\\/calmondivulgacoes.com.br\\\/#website\",\"url\":\"https:\\\/\\\/calmondivulgacoes.com.br\\\/\",\"name\":\"Calmon Divulga\u00e7\u00f5es\",\"description\":\"e Not\u00edcias\",\"publisher\":{\"@id\":\"https:\\\/\\\/calmondivulgacoes.com.br\\\/#organization\"},\"potentialAction\":[{\"@type\":\"SearchAction\",\"target\":{\"@type\":\"EntryPoint\",\"urlTemplate\":\"https:\\\/\\\/calmondivulgacoes.com.br\\\/?s={search_term_string}\"},\"query-input\":{\"@type\":\"PropertyValueSpecification\",\"valueRequired\":true,\"valueName\":\"search_term_string\"}}],\"inLanguage\":\"en-US\"},{\"@type\":\"Organization\",\"@id\":\"https:\\\/\\\/calmondivulgacoes.com.br\\\/#organization\",\"name\":\"Calmon Divulga\u00e7\u00f5es\",\"url\":\"https:\\\/\\\/calmondivulgacoes.com.br\\\/\",\"logo\":{\"@type\":\"ImageObject\",\"inLanguage\":\"en-US\",\"@id\":\"https:\\\/\\\/calmondivulgacoes.com.br\\\/#\\\/schema\\\/logo\\\/image\\\/\",\"url\":\"https:\\\/\\\/calmondivulgacoes.com.br\\\/wp-content\\\/uploads\\\/2026\\\/04\\\/cropped-WhatsApp_Image_2025-12-02_at_20.44.08-removebg-preview.png\",\"contentUrl\":\"https:\\\/\\\/calmondivulgacoes.com.br\\\/wp-content\\\/uploads\\\/2026\\\/04\\\/cropped-WhatsApp_Image_2025-12-02_at_20.44.08-removebg-preview.png\",\"width\":120,\"height\":120,\"caption\":\"Calmon Divulga\u00e7\u00f5es\"},\"image\":{\"@id\":\"https:\\\/\\\/calmondivulgacoes.com.br\\\/#\\\/schema\\\/logo\\\/image\\\/\"},\"sameAs\":[\"https:\\\/\\\/www.facebook.com\\\/calmondivulgacoes\",\"https:\\\/\\\/www.instagram.com\\\/calmondivulgacoes\\\/\"]},{\"@type\":\"Person\",\"@id\":\"https:\\\/\\\/calmondivulgacoes.com.br\\\/#\\\/schema\\\/person\\\/f51b6a75a3e31b01ea8f6fea23fc01fa\",\"name\":\"Calmon Divulga\u00e7\u00f5es\",\"image\":{\"@type\":\"ImageObject\",\"inLanguage\":\"en-US\",\"@id\":\"https:\\\/\\\/calmondivulgacoes.com.br\\\/wp-content\\\/litespeed\\\/avatar\\\/70d8f8af3b6e7945511481b97d22e67c.jpg?ver=1777223803\",\"url\":\"https:\\\/\\\/calmondivulgacoes.com.br\\\/wp-content\\\/litespeed\\\/avatar\\\/70d8f8af3b6e7945511481b97d22e67c.jpg?ver=1777223803\",\"contentUrl\":\"https:\\\/\\\/calmondivulgacoes.com.br\\\/wp-content\\\/litespeed\\\/avatar\\\/70d8f8af3b6e7945511481b97d22e67c.jpg?ver=1777223803\",\"caption\":\"Calmon Divulga\u00e7\u00f5es\"},\"sameAs\":[\"http:\\\/\\\/calmondivulgacoes.com.br\"],\"url\":\"https:\\\/\\\/calmondivulgacoes.com.br\\\/en\\\/autor\\\/calmondivulgacoesgmail-com\\\/\"}]}<\/script>\n<!-- \/ Yoast SEO plugin. -->","yoast_head_json":{"title":"Miguel Calmon concede reajuste de 3,81% a servidores do Legislativo e vereadores - Calmon Divulga\u00e7\u00f5es","robots":{"index":"index","follow":"follow","max-snippet":"max-snippet:-1","max-image-preview":"max-image-preview:large","max-video-preview":"max-video-preview:-1"},"canonical":"https:\/\/calmondivulgacoes.com.br\/en\/miguel-calmon-concede-reajuste\/","og_locale":"en_US","og_type":"article","og_title":"Miguel Calmon concede reajuste de 3,81% a servidores do Legislativo e vereadores - Calmon Divulga\u00e7\u00f5es","og_description":"A Prefeitura de Miguel Calmon sancionou a Lei n\u00ba 809\/2026, que autoriza a revis\u00e3o geral anual dos vencimentos dos servidores do Poder Legislativo municipal, al\u00e9m dos subs\u00eddios dos vereadores e do presidente da C\u00e2mara. O reajuste estabelecido \u00e9 de 3,81%, com base na recomposi\u00e7\u00e3o inflacion\u00e1ria medida pelo \u00cdndice de Pre\u00e7os ao Consumidor Amplo (IPCA) acumulado [&hellip;]","og_url":"https:\/\/calmondivulgacoes.com.br\/en\/miguel-calmon-concede-reajuste\/","og_site_name":"Calmon Divulga\u00e7\u00f5es","article_publisher":"https:\/\/www.facebook.com\/calmondivulgacoes","article_published_time":"2026-04-14T19:00:21+00:00","article_modified_time":"2026-04-14T19:02:14+00:00","og_image":[{"width":809,"height":619,"url":"https:\/\/calmondivulgacoes.com.br\/wp-content\/uploads\/2026\/04\/verea1-1.png","type":"image\/png"}],"author":"Calmon Divulga\u00e7\u00f5es","twitter_card":"summary_large_image","twitter_misc":{"Written by":"Calmon Divulga\u00e7\u00f5es","Est. reading time":"3 minutes"},"schema":{"@context":"https:\/\/schema.org","@graph":[{"@type":"Article","@id":"https:\/\/calmondivulgacoes.com.br\/miguel-calmon-concede-reajuste\/#article","isPartOf":{"@id":"https:\/\/calmondivulgacoes.com.br\/miguel-calmon-concede-reajuste\/"},"author":{"name":"Calmon Divulga\u00e7\u00f5es","@id":"https:\/\/calmondivulgacoes.com.br\/#\/schema\/person\/f51b6a75a3e31b01ea8f6fea23fc01fa"},"headline":"Miguel Calmon concede reajuste de 3,81% a servidores do Legislativo e vereadores","datePublished":"2026-04-14T19:00:21+00:00","dateModified":"2026-04-14T19:02:14+00:00","mainEntityOfPage":{"@id":"https:\/\/calmondivulgacoes.com.br\/miguel-calmon-concede-reajuste\/"},"wordCount":268,"publisher":{"@id":"https:\/\/calmondivulgacoes.com.br\/#organization"},"image":{"@id":"https:\/\/calmondivulgacoes.com.br\/miguel-calmon-concede-reajuste\/#primaryimage"},"thumbnailUrl":"https:\/\/calmondivulgacoes.com.br\/wp-content\/uploads\/2026\/04\/verea1-1.png","articleSection":["Miguel Calmon"],"inLanguage":"en-US"},{"@type":"WebPage","@id":"https:\/\/calmondivulgacoes.com.br\/miguel-calmon-concede-reajuste\/","url":"https:\/\/calmondivulgacoes.com.br\/miguel-calmon-concede-reajuste\/","name":"Miguel Calmon concede reajuste de 3,81% a servidores do Legislativo e vereadores - Calmon Divulga\u00e7\u00f5es","isPartOf":{"@id":"https:\/\/calmondivulgacoes.com.br\/#website"},"primaryImageOfPage":{"@id":"https:\/\/calmondivulgacoes.com.br\/miguel-calmon-concede-reajuste\/#primaryimage"},"image":{"@id":"https:\/\/calmondivulgacoes.com.br\/miguel-calmon-concede-reajuste\/#primaryimage"},"thumbnailUrl":"https:\/\/calmondivulgacoes.com.br\/wp-content\/uploads\/2026\/04\/verea1-1.png","datePublished":"2026-04-14T19:00:21+00:00","dateModified":"2026-04-14T19:02:14+00:00","breadcrumb":{"@id":"https:\/\/calmondivulgacoes.com.br\/miguel-calmon-concede-reajuste\/#breadcrumb"},"inLanguage":"en-US","potentialAction":[{"@type":"ReadAction","target":["https:\/\/calmondivulgacoes.com.br\/miguel-calmon-concede-reajuste\/"]}]},{"@type":"ImageObject","inLanguage":"en-US","@id":"https:\/\/calmondivulgacoes.com.br\/miguel-calmon-concede-reajuste\/#primaryimage","url":"https:\/\/calmondivulgacoes.com.br\/wp-content\/uploads\/2026\/04\/verea1-1.png","contentUrl":"https:\/\/calmondivulgacoes.com.br\/wp-content\/uploads\/2026\/04\/verea1-1.png","width":809,"height":619},{"@type":"BreadcrumbList","@id":"https:\/\/calmondivulgacoes.com.br\/miguel-calmon-concede-reajuste\/#breadcrumb","itemListElement":[{"@type":"ListItem","position":1,"name":"In\u00edcio","item":"https:\/\/calmondivulgacoes.com.br\/"},{"@type":"ListItem","position":2,"name":"Miguel Calmon concede reajuste de 3,81% a servidores do Legislativo e vereadores"}]},{"@type":"WebSite","@id":"https:\/\/calmondivulgacoes.com.br\/#website","url":"https:\/\/calmondivulgacoes.com.br\/","name":"Calmon Divulga\u00e7\u00f5es","description":"e Not\u00edcias","publisher":{"@id":"https:\/\/calmondivulgacoes.com.br\/#organization"},"potentialAction":[{"@type":"SearchAction","target":{"@type":"EntryPoint","urlTemplate":"https:\/\/calmondivulgacoes.com.br\/?s={search_term_string}"},"query-input":{"@type":"PropertyValueSpecification","valueRequired":true,"valueName":"search_term_string"}}],"inLanguage":"en-US"},{"@type":"Organization","@id":"https:\/\/calmondivulgacoes.com.br\/#organization","name":"Calmon Divulga\u00e7\u00f5es","url":"https:\/\/calmondivulgacoes.com.br\/","logo":{"@type":"ImageObject","inLanguage":"en-US","@id":"https:\/\/calmondivulgacoes.com.br\/#\/schema\/logo\/image\/","url":"https:\/\/calmondivulgacoes.com.br\/wp-content\/uploads\/2026\/04\/cropped-WhatsApp_Image_2025-12-02_at_20.44.08-removebg-preview.png","contentUrl":"https:\/\/calmondivulgacoes.com.br\/wp-content\/uploads\/2026\/04\/cropped-WhatsApp_Image_2025-12-02_at_20.44.08-removebg-preview.png","width":120,"height":120,"caption":"Calmon Divulga\u00e7\u00f5es"},"image":{"@id":"https:\/\/calmondivulgacoes.com.br\/#\/schema\/logo\/image\/"},"sameAs":["https:\/\/www.facebook.com\/calmondivulgacoes","https:\/\/www.instagram.com\/calmondivulgacoes\/"]},{"@type":"Person","@id":"https:\/\/calmondivulgacoes.com.br\/#\/schema\/person\/f51b6a75a3e31b01ea8f6fea23fc01fa","name":"Calmon Divulga\u00e7\u00f5es","image":{"@type":"ImageObject","inLanguage":"en-US","@id":"https:\/\/calmondivulgacoes.com.br\/wp-content\/litespeed\/avatar\/70d8f8af3b6e7945511481b97d22e67c.jpg?ver=1777223803","url":"https:\/\/calmondivulgacoes.com.br\/wp-content\/litespeed\/avatar\/70d8f8af3b6e7945511481b97d22e67c.jpg?ver=1777223803","contentUrl":"https:\/\/calmondivulgacoes.com.br\/wp-content\/litespeed\/avatar\/70d8f8af3b6e7945511481b97d22e67c.jpg?ver=1777223803","caption":"Calmon Divulga\u00e7\u00f5es"},"sameAs":["http:\/\/calmondivulgacoes.com.br"],"url":"https:\/\/calmondivulgacoes.com.br\/en\/autor\/calmondivulgacoesgmail-com\/"}]}},"uagb_featured_image_src":{"full":["https:\/\/calmondivulgacoes.com.br\/wp-content\/uploads\/2026\/04\/verea1-1.png",809,619,false],"thumbnail":["https:\/\/calmondivulgacoes.com.br\/wp-content\/uploads\/2026\/04\/verea1-1-150x115.png",150,115,true],"medium":["https:\/\/calmondivulgacoes.com.br\/wp-content\/uploads\/2026\/04\/verea1-1-300x230.png",300,230,true],"medium_large":["https:\/\/calmondivulgacoes.com.br\/wp-content\/uploads\/2026\/04\/verea1-1-768x588.png",640,490,true],"large":["https:\/\/calmondivulgacoes.com.br\/wp-content\/uploads\/2026\/04\/verea1-1.png",640,490,false],"1536x1536":["https:\/\/calmondivulgacoes.com.br\/wp-content\/uploads\/2026\/04\/verea1-1.png",809,619,false],"2048x2048":["https:\/\/calmondivulgacoes.com.br\/wp-content\/uploads\/2026\/04\/verea1-1.png",809,619,false],"trp-custom-language-flag":["https:\/\/calmondivulgacoes.com.br\/wp-content\/uploads\/2026\/04\/verea1-1.png",16,12,false],"cvmm-medium":["https:\/\/calmondivulgacoes.com.br\/wp-content\/uploads\/2026\/04\/verea1-1-300x300.png",300,300,true],"cvmm-medium-plus":["https:\/\/calmondivulgacoes.com.br\/wp-content\/uploads\/2026\/04\/verea1-1-305x207.png",305,207,true],"cvmm-portrait":["https:\/\/calmondivulgacoes.com.br\/wp-content\/uploads\/2026\/04\/verea1-1-400x600.png",400,600,true],"cvmm-medium-square":["https:\/\/calmondivulgacoes.com.br\/wp-content\/uploads\/2026\/04\/verea1-1-600x600.png",600,600,true],"cvmm-large":["https:\/\/calmondivulgacoes.com.br\/wp-content\/uploads\/2026\/04\/verea1-1.png",809,619,false],"cvmm-small":["https:\/\/calmondivulgacoes.com.br\/wp-content\/uploads\/2026\/04\/verea1-1-130x95.png",130,95,true]},"uagb_author_info":{"display_name":"Calmon Divulga\u00e7\u00f5es","author_link":"https:\/\/calmondivulgacoes.com.br\/en\/autor\/calmondivulgacoesgmail-com\/"},"uagb_comment_info":0,"uagb_excerpt":"A Prefeitura de Miguel Calmon sancionou a Lei n\u00ba 809\/2026, que autoriza a revis\u00e3o geral anual dos vencimentos dos servidores do Poder Legislativo municipal, al\u00e9m dos subs\u00eddios dos vereadores e do presidente da C\u00e2mara. O reajuste estabelecido \u00e9 de 3,81%, com base na recomposi\u00e7\u00e3o inflacion\u00e1ria medida pelo \u00cdndice de Pre\u00e7os ao Consumidor Amplo (IPCA) acumulado&hellip;","blog_post_layout_featured_media_urls":{"thumbnail":["https:\/\/calmondivulgacoes.com.br\/wp-content\/uploads\/2026\/04\/verea1-1-150x115.png",150,115,true],"full":["https:\/\/calmondivulgacoes.com.br\/wp-content\/uploads\/2026\/04\/verea1-1.png",809,619,false]},"categories_names":{"40":{"name":"Miguel Calmon","link":"https:\/\/calmondivulgacoes.com.br\/en\/category\/miguel-calmon\/"}},"tags_names":[],"comments_number":"0","wpmagazine_modules_lite_featured_media_urls":{"thumbnail":["https:\/\/calmondivulgacoes.com.br\/wp-content\/uploads\/2026\/04\/verea1-1-150x115.png",150,115,true],"cvmm-medium":["https:\/\/calmondivulgacoes.com.br\/wp-content\/uploads\/2026\/04\/verea1-1-300x300.png",300,300,true],"cvmm-medium-plus":["https:\/\/calmondivulgacoes.com.br\/wp-content\/uploads\/2026\/04\/verea1-1-305x207.png",305,207,true],"cvmm-portrait":["https:\/\/calmondivulgacoes.com.br\/wp-content\/uploads\/2026\/04\/verea1-1-400x600.png",400,600,true],"cvmm-medium-square":["https:\/\/calmondivulgacoes.com.br\/wp-content\/uploads\/2026\/04\/verea1-1-600x600.png",600,600,true],"cvmm-large":["https:\/\/calmondivulgacoes.com.br\/wp-content\/uploads\/2026\/04\/verea1-1.png",809,619,false],"cvmm-small":["https:\/\/calmondivulgacoes.com.br\/wp-content\/uploads\/2026\/04\/verea1-1-130x95.png",130,95,true],"full":["https:\/\/calmondivulgacoes.com.br\/wp-content\/uploads\/2026\/04\/verea1-1.png",809,619,false]},"_links":{"self":[{"href":"https:\/\/calmondivulgacoes.com.br\/en\/wp-json\/wp\/v2\/posts\/3066","targetHints":{"allow":["GET"]}}],"collection":[{"href":"https:\/\/calmondivulgacoes.com.br\/en\/wp-json\/wp\/v2\/posts"}],"about":[{"href":"https:\/\/calmondivulgacoes.com.br\/en\/wp-json\/wp\/v2\/types\/post"}],"author":[{"embeddable":true,"href":"https:\/\/calmondivulgacoes.com.br\/en\/wp-json\/wp\/v2\/users\/1"}],"replies":[{"embeddable":true,"href":"https:\/\/calmondivulgacoes.com.br\/en\/wp-json\/wp\/v2\/comments?post=3066"}],"version-history":[{"count":1,"href":"https:\/\/calmondivulgacoes.com.br\/en\/wp-json\/wp\/v2\/posts\/3066\/revisions"}],"predecessor-version":[{"id":3071,"href":"https:\/\/calmondivulgacoes.com.br\/en\/wp-json\/wp\/v2\/posts\/3066\/revisions\/3071"}],"wp:featuredmedia":[{"embeddable":true,"href":"https:\/\/calmondivulgacoes.com.br\/en\/wp-json\/wp\/v2\/media\/3070"}],"wp:attachment":[{"href":"https:\/\/calmondivulgacoes.com.br\/en\/wp-json\/wp\/v2\/media?parent=3066"}],"wp:term":[{"taxonomy":"category","embeddable":true,"href":"https:\/\/calmondivulgacoes.com.br\/en\/wp-json\/wp\/v2\/categories?post=3066"},{"taxonomy":"post_tag","embeddable":true,"href":"https:\/\/calmondivulgacoes.com.br\/en\/wp-json\/wp\/v2\/tags?post=3066"}],"curies":[{"name":"wp","href":"https:\/\/api.w.org\/{rel}","templated":true}]}}