{"id":2982,"date":"2026-04-12T22:37:16","date_gmt":"2026-04-13T01:37:16","guid":{"rendered":"https:\/\/calmondivulgacoes.com.br\/?p=2982"},"modified":"2026-04-13T15:34:29","modified_gmt":"2026-04-13T18:34:29","slug":"vice-prefeito-dr-wagner-miranda-declara-oposicao-ao-atual-prefeito-sampaio-e-movimenta-cenario-politico-em-miguel-calmon","status":"publish","type":"post","link":"https:\/\/calmondivulgacoes.com.br\/en\/vice-prefeito-dr-wagner-miranda-declara-oposicao-ao-atual-prefeito-sampaio-e-movimenta-cenario-politico-em-miguel-calmon\/","title":{"rendered":"Vice-prefeito Dr. Wagner Miranda declara oposi\u00e7\u00e3o ao atual prefeito Sampaio e movimenta cen\u00e1rio pol\u00edtico em Miguel Calmon"},"content":{"rendered":"<div data-elementor-type=\"wp-post\" data-elementor-id=\"2982\" class=\"elementor elementor-2982\" data-elementor-post-type=\"post\">\n\t\t\t\t<div class=\"elementor-element elementor-element-c821972 e-flex e-con-boxed e-con e-parent\" data-id=\"c821972\" data-element_type=\"container\" data-e-type=\"container\">\n\t\t\t\t\t<div class=\"e-con-inner\">\n\t\t\t\t\t<\/div>\n\t\t\t\t<\/div>\n\t\t<div class=\"elementor-element elementor-element-fc372b8 e-flex e-con-boxed e-con e-parent\" data-id=\"fc372b8\" data-element_type=\"container\" data-e-type=\"container\">\n\t\t\t\t\t<div class=\"e-con-inner\">\n\t\t\t\t<div class=\"elementor-element elementor-element-97792ba elementor-widget elementor-widget-image\" data-id=\"97792ba\" data-element_type=\"widget\" data-e-type=\"widget\" data-widget_type=\"image.default\">\n\t\t\t\t\t\t\t\t\t\t\t\t\t\t\t\t<a href=\"https:\/\/i.ibb.co\/YscSf8h\/EFC4-EE7-D-86-AF-47-D3-A5-B5-131129-DD2942-1.jpg\" target=\"_blank\" rel=\"noopener\">\n\t\t\t\t\t\t\t<img fetchpriority=\"high\" decoding=\"async\" width=\"640\" height=\"605\" src=\"https:\/\/calmondivulgacoes.com.br\/wp-content\/uploads\/2026\/04\/b5efce4e-51bc-4dc0-8bab-cc4cc7f7a7ed.jpeg\" class=\"attachment-large size-large wp-image-2983\" alt=\"\" srcset=\"https:\/\/calmondivulgacoes.com.br\/wp-content\/uploads\/2026\/04\/b5efce4e-51bc-4dc0-8bab-cc4cc7f7a7ed.jpeg 978w, https:\/\/calmondivulgacoes.com.br\/wp-content\/uploads\/2026\/04\/b5efce4e-51bc-4dc0-8bab-cc4cc7f7a7ed-300x283.jpeg 300w, https:\/\/calmondivulgacoes.com.br\/wp-content\/uploads\/2026\/04\/b5efce4e-51bc-4dc0-8bab-cc4cc7f7a7ed-150x142.jpeg 150w, https:\/\/calmondivulgacoes.com.br\/wp-content\/uploads\/2026\/04\/b5efce4e-51bc-4dc0-8bab-cc4cc7f7a7ed-768x726.jpeg 768w\" sizes=\"(max-width: 640px) 100vw, 640px\" \/>\t\t\t\t\t\t\t\t<\/a>\n\t\t\t\t\t\t\t\t\t\t\t\t\t\t\t<\/div>\n\t\t\t\t\t<\/div>\n\t\t\t\t<\/div>\n\t\t\t\t<\/div>","protected":false},"excerpt":{"rendered":"","protected":false},"author":1,"featured_media":2983,"comment_status":"closed","ping_status":"closed","sticky":false,"template":"","format":"standard","meta":{"_uag_custom_page_level_css":"","_monsterinsights_skip_tracking":false,"_monsterinsights_sitenote_active":false,"_monsterinsights_sitenote_note":"","_monsterinsights_sitenote_category":0,"maa_idioma":"","maa_pais":"","footnotes":""},"categories":[39],"tags":[],"class_list":["post-2982","post","type-post","status-publish","format-standard","has-post-thumbnail","hentry","category-politica"],"yoast_head":"<!-- This site is optimized with the Yoast SEO plugin v27.4 - https:\/\/yoast.com\/product\/yoast-seo-wordpress\/ -->\n<title>Vice-prefeito Dr. Wagner Miranda declara oposi\u00e7\u00e3o ao atual prefeito Sampaio e movimenta cen\u00e1rio pol\u00edtico em Miguel Calmon - Calmon Divulga\u00e7\u00f5es<\/title>\n<meta name=\"robots\" content=\"index, follow, max-snippet:-1, max-image-preview:large, max-video-preview:-1\" \/>\n<link rel=\"canonical\" href=\"https:\/\/calmondivulgacoes.com.br\/en\/vice-prefeito-dr-wagner-miranda-declara-oposicao-ao-atual-prefeito-sampaio-e-movimenta-cenario-politico-em-miguel-calmon\/\" \/>\n<meta property=\"og:locale\" content=\"en_US\" \/>\n<meta property=\"og:type\" content=\"article\" \/>\n<meta property=\"og:title\" content=\"Vice-prefeito Dr. Wagner Miranda declara oposi\u00e7\u00e3o ao atual prefeito Sampaio e movimenta cen\u00e1rio pol\u00edtico em Miguel Calmon - Calmon Divulga\u00e7\u00f5es\" \/>\n<meta property=\"og:url\" content=\"https:\/\/calmondivulgacoes.com.br\/en\/vice-prefeito-dr-wagner-miranda-declara-oposicao-ao-atual-prefeito-sampaio-e-movimenta-cenario-politico-em-miguel-calmon\/\" \/>\n<meta property=\"og:site_name\" content=\"Calmon Divulga\u00e7\u00f5es\" \/>\n<meta property=\"article:publisher\" content=\"https:\/\/www.facebook.com\/calmondivulgacoes\" \/>\n<meta property=\"article:published_time\" content=\"2026-04-13T01:37:16+00:00\" \/>\n<meta property=\"article:modified_time\" content=\"2026-04-13T18:34:29+00:00\" \/>\n<meta property=\"og:image\" content=\"https:\/\/calmondivulgacoes.com.br\/wp-content\/uploads\/2026\/04\/b5efce4e-51bc-4dc0-8bab-cc4cc7f7a7ed.jpeg\" \/>\n\t<meta property=\"og:image:width\" content=\"978\" \/>\n\t<meta property=\"og:image:height\" content=\"924\" \/>\n\t<meta property=\"og:image:type\" content=\"image\/jpeg\" \/>\n<meta name=\"author\" content=\"Calmon Divulga\u00e7\u00f5es\" \/>\n<meta name=\"twitter:card\" content=\"summary_large_image\" \/>\n<meta name=\"twitter:label1\" content=\"Written by\" \/>\n\t<meta name=\"twitter:data1\" content=\"Calmon Divulga\u00e7\u00f5es\" \/>\n<script type=\"application\/ld+json\" class=\"yoast-schema-graph\">{\"@context\":\"https:\\\/\\\/schema.org\",\"@graph\":[{\"@type\":\"Article\",\"@id\":\"https:\\\/\\\/calmondivulgacoes.com.br\\\/vice-prefeito-dr-wagner-miranda-declara-oposicao-ao-atual-prefeito-sampaio-e-movimenta-cenario-politico-em-miguel-calmon\\\/#article\",\"isPartOf\":{\"@id\":\"https:\\\/\\\/calmondivulgacoes.com.br\\\/vice-prefeito-dr-wagner-miranda-declara-oposicao-ao-atual-prefeito-sampaio-e-movimenta-cenario-politico-em-miguel-calmon\\\/\"},\"author\":{\"name\":\"Calmon Divulga\u00e7\u00f5es\",\"@id\":\"https:\\\/\\\/calmondivulgacoes.com.br\\\/#\\\/schema\\\/person\\\/f51b6a75a3e31b01ea8f6fea23fc01fa\"},\"headline\":\"Vice-prefeito Dr. Wagner Miranda declara oposi\u00e7\u00e3o ao atual prefeito Sampaio e movimenta cen\u00e1rio pol\u00edtico em Miguel Calmon\",\"datePublished\":\"2026-04-13T01:37:16+00:00\",\"dateModified\":\"2026-04-13T18:34:29+00:00\",\"mainEntityOfPage\":{\"@id\":\"https:\\\/\\\/calmondivulgacoes.com.br\\\/vice-prefeito-dr-wagner-miranda-declara-oposicao-ao-atual-prefeito-sampaio-e-movimenta-cenario-politico-em-miguel-calmon\\\/\"},\"wordCount\":20,\"publisher\":{\"@id\":\"https:\\\/\\\/calmondivulgacoes.com.br\\\/#organization\"},\"image\":{\"@id\":\"https:\\\/\\\/calmondivulgacoes.com.br\\\/vice-prefeito-dr-wagner-miranda-declara-oposicao-ao-atual-prefeito-sampaio-e-movimenta-cenario-politico-em-miguel-calmon\\\/#primaryimage\"},\"thumbnailUrl\":\"https:\\\/\\\/calmondivulgacoes.com.br\\\/wp-content\\\/uploads\\\/2026\\\/04\\\/b5efce4e-51bc-4dc0-8bab-cc4cc7f7a7ed.jpeg\",\"articleSection\":[\"Pol\u00edtica\"],\"inLanguage\":\"en-US\"},{\"@type\":\"WebPage\",\"@id\":\"https:\\\/\\\/calmondivulgacoes.com.br\\\/vice-prefeito-dr-wagner-miranda-declara-oposicao-ao-atual-prefeito-sampaio-e-movimenta-cenario-politico-em-miguel-calmon\\\/\",\"url\":\"https:\\\/\\\/calmondivulgacoes.com.br\\\/vice-prefeito-dr-wagner-miranda-declara-oposicao-ao-atual-prefeito-sampaio-e-movimenta-cenario-politico-em-miguel-calmon\\\/\",\"name\":\"Vice-prefeito Dr. Wagner Miranda declara oposi\u00e7\u00e3o ao atual prefeito Sampaio e movimenta cen\u00e1rio pol\u00edtico em Miguel Calmon - Calmon Divulga\u00e7\u00f5es\",\"isPartOf\":{\"@id\":\"https:\\\/\\\/calmondivulgacoes.com.br\\\/#website\"},\"primaryImageOfPage\":{\"@id\":\"https:\\\/\\\/calmondivulgacoes.com.br\\\/vice-prefeito-dr-wagner-miranda-declara-oposicao-ao-atual-prefeito-sampaio-e-movimenta-cenario-politico-em-miguel-calmon\\\/#primaryimage\"},\"image\":{\"@id\":\"https:\\\/\\\/calmondivulgacoes.com.br\\\/vice-prefeito-dr-wagner-miranda-declara-oposicao-ao-atual-prefeito-sampaio-e-movimenta-cenario-politico-em-miguel-calmon\\\/#primaryimage\"},\"thumbnailUrl\":\"https:\\\/\\\/calmondivulgacoes.com.br\\\/wp-content\\\/uploads\\\/2026\\\/04\\\/b5efce4e-51bc-4dc0-8bab-cc4cc7f7a7ed.jpeg\",\"datePublished\":\"2026-04-13T01:37:16+00:00\",\"dateModified\":\"2026-04-13T18:34:29+00:00\",\"breadcrumb\":{\"@id\":\"https:\\\/\\\/calmondivulgacoes.com.br\\\/vice-prefeito-dr-wagner-miranda-declara-oposicao-ao-atual-prefeito-sampaio-e-movimenta-cenario-politico-em-miguel-calmon\\\/#breadcrumb\"},\"inLanguage\":\"en-US\",\"potentialAction\":[{\"@type\":\"ReadAction\",\"target\":[\"https:\\\/\\\/calmondivulgacoes.com.br\\\/vice-prefeito-dr-wagner-miranda-declara-oposicao-ao-atual-prefeito-sampaio-e-movimenta-cenario-politico-em-miguel-calmon\\\/\"]}]},{\"@type\":\"ImageObject\",\"inLanguage\":\"en-US\",\"@id\":\"https:\\\/\\\/calmondivulgacoes.com.br\\\/vice-prefeito-dr-wagner-miranda-declara-oposicao-ao-atual-prefeito-sampaio-e-movimenta-cenario-politico-em-miguel-calmon\\\/#primaryimage\",\"url\":\"https:\\\/\\\/calmondivulgacoes.com.br\\\/wp-content\\\/uploads\\\/2026\\\/04\\\/b5efce4e-51bc-4dc0-8bab-cc4cc7f7a7ed.jpeg\",\"contentUrl\":\"https:\\\/\\\/calmondivulgacoes.com.br\\\/wp-content\\\/uploads\\\/2026\\\/04\\\/b5efce4e-51bc-4dc0-8bab-cc4cc7f7a7ed.jpeg\",\"width\":978,\"height\":924},{\"@type\":\"BreadcrumbList\",\"@id\":\"https:\\\/\\\/calmondivulgacoes.com.br\\\/vice-prefeito-dr-wagner-miranda-declara-oposicao-ao-atual-prefeito-sampaio-e-movimenta-cenario-politico-em-miguel-calmon\\\/#breadcrumb\",\"itemListElement\":[{\"@type\":\"ListItem\",\"position\":1,\"name\":\"In\u00edcio\",\"item\":\"https:\\\/\\\/calmondivulgacoes.com.br\\\/\"},{\"@type\":\"ListItem\",\"position\":2,\"name\":\"Vice-prefeito Dr. Wagner Miranda declara oposi\u00e7\u00e3o ao atual prefeito Sampaio e movimenta cen\u00e1rio pol\u00edtico em Miguel Calmon\"}]},{\"@type\":\"WebSite\",\"@id\":\"https:\\\/\\\/calmondivulgacoes.com.br\\\/#website\",\"url\":\"https:\\\/\\\/calmondivulgacoes.com.br\\\/\",\"name\":\"Calmon Divulga\u00e7\u00f5es\",\"description\":\"e Not\u00edcias\",\"publisher\":{\"@id\":\"https:\\\/\\\/calmondivulgacoes.com.br\\\/#organization\"},\"potentialAction\":[{\"@type\":\"SearchAction\",\"target\":{\"@type\":\"EntryPoint\",\"urlTemplate\":\"https:\\\/\\\/calmondivulgacoes.com.br\\\/?s={search_term_string}\"},\"query-input\":{\"@type\":\"PropertyValueSpecification\",\"valueRequired\":true,\"valueName\":\"search_term_string\"}}],\"inLanguage\":\"en-US\"},{\"@type\":\"Organization\",\"@id\":\"https:\\\/\\\/calmondivulgacoes.com.br\\\/#organization\",\"name\":\"Calmon Divulga\u00e7\u00f5es\",\"url\":\"https:\\\/\\\/calmondivulgacoes.com.br\\\/\",\"logo\":{\"@type\":\"ImageObject\",\"inLanguage\":\"en-US\",\"@id\":\"https:\\\/\\\/calmondivulgacoes.com.br\\\/#\\\/schema\\\/logo\\\/image\\\/\",\"url\":\"https:\\\/\\\/calmondivulgacoes.com.br\\\/wp-content\\\/uploads\\\/2026\\\/04\\\/cropped-WhatsApp_Image_2025-12-02_at_20.44.08-removebg-preview.png\",\"contentUrl\":\"https:\\\/\\\/calmondivulgacoes.com.br\\\/wp-content\\\/uploads\\\/2026\\\/04\\\/cropped-WhatsApp_Image_2025-12-02_at_20.44.08-removebg-preview.png\",\"width\":120,\"height\":120,\"caption\":\"Calmon Divulga\u00e7\u00f5es\"},\"image\":{\"@id\":\"https:\\\/\\\/calmondivulgacoes.com.br\\\/#\\\/schema\\\/logo\\\/image\\\/\"},\"sameAs\":[\"https:\\\/\\\/www.facebook.com\\\/calmondivulgacoes\",\"https:\\\/\\\/www.instagram.com\\\/calmondivulgacoes\\\/\"]},{\"@type\":\"Person\",\"@id\":\"https:\\\/\\\/calmondivulgacoes.com.br\\\/#\\\/schema\\\/person\\\/f51b6a75a3e31b01ea8f6fea23fc01fa\",\"name\":\"Calmon Divulga\u00e7\u00f5es\",\"image\":{\"@type\":\"ImageObject\",\"inLanguage\":\"en-US\",\"@id\":\"https:\\\/\\\/calmondivulgacoes.com.br\\\/wp-content\\\/litespeed\\\/avatar\\\/70d8f8af3b6e7945511481b97d22e67c.jpg?ver=1777223803\",\"url\":\"https:\\\/\\\/calmondivulgacoes.com.br\\\/wp-content\\\/litespeed\\\/avatar\\\/70d8f8af3b6e7945511481b97d22e67c.jpg?ver=1777223803\",\"contentUrl\":\"https:\\\/\\\/calmondivulgacoes.com.br\\\/wp-content\\\/litespeed\\\/avatar\\\/70d8f8af3b6e7945511481b97d22e67c.jpg?ver=1777223803\",\"caption\":\"Calmon Divulga\u00e7\u00f5es\"},\"sameAs\":[\"http:\\\/\\\/calmondivulgacoes.com.br\"],\"url\":\"https:\\\/\\\/calmondivulgacoes.com.br\\\/en\\\/autor\\\/calmondivulgacoesgmail-com\\\/\"}]}<\/script>\n<!-- \/ Yoast SEO plugin. -->","yoast_head_json":{"title":"Vice-prefeito Dr. Wagner Miranda declara oposi\u00e7\u00e3o ao atual prefeito Sampaio e movimenta cen\u00e1rio pol\u00edtico em Miguel Calmon - Calmon Divulga\u00e7\u00f5es","robots":{"index":"index","follow":"follow","max-snippet":"max-snippet:-1","max-image-preview":"max-image-preview:large","max-video-preview":"max-video-preview:-1"},"canonical":"https:\/\/calmondivulgacoes.com.br\/en\/vice-prefeito-dr-wagner-miranda-declara-oposicao-ao-atual-prefeito-sampaio-e-movimenta-cenario-politico-em-miguel-calmon\/","og_locale":"en_US","og_type":"article","og_title":"Vice-prefeito Dr. Wagner Miranda declara oposi\u00e7\u00e3o ao atual prefeito Sampaio e movimenta cen\u00e1rio pol\u00edtico em Miguel Calmon - Calmon Divulga\u00e7\u00f5es","og_url":"https:\/\/calmondivulgacoes.com.br\/en\/vice-prefeito-dr-wagner-miranda-declara-oposicao-ao-atual-prefeito-sampaio-e-movimenta-cenario-politico-em-miguel-calmon\/","og_site_name":"Calmon Divulga\u00e7\u00f5es","article_publisher":"https:\/\/www.facebook.com\/calmondivulgacoes","article_published_time":"2026-04-13T01:37:16+00:00","article_modified_time":"2026-04-13T18:34:29+00:00","og_image":[{"width":978,"height":924,"url":"https:\/\/calmondivulgacoes.com.br\/wp-content\/uploads\/2026\/04\/b5efce4e-51bc-4dc0-8bab-cc4cc7f7a7ed.jpeg","type":"image\/jpeg"}],"author":"Calmon Divulga\u00e7\u00f5es","twitter_card":"summary_large_image","twitter_misc":{"Written by":"Calmon Divulga\u00e7\u00f5es"},"schema":{"@context":"https:\/\/schema.org","@graph":[{"@type":"Article","@id":"https:\/\/calmondivulgacoes.com.br\/vice-prefeito-dr-wagner-miranda-declara-oposicao-ao-atual-prefeito-sampaio-e-movimenta-cenario-politico-em-miguel-calmon\/#article","isPartOf":{"@id":"https:\/\/calmondivulgacoes.com.br\/vice-prefeito-dr-wagner-miranda-declara-oposicao-ao-atual-prefeito-sampaio-e-movimenta-cenario-politico-em-miguel-calmon\/"},"author":{"name":"Calmon Divulga\u00e7\u00f5es","@id":"https:\/\/calmondivulgacoes.com.br\/#\/schema\/person\/f51b6a75a3e31b01ea8f6fea23fc01fa"},"headline":"Vice-prefeito Dr. Wagner Miranda declara oposi\u00e7\u00e3o ao atual prefeito Sampaio e movimenta cen\u00e1rio pol\u00edtico em Miguel Calmon","datePublished":"2026-04-13T01:37:16+00:00","dateModified":"2026-04-13T18:34:29+00:00","mainEntityOfPage":{"@id":"https:\/\/calmondivulgacoes.com.br\/vice-prefeito-dr-wagner-miranda-declara-oposicao-ao-atual-prefeito-sampaio-e-movimenta-cenario-politico-em-miguel-calmon\/"},"wordCount":20,"publisher":{"@id":"https:\/\/calmondivulgacoes.com.br\/#organization"},"image":{"@id":"https:\/\/calmondivulgacoes.com.br\/vice-prefeito-dr-wagner-miranda-declara-oposicao-ao-atual-prefeito-sampaio-e-movimenta-cenario-politico-em-miguel-calmon\/#primaryimage"},"thumbnailUrl":"https:\/\/calmondivulgacoes.com.br\/wp-content\/uploads\/2026\/04\/b5efce4e-51bc-4dc0-8bab-cc4cc7f7a7ed.jpeg","articleSection":["Pol\u00edtica"],"inLanguage":"en-US"},{"@type":"WebPage","@id":"https:\/\/calmondivulgacoes.com.br\/vice-prefeito-dr-wagner-miranda-declara-oposicao-ao-atual-prefeito-sampaio-e-movimenta-cenario-politico-em-miguel-calmon\/","url":"https:\/\/calmondivulgacoes.com.br\/vice-prefeito-dr-wagner-miranda-declara-oposicao-ao-atual-prefeito-sampaio-e-movimenta-cenario-politico-em-miguel-calmon\/","name":"Vice-prefeito Dr. Wagner Miranda declara oposi\u00e7\u00e3o ao atual prefeito Sampaio e movimenta cen\u00e1rio pol\u00edtico em Miguel Calmon - Calmon Divulga\u00e7\u00f5es","isPartOf":{"@id":"https:\/\/calmondivulgacoes.com.br\/#website"},"primaryImageOfPage":{"@id":"https:\/\/calmondivulgacoes.com.br\/vice-prefeito-dr-wagner-miranda-declara-oposicao-ao-atual-prefeito-sampaio-e-movimenta-cenario-politico-em-miguel-calmon\/#primaryimage"},"image":{"@id":"https:\/\/calmondivulgacoes.com.br\/vice-prefeito-dr-wagner-miranda-declara-oposicao-ao-atual-prefeito-sampaio-e-movimenta-cenario-politico-em-miguel-calmon\/#primaryimage"},"thumbnailUrl":"https:\/\/calmondivulgacoes.com.br\/wp-content\/uploads\/2026\/04\/b5efce4e-51bc-4dc0-8bab-cc4cc7f7a7ed.jpeg","datePublished":"2026-04-13T01:37:16+00:00","dateModified":"2026-04-13T18:34:29+00:00","breadcrumb":{"@id":"https:\/\/calmondivulgacoes.com.br\/vice-prefeito-dr-wagner-miranda-declara-oposicao-ao-atual-prefeito-sampaio-e-movimenta-cenario-politico-em-miguel-calmon\/#breadcrumb"},"inLanguage":"en-US","potentialAction":[{"@type":"ReadAction","target":["https:\/\/calmondivulgacoes.com.br\/vice-prefeito-dr-wagner-miranda-declara-oposicao-ao-atual-prefeito-sampaio-e-movimenta-cenario-politico-em-miguel-calmon\/"]}]},{"@type":"ImageObject","inLanguage":"en-US","@id":"https:\/\/calmondivulgacoes.com.br\/vice-prefeito-dr-wagner-miranda-declara-oposicao-ao-atual-prefeito-sampaio-e-movimenta-cenario-politico-em-miguel-calmon\/#primaryimage","url":"https:\/\/calmondivulgacoes.com.br\/wp-content\/uploads\/2026\/04\/b5efce4e-51bc-4dc0-8bab-cc4cc7f7a7ed.jpeg","contentUrl":"https:\/\/calmondivulgacoes.com.br\/wp-content\/uploads\/2026\/04\/b5efce4e-51bc-4dc0-8bab-cc4cc7f7a7ed.jpeg","width":978,"height":924},{"@type":"BreadcrumbList","@id":"https:\/\/calmondivulgacoes.com.br\/vice-prefeito-dr-wagner-miranda-declara-oposicao-ao-atual-prefeito-sampaio-e-movimenta-cenario-politico-em-miguel-calmon\/#breadcrumb","itemListElement":[{"@type":"ListItem","position":1,"name":"In\u00edcio","item":"https:\/\/calmondivulgacoes.com.br\/"},{"@type":"ListItem","position":2,"name":"Vice-prefeito Dr. Wagner Miranda declara oposi\u00e7\u00e3o ao atual prefeito Sampaio e movimenta cen\u00e1rio pol\u00edtico em Miguel Calmon"}]},{"@type":"WebSite","@id":"https:\/\/calmondivulgacoes.com.br\/#website","url":"https:\/\/calmondivulgacoes.com.br\/","name":"Calmon Divulga\u00e7\u00f5es","description":"e Not\u00edcias","publisher":{"@id":"https:\/\/calmondivulgacoes.com.br\/#organization"},"potentialAction":[{"@type":"SearchAction","target":{"@type":"EntryPoint","urlTemplate":"https:\/\/calmondivulgacoes.com.br\/?s={search_term_string}"},"query-input":{"@type":"PropertyValueSpecification","valueRequired":true,"valueName":"search_term_string"}}],"inLanguage":"en-US"},{"@type":"Organization","@id":"https:\/\/calmondivulgacoes.com.br\/#organization","name":"Calmon Divulga\u00e7\u00f5es","url":"https:\/\/calmondivulgacoes.com.br\/","logo":{"@type":"ImageObject","inLanguage":"en-US","@id":"https:\/\/calmondivulgacoes.com.br\/#\/schema\/logo\/image\/","url":"https:\/\/calmondivulgacoes.com.br\/wp-content\/uploads\/2026\/04\/cropped-WhatsApp_Image_2025-12-02_at_20.44.08-removebg-preview.png","contentUrl":"https:\/\/calmondivulgacoes.com.br\/wp-content\/uploads\/2026\/04\/cropped-WhatsApp_Image_2025-12-02_at_20.44.08-removebg-preview.png","width":120,"height":120,"caption":"Calmon Divulga\u00e7\u00f5es"},"image":{"@id":"https:\/\/calmondivulgacoes.com.br\/#\/schema\/logo\/image\/"},"sameAs":["https:\/\/www.facebook.com\/calmondivulgacoes","https:\/\/www.instagram.com\/calmondivulgacoes\/"]},{"@type":"Person","@id":"https:\/\/calmondivulgacoes.com.br\/#\/schema\/person\/f51b6a75a3e31b01ea8f6fea23fc01fa","name":"Calmon Divulga\u00e7\u00f5es","image":{"@type":"ImageObject","inLanguage":"en-US","@id":"https:\/\/calmondivulgacoes.com.br\/wp-content\/litespeed\/avatar\/70d8f8af3b6e7945511481b97d22e67c.jpg?ver=1777223803","url":"https:\/\/calmondivulgacoes.com.br\/wp-content\/litespeed\/avatar\/70d8f8af3b6e7945511481b97d22e67c.jpg?ver=1777223803","contentUrl":"https:\/\/calmondivulgacoes.com.br\/wp-content\/litespeed\/avatar\/70d8f8af3b6e7945511481b97d22e67c.jpg?ver=1777223803","caption":"Calmon Divulga\u00e7\u00f5es"},"sameAs":["http:\/\/calmondivulgacoes.com.br"],"url":"https:\/\/calmondivulgacoes.com.br\/en\/autor\/calmondivulgacoesgmail-com\/"}]}},"uagb_featured_image_src":{"full":["https:\/\/calmondivulgacoes.com.br\/wp-content\/uploads\/2026\/04\/b5efce4e-51bc-4dc0-8bab-cc4cc7f7a7ed.jpeg",978,924,false],"thumbnail":["https:\/\/calmondivulgacoes.com.br\/wp-content\/uploads\/2026\/04\/b5efce4e-51bc-4dc0-8bab-cc4cc7f7a7ed-150x142.jpeg",150,142,true],"medium":["https:\/\/calmondivulgacoes.com.br\/wp-content\/uploads\/2026\/04\/b5efce4e-51bc-4dc0-8bab-cc4cc7f7a7ed-300x283.jpeg",300,283,true],"medium_large":["https:\/\/calmondivulgacoes.com.br\/wp-content\/uploads\/2026\/04\/b5efce4e-51bc-4dc0-8bab-cc4cc7f7a7ed-768x726.jpeg",640,605,true],"large":["https:\/\/calmondivulgacoes.com.br\/wp-content\/uploads\/2026\/04\/b5efce4e-51bc-4dc0-8bab-cc4cc7f7a7ed.jpeg",640,605,false],"1536x1536":["https:\/\/calmondivulgacoes.com.br\/wp-content\/uploads\/2026\/04\/b5efce4e-51bc-4dc0-8bab-cc4cc7f7a7ed.jpeg",978,924,false],"2048x2048":["https:\/\/calmondivulgacoes.com.br\/wp-content\/uploads\/2026\/04\/b5efce4e-51bc-4dc0-8bab-cc4cc7f7a7ed.jpeg",978,924,false],"trp-custom-language-flag":["https:\/\/calmondivulgacoes.com.br\/wp-content\/uploads\/2026\/04\/b5efce4e-51bc-4dc0-8bab-cc4cc7f7a7ed.jpeg",13,12,false],"cvmm-medium":["https:\/\/calmondivulgacoes.com.br\/wp-content\/uploads\/2026\/04\/b5efce4e-51bc-4dc0-8bab-cc4cc7f7a7ed-300x300.jpeg",300,300,true],"cvmm-medium-plus":["https:\/\/calmondivulgacoes.com.br\/wp-content\/uploads\/2026\/04\/b5efce4e-51bc-4dc0-8bab-cc4cc7f7a7ed-305x207.jpeg",305,207,true],"cvmm-portrait":["https:\/\/calmondivulgacoes.com.br\/wp-content\/uploads\/2026\/04\/b5efce4e-51bc-4dc0-8bab-cc4cc7f7a7ed-400x600.jpeg",400,600,true],"cvmm-medium-square":["https:\/\/calmondivulgacoes.com.br\/wp-content\/uploads\/2026\/04\/b5efce4e-51bc-4dc0-8bab-cc4cc7f7a7ed-600x600.jpeg",600,600,true],"cvmm-large":["https:\/\/calmondivulgacoes.com.br\/wp-content\/uploads\/2026\/04\/b5efce4e-51bc-4dc0-8bab-cc4cc7f7a7ed.jpeg",978,924,false],"cvmm-small":["https:\/\/calmondivulgacoes.com.br\/wp-content\/uploads\/2026\/04\/b5efce4e-51bc-4dc0-8bab-cc4cc7f7a7ed-130x95.jpeg",130,95,true]},"uagb_author_info":{"display_name":"Calmon Divulga\u00e7\u00f5es","author_link":"https:\/\/calmondivulgacoes.com.br\/en\/autor\/calmondivulgacoesgmail-com\/"},"uagb_comment_info":0,"uagb_excerpt":null,"blog_post_layout_featured_media_urls":{"thumbnail":["https:\/\/calmondivulgacoes.com.br\/wp-content\/uploads\/2026\/04\/b5efce4e-51bc-4dc0-8bab-cc4cc7f7a7ed-150x142.jpeg",150,142,true],"full":["https:\/\/calmondivulgacoes.com.br\/wp-content\/uploads\/2026\/04\/b5efce4e-51bc-4dc0-8bab-cc4cc7f7a7ed.jpeg",978,924,false]},"categories_names":{"39":{"name":"Pol\u00edtica","link":"https:\/\/calmondivulgacoes.com.br\/en\/category\/politica\/"}},"tags_names":[],"comments_number":"0","wpmagazine_modules_lite_featured_media_urls":{"thumbnail":["https:\/\/calmondivulgacoes.com.br\/wp-content\/uploads\/2026\/04\/b5efce4e-51bc-4dc0-8bab-cc4cc7f7a7ed-150x142.jpeg",150,142,true],"cvmm-medium":["https:\/\/calmondivulgacoes.com.br\/wp-content\/uploads\/2026\/04\/b5efce4e-51bc-4dc0-8bab-cc4cc7f7a7ed-300x300.jpeg",300,300,true],"cvmm-medium-plus":["https:\/\/calmondivulgacoes.com.br\/wp-content\/uploads\/2026\/04\/b5efce4e-51bc-4dc0-8bab-cc4cc7f7a7ed-305x207.jpeg",305,207,true],"cvmm-portrait":["https:\/\/calmondivulgacoes.com.br\/wp-content\/uploads\/2026\/04\/b5efce4e-51bc-4dc0-8bab-cc4cc7f7a7ed-400x600.jpeg",400,600,true],"cvmm-medium-square":["https:\/\/calmondivulgacoes.com.br\/wp-content\/uploads\/2026\/04\/b5efce4e-51bc-4dc0-8bab-cc4cc7f7a7ed-600x600.jpeg",600,600,true],"cvmm-large":["https:\/\/calmondivulgacoes.com.br\/wp-content\/uploads\/2026\/04\/b5efce4e-51bc-4dc0-8bab-cc4cc7f7a7ed.jpeg",978,924,false],"cvmm-small":["https:\/\/calmondivulgacoes.com.br\/wp-content\/uploads\/2026\/04\/b5efce4e-51bc-4dc0-8bab-cc4cc7f7a7ed-130x95.jpeg",130,95,true],"full":["https:\/\/calmondivulgacoes.com.br\/wp-content\/uploads\/2026\/04\/b5efce4e-51bc-4dc0-8bab-cc4cc7f7a7ed.jpeg",978,924,false]},"_links":{"self":[{"href":"https:\/\/calmondivulgacoes.com.br\/en\/wp-json\/wp\/v2\/posts\/2982","targetHints":{"allow":["GET"]}}],"collection":[{"href":"https:\/\/calmondivulgacoes.com.br\/en\/wp-json\/wp\/v2\/posts"}],"about":[{"href":"https:\/\/calmondivulgacoes.com.br\/en\/wp-json\/wp\/v2\/types\/post"}],"author":[{"embeddable":true,"href":"https:\/\/calmondivulgacoes.com.br\/en\/wp-json\/wp\/v2\/users\/1"}],"replies":[{"embeddable":true,"href":"https:\/\/calmondivulgacoes.com.br\/en\/wp-json\/wp\/v2\/comments?post=2982"}],"version-history":[{"count":13,"href":"https:\/\/calmondivulgacoes.com.br\/en\/wp-json\/wp\/v2\/posts\/2982\/revisions"}],"predecessor-version":[{"id":3017,"href":"https:\/\/calmondivulgacoes.com.br\/en\/wp-json\/wp\/v2\/posts\/2982\/revisions\/3017"}],"wp:featuredmedia":[{"embeddable":true,"href":"https:\/\/calmondivulgacoes.com.br\/en\/wp-json\/wp\/v2\/media\/2983"}],"wp:attachment":[{"href":"https:\/\/calmondivulgacoes.com.br\/en\/wp-json\/wp\/v2\/media?parent=2982"}],"wp:term":[{"taxonomy":"category","embeddable":true,"href":"https:\/\/calmondivulgacoes.com.br\/en\/wp-json\/wp\/v2\/categories?post=2982"},{"taxonomy":"post_tag","embeddable":true,"href":"https:\/\/calmondivulgacoes.com.br\/en\/wp-json\/wp\/v2\/tags?post=2982"}],"curies":[{"name":"wp","href":"https:\/\/api.w.org\/{rel}","templated":true}]}}