{"id":2971,"date":"2026-04-12T22:33:51","date_gmt":"2026-04-13T01:33:51","guid":{"rendered":"https:\/\/calmondivulgacoes.com.br\/?p=2971"},"modified":"2026-04-12T22:34:40","modified_gmt":"2026-04-13T01:34:40","slug":"visita-ao-colegio-municipal-de-ensino-fundamental-ii-clariezer-vicente-dos-anjos-em-miguel-calmon-07-04-26","status":"publish","type":"post","link":"https:\/\/calmondivulgacoes.com.br\/en\/visita-ao-colegio-municipal-de-ensino-fundamental-ii-clariezer-vicente-dos-anjos-em-miguel-calmon-07-04-26\/","title":{"rendered":"Visita ao Col\u00e9gio Municipal de Ensino Fundamental II Clariezer Vicente dos Anjos, em Miguel Calmon 07\/04\/26"},"content":{"rendered":"<p>A equipe da R\u00e1dio Canabrava FM 87.9, em parceria com o Calmon Divulga\u00e7\u00f5es, realizou uma visita ao Col\u00e9gio Municipal de Ensino Fundamental II Clariezer Vicente dos Anjos, em Miguel Calmon, com o objetivo de conhecer de perto o funcionamento e as a\u00e7\u00f5es desenvolvidas pela institui\u00e7\u00e3o.<\/p>\n\n\n\n<p>De acordo com o diretor Lucas Rios, a unidade atende atualmente 1.001 alunos, de um total de 4.077 estudantes matriculados no munic\u00edpio. O col\u00e9gio conta com 35 turmas distribu\u00eddas em 17 salas de aula, al\u00e9m de audit\u00f3rio, salas de recursos e cantina. S\u00e3o aproximadamente 500 alunos no turno matutino (17 turmas), 400 no vespertino (12 turmas) e 100 no noturno (5 turmas), com previs\u00e3o de abertura de mais uma turma \u00e0 noite. A escola tamb\u00e9m atende 80 alunos PCDs, todos acompanhados por cuidadores.<\/p>\n\n\n\n<p>Durante a visita, foram observadas as atividades pedag\u00f3gicas em sala de aula, a organiza\u00e7\u00e3o disciplinar, a qualidade da merenda escolar fornecida em todos os turnos e preparada conforme normas sanit\u00e1rias e nutricionais, al\u00e9m das condi\u00e7\u00f5es de limpeza e manuten\u00e7\u00e3o do espa\u00e7o f\u00edsico. Segundo a dire\u00e7\u00e3o, eventuais sobras de alimentos n\u00e3o s\u00e3o reaproveitadas.<\/p>\n\n\n\n<p>A equipe tamb\u00e9m acompanhou a\u00e7\u00f5es voltadas \u00e0 educa\u00e7\u00e3o inclusiva, participa\u00e7\u00e3o dos pais nos plant\u00f5es pedag\u00f3gicos, projetos de leitura, oficinas e refor\u00e7o escolar no turno oposto, desenvolvidos com apoio da gest\u00e3o municipal.<\/p>\n\n\n\n<p>Entre os principais desafios apontados est\u00e3o quest\u00f5es estruturais, como problemas relacionados \u00e0 energia el\u00e9trica e a necessidade de ampliar a aquisi\u00e7\u00e3o de aparelhos de ar-condicionado para melhorar o conforto t\u00e9rmico nas salas.<\/p>\n\n\n\n<p>A R\u00e1dio Canabrava FM 87.9 e o Calmon Divulga\u00e7\u00f5es agradeceram a receptividade da equipe escolar, em especial ao diretor Lucas Rios e ao Sargento Walmy, da Pol\u00edcia Militar da Bahia (PMBA), que contribu\u00edram para a realiza\u00e7\u00e3o da visita.<\/p>\n\n\n\n<p>A iniciativa refor\u00e7a o compromisso da imprensa local com a valoriza\u00e7\u00e3o da educa\u00e7\u00e3o e o acompanhamento das a\u00e7\u00f5es desenvolvidas nas escolas de Miguel Calmon.<\/p>\n\n\n\n<div class=\"wp-block-uagb-container uagb-block-2701d4e5 alignfull uagb-is-root-container\"><div class=\"uagb-container-inner-blocks-wrap\">\n<div class=\"wp-block-uagb-container uagb-block-819500ff\">\n<figure class=\"wp-block-image size-large\"><img fetchpriority=\"high\" decoding=\"async\" width=\"768\" height=\"1024\" src=\"https:\/\/calmondivulgacoes.com.br\/wp-content\/uploads\/2026\/04\/660133210_18524403550073052_8141480582866039888_n-768x1024.jpg\" alt=\"\" class=\"wp-image-2972\" srcset=\"https:\/\/calmondivulgacoes.com.br\/wp-content\/uploads\/2026\/04\/660133210_18524403550073052_8141480582866039888_n-768x1024.jpg 768w, https:\/\/calmondivulgacoes.com.br\/wp-content\/uploads\/2026\/04\/660133210_18524403550073052_8141480582866039888_n-225x300.jpg 225w, https:\/\/calmondivulgacoes.com.br\/wp-content\/uploads\/2026\/04\/660133210_18524403550073052_8141480582866039888_n-113x150.jpg 113w, https:\/\/calmondivulgacoes.com.br\/wp-content\/uploads\/2026\/04\/660133210_18524403550073052_8141480582866039888_n.jpg 1080w\" sizes=\"(max-width: 768px) 100vw, 768px\" \/><\/figure>\n<\/div>\n\n\n\n<div class=\"wp-block-uagb-container uagb-block-36b9958a\">\n<figure class=\"wp-block-image size-large\"><img decoding=\"async\" width=\"768\" height=\"1024\" src=\"https:\/\/calmondivulgacoes.com.br\/wp-content\/uploads\/2026\/04\/658574224_18524403505073052_1791663087423778815_n-768x1024.jpg\" alt=\"\" class=\"wp-image-2973\" srcset=\"https:\/\/calmondivulgacoes.com.br\/wp-content\/uploads\/2026\/04\/658574224_18524403505073052_1791663087423778815_n-768x1024.jpg 768w, https:\/\/calmondivulgacoes.com.br\/wp-content\/uploads\/2026\/04\/658574224_18524403505073052_1791663087423778815_n-225x300.jpg 225w, https:\/\/calmondivulgacoes.com.br\/wp-content\/uploads\/2026\/04\/658574224_18524403505073052_1791663087423778815_n-113x150.jpg 113w, https:\/\/calmondivulgacoes.com.br\/wp-content\/uploads\/2026\/04\/658574224_18524403505073052_1791663087423778815_n.jpg 1080w\" sizes=\"(max-width: 768px) 100vw, 768px\" \/><\/figure>\n<\/div>\n\n\n\n<div class=\"wp-block-uagb-container uagb-block-a9b68acb\">\n<figure class=\"wp-block-image size-large\"><img decoding=\"async\" width=\"768\" height=\"1024\" src=\"https:\/\/calmondivulgacoes.com.br\/wp-content\/uploads\/2026\/04\/660108690_18524403484073052_4149338530785587104_n-768x1024.jpg\" alt=\"\" class=\"wp-image-2974\" srcset=\"https:\/\/calmondivulgacoes.com.br\/wp-content\/uploads\/2026\/04\/660108690_18524403484073052_4149338530785587104_n-768x1024.jpg 768w, https:\/\/calmondivulgacoes.com.br\/wp-content\/uploads\/2026\/04\/660108690_18524403484073052_4149338530785587104_n-225x300.jpg 225w, https:\/\/calmondivulgacoes.com.br\/wp-content\/uploads\/2026\/04\/660108690_18524403484073052_4149338530785587104_n-113x150.jpg 113w, https:\/\/calmondivulgacoes.com.br\/wp-content\/uploads\/2026\/04\/660108690_18524403484073052_4149338530785587104_n.jpg 1080w\" sizes=\"(max-width: 768px) 100vw, 768px\" \/><\/figure>\n<\/div>\n\n\n\n<div class=\"wp-block-uagb-container uagb-block-61e217f2\">\n<figure class=\"wp-block-image size-large\"><img loading=\"lazy\" decoding=\"async\" width=\"768\" height=\"1024\" src=\"https:\/\/calmondivulgacoes.com.br\/wp-content\/uploads\/2026\/04\/660405980_18524403496073052_3591779298460680806_n-768x1024.jpg\" alt=\"\" class=\"wp-image-2975\" srcset=\"https:\/\/calmondivulgacoes.com.br\/wp-content\/uploads\/2026\/04\/660405980_18524403496073052_3591779298460680806_n-768x1024.jpg 768w, https:\/\/calmondivulgacoes.com.br\/wp-content\/uploads\/2026\/04\/660405980_18524403496073052_3591779298460680806_n-225x300.jpg 225w, https:\/\/calmondivulgacoes.com.br\/wp-content\/uploads\/2026\/04\/660405980_18524403496073052_3591779298460680806_n-113x150.jpg 113w, https:\/\/calmondivulgacoes.com.br\/wp-content\/uploads\/2026\/04\/660405980_18524403496073052_3591779298460680806_n.jpg 1080w\" sizes=\"(max-width: 768px) 100vw, 768px\" \/><\/figure>\n<\/div>\n\n\n\n<div class=\"wp-block-uagb-container uagb-block-7fa0e5c3\">\n<figure class=\"wp-block-image size-large\"><img loading=\"lazy\" decoding=\"async\" width=\"768\" height=\"1024\" src=\"https:\/\/calmondivulgacoes.com.br\/wp-content\/uploads\/2026\/04\/658338450_18524403541073052_7280519212143794806_n-768x1024.jpg\" alt=\"\" class=\"wp-image-2976\" srcset=\"https:\/\/calmondivulgacoes.com.br\/wp-content\/uploads\/2026\/04\/658338450_18524403541073052_7280519212143794806_n-768x1024.jpg 768w, https:\/\/calmondivulgacoes.com.br\/wp-content\/uploads\/2026\/04\/658338450_18524403541073052_7280519212143794806_n-225x300.jpg 225w, https:\/\/calmondivulgacoes.com.br\/wp-content\/uploads\/2026\/04\/658338450_18524403541073052_7280519212143794806_n-113x150.jpg 113w, https:\/\/calmondivulgacoes.com.br\/wp-content\/uploads\/2026\/04\/658338450_18524403541073052_7280519212143794806_n.jpg 1080w\" sizes=\"(max-width: 768px) 100vw, 768px\" \/><\/figure>\n<\/div>\n\n\n\n<div class=\"wp-block-uagb-container uagb-block-db6e3030\">\n<figure class=\"wp-block-image size-large\"><img loading=\"lazy\" decoding=\"async\" width=\"768\" height=\"1024\" src=\"https:\/\/calmondivulgacoes.com.br\/wp-content\/uploads\/2026\/04\/660064296_18524403514073052_5515526924384055779_n-768x1024.jpg\" alt=\"\" class=\"wp-image-2977\" srcset=\"https:\/\/calmondivulgacoes.com.br\/wp-content\/uploads\/2026\/04\/660064296_18524403514073052_5515526924384055779_n-768x1024.jpg 768w, https:\/\/calmondivulgacoes.com.br\/wp-content\/uploads\/2026\/04\/660064296_18524403514073052_5515526924384055779_n-225x300.jpg 225w, https:\/\/calmondivulgacoes.com.br\/wp-content\/uploads\/2026\/04\/660064296_18524403514073052_5515526924384055779_n-113x150.jpg 113w, https:\/\/calmondivulgacoes.com.br\/wp-content\/uploads\/2026\/04\/660064296_18524403514073052_5515526924384055779_n.jpg 1080w\" sizes=\"(max-width: 768px) 100vw, 768px\" \/><\/figure>\n\n\n\n<div class=\"wp-block-uagb-container uagb-block-ffd02a1e\"><\/div>\n<\/div>\n<\/div><\/div>","protected":false},"excerpt":{"rendered":"<p>A equipe da R\u00e1dio Canabrava FM 87.9, em parceria com o Calmon Divulga\u00e7\u00f5es, realizou uma visita ao Col\u00e9gio Municipal de Ensino Fundamental II Clariezer Vicente dos Anjos, em Miguel Calmon, com o objetivo de conhecer de perto o funcionamento e as a\u00e7\u00f5es desenvolvidas pela institui\u00e7\u00e3o. De acordo com o diretor Lucas Rios, a unidade atende [&hellip;]<\/p>\n","protected":false},"author":1,"featured_media":2977,"comment_status":"closed","ping_status":"closed","sticky":false,"template":"","format":"standard","meta":{"_uag_custom_page_level_css":"","_monsterinsights_skip_tracking":false,"_monsterinsights_sitenote_active":false,"_monsterinsights_sitenote_note":"","_monsterinsights_sitenote_category":0,"maa_idioma":"","maa_pais":"","footnotes":""},"categories":[40],"tags":[],"class_list":["post-2971","post","type-post","status-publish","format-standard","has-post-thumbnail","hentry","category-miguel-calmon"],"yoast_head":"<!-- This site is optimized with the Yoast SEO plugin v27.4 - https:\/\/yoast.com\/product\/yoast-seo-wordpress\/ -->\n<title>Visita ao Col\u00e9gio Municipal de Ensino Fundamental II Clariezer Vicente dos Anjos, em Miguel Calmon 07\/04\/26 - Calmon Divulga\u00e7\u00f5es<\/title>\n<meta name=\"robots\" content=\"index, follow, max-snippet:-1, max-image-preview:large, max-video-preview:-1\" \/>\n<link rel=\"canonical\" href=\"https:\/\/calmondivulgacoes.com.br\/en\/visita-ao-colegio-municipal-de-ensino-fundamental-ii-clariezer-vicente-dos-anjos-em-miguel-calmon-07-04-26\/\" \/>\n<meta property=\"og:locale\" content=\"en_US\" \/>\n<meta property=\"og:type\" content=\"article\" \/>\n<meta property=\"og:title\" content=\"Visita ao Col\u00e9gio Municipal de Ensino Fundamental II Clariezer Vicente dos Anjos, em Miguel Calmon 07\/04\/26 - Calmon Divulga\u00e7\u00f5es\" \/>\n<meta property=\"og:description\" content=\"A equipe da R\u00e1dio Canabrava FM 87.9, em parceria com o Calmon Divulga\u00e7\u00f5es, realizou uma visita ao Col\u00e9gio Municipal de Ensino Fundamental II Clariezer Vicente dos Anjos, em Miguel Calmon, com o objetivo de conhecer de perto o funcionamento e as a\u00e7\u00f5es desenvolvidas pela institui\u00e7\u00e3o. De acordo com o diretor Lucas Rios, a unidade atende [&hellip;]\" \/>\n<meta property=\"og:url\" content=\"https:\/\/calmondivulgacoes.com.br\/en\/visita-ao-colegio-municipal-de-ensino-fundamental-ii-clariezer-vicente-dos-anjos-em-miguel-calmon-07-04-26\/\" \/>\n<meta property=\"og:site_name\" content=\"Calmon Divulga\u00e7\u00f5es\" \/>\n<meta property=\"article:publisher\" content=\"https:\/\/www.facebook.com\/calmondivulgacoes\" \/>\n<meta property=\"article:published_time\" content=\"2026-04-13T01:33:51+00:00\" \/>\n<meta property=\"article:modified_time\" content=\"2026-04-13T01:34:40+00:00\" \/>\n<meta property=\"og:image\" content=\"https:\/\/calmondivulgacoes.com.br\/wp-content\/uploads\/2026\/04\/660064296_18524403514073052_5515526924384055779_n.jpg\" \/>\n\t<meta property=\"og:image:width\" content=\"1080\" \/>\n\t<meta property=\"og:image:height\" content=\"1440\" \/>\n\t<meta property=\"og:image:type\" content=\"image\/jpeg\" \/>\n<meta name=\"author\" content=\"Calmon Divulga\u00e7\u00f5es\" \/>\n<meta name=\"twitter:card\" content=\"summary_large_image\" \/>\n<meta name=\"twitter:label1\" content=\"Written by\" \/>\n\t<meta name=\"twitter:data1\" content=\"Calmon Divulga\u00e7\u00f5es\" \/>\n\t<meta name=\"twitter:label2\" content=\"Est. reading time\" \/>\n\t<meta name=\"twitter:data2\" content=\"2 minutes\" \/>\n<script type=\"application\/ld+json\" class=\"yoast-schema-graph\">{\"@context\":\"https:\\\/\\\/schema.org\",\"@graph\":[{\"@type\":\"Article\",\"@id\":\"https:\\\/\\\/calmondivulgacoes.com.br\\\/visita-ao-colegio-municipal-de-ensino-fundamental-ii-clariezer-vicente-dos-anjos-em-miguel-calmon-07-04-26\\\/#article\",\"isPartOf\":{\"@id\":\"https:\\\/\\\/calmondivulgacoes.com.br\\\/visita-ao-colegio-municipal-de-ensino-fundamental-ii-clariezer-vicente-dos-anjos-em-miguel-calmon-07-04-26\\\/\"},\"author\":{\"name\":\"Calmon Divulga\u00e7\u00f5es\",\"@id\":\"https:\\\/\\\/calmondivulgacoes.com.br\\\/#\\\/schema\\\/person\\\/f51b6a75a3e31b01ea8f6fea23fc01fa\"},\"headline\":\"Visita ao Col\u00e9gio Municipal de Ensino Fundamental II Clariezer Vicente dos Anjos, em Miguel Calmon 07\\\/04\\\/26\",\"datePublished\":\"2026-04-13T01:33:51+00:00\",\"dateModified\":\"2026-04-13T01:34:40+00:00\",\"mainEntityOfPage\":{\"@id\":\"https:\\\/\\\/calmondivulgacoes.com.br\\\/visita-ao-colegio-municipal-de-ensino-fundamental-ii-clariezer-vicente-dos-anjos-em-miguel-calmon-07-04-26\\\/\"},\"wordCount\":351,\"publisher\":{\"@id\":\"https:\\\/\\\/calmondivulgacoes.com.br\\\/#organization\"},\"image\":{\"@id\":\"https:\\\/\\\/calmondivulgacoes.com.br\\\/visita-ao-colegio-municipal-de-ensino-fundamental-ii-clariezer-vicente-dos-anjos-em-miguel-calmon-07-04-26\\\/#primaryimage\"},\"thumbnailUrl\":\"https:\\\/\\\/calmondivulgacoes.com.br\\\/wp-content\\\/uploads\\\/2026\\\/04\\\/660064296_18524403514073052_5515526924384055779_n.jpg\",\"articleSection\":[\"Miguel Calmon\"],\"inLanguage\":\"en-US\"},{\"@type\":\"WebPage\",\"@id\":\"https:\\\/\\\/calmondivulgacoes.com.br\\\/visita-ao-colegio-municipal-de-ensino-fundamental-ii-clariezer-vicente-dos-anjos-em-miguel-calmon-07-04-26\\\/\",\"url\":\"https:\\\/\\\/calmondivulgacoes.com.br\\\/visita-ao-colegio-municipal-de-ensino-fundamental-ii-clariezer-vicente-dos-anjos-em-miguel-calmon-07-04-26\\\/\",\"name\":\"Visita ao Col\u00e9gio Municipal de Ensino Fundamental II Clariezer Vicente dos Anjos, em Miguel Calmon 07\\\/04\\\/26 - Calmon Divulga\u00e7\u00f5es\",\"isPartOf\":{\"@id\":\"https:\\\/\\\/calmondivulgacoes.com.br\\\/#website\"},\"primaryImageOfPage\":{\"@id\":\"https:\\\/\\\/calmondivulgacoes.com.br\\\/visita-ao-colegio-municipal-de-ensino-fundamental-ii-clariezer-vicente-dos-anjos-em-miguel-calmon-07-04-26\\\/#primaryimage\"},\"image\":{\"@id\":\"https:\\\/\\\/calmondivulgacoes.com.br\\\/visita-ao-colegio-municipal-de-ensino-fundamental-ii-clariezer-vicente-dos-anjos-em-miguel-calmon-07-04-26\\\/#primaryimage\"},\"thumbnailUrl\":\"https:\\\/\\\/calmondivulgacoes.com.br\\\/wp-content\\\/uploads\\\/2026\\\/04\\\/660064296_18524403514073052_5515526924384055779_n.jpg\",\"datePublished\":\"2026-04-13T01:33:51+00:00\",\"dateModified\":\"2026-04-13T01:34:40+00:00\",\"breadcrumb\":{\"@id\":\"https:\\\/\\\/calmondivulgacoes.com.br\\\/visita-ao-colegio-municipal-de-ensino-fundamental-ii-clariezer-vicente-dos-anjos-em-miguel-calmon-07-04-26\\\/#breadcrumb\"},\"inLanguage\":\"en-US\",\"potentialAction\":[{\"@type\":\"ReadAction\",\"target\":[\"https:\\\/\\\/calmondivulgacoes.com.br\\\/visita-ao-colegio-municipal-de-ensino-fundamental-ii-clariezer-vicente-dos-anjos-em-miguel-calmon-07-04-26\\\/\"]}]},{\"@type\":\"ImageObject\",\"inLanguage\":\"en-US\",\"@id\":\"https:\\\/\\\/calmondivulgacoes.com.br\\\/visita-ao-colegio-municipal-de-ensino-fundamental-ii-clariezer-vicente-dos-anjos-em-miguel-calmon-07-04-26\\\/#primaryimage\",\"url\":\"https:\\\/\\\/calmondivulgacoes.com.br\\\/wp-content\\\/uploads\\\/2026\\\/04\\\/660064296_18524403514073052_5515526924384055779_n.jpg\",\"contentUrl\":\"https:\\\/\\\/calmondivulgacoes.com.br\\\/wp-content\\\/uploads\\\/2026\\\/04\\\/660064296_18524403514073052_5515526924384055779_n.jpg\",\"width\":1080,\"height\":1440},{\"@type\":\"BreadcrumbList\",\"@id\":\"https:\\\/\\\/calmondivulgacoes.com.br\\\/visita-ao-colegio-municipal-de-ensino-fundamental-ii-clariezer-vicente-dos-anjos-em-miguel-calmon-07-04-26\\\/#breadcrumb\",\"itemListElement\":[{\"@type\":\"ListItem\",\"position\":1,\"name\":\"In\u00edcio\",\"item\":\"https:\\\/\\\/calmondivulgacoes.com.br\\\/\"},{\"@type\":\"ListItem\",\"position\":2,\"name\":\"Visita ao Col\u00e9gio Municipal de Ensino Fundamental II Clariezer Vicente dos Anjos, em Miguel Calmon 07\\\/04\\\/26\"}]},{\"@type\":\"WebSite\",\"@id\":\"https:\\\/\\\/calmondivulgacoes.com.br\\\/#website\",\"url\":\"https:\\\/\\\/calmondivulgacoes.com.br\\\/\",\"name\":\"Calmon Divulga\u00e7\u00f5es\",\"description\":\"e Not\u00edcias\",\"publisher\":{\"@id\":\"https:\\\/\\\/calmondivulgacoes.com.br\\\/#organization\"},\"potentialAction\":[{\"@type\":\"SearchAction\",\"target\":{\"@type\":\"EntryPoint\",\"urlTemplate\":\"https:\\\/\\\/calmondivulgacoes.com.br\\\/?s={search_term_string}\"},\"query-input\":{\"@type\":\"PropertyValueSpecification\",\"valueRequired\":true,\"valueName\":\"search_term_string\"}}],\"inLanguage\":\"en-US\"},{\"@type\":\"Organization\",\"@id\":\"https:\\\/\\\/calmondivulgacoes.com.br\\\/#organization\",\"name\":\"Calmon Divulga\u00e7\u00f5es\",\"url\":\"https:\\\/\\\/calmondivulgacoes.com.br\\\/\",\"logo\":{\"@type\":\"ImageObject\",\"inLanguage\":\"en-US\",\"@id\":\"https:\\\/\\\/calmondivulgacoes.com.br\\\/#\\\/schema\\\/logo\\\/image\\\/\",\"url\":\"https:\\\/\\\/calmondivulgacoes.com.br\\\/wp-content\\\/uploads\\\/2026\\\/04\\\/cropped-WhatsApp_Image_2025-12-02_at_20.44.08-removebg-preview.png\",\"contentUrl\":\"https:\\\/\\\/calmondivulgacoes.com.br\\\/wp-content\\\/uploads\\\/2026\\\/04\\\/cropped-WhatsApp_Image_2025-12-02_at_20.44.08-removebg-preview.png\",\"width\":120,\"height\":120,\"caption\":\"Calmon Divulga\u00e7\u00f5es\"},\"image\":{\"@id\":\"https:\\\/\\\/calmondivulgacoes.com.br\\\/#\\\/schema\\\/logo\\\/image\\\/\"},\"sameAs\":[\"https:\\\/\\\/www.facebook.com\\\/calmondivulgacoes\",\"https:\\\/\\\/www.instagram.com\\\/calmondivulgacoes\\\/\"]},{\"@type\":\"Person\",\"@id\":\"https:\\\/\\\/calmondivulgacoes.com.br\\\/#\\\/schema\\\/person\\\/f51b6a75a3e31b01ea8f6fea23fc01fa\",\"name\":\"Calmon Divulga\u00e7\u00f5es\",\"image\":{\"@type\":\"ImageObject\",\"inLanguage\":\"en-US\",\"@id\":\"https:\\\/\\\/calmondivulgacoes.com.br\\\/wp-content\\\/litespeed\\\/avatar\\\/70d8f8af3b6e7945511481b97d22e67c.jpg?ver=1777223803\",\"url\":\"https:\\\/\\\/calmondivulgacoes.com.br\\\/wp-content\\\/litespeed\\\/avatar\\\/70d8f8af3b6e7945511481b97d22e67c.jpg?ver=1777223803\",\"contentUrl\":\"https:\\\/\\\/calmondivulgacoes.com.br\\\/wp-content\\\/litespeed\\\/avatar\\\/70d8f8af3b6e7945511481b97d22e67c.jpg?ver=1777223803\",\"caption\":\"Calmon Divulga\u00e7\u00f5es\"},\"sameAs\":[\"http:\\\/\\\/calmondivulgacoes.com.br\"],\"url\":\"https:\\\/\\\/calmondivulgacoes.com.br\\\/en\\\/autor\\\/calmondivulgacoesgmail-com\\\/\"}]}<\/script>\n<!-- \/ Yoast SEO plugin. -->","yoast_head_json":{"title":"Visita ao Col\u00e9gio Municipal de Ensino Fundamental II Clariezer Vicente dos Anjos, em Miguel Calmon 07\/04\/26 - Calmon Divulga\u00e7\u00f5es","robots":{"index":"index","follow":"follow","max-snippet":"max-snippet:-1","max-image-preview":"max-image-preview:large","max-video-preview":"max-video-preview:-1"},"canonical":"https:\/\/calmondivulgacoes.com.br\/en\/visita-ao-colegio-municipal-de-ensino-fundamental-ii-clariezer-vicente-dos-anjos-em-miguel-calmon-07-04-26\/","og_locale":"en_US","og_type":"article","og_title":"Visita ao Col\u00e9gio Municipal de Ensino Fundamental II Clariezer Vicente dos Anjos, em Miguel Calmon 07\/04\/26 - Calmon Divulga\u00e7\u00f5es","og_description":"A equipe da R\u00e1dio Canabrava FM 87.9, em parceria com o Calmon Divulga\u00e7\u00f5es, realizou uma visita ao Col\u00e9gio Municipal de Ensino Fundamental II Clariezer Vicente dos Anjos, em Miguel Calmon, com o objetivo de conhecer de perto o funcionamento e as a\u00e7\u00f5es desenvolvidas pela institui\u00e7\u00e3o. De acordo com o diretor Lucas Rios, a unidade atende [&hellip;]","og_url":"https:\/\/calmondivulgacoes.com.br\/en\/visita-ao-colegio-municipal-de-ensino-fundamental-ii-clariezer-vicente-dos-anjos-em-miguel-calmon-07-04-26\/","og_site_name":"Calmon Divulga\u00e7\u00f5es","article_publisher":"https:\/\/www.facebook.com\/calmondivulgacoes","article_published_time":"2026-04-13T01:33:51+00:00","article_modified_time":"2026-04-13T01:34:40+00:00","og_image":[{"width":1080,"height":1440,"url":"https:\/\/calmondivulgacoes.com.br\/wp-content\/uploads\/2026\/04\/660064296_18524403514073052_5515526924384055779_n.jpg","type":"image\/jpeg"}],"author":"Calmon Divulga\u00e7\u00f5es","twitter_card":"summary_large_image","twitter_misc":{"Written by":"Calmon Divulga\u00e7\u00f5es","Est. reading time":"2 minutes"},"schema":{"@context":"https:\/\/schema.org","@graph":[{"@type":"Article","@id":"https:\/\/calmondivulgacoes.com.br\/visita-ao-colegio-municipal-de-ensino-fundamental-ii-clariezer-vicente-dos-anjos-em-miguel-calmon-07-04-26\/#article","isPartOf":{"@id":"https:\/\/calmondivulgacoes.com.br\/visita-ao-colegio-municipal-de-ensino-fundamental-ii-clariezer-vicente-dos-anjos-em-miguel-calmon-07-04-26\/"},"author":{"name":"Calmon Divulga\u00e7\u00f5es","@id":"https:\/\/calmondivulgacoes.com.br\/#\/schema\/person\/f51b6a75a3e31b01ea8f6fea23fc01fa"},"headline":"Visita ao Col\u00e9gio Municipal de Ensino Fundamental II Clariezer Vicente dos Anjos, em Miguel Calmon 07\/04\/26","datePublished":"2026-04-13T01:33:51+00:00","dateModified":"2026-04-13T01:34:40+00:00","mainEntityOfPage":{"@id":"https:\/\/calmondivulgacoes.com.br\/visita-ao-colegio-municipal-de-ensino-fundamental-ii-clariezer-vicente-dos-anjos-em-miguel-calmon-07-04-26\/"},"wordCount":351,"publisher":{"@id":"https:\/\/calmondivulgacoes.com.br\/#organization"},"image":{"@id":"https:\/\/calmondivulgacoes.com.br\/visita-ao-colegio-municipal-de-ensino-fundamental-ii-clariezer-vicente-dos-anjos-em-miguel-calmon-07-04-26\/#primaryimage"},"thumbnailUrl":"https:\/\/calmondivulgacoes.com.br\/wp-content\/uploads\/2026\/04\/660064296_18524403514073052_5515526924384055779_n.jpg","articleSection":["Miguel Calmon"],"inLanguage":"en-US"},{"@type":"WebPage","@id":"https:\/\/calmondivulgacoes.com.br\/visita-ao-colegio-municipal-de-ensino-fundamental-ii-clariezer-vicente-dos-anjos-em-miguel-calmon-07-04-26\/","url":"https:\/\/calmondivulgacoes.com.br\/visita-ao-colegio-municipal-de-ensino-fundamental-ii-clariezer-vicente-dos-anjos-em-miguel-calmon-07-04-26\/","name":"Visita ao Col\u00e9gio Municipal de Ensino Fundamental II Clariezer Vicente dos Anjos, em Miguel Calmon 07\/04\/26 - Calmon Divulga\u00e7\u00f5es","isPartOf":{"@id":"https:\/\/calmondivulgacoes.com.br\/#website"},"primaryImageOfPage":{"@id":"https:\/\/calmondivulgacoes.com.br\/visita-ao-colegio-municipal-de-ensino-fundamental-ii-clariezer-vicente-dos-anjos-em-miguel-calmon-07-04-26\/#primaryimage"},"image":{"@id":"https:\/\/calmondivulgacoes.com.br\/visita-ao-colegio-municipal-de-ensino-fundamental-ii-clariezer-vicente-dos-anjos-em-miguel-calmon-07-04-26\/#primaryimage"},"thumbnailUrl":"https:\/\/calmondivulgacoes.com.br\/wp-content\/uploads\/2026\/04\/660064296_18524403514073052_5515526924384055779_n.jpg","datePublished":"2026-04-13T01:33:51+00:00","dateModified":"2026-04-13T01:34:40+00:00","breadcrumb":{"@id":"https:\/\/calmondivulgacoes.com.br\/visita-ao-colegio-municipal-de-ensino-fundamental-ii-clariezer-vicente-dos-anjos-em-miguel-calmon-07-04-26\/#breadcrumb"},"inLanguage":"en-US","potentialAction":[{"@type":"ReadAction","target":["https:\/\/calmondivulgacoes.com.br\/visita-ao-colegio-municipal-de-ensino-fundamental-ii-clariezer-vicente-dos-anjos-em-miguel-calmon-07-04-26\/"]}]},{"@type":"ImageObject","inLanguage":"en-US","@id":"https:\/\/calmondivulgacoes.com.br\/visita-ao-colegio-municipal-de-ensino-fundamental-ii-clariezer-vicente-dos-anjos-em-miguel-calmon-07-04-26\/#primaryimage","url":"https:\/\/calmondivulgacoes.com.br\/wp-content\/uploads\/2026\/04\/660064296_18524403514073052_5515526924384055779_n.jpg","contentUrl":"https:\/\/calmondivulgacoes.com.br\/wp-content\/uploads\/2026\/04\/660064296_18524403514073052_5515526924384055779_n.jpg","width":1080,"height":1440},{"@type":"BreadcrumbList","@id":"https:\/\/calmondivulgacoes.com.br\/visita-ao-colegio-municipal-de-ensino-fundamental-ii-clariezer-vicente-dos-anjos-em-miguel-calmon-07-04-26\/#breadcrumb","itemListElement":[{"@type":"ListItem","position":1,"name":"In\u00edcio","item":"https:\/\/calmondivulgacoes.com.br\/"},{"@type":"ListItem","position":2,"name":"Visita ao Col\u00e9gio Municipal de Ensino Fundamental II Clariezer Vicente dos Anjos, em Miguel Calmon 07\/04\/26"}]},{"@type":"WebSite","@id":"https:\/\/calmondivulgacoes.com.br\/#website","url":"https:\/\/calmondivulgacoes.com.br\/","name":"Calmon Divulga\u00e7\u00f5es","description":"e Not\u00edcias","publisher":{"@id":"https:\/\/calmondivulgacoes.com.br\/#organization"},"potentialAction":[{"@type":"SearchAction","target":{"@type":"EntryPoint","urlTemplate":"https:\/\/calmondivulgacoes.com.br\/?s={search_term_string}"},"query-input":{"@type":"PropertyValueSpecification","valueRequired":true,"valueName":"search_term_string"}}],"inLanguage":"en-US"},{"@type":"Organization","@id":"https:\/\/calmondivulgacoes.com.br\/#organization","name":"Calmon Divulga\u00e7\u00f5es","url":"https:\/\/calmondivulgacoes.com.br\/","logo":{"@type":"ImageObject","inLanguage":"en-US","@id":"https:\/\/calmondivulgacoes.com.br\/#\/schema\/logo\/image\/","url":"https:\/\/calmondivulgacoes.com.br\/wp-content\/uploads\/2026\/04\/cropped-WhatsApp_Image_2025-12-02_at_20.44.08-removebg-preview.png","contentUrl":"https:\/\/calmondivulgacoes.com.br\/wp-content\/uploads\/2026\/04\/cropped-WhatsApp_Image_2025-12-02_at_20.44.08-removebg-preview.png","width":120,"height":120,"caption":"Calmon Divulga\u00e7\u00f5es"},"image":{"@id":"https:\/\/calmondivulgacoes.com.br\/#\/schema\/logo\/image\/"},"sameAs":["https:\/\/www.facebook.com\/calmondivulgacoes","https:\/\/www.instagram.com\/calmondivulgacoes\/"]},{"@type":"Person","@id":"https:\/\/calmondivulgacoes.com.br\/#\/schema\/person\/f51b6a75a3e31b01ea8f6fea23fc01fa","name":"Calmon Divulga\u00e7\u00f5es","image":{"@type":"ImageObject","inLanguage":"en-US","@id":"https:\/\/calmondivulgacoes.com.br\/wp-content\/litespeed\/avatar\/70d8f8af3b6e7945511481b97d22e67c.jpg?ver=1777223803","url":"https:\/\/calmondivulgacoes.com.br\/wp-content\/litespeed\/avatar\/70d8f8af3b6e7945511481b97d22e67c.jpg?ver=1777223803","contentUrl":"https:\/\/calmondivulgacoes.com.br\/wp-content\/litespeed\/avatar\/70d8f8af3b6e7945511481b97d22e67c.jpg?ver=1777223803","caption":"Calmon Divulga\u00e7\u00f5es"},"sameAs":["http:\/\/calmondivulgacoes.com.br"],"url":"https:\/\/calmondivulgacoes.com.br\/en\/autor\/calmondivulgacoesgmail-com\/"}]}},"uagb_featured_image_src":{"full":["https:\/\/calmondivulgacoes.com.br\/wp-content\/uploads\/2026\/04\/660064296_18524403514073052_5515526924384055779_n.jpg",1080,1440,false],"thumbnail":["https:\/\/calmondivulgacoes.com.br\/wp-content\/uploads\/2026\/04\/660064296_18524403514073052_5515526924384055779_n-113x150.jpg",113,150,true],"medium":["https:\/\/calmondivulgacoes.com.br\/wp-content\/uploads\/2026\/04\/660064296_18524403514073052_5515526924384055779_n-225x300.jpg",225,300,true],"medium_large":["https:\/\/calmondivulgacoes.com.br\/wp-content\/uploads\/2026\/04\/660064296_18524403514073052_5515526924384055779_n-768x1024.jpg",640,853,true],"large":["https:\/\/calmondivulgacoes.com.br\/wp-content\/uploads\/2026\/04\/660064296_18524403514073052_5515526924384055779_n-768x1024.jpg",640,853,true],"1536x1536":["https:\/\/calmondivulgacoes.com.br\/wp-content\/uploads\/2026\/04\/660064296_18524403514073052_5515526924384055779_n.jpg",1080,1440,false],"2048x2048":["https:\/\/calmondivulgacoes.com.br\/wp-content\/uploads\/2026\/04\/660064296_18524403514073052_5515526924384055779_n.jpg",1080,1440,false],"trp-custom-language-flag":["https:\/\/calmondivulgacoes.com.br\/wp-content\/uploads\/2026\/04\/660064296_18524403514073052_5515526924384055779_n.jpg",9,12,false],"cvmm-medium":["https:\/\/calmondivulgacoes.com.br\/wp-content\/uploads\/2026\/04\/660064296_18524403514073052_5515526924384055779_n-300x300.jpg",300,300,true],"cvmm-medium-plus":["https:\/\/calmondivulgacoes.com.br\/wp-content\/uploads\/2026\/04\/660064296_18524403514073052_5515526924384055779_n-305x207.jpg",305,207,true],"cvmm-portrait":["https:\/\/calmondivulgacoes.com.br\/wp-content\/uploads\/2026\/04\/660064296_18524403514073052_5515526924384055779_n-400x600.jpg",400,600,true],"cvmm-medium-square":["https:\/\/calmondivulgacoes.com.br\/wp-content\/uploads\/2026\/04\/660064296_18524403514073052_5515526924384055779_n-600x600.jpg",600,600,true],"cvmm-large":["https:\/\/calmondivulgacoes.com.br\/wp-content\/uploads\/2026\/04\/660064296_18524403514073052_5515526924384055779_n-1024x1024.jpg",1024,1024,true],"cvmm-small":["https:\/\/calmondivulgacoes.com.br\/wp-content\/uploads\/2026\/04\/660064296_18524403514073052_5515526924384055779_n-130x95.jpg",130,95,true]},"uagb_author_info":{"display_name":"Calmon Divulga\u00e7\u00f5es","author_link":"https:\/\/calmondivulgacoes.com.br\/en\/autor\/calmondivulgacoesgmail-com\/"},"uagb_comment_info":0,"uagb_excerpt":"A equipe da R\u00e1dio Canabrava FM 87.9, em parceria com o Calmon Divulga\u00e7\u00f5es, realizou uma visita ao Col\u00e9gio Municipal de Ensino Fundamental II Clariezer Vicente dos Anjos, em Miguel Calmon, com o objetivo de conhecer de perto o funcionamento e as a\u00e7\u00f5es desenvolvidas pela institui\u00e7\u00e3o. De acordo com o diretor Lucas Rios, a unidade atende&hellip;","blog_post_layout_featured_media_urls":{"thumbnail":["https:\/\/calmondivulgacoes.com.br\/wp-content\/uploads\/2026\/04\/660064296_18524403514073052_5515526924384055779_n-113x150.jpg",113,150,true],"full":["https:\/\/calmondivulgacoes.com.br\/wp-content\/uploads\/2026\/04\/660064296_18524403514073052_5515526924384055779_n.jpg",1080,1440,false]},"categories_names":{"40":{"name":"Miguel Calmon","link":"https:\/\/calmondivulgacoes.com.br\/en\/category\/miguel-calmon\/"}},"tags_names":[],"comments_number":"0","wpmagazine_modules_lite_featured_media_urls":{"thumbnail":["https:\/\/calmondivulgacoes.com.br\/wp-content\/uploads\/2026\/04\/660064296_18524403514073052_5515526924384055779_n-113x150.jpg",113,150,true],"cvmm-medium":["https:\/\/calmondivulgacoes.com.br\/wp-content\/uploads\/2026\/04\/660064296_18524403514073052_5515526924384055779_n-300x300.jpg",300,300,true],"cvmm-medium-plus":["https:\/\/calmondivulgacoes.com.br\/wp-content\/uploads\/2026\/04\/660064296_18524403514073052_5515526924384055779_n-305x207.jpg",305,207,true],"cvmm-portrait":["https:\/\/calmondivulgacoes.com.br\/wp-content\/uploads\/2026\/04\/660064296_18524403514073052_5515526924384055779_n-400x600.jpg",400,600,true],"cvmm-medium-square":["https:\/\/calmondivulgacoes.com.br\/wp-content\/uploads\/2026\/04\/660064296_18524403514073052_5515526924384055779_n-600x600.jpg",600,600,true],"cvmm-large":["https:\/\/calmondivulgacoes.com.br\/wp-content\/uploads\/2026\/04\/660064296_18524403514073052_5515526924384055779_n-1024x1024.jpg",1024,1024,true],"cvmm-small":["https:\/\/calmondivulgacoes.com.br\/wp-content\/uploads\/2026\/04\/660064296_18524403514073052_5515526924384055779_n-130x95.jpg",130,95,true],"full":["https:\/\/calmondivulgacoes.com.br\/wp-content\/uploads\/2026\/04\/660064296_18524403514073052_5515526924384055779_n.jpg",1080,1440,false]},"_links":{"self":[{"href":"https:\/\/calmondivulgacoes.com.br\/en\/wp-json\/wp\/v2\/posts\/2971","targetHints":{"allow":["GET"]}}],"collection":[{"href":"https:\/\/calmondivulgacoes.com.br\/en\/wp-json\/wp\/v2\/posts"}],"about":[{"href":"https:\/\/calmondivulgacoes.com.br\/en\/wp-json\/wp\/v2\/types\/post"}],"author":[{"embeddable":true,"href":"https:\/\/calmondivulgacoes.com.br\/en\/wp-json\/wp\/v2\/users\/1"}],"replies":[{"embeddable":true,"href":"https:\/\/calmondivulgacoes.com.br\/en\/wp-json\/wp\/v2\/comments?post=2971"}],"version-history":[{"count":2,"href":"https:\/\/calmondivulgacoes.com.br\/en\/wp-json\/wp\/v2\/posts\/2971\/revisions"}],"predecessor-version":[{"id":2980,"href":"https:\/\/calmondivulgacoes.com.br\/en\/wp-json\/wp\/v2\/posts\/2971\/revisions\/2980"}],"wp:featuredmedia":[{"embeddable":true,"href":"https:\/\/calmondivulgacoes.com.br\/en\/wp-json\/wp\/v2\/media\/2977"}],"wp:attachment":[{"href":"https:\/\/calmondivulgacoes.com.br\/en\/wp-json\/wp\/v2\/media?parent=2971"}],"wp:term":[{"taxonomy":"category","embeddable":true,"href":"https:\/\/calmondivulgacoes.com.br\/en\/wp-json\/wp\/v2\/categories?post=2971"},{"taxonomy":"post_tag","embeddable":true,"href":"https:\/\/calmondivulgacoes.com.br\/en\/wp-json\/wp\/v2\/tags?post=2971"}],"curies":[{"name":"wp","href":"https:\/\/api.w.org\/{rel}","templated":true}]}}