{"id":2957,"date":"2026-04-12T22:18:53","date_gmt":"2026-04-13T01:18:53","guid":{"rendered":"https:\/\/calmondivulgacoes.com.br\/?p=2957"},"modified":"2026-04-12T22:18:56","modified_gmt":"2026-04-13T01:18:56","slug":"hilda-santos-requiao-e-homenageada-em-sessao-especial-da-camara-de-miguel-calmon","status":"publish","type":"post","link":"https:\/\/calmondivulgacoes.com.br\/en\/hilda-santos-requiao-e-homenageada-em-sessao-especial-da-camara-de-miguel-calmon\/","title":{"rendered":"Hilda\u00a0Santos Requi\u00e3o \u00e9 homenageada em sess\u00e3o especial da C\u00e2mara de Miguel Calmon"},"content":{"rendered":"<figure class=\"wp-block-image size-full\"><img fetchpriority=\"high\" decoding=\"async\" width=\"452\" height=\"382\" src=\"https:\/\/calmondivulgacoes.com.br\/wp-content\/uploads\/2026\/04\/a7c3676b-094e-4421-8654-b25b2ff12a3f.jpeg\" alt=\"\" class=\"wp-image-2958\" srcset=\"https:\/\/calmondivulgacoes.com.br\/wp-content\/uploads\/2026\/04\/a7c3676b-094e-4421-8654-b25b2ff12a3f.jpeg 452w, https:\/\/calmondivulgacoes.com.br\/wp-content\/uploads\/2026\/04\/a7c3676b-094e-4421-8654-b25b2ff12a3f-300x254.jpeg 300w, https:\/\/calmondivulgacoes.com.br\/wp-content\/uploads\/2026\/04\/a7c3676b-094e-4421-8654-b25b2ff12a3f-150x127.jpeg 150w\" sizes=\"(max-width: 452px) 100vw, 452px\" \/><\/figure>\n\n\n\n<p>Na noite desta ter\u00e7a-feira,&nbsp;<strong>07 de abril de 2026<\/strong>, a C\u00e2mara Municipal de Vereadores de Miguel Calmon realizou uma&nbsp;<strong>Sess\u00e3o Ordin\u00e1ria Especial em homenagem ao Dia Internacional das Mulheres<\/strong>, reunindo autoridades, convidados e a comunidade no plen\u00e1rio da Casa Legislativa.<\/p>\n\n\n\n<p>Entre as homenageadas da noite, a senhora&nbsp;<strong>Hilda&nbsp;Santos Requi\u00e3o<\/strong>&nbsp;recebeu uma placa de reconhecimento&nbsp;<strong>pelos servi\u00e7os prestados<\/strong>, conforme registrado na honraria entregue pelo Legislativo Municipal.&nbsp;<\/p>\n\n\n\n<p><strong>Hilda&nbsp;foi&nbsp;vice-prefeita, vereadora, \u00fanica vereadora&nbsp;<\/strong><strong>mulher p<\/strong><strong>residente da C\u00e2mara e uma excelente professora.&nbsp;<\/strong><\/p>\n\n\n\n<p>A homenagem destacou a trajet\u00f3ria, a dedica\u00e7\u00e3o e a importante contribui\u00e7\u00e3o de&nbsp;Hilda&nbsp;para a sociedade calmonense, em um momento marcado pela valoriza\u00e7\u00e3o do papel das mulheres e pelo reconhecimento de hist\u00f3rias que fazem a diferen\u00e7a no munic\u00edpio.<\/p>\n\n\n\n<p>A sess\u00e3o especial teve como objetivo celebrar a for\u00e7a, a representatividade e o impacto das mulheres em Miguel Calmon, ressaltando nomes que contribuem para o desenvolvimento social e humano da cidade.<\/p>\n\n\n\n<p>A iniciativa refor\u00e7a o compromisso da C\u00e2mara Municipal em reconhecer personalidades que deixam sua marca na hist\u00f3ria local.<\/p>\n\n\n\n<figure class=\"wp-block-image size-full\"><img decoding=\"async\" width=\"909\" height=\"571\" src=\"https:\/\/calmondivulgacoes.com.br\/wp-content\/uploads\/2026\/04\/hilda2.png\" alt=\"\" class=\"wp-image-2959\" srcset=\"https:\/\/calmondivulgacoes.com.br\/wp-content\/uploads\/2026\/04\/hilda2.png 909w, https:\/\/calmondivulgacoes.com.br\/wp-content\/uploads\/2026\/04\/hilda2-300x188.png 300w, https:\/\/calmondivulgacoes.com.br\/wp-content\/uploads\/2026\/04\/hilda2-150x94.png 150w, https:\/\/calmondivulgacoes.com.br\/wp-content\/uploads\/2026\/04\/hilda2-768x482.png 768w\" sizes=\"(max-width: 909px) 100vw, 909px\" \/><\/figure>\n\n\n\n<figure class=\"wp-block-image size-large\"><img decoding=\"async\" width=\"473\" height=\"1024\" src=\"https:\/\/calmondivulgacoes.com.br\/wp-content\/uploads\/2026\/04\/IMG_3227-473x1024.png\" alt=\"\" class=\"wp-image-2960\" srcset=\"https:\/\/calmondivulgacoes.com.br\/wp-content\/uploads\/2026\/04\/IMG_3227-473x1024.png 473w, https:\/\/calmondivulgacoes.com.br\/wp-content\/uploads\/2026\/04\/IMG_3227-139x300.png 139w, https:\/\/calmondivulgacoes.com.br\/wp-content\/uploads\/2026\/04\/IMG_3227-69x150.png 69w, https:\/\/calmondivulgacoes.com.br\/wp-content\/uploads\/2026\/04\/IMG_3227-768x1662.png 768w, https:\/\/calmondivulgacoes.com.br\/wp-content\/uploads\/2026\/04\/IMG_3227-710x1536.png 710w, https:\/\/calmondivulgacoes.com.br\/wp-content\/uploads\/2026\/04\/IMG_3227-946x2048.png 946w, https:\/\/calmondivulgacoes.com.br\/wp-content\/uploads\/2026\/04\/IMG_3227.png 1170w\" sizes=\"(max-width: 473px) 100vw, 473px\" \/><\/figure>","protected":false},"excerpt":{"rendered":"<p>Na noite desta ter\u00e7a-feira,&nbsp;07 de abril de 2026, a C\u00e2mara Municipal de Vereadores de Miguel Calmon realizou uma&nbsp;Sess\u00e3o Ordin\u00e1ria Especial em homenagem ao Dia Internacional das Mulheres, reunindo autoridades, convidados e a comunidade no plen\u00e1rio da Casa Legislativa. Entre as homenageadas da noite, a senhora&nbsp;Hilda&nbsp;Santos Requi\u00e3o&nbsp;recebeu uma placa de reconhecimento&nbsp;pelos servi\u00e7os prestados, conforme registrado na [&hellip;]<\/p>\n","protected":false},"author":1,"featured_media":2960,"comment_status":"closed","ping_status":"closed","sticky":false,"template":"","format":"standard","meta":{"_uag_custom_page_level_css":"","_monsterinsights_skip_tracking":false,"_monsterinsights_sitenote_active":false,"_monsterinsights_sitenote_note":"","_monsterinsights_sitenote_category":0,"maa_idioma":"","maa_pais":"","footnotes":""},"categories":[40],"tags":[],"class_list":["post-2957","post","type-post","status-publish","format-standard","has-post-thumbnail","hentry","category-miguel-calmon"],"yoast_head":"<!-- This site is optimized with the Yoast SEO plugin v27.4 - https:\/\/yoast.com\/product\/yoast-seo-wordpress\/ -->\n<title>Hilda\u00a0Santos Requi\u00e3o \u00e9 homenageada em sess\u00e3o especial da C\u00e2mara de Miguel Calmon - Calmon Divulga\u00e7\u00f5es<\/title>\n<meta name=\"robots\" content=\"index, follow, max-snippet:-1, max-image-preview:large, max-video-preview:-1\" \/>\n<link rel=\"canonical\" href=\"https:\/\/calmondivulgacoes.com.br\/en\/hilda-santos-requiao-e-homenageada-em-sessao-especial-da-camara-de-miguel-calmon\/\" \/>\n<meta property=\"og:locale\" content=\"en_US\" \/>\n<meta property=\"og:type\" content=\"article\" \/>\n<meta property=\"og:title\" content=\"Hilda\u00a0Santos Requi\u00e3o \u00e9 homenageada em sess\u00e3o especial da C\u00e2mara de Miguel Calmon - Calmon Divulga\u00e7\u00f5es\" \/>\n<meta property=\"og:description\" content=\"Na noite desta ter\u00e7a-feira,&nbsp;07 de abril de 2026, a C\u00e2mara Municipal de Vereadores de Miguel Calmon realizou uma&nbsp;Sess\u00e3o Ordin\u00e1ria Especial em homenagem ao Dia Internacional das Mulheres, reunindo autoridades, convidados e a comunidade no plen\u00e1rio da Casa Legislativa. Entre as homenageadas da noite, a senhora&nbsp;Hilda&nbsp;Santos Requi\u00e3o&nbsp;recebeu uma placa de reconhecimento&nbsp;pelos servi\u00e7os prestados, conforme registrado na [&hellip;]\" \/>\n<meta property=\"og:url\" content=\"https:\/\/calmondivulgacoes.com.br\/en\/hilda-santos-requiao-e-homenageada-em-sessao-especial-da-camara-de-miguel-calmon\/\" \/>\n<meta property=\"og:site_name\" content=\"Calmon Divulga\u00e7\u00f5es\" \/>\n<meta property=\"article:publisher\" content=\"https:\/\/www.facebook.com\/calmondivulgacoes\" \/>\n<meta property=\"article:published_time\" content=\"2026-04-13T01:18:53+00:00\" \/>\n<meta property=\"article:modified_time\" content=\"2026-04-13T01:18:56+00:00\" \/>\n<meta property=\"og:image\" content=\"https:\/\/calmondivulgacoes.com.br\/wp-content\/uploads\/2026\/04\/IMG_3227-473x1024.png\" \/>\n\t<meta property=\"og:image:width\" content=\"473\" \/>\n\t<meta property=\"og:image:height\" content=\"1024\" \/>\n\t<meta property=\"og:image:type\" content=\"image\/png\" \/>\n<meta name=\"author\" content=\"Calmon Divulga\u00e7\u00f5es\" \/>\n<meta name=\"twitter:card\" content=\"summary_large_image\" \/>\n<meta name=\"twitter:label1\" content=\"Written by\" \/>\n\t<meta name=\"twitter:data1\" content=\"Calmon Divulga\u00e7\u00f5es\" \/>\n\t<meta name=\"twitter:label2\" content=\"Est. reading time\" \/>\n\t<meta name=\"twitter:data2\" content=\"1 minute\" \/>\n<script type=\"application\/ld+json\" class=\"yoast-schema-graph\">{\"@context\":\"https:\\\/\\\/schema.org\",\"@graph\":[{\"@type\":\"Article\",\"@id\":\"https:\\\/\\\/calmondivulgacoes.com.br\\\/hilda-santos-requiao-e-homenageada-em-sessao-especial-da-camara-de-miguel-calmon\\\/#article\",\"isPartOf\":{\"@id\":\"https:\\\/\\\/calmondivulgacoes.com.br\\\/hilda-santos-requiao-e-homenageada-em-sessao-especial-da-camara-de-miguel-calmon\\\/\"},\"author\":{\"name\":\"Calmon Divulga\u00e7\u00f5es\",\"@id\":\"https:\\\/\\\/calmondivulgacoes.com.br\\\/#\\\/schema\\\/person\\\/f51b6a75a3e31b01ea8f6fea23fc01fa\"},\"headline\":\"Hilda\u00a0Santos Requi\u00e3o \u00e9 homenageada em sess\u00e3o especial da C\u00e2mara de Miguel Calmon\",\"datePublished\":\"2026-04-13T01:18:53+00:00\",\"dateModified\":\"2026-04-13T01:18:56+00:00\",\"mainEntityOfPage\":{\"@id\":\"https:\\\/\\\/calmondivulgacoes.com.br\\\/hilda-santos-requiao-e-homenageada-em-sessao-especial-da-camara-de-miguel-calmon\\\/\"},\"wordCount\":214,\"publisher\":{\"@id\":\"https:\\\/\\\/calmondivulgacoes.com.br\\\/#organization\"},\"image\":{\"@id\":\"https:\\\/\\\/calmondivulgacoes.com.br\\\/hilda-santos-requiao-e-homenageada-em-sessao-especial-da-camara-de-miguel-calmon\\\/#primaryimage\"},\"thumbnailUrl\":\"https:\\\/\\\/calmondivulgacoes.com.br\\\/wp-content\\\/uploads\\\/2026\\\/04\\\/IMG_3227.png\",\"articleSection\":[\"Miguel Calmon\"],\"inLanguage\":\"en-US\"},{\"@type\":\"WebPage\",\"@id\":\"https:\\\/\\\/calmondivulgacoes.com.br\\\/hilda-santos-requiao-e-homenageada-em-sessao-especial-da-camara-de-miguel-calmon\\\/\",\"url\":\"https:\\\/\\\/calmondivulgacoes.com.br\\\/hilda-santos-requiao-e-homenageada-em-sessao-especial-da-camara-de-miguel-calmon\\\/\",\"name\":\"Hilda\u00a0Santos Requi\u00e3o \u00e9 homenageada em sess\u00e3o especial da C\u00e2mara de Miguel Calmon - Calmon Divulga\u00e7\u00f5es\",\"isPartOf\":{\"@id\":\"https:\\\/\\\/calmondivulgacoes.com.br\\\/#website\"},\"primaryImageOfPage\":{\"@id\":\"https:\\\/\\\/calmondivulgacoes.com.br\\\/hilda-santos-requiao-e-homenageada-em-sessao-especial-da-camara-de-miguel-calmon\\\/#primaryimage\"},\"image\":{\"@id\":\"https:\\\/\\\/calmondivulgacoes.com.br\\\/hilda-santos-requiao-e-homenageada-em-sessao-especial-da-camara-de-miguel-calmon\\\/#primaryimage\"},\"thumbnailUrl\":\"https:\\\/\\\/calmondivulgacoes.com.br\\\/wp-content\\\/uploads\\\/2026\\\/04\\\/IMG_3227.png\",\"datePublished\":\"2026-04-13T01:18:53+00:00\",\"dateModified\":\"2026-04-13T01:18:56+00:00\",\"breadcrumb\":{\"@id\":\"https:\\\/\\\/calmondivulgacoes.com.br\\\/hilda-santos-requiao-e-homenageada-em-sessao-especial-da-camara-de-miguel-calmon\\\/#breadcrumb\"},\"inLanguage\":\"en-US\",\"potentialAction\":[{\"@type\":\"ReadAction\",\"target\":[\"https:\\\/\\\/calmondivulgacoes.com.br\\\/hilda-santos-requiao-e-homenageada-em-sessao-especial-da-camara-de-miguel-calmon\\\/\"]}]},{\"@type\":\"ImageObject\",\"inLanguage\":\"en-US\",\"@id\":\"https:\\\/\\\/calmondivulgacoes.com.br\\\/hilda-santos-requiao-e-homenageada-em-sessao-especial-da-camara-de-miguel-calmon\\\/#primaryimage\",\"url\":\"https:\\\/\\\/calmondivulgacoes.com.br\\\/wp-content\\\/uploads\\\/2026\\\/04\\\/IMG_3227.png\",\"contentUrl\":\"https:\\\/\\\/calmondivulgacoes.com.br\\\/wp-content\\\/uploads\\\/2026\\\/04\\\/IMG_3227.png\",\"width\":1170,\"height\":2532},{\"@type\":\"BreadcrumbList\",\"@id\":\"https:\\\/\\\/calmondivulgacoes.com.br\\\/hilda-santos-requiao-e-homenageada-em-sessao-especial-da-camara-de-miguel-calmon\\\/#breadcrumb\",\"itemListElement\":[{\"@type\":\"ListItem\",\"position\":1,\"name\":\"In\u00edcio\",\"item\":\"https:\\\/\\\/calmondivulgacoes.com.br\\\/\"},{\"@type\":\"ListItem\",\"position\":2,\"name\":\"Hilda\u00a0Santos Requi\u00e3o \u00e9 homenageada em sess\u00e3o especial da C\u00e2mara de Miguel Calmon\"}]},{\"@type\":\"WebSite\",\"@id\":\"https:\\\/\\\/calmondivulgacoes.com.br\\\/#website\",\"url\":\"https:\\\/\\\/calmondivulgacoes.com.br\\\/\",\"name\":\"Calmon Divulga\u00e7\u00f5es\",\"description\":\"e Not\u00edcias\",\"publisher\":{\"@id\":\"https:\\\/\\\/calmondivulgacoes.com.br\\\/#organization\"},\"potentialAction\":[{\"@type\":\"SearchAction\",\"target\":{\"@type\":\"EntryPoint\",\"urlTemplate\":\"https:\\\/\\\/calmondivulgacoes.com.br\\\/?s={search_term_string}\"},\"query-input\":{\"@type\":\"PropertyValueSpecification\",\"valueRequired\":true,\"valueName\":\"search_term_string\"}}],\"inLanguage\":\"en-US\"},{\"@type\":\"Organization\",\"@id\":\"https:\\\/\\\/calmondivulgacoes.com.br\\\/#organization\",\"name\":\"Calmon Divulga\u00e7\u00f5es\",\"url\":\"https:\\\/\\\/calmondivulgacoes.com.br\\\/\",\"logo\":{\"@type\":\"ImageObject\",\"inLanguage\":\"en-US\",\"@id\":\"https:\\\/\\\/calmondivulgacoes.com.br\\\/#\\\/schema\\\/logo\\\/image\\\/\",\"url\":\"https:\\\/\\\/calmondivulgacoes.com.br\\\/wp-content\\\/uploads\\\/2026\\\/04\\\/cropped-WhatsApp_Image_2025-12-02_at_20.44.08-removebg-preview.png\",\"contentUrl\":\"https:\\\/\\\/calmondivulgacoes.com.br\\\/wp-content\\\/uploads\\\/2026\\\/04\\\/cropped-WhatsApp_Image_2025-12-02_at_20.44.08-removebg-preview.png\",\"width\":120,\"height\":120,\"caption\":\"Calmon Divulga\u00e7\u00f5es\"},\"image\":{\"@id\":\"https:\\\/\\\/calmondivulgacoes.com.br\\\/#\\\/schema\\\/logo\\\/image\\\/\"},\"sameAs\":[\"https:\\\/\\\/www.facebook.com\\\/calmondivulgacoes\",\"https:\\\/\\\/www.instagram.com\\\/calmondivulgacoes\\\/\"]},{\"@type\":\"Person\",\"@id\":\"https:\\\/\\\/calmondivulgacoes.com.br\\\/#\\\/schema\\\/person\\\/f51b6a75a3e31b01ea8f6fea23fc01fa\",\"name\":\"Calmon Divulga\u00e7\u00f5es\",\"image\":{\"@type\":\"ImageObject\",\"inLanguage\":\"en-US\",\"@id\":\"https:\\\/\\\/calmondivulgacoes.com.br\\\/wp-content\\\/litespeed\\\/avatar\\\/70d8f8af3b6e7945511481b97d22e67c.jpg?ver=1777223803\",\"url\":\"https:\\\/\\\/calmondivulgacoes.com.br\\\/wp-content\\\/litespeed\\\/avatar\\\/70d8f8af3b6e7945511481b97d22e67c.jpg?ver=1777223803\",\"contentUrl\":\"https:\\\/\\\/calmondivulgacoes.com.br\\\/wp-content\\\/litespeed\\\/avatar\\\/70d8f8af3b6e7945511481b97d22e67c.jpg?ver=1777223803\",\"caption\":\"Calmon Divulga\u00e7\u00f5es\"},\"sameAs\":[\"http:\\\/\\\/calmondivulgacoes.com.br\"],\"url\":\"https:\\\/\\\/calmondivulgacoes.com.br\\\/en\\\/autor\\\/calmondivulgacoesgmail-com\\\/\"}]}<\/script>\n<!-- \/ Yoast SEO plugin. -->","yoast_head_json":{"title":"Hilda\u00a0Santos Requi\u00e3o \u00e9 homenageada em sess\u00e3o especial da C\u00e2mara de Miguel Calmon - Calmon Divulga\u00e7\u00f5es","robots":{"index":"index","follow":"follow","max-snippet":"max-snippet:-1","max-image-preview":"max-image-preview:large","max-video-preview":"max-video-preview:-1"},"canonical":"https:\/\/calmondivulgacoes.com.br\/en\/hilda-santos-requiao-e-homenageada-em-sessao-especial-da-camara-de-miguel-calmon\/","og_locale":"en_US","og_type":"article","og_title":"Hilda\u00a0Santos Requi\u00e3o \u00e9 homenageada em sess\u00e3o especial da C\u00e2mara de Miguel Calmon - Calmon Divulga\u00e7\u00f5es","og_description":"Na noite desta ter\u00e7a-feira,&nbsp;07 de abril de 2026, a C\u00e2mara Municipal de Vereadores de Miguel Calmon realizou uma&nbsp;Sess\u00e3o Ordin\u00e1ria Especial em homenagem ao Dia Internacional das Mulheres, reunindo autoridades, convidados e a comunidade no plen\u00e1rio da Casa Legislativa. Entre as homenageadas da noite, a senhora&nbsp;Hilda&nbsp;Santos Requi\u00e3o&nbsp;recebeu uma placa de reconhecimento&nbsp;pelos servi\u00e7os prestados, conforme registrado na [&hellip;]","og_url":"https:\/\/calmondivulgacoes.com.br\/en\/hilda-santos-requiao-e-homenageada-em-sessao-especial-da-camara-de-miguel-calmon\/","og_site_name":"Calmon Divulga\u00e7\u00f5es","article_publisher":"https:\/\/www.facebook.com\/calmondivulgacoes","article_published_time":"2026-04-13T01:18:53+00:00","article_modified_time":"2026-04-13T01:18:56+00:00","og_image":[{"width":473,"height":1024,"url":"https:\/\/calmondivulgacoes.com.br\/wp-content\/uploads\/2026\/04\/IMG_3227-473x1024.png","type":"image\/png"}],"author":"Calmon Divulga\u00e7\u00f5es","twitter_card":"summary_large_image","twitter_misc":{"Written by":"Calmon Divulga\u00e7\u00f5es","Est. reading time":"1 minute"},"schema":{"@context":"https:\/\/schema.org","@graph":[{"@type":"Article","@id":"https:\/\/calmondivulgacoes.com.br\/hilda-santos-requiao-e-homenageada-em-sessao-especial-da-camara-de-miguel-calmon\/#article","isPartOf":{"@id":"https:\/\/calmondivulgacoes.com.br\/hilda-santos-requiao-e-homenageada-em-sessao-especial-da-camara-de-miguel-calmon\/"},"author":{"name":"Calmon Divulga\u00e7\u00f5es","@id":"https:\/\/calmondivulgacoes.com.br\/#\/schema\/person\/f51b6a75a3e31b01ea8f6fea23fc01fa"},"headline":"Hilda\u00a0Santos Requi\u00e3o \u00e9 homenageada em sess\u00e3o especial da C\u00e2mara de Miguel Calmon","datePublished":"2026-04-13T01:18:53+00:00","dateModified":"2026-04-13T01:18:56+00:00","mainEntityOfPage":{"@id":"https:\/\/calmondivulgacoes.com.br\/hilda-santos-requiao-e-homenageada-em-sessao-especial-da-camara-de-miguel-calmon\/"},"wordCount":214,"publisher":{"@id":"https:\/\/calmondivulgacoes.com.br\/#organization"},"image":{"@id":"https:\/\/calmondivulgacoes.com.br\/hilda-santos-requiao-e-homenageada-em-sessao-especial-da-camara-de-miguel-calmon\/#primaryimage"},"thumbnailUrl":"https:\/\/calmondivulgacoes.com.br\/wp-content\/uploads\/2026\/04\/IMG_3227.png","articleSection":["Miguel Calmon"],"inLanguage":"en-US"},{"@type":"WebPage","@id":"https:\/\/calmondivulgacoes.com.br\/hilda-santos-requiao-e-homenageada-em-sessao-especial-da-camara-de-miguel-calmon\/","url":"https:\/\/calmondivulgacoes.com.br\/hilda-santos-requiao-e-homenageada-em-sessao-especial-da-camara-de-miguel-calmon\/","name":"Hilda\u00a0Santos Requi\u00e3o \u00e9 homenageada em sess\u00e3o especial da C\u00e2mara de Miguel Calmon - Calmon Divulga\u00e7\u00f5es","isPartOf":{"@id":"https:\/\/calmondivulgacoes.com.br\/#website"},"primaryImageOfPage":{"@id":"https:\/\/calmondivulgacoes.com.br\/hilda-santos-requiao-e-homenageada-em-sessao-especial-da-camara-de-miguel-calmon\/#primaryimage"},"image":{"@id":"https:\/\/calmondivulgacoes.com.br\/hilda-santos-requiao-e-homenageada-em-sessao-especial-da-camara-de-miguel-calmon\/#primaryimage"},"thumbnailUrl":"https:\/\/calmondivulgacoes.com.br\/wp-content\/uploads\/2026\/04\/IMG_3227.png","datePublished":"2026-04-13T01:18:53+00:00","dateModified":"2026-04-13T01:18:56+00:00","breadcrumb":{"@id":"https:\/\/calmondivulgacoes.com.br\/hilda-santos-requiao-e-homenageada-em-sessao-especial-da-camara-de-miguel-calmon\/#breadcrumb"},"inLanguage":"en-US","potentialAction":[{"@type":"ReadAction","target":["https:\/\/calmondivulgacoes.com.br\/hilda-santos-requiao-e-homenageada-em-sessao-especial-da-camara-de-miguel-calmon\/"]}]},{"@type":"ImageObject","inLanguage":"en-US","@id":"https:\/\/calmondivulgacoes.com.br\/hilda-santos-requiao-e-homenageada-em-sessao-especial-da-camara-de-miguel-calmon\/#primaryimage","url":"https:\/\/calmondivulgacoes.com.br\/wp-content\/uploads\/2026\/04\/IMG_3227.png","contentUrl":"https:\/\/calmondivulgacoes.com.br\/wp-content\/uploads\/2026\/04\/IMG_3227.png","width":1170,"height":2532},{"@type":"BreadcrumbList","@id":"https:\/\/calmondivulgacoes.com.br\/hilda-santos-requiao-e-homenageada-em-sessao-especial-da-camara-de-miguel-calmon\/#breadcrumb","itemListElement":[{"@type":"ListItem","position":1,"name":"In\u00edcio","item":"https:\/\/calmondivulgacoes.com.br\/"},{"@type":"ListItem","position":2,"name":"Hilda\u00a0Santos Requi\u00e3o \u00e9 homenageada em sess\u00e3o especial da C\u00e2mara de Miguel Calmon"}]},{"@type":"WebSite","@id":"https:\/\/calmondivulgacoes.com.br\/#website","url":"https:\/\/calmondivulgacoes.com.br\/","name":"Calmon Divulga\u00e7\u00f5es","description":"e Not\u00edcias","publisher":{"@id":"https:\/\/calmondivulgacoes.com.br\/#organization"},"potentialAction":[{"@type":"SearchAction","target":{"@type":"EntryPoint","urlTemplate":"https:\/\/calmondivulgacoes.com.br\/?s={search_term_string}"},"query-input":{"@type":"PropertyValueSpecification","valueRequired":true,"valueName":"search_term_string"}}],"inLanguage":"en-US"},{"@type":"Organization","@id":"https:\/\/calmondivulgacoes.com.br\/#organization","name":"Calmon Divulga\u00e7\u00f5es","url":"https:\/\/calmondivulgacoes.com.br\/","logo":{"@type":"ImageObject","inLanguage":"en-US","@id":"https:\/\/calmondivulgacoes.com.br\/#\/schema\/logo\/image\/","url":"https:\/\/calmondivulgacoes.com.br\/wp-content\/uploads\/2026\/04\/cropped-WhatsApp_Image_2025-12-02_at_20.44.08-removebg-preview.png","contentUrl":"https:\/\/calmondivulgacoes.com.br\/wp-content\/uploads\/2026\/04\/cropped-WhatsApp_Image_2025-12-02_at_20.44.08-removebg-preview.png","width":120,"height":120,"caption":"Calmon Divulga\u00e7\u00f5es"},"image":{"@id":"https:\/\/calmondivulgacoes.com.br\/#\/schema\/logo\/image\/"},"sameAs":["https:\/\/www.facebook.com\/calmondivulgacoes","https:\/\/www.instagram.com\/calmondivulgacoes\/"]},{"@type":"Person","@id":"https:\/\/calmondivulgacoes.com.br\/#\/schema\/person\/f51b6a75a3e31b01ea8f6fea23fc01fa","name":"Calmon Divulga\u00e7\u00f5es","image":{"@type":"ImageObject","inLanguage":"en-US","@id":"https:\/\/calmondivulgacoes.com.br\/wp-content\/litespeed\/avatar\/70d8f8af3b6e7945511481b97d22e67c.jpg?ver=1777223803","url":"https:\/\/calmondivulgacoes.com.br\/wp-content\/litespeed\/avatar\/70d8f8af3b6e7945511481b97d22e67c.jpg?ver=1777223803","contentUrl":"https:\/\/calmondivulgacoes.com.br\/wp-content\/litespeed\/avatar\/70d8f8af3b6e7945511481b97d22e67c.jpg?ver=1777223803","caption":"Calmon Divulga\u00e7\u00f5es"},"sameAs":["http:\/\/calmondivulgacoes.com.br"],"url":"https:\/\/calmondivulgacoes.com.br\/en\/autor\/calmondivulgacoesgmail-com\/"}]}},"uagb_featured_image_src":{"full":["https:\/\/calmondivulgacoes.com.br\/wp-content\/uploads\/2026\/04\/IMG_3227.png",1170,2532,false],"thumbnail":["https:\/\/calmondivulgacoes.com.br\/wp-content\/uploads\/2026\/04\/IMG_3227-69x150.png",69,150,true],"medium":["https:\/\/calmondivulgacoes.com.br\/wp-content\/uploads\/2026\/04\/IMG_3227-139x300.png",139,300,true],"medium_large":["https:\/\/calmondivulgacoes.com.br\/wp-content\/uploads\/2026\/04\/IMG_3227-768x1662.png",640,1385,true],"large":["https:\/\/calmondivulgacoes.com.br\/wp-content\/uploads\/2026\/04\/IMG_3227-473x1024.png",473,1024,true],"1536x1536":["https:\/\/calmondivulgacoes.com.br\/wp-content\/uploads\/2026\/04\/IMG_3227-710x1536.png",710,1536,true],"2048x2048":["https:\/\/calmondivulgacoes.com.br\/wp-content\/uploads\/2026\/04\/IMG_3227-946x2048.png",946,2048,true],"trp-custom-language-flag":["https:\/\/calmondivulgacoes.com.br\/wp-content\/uploads\/2026\/04\/IMG_3227.png",6,12,false],"cvmm-medium":["https:\/\/calmondivulgacoes.com.br\/wp-content\/uploads\/2026\/04\/IMG_3227-300x300.png",300,300,true],"cvmm-medium-plus":["https:\/\/calmondivulgacoes.com.br\/wp-content\/uploads\/2026\/04\/IMG_3227-305x207.png",305,207,true],"cvmm-portrait":["https:\/\/calmondivulgacoes.com.br\/wp-content\/uploads\/2026\/04\/IMG_3227-400x600.png",400,600,true],"cvmm-medium-square":["https:\/\/calmondivulgacoes.com.br\/wp-content\/uploads\/2026\/04\/IMG_3227-600x600.png",600,600,true],"cvmm-large":["https:\/\/calmondivulgacoes.com.br\/wp-content\/uploads\/2026\/04\/IMG_3227-1024x1024.png",1024,1024,true],"cvmm-small":["https:\/\/calmondivulgacoes.com.br\/wp-content\/uploads\/2026\/04\/IMG_3227-130x95.png",130,95,true]},"uagb_author_info":{"display_name":"Calmon Divulga\u00e7\u00f5es","author_link":"https:\/\/calmondivulgacoes.com.br\/en\/autor\/calmondivulgacoesgmail-com\/"},"uagb_comment_info":0,"uagb_excerpt":"Na noite desta ter\u00e7a-feira,&nbsp;07 de abril de 2026, a C\u00e2mara Municipal de Vereadores de Miguel Calmon realizou uma&nbsp;Sess\u00e3o Ordin\u00e1ria Especial em homenagem ao Dia Internacional das Mulheres, reunindo autoridades, convidados e a comunidade no plen\u00e1rio da Casa Legislativa. Entre as homenageadas da noite, a senhora&nbsp;Hilda&nbsp;Santos Requi\u00e3o&nbsp;recebeu uma placa de reconhecimento&nbsp;pelos servi\u00e7os prestados, conforme registrado na&hellip;","blog_post_layout_featured_media_urls":{"thumbnail":["https:\/\/calmondivulgacoes.com.br\/wp-content\/uploads\/2026\/04\/IMG_3227-69x150.png",69,150,true],"full":["https:\/\/calmondivulgacoes.com.br\/wp-content\/uploads\/2026\/04\/IMG_3227.png",1170,2532,false]},"categories_names":{"40":{"name":"Miguel Calmon","link":"https:\/\/calmondivulgacoes.com.br\/en\/category\/miguel-calmon\/"}},"tags_names":[],"comments_number":"0","wpmagazine_modules_lite_featured_media_urls":{"thumbnail":["https:\/\/calmondivulgacoes.com.br\/wp-content\/uploads\/2026\/04\/IMG_3227-69x150.png",69,150,true],"cvmm-medium":["https:\/\/calmondivulgacoes.com.br\/wp-content\/uploads\/2026\/04\/IMG_3227-300x300.png",300,300,true],"cvmm-medium-plus":["https:\/\/calmondivulgacoes.com.br\/wp-content\/uploads\/2026\/04\/IMG_3227-305x207.png",305,207,true],"cvmm-portrait":["https:\/\/calmondivulgacoes.com.br\/wp-content\/uploads\/2026\/04\/IMG_3227-400x600.png",400,600,true],"cvmm-medium-square":["https:\/\/calmondivulgacoes.com.br\/wp-content\/uploads\/2026\/04\/IMG_3227-600x600.png",600,600,true],"cvmm-large":["https:\/\/calmondivulgacoes.com.br\/wp-content\/uploads\/2026\/04\/IMG_3227-1024x1024.png",1024,1024,true],"cvmm-small":["https:\/\/calmondivulgacoes.com.br\/wp-content\/uploads\/2026\/04\/IMG_3227-130x95.png",130,95,true],"full":["https:\/\/calmondivulgacoes.com.br\/wp-content\/uploads\/2026\/04\/IMG_3227.png",1170,2532,false]},"_links":{"self":[{"href":"https:\/\/calmondivulgacoes.com.br\/en\/wp-json\/wp\/v2\/posts\/2957","targetHints":{"allow":["GET"]}}],"collection":[{"href":"https:\/\/calmondivulgacoes.com.br\/en\/wp-json\/wp\/v2\/posts"}],"about":[{"href":"https:\/\/calmondivulgacoes.com.br\/en\/wp-json\/wp\/v2\/types\/post"}],"author":[{"embeddable":true,"href":"https:\/\/calmondivulgacoes.com.br\/en\/wp-json\/wp\/v2\/users\/1"}],"replies":[{"embeddable":true,"href":"https:\/\/calmondivulgacoes.com.br\/en\/wp-json\/wp\/v2\/comments?post=2957"}],"version-history":[{"count":1,"href":"https:\/\/calmondivulgacoes.com.br\/en\/wp-json\/wp\/v2\/posts\/2957\/revisions"}],"predecessor-version":[{"id":2961,"href":"https:\/\/calmondivulgacoes.com.br\/en\/wp-json\/wp\/v2\/posts\/2957\/revisions\/2961"}],"wp:featuredmedia":[{"embeddable":true,"href":"https:\/\/calmondivulgacoes.com.br\/en\/wp-json\/wp\/v2\/media\/2960"}],"wp:attachment":[{"href":"https:\/\/calmondivulgacoes.com.br\/en\/wp-json\/wp\/v2\/media?parent=2957"}],"wp:term":[{"taxonomy":"category","embeddable":true,"href":"https:\/\/calmondivulgacoes.com.br\/en\/wp-json\/wp\/v2\/categories?post=2957"},{"taxonomy":"post_tag","embeddable":true,"href":"https:\/\/calmondivulgacoes.com.br\/en\/wp-json\/wp\/v2\/tags?post=2957"}],"curies":[{"name":"wp","href":"https:\/\/api.w.org\/{rel}","templated":true}]}}