{"id":2953,"date":"2026-04-12T21:54:22","date_gmt":"2026-04-13T00:54:22","guid":{"rendered":"https:\/\/calmondivulgacoes.com.br\/?p=2953"},"modified":"2026-04-16T20:48:29","modified_gmt":"2026-04-16T23:48:29","slug":"to-com-dr-wagner-e-sou-pre-candidato-novinho-diz-na-entrevista-na-fm-879-09-04-2026","status":"publish","type":"post","link":"https:\/\/calmondivulgacoes.com.br\/en\/to-com-dr-wagner-e-sou-pre-candidato-novinho-diz-na-entrevista-na-fm-879-09-04-2026\/","title":{"rendered":"&#8220;T\u00f4 com Dr. Wagner e sou pr\u00e9-candidato&#8221;, Novinho diz na entrevista na FM 87,9 &#8211; 09\/04\/2026"},"content":{"rendered":"<p>Na tarde desta quinta-feira (09), a r\u00e1dio&nbsp;<strong>Canabrava FM 87,9<\/strong>&nbsp;recebeu em entrevista&nbsp;<strong>Jos\u00e9 Augusto Melo de Carvalho<\/strong>, conhecido popularmente como&nbsp;<strong>\u201cNovinho\u201d<\/strong>, t\u00e9cnico de enfermagem com forma\u00e7\u00e3o em ortopedia e suplente no cen\u00e1rio pol\u00edtico local.<\/p>\n\n\n\n<p>Nascido em&nbsp;<strong>1\u00ba de novembro de 1975<\/strong>,&nbsp;Novinho&nbsp;\u00e9 esposo de&nbsp;<strong>Viviane Carvalho<\/strong>&nbsp;e atua como&nbsp;<strong>t\u00e9cnico em enfermagem no Hospital Portugu\u00eas<\/strong>. Durante a entrevista, ele relembrou sua participa\u00e7\u00e3o pol\u00edtica nas elei\u00e7\u00f5es municipais de 2024, quando disputou uma vaga no Legislativo ao lado de&nbsp;<strong>Dra. Eliana<\/strong>&nbsp;e&nbsp;<strong>Pr\u00f3 Aldacy<\/strong>, obtendo&nbsp;<strong>384 votos<\/strong>, n\u00famero que n\u00e3o foi suficiente para sua reelei\u00e7\u00e3o.<\/p>\n\n\n\n<p>Ao longo da conversa,&nbsp;Novinho&nbsp;destacou algumas a\u00e7\u00f5es e conquistas que, segundo ele, foram fruto de sua luta em benef\u00edcio do munic\u00edpio. Entre elas, citou a chegada de um&nbsp;<strong>arco cir\u00fargico avaliado em aproximadamente R$ 2 milh\u00f5es<\/strong>, al\u00e9m da instala\u00e7\u00e3o de&nbsp;<strong>postes de ilumina\u00e7\u00e3o<\/strong>, aquisi\u00e7\u00e3o de&nbsp;<strong>equipamento de eletrocardiograma<\/strong>,&nbsp;<strong>ultrassonografia (USG)<\/strong>&nbsp;e outras indica\u00e7\u00f5es voltadas \u00e0 \u00e1rea da sa\u00fade e infraestrutura.<\/p>\n\n\n\n<p>Ele tamb\u00e9m mencionou projetos que, de acordo com suas palavras, foram de sua indica\u00e7\u00e3o, no entanto ainda n\u00e3o foram conclu\u00eddos em seu mandato, como o&nbsp;<strong>PADRO<\/strong>&nbsp;e a nova&nbsp;<strong>Pra\u00e7a do Bom Jardim<\/strong>.<\/p>\n\n\n\n<p>Durante a entrevista,&nbsp;Novinho&nbsp;afirmou estar alinhado politicamente com&nbsp;<strong>Dr. Wagner Miranda<\/strong>&nbsp;e declarou apoio aos candidatos que vierem a ser apoiados por ele. Na \u00e1rea da sa\u00fade, ressaltou que solicitou&nbsp;<strong>kits de resgate para as ambul\u00e2ncias do munic\u00edpio<\/strong>&nbsp;e defendeu a implanta\u00e7\u00e3o de um&nbsp;<strong>SAMU em Miguel Calmon<\/strong>, considerando o servi\u00e7o essencial para fortalecer o atendimento de urg\u00eancia e emerg\u00eancia.<\/p>\n\n\n\n<p>Ainda em sua fala, destacou manter uma boa rela\u00e7\u00e3o com todos os vereadores da C\u00e2mara Municipal e aproveitou o espa\u00e7o para enviar um abra\u00e7o ao presidente da Casa,&nbsp;<strong>Valdir<\/strong>.<\/p>\n\n\n\n<p>Questionado sobre a atual gest\u00e3o municipal,&nbsp;Novinho&nbsp;disse que&nbsp;<strong>n\u00e3o acompanha de perto a administra\u00e7\u00e3o do prefeito<\/strong>, justificando que sua rotina de trabalho tem tomado grande parte do seu tempo, o que, segundo ele, dificulta uma avalia\u00e7\u00e3o mais precisa.<\/p>\n\n\n\n<p>Em outro ponto importante da entrevista, o t\u00e9cnico de enfermagem afirmou que&nbsp;<strong>Miguel Calmon necessita de mais ambul\u00e2ncias<\/strong>&nbsp;para atender \u00e0 demanda da popula\u00e7\u00e3o e confirmou que \u00e9&nbsp;<strong>pr\u00e9-candidato a vereador nas elei\u00e7\u00f5es de 2028<\/strong>.<\/p>\n\n\n\n<p>Sobre a tradi\u00e7\u00e3o cultural do munic\u00edpio,&nbsp;Novinho&nbsp;tamb\u00e9m comentou sua prefer\u00eancia pela&nbsp;<strong>festa do Brejo Grande realizada uma semana antes do S\u00e3o Jo\u00e3o<\/strong>, defendendo a manuten\u00e7\u00e3o do formato tradicional, sem emenda com os festejos juninos.<\/p>\n\n\n\n<p>A entrevista repercutiu entre ouvintes e internautas, especialmente pela confirma\u00e7\u00e3o de sua pr\u00e9-candidatura e pelas pautas relacionadas \u00e0 sa\u00fade p\u00fablica do munic\u00edpio. Veja a reportagem completa na rede social Instagram no perfil da R\u00e1dio Canabrava (@radiocanabrava).&nbsp;<\/p>\n\n\n\n<figure class=\"wp-block-image size-large\"><img fetchpriority=\"high\" decoding=\"async\" width=\"768\" height=\"1024\" src=\"https:\/\/calmondivulgacoes.com.br\/wp-content\/uploads\/2026\/04\/IMG_3242-768x1024.jpeg\" alt=\"\" class=\"wp-image-2954\" srcset=\"https:\/\/calmondivulgacoes.com.br\/wp-content\/uploads\/2026\/04\/IMG_3242-768x1024.jpeg 768w, https:\/\/calmondivulgacoes.com.br\/wp-content\/uploads\/2026\/04\/IMG_3242-225x300.jpeg 225w, https:\/\/calmondivulgacoes.com.br\/wp-content\/uploads\/2026\/04\/IMG_3242-113x150.jpeg 113w, https:\/\/calmondivulgacoes.com.br\/wp-content\/uploads\/2026\/04\/IMG_3242-1152x1536.jpeg 1152w, https:\/\/calmondivulgacoes.com.br\/wp-content\/uploads\/2026\/04\/IMG_3242-1536x2048.jpeg 1536w, https:\/\/calmondivulgacoes.com.br\/wp-content\/uploads\/2026\/04\/IMG_3242-scaled.jpeg 1920w\" sizes=\"(max-width: 768px) 100vw, 768px\" \/><\/figure>\n\n\n\n<figure class=\"wp-block-image size-large\"><img decoding=\"async\" width=\"576\" height=\"1024\" src=\"https:\/\/calmondivulgacoes.com.br\/wp-content\/uploads\/2026\/04\/52A43E59-9945-4B0E-BE22-6501239CFB15-576x1024.jpeg\" alt=\"\" class=\"wp-image-2955\" srcset=\"https:\/\/calmondivulgacoes.com.br\/wp-content\/uploads\/2026\/04\/52A43E59-9945-4B0E-BE22-6501239CFB15-576x1024.jpeg 576w, https:\/\/calmondivulgacoes.com.br\/wp-content\/uploads\/2026\/04\/52A43E59-9945-4B0E-BE22-6501239CFB15-169x300.jpeg 169w, https:\/\/calmondivulgacoes.com.br\/wp-content\/uploads\/2026\/04\/52A43E59-9945-4B0E-BE22-6501239CFB15-84x150.jpeg 84w, https:\/\/calmondivulgacoes.com.br\/wp-content\/uploads\/2026\/04\/52A43E59-9945-4B0E-BE22-6501239CFB15-768x1365.jpeg 768w, https:\/\/calmondivulgacoes.com.br\/wp-content\/uploads\/2026\/04\/52A43E59-9945-4B0E-BE22-6501239CFB15-864x1536.jpeg 864w, https:\/\/calmondivulgacoes.com.br\/wp-content\/uploads\/2026\/04\/52A43E59-9945-4B0E-BE22-6501239CFB15-1152x2048.jpeg 1152w, https:\/\/calmondivulgacoes.com.br\/wp-content\/uploads\/2026\/04\/52A43E59-9945-4B0E-BE22-6501239CFB15-scaled.jpeg 1440w\" sizes=\"(max-width: 576px) 100vw, 576px\" \/><\/figure>","protected":false},"excerpt":{"rendered":"<p>Na tarde desta quinta-feira (09), a r\u00e1dio&nbsp;Canabrava FM 87,9&nbsp;recebeu em entrevista&nbsp;Jos\u00e9 Augusto Melo de Carvalho, conhecido popularmente como&nbsp;\u201cNovinho\u201d, t\u00e9cnico de enfermagem com forma\u00e7\u00e3o em ortopedia e suplente no cen\u00e1rio pol\u00edtico local. Nascido em&nbsp;1\u00ba de novembro de 1975,&nbsp;Novinho&nbsp;\u00e9 esposo de&nbsp;Viviane Carvalho&nbsp;e atua como&nbsp;t\u00e9cnico em enfermagem no Hospital Portugu\u00eas. Durante a entrevista, ele relembrou sua participa\u00e7\u00e3o pol\u00edtica [&hellip;]<\/p>\n","protected":false},"author":1,"featured_media":2955,"comment_status":"closed","ping_status":"closed","sticky":false,"template":"","format":"standard","meta":{"_uag_custom_page_level_css":"","_monsterinsights_skip_tracking":false,"_monsterinsights_sitenote_active":false,"_monsterinsights_sitenote_note":"","_monsterinsights_sitenote_category":0,"maa_idioma":"","maa_pais":"","footnotes":""},"categories":[39],"tags":[],"class_list":["post-2953","post","type-post","status-publish","format-standard","has-post-thumbnail","hentry","category-politica"],"yoast_head":"<!-- This site is optimized with the Yoast SEO plugin v27.4 - https:\/\/yoast.com\/product\/yoast-seo-wordpress\/ -->\n<title>&quot;T\u00f4 com Dr. Wagner e sou pr\u00e9-candidato&quot;, Novinho diz na entrevista na FM 87,9 - 09\/04\/2026 - Calmon Divulga\u00e7\u00f5es<\/title>\n<meta name=\"robots\" content=\"index, follow, max-snippet:-1, max-image-preview:large, max-video-preview:-1\" \/>\n<link rel=\"canonical\" href=\"https:\/\/calmondivulgacoes.com.br\/en\/to-com-dr-wagner-e-sou-pre-candidato-novinho-diz-na-entrevista-na-fm-879-09-04-2026\/\" \/>\n<meta property=\"og:locale\" content=\"en_US\" \/>\n<meta property=\"og:type\" content=\"article\" \/>\n<meta property=\"og:title\" content=\"&quot;T\u00f4 com Dr. Wagner e sou pr\u00e9-candidato&quot;, Novinho diz na entrevista na FM 87,9 - 09\/04\/2026 - Calmon Divulga\u00e7\u00f5es\" \/>\n<meta property=\"og:description\" content=\"Na tarde desta quinta-feira (09), a r\u00e1dio&nbsp;Canabrava FM 87,9&nbsp;recebeu em entrevista&nbsp;Jos\u00e9 Augusto Melo de Carvalho, conhecido popularmente como&nbsp;\u201cNovinho\u201d, t\u00e9cnico de enfermagem com forma\u00e7\u00e3o em ortopedia e suplente no cen\u00e1rio pol\u00edtico local. Nascido em&nbsp;1\u00ba de novembro de 1975,&nbsp;Novinho&nbsp;\u00e9 esposo de&nbsp;Viviane Carvalho&nbsp;e atua como&nbsp;t\u00e9cnico em enfermagem no Hospital Portugu\u00eas. Durante a entrevista, ele relembrou sua participa\u00e7\u00e3o pol\u00edtica [&hellip;]\" \/>\n<meta property=\"og:url\" content=\"https:\/\/calmondivulgacoes.com.br\/en\/to-com-dr-wagner-e-sou-pre-candidato-novinho-diz-na-entrevista-na-fm-879-09-04-2026\/\" \/>\n<meta property=\"og:site_name\" content=\"Calmon Divulga\u00e7\u00f5es\" \/>\n<meta property=\"article:publisher\" content=\"https:\/\/www.facebook.com\/calmondivulgacoes\" \/>\n<meta property=\"article:published_time\" content=\"2026-04-13T00:54:22+00:00\" \/>\n<meta property=\"article:modified_time\" content=\"2026-04-16T23:48:29+00:00\" \/>\n<meta property=\"og:image\" content=\"https:\/\/calmondivulgacoes.com.br\/wp-content\/uploads\/2026\/04\/52A43E59-9945-4B0E-BE22-6501239CFB15-scaled.jpeg\" \/>\n\t<meta property=\"og:image:width\" content=\"1440\" \/>\n\t<meta property=\"og:image:height\" content=\"2560\" \/>\n\t<meta property=\"og:image:type\" content=\"image\/jpeg\" \/>\n<meta name=\"author\" content=\"Calmon Divulga\u00e7\u00f5es\" \/>\n<meta name=\"twitter:card\" content=\"summary_large_image\" \/>\n<meta name=\"twitter:label1\" content=\"Written by\" \/>\n\t<meta name=\"twitter:data1\" content=\"Calmon Divulga\u00e7\u00f5es\" \/>\n\t<meta name=\"twitter:label2\" content=\"Est. reading time\" \/>\n\t<meta name=\"twitter:data2\" content=\"3 minutes\" \/>\n<script type=\"application\/ld+json\" class=\"yoast-schema-graph\">{\"@context\":\"https:\\\/\\\/schema.org\",\"@graph\":[{\"@type\":\"Article\",\"@id\":\"https:\\\/\\\/calmondivulgacoes.com.br\\\/to-com-dr-wagner-e-sou-pre-candidato-novinho-diz-na-entrevista-na-fm-879-09-04-2026\\\/#article\",\"isPartOf\":{\"@id\":\"https:\\\/\\\/calmondivulgacoes.com.br\\\/to-com-dr-wagner-e-sou-pre-candidato-novinho-diz-na-entrevista-na-fm-879-09-04-2026\\\/\"},\"author\":{\"name\":\"Calmon Divulga\u00e7\u00f5es\",\"@id\":\"https:\\\/\\\/calmondivulgacoes.com.br\\\/#\\\/schema\\\/person\\\/f51b6a75a3e31b01ea8f6fea23fc01fa\"},\"headline\":\"&#8220;T\u00f4 com Dr. Wagner e sou pr\u00e9-candidato&#8221;, Novinho diz na entrevista na FM 87,9 &#8211; 09\\\/04\\\/2026\",\"datePublished\":\"2026-04-13T00:54:22+00:00\",\"dateModified\":\"2026-04-16T23:48:29+00:00\",\"mainEntityOfPage\":{\"@id\":\"https:\\\/\\\/calmondivulgacoes.com.br\\\/to-com-dr-wagner-e-sou-pre-candidato-novinho-diz-na-entrevista-na-fm-879-09-04-2026\\\/\"},\"wordCount\":530,\"publisher\":{\"@id\":\"https:\\\/\\\/calmondivulgacoes.com.br\\\/#organization\"},\"image\":{\"@id\":\"https:\\\/\\\/calmondivulgacoes.com.br\\\/to-com-dr-wagner-e-sou-pre-candidato-novinho-diz-na-entrevista-na-fm-879-09-04-2026\\\/#primaryimage\"},\"thumbnailUrl\":\"https:\\\/\\\/calmondivulgacoes.com.br\\\/wp-content\\\/uploads\\\/2026\\\/04\\\/52A43E59-9945-4B0E-BE22-6501239CFB15-scaled.jpeg\",\"articleSection\":[\"Pol\u00edtica\"],\"inLanguage\":\"en-US\"},{\"@type\":\"WebPage\",\"@id\":\"https:\\\/\\\/calmondivulgacoes.com.br\\\/to-com-dr-wagner-e-sou-pre-candidato-novinho-diz-na-entrevista-na-fm-879-09-04-2026\\\/\",\"url\":\"https:\\\/\\\/calmondivulgacoes.com.br\\\/to-com-dr-wagner-e-sou-pre-candidato-novinho-diz-na-entrevista-na-fm-879-09-04-2026\\\/\",\"name\":\"\\\"T\u00f4 com Dr. Wagner e sou pr\u00e9-candidato\\\", Novinho diz na entrevista na FM 87,9 - 09\\\/04\\\/2026 - Calmon Divulga\u00e7\u00f5es\",\"isPartOf\":{\"@id\":\"https:\\\/\\\/calmondivulgacoes.com.br\\\/#website\"},\"primaryImageOfPage\":{\"@id\":\"https:\\\/\\\/calmondivulgacoes.com.br\\\/to-com-dr-wagner-e-sou-pre-candidato-novinho-diz-na-entrevista-na-fm-879-09-04-2026\\\/#primaryimage\"},\"image\":{\"@id\":\"https:\\\/\\\/calmondivulgacoes.com.br\\\/to-com-dr-wagner-e-sou-pre-candidato-novinho-diz-na-entrevista-na-fm-879-09-04-2026\\\/#primaryimage\"},\"thumbnailUrl\":\"https:\\\/\\\/calmondivulgacoes.com.br\\\/wp-content\\\/uploads\\\/2026\\\/04\\\/52A43E59-9945-4B0E-BE22-6501239CFB15-scaled.jpeg\",\"datePublished\":\"2026-04-13T00:54:22+00:00\",\"dateModified\":\"2026-04-16T23:48:29+00:00\",\"breadcrumb\":{\"@id\":\"https:\\\/\\\/calmondivulgacoes.com.br\\\/to-com-dr-wagner-e-sou-pre-candidato-novinho-diz-na-entrevista-na-fm-879-09-04-2026\\\/#breadcrumb\"},\"inLanguage\":\"en-US\",\"potentialAction\":[{\"@type\":\"ReadAction\",\"target\":[\"https:\\\/\\\/calmondivulgacoes.com.br\\\/to-com-dr-wagner-e-sou-pre-candidato-novinho-diz-na-entrevista-na-fm-879-09-04-2026\\\/\"]}]},{\"@type\":\"ImageObject\",\"inLanguage\":\"en-US\",\"@id\":\"https:\\\/\\\/calmondivulgacoes.com.br\\\/to-com-dr-wagner-e-sou-pre-candidato-novinho-diz-na-entrevista-na-fm-879-09-04-2026\\\/#primaryimage\",\"url\":\"https:\\\/\\\/calmondivulgacoes.com.br\\\/wp-content\\\/uploads\\\/2026\\\/04\\\/52A43E59-9945-4B0E-BE22-6501239CFB15-scaled.jpeg\",\"contentUrl\":\"https:\\\/\\\/calmondivulgacoes.com.br\\\/wp-content\\\/uploads\\\/2026\\\/04\\\/52A43E59-9945-4B0E-BE22-6501239CFB15-scaled.jpeg\",\"width\":1440,\"height\":2560},{\"@type\":\"BreadcrumbList\",\"@id\":\"https:\\\/\\\/calmondivulgacoes.com.br\\\/to-com-dr-wagner-e-sou-pre-candidato-novinho-diz-na-entrevista-na-fm-879-09-04-2026\\\/#breadcrumb\",\"itemListElement\":[{\"@type\":\"ListItem\",\"position\":1,\"name\":\"In\u00edcio\",\"item\":\"https:\\\/\\\/calmondivulgacoes.com.br\\\/\"},{\"@type\":\"ListItem\",\"position\":2,\"name\":\"&#8220;T\u00f4 com Dr. Wagner e sou pr\u00e9-candidato&#8221;, Novinho diz na entrevista na FM 87,9 &#8211; 09\\\/04\\\/2026\"}]},{\"@type\":\"WebSite\",\"@id\":\"https:\\\/\\\/calmondivulgacoes.com.br\\\/#website\",\"url\":\"https:\\\/\\\/calmondivulgacoes.com.br\\\/\",\"name\":\"Calmon Divulga\u00e7\u00f5es\",\"description\":\"e Not\u00edcias\",\"publisher\":{\"@id\":\"https:\\\/\\\/calmondivulgacoes.com.br\\\/#organization\"},\"potentialAction\":[{\"@type\":\"SearchAction\",\"target\":{\"@type\":\"EntryPoint\",\"urlTemplate\":\"https:\\\/\\\/calmondivulgacoes.com.br\\\/?s={search_term_string}\"},\"query-input\":{\"@type\":\"PropertyValueSpecification\",\"valueRequired\":true,\"valueName\":\"search_term_string\"}}],\"inLanguage\":\"en-US\"},{\"@type\":\"Organization\",\"@id\":\"https:\\\/\\\/calmondivulgacoes.com.br\\\/#organization\",\"name\":\"Calmon Divulga\u00e7\u00f5es\",\"url\":\"https:\\\/\\\/calmondivulgacoes.com.br\\\/\",\"logo\":{\"@type\":\"ImageObject\",\"inLanguage\":\"en-US\",\"@id\":\"https:\\\/\\\/calmondivulgacoes.com.br\\\/#\\\/schema\\\/logo\\\/image\\\/\",\"url\":\"https:\\\/\\\/calmondivulgacoes.com.br\\\/wp-content\\\/uploads\\\/2026\\\/04\\\/cropped-WhatsApp_Image_2025-12-02_at_20.44.08-removebg-preview.png\",\"contentUrl\":\"https:\\\/\\\/calmondivulgacoes.com.br\\\/wp-content\\\/uploads\\\/2026\\\/04\\\/cropped-WhatsApp_Image_2025-12-02_at_20.44.08-removebg-preview.png\",\"width\":120,\"height\":120,\"caption\":\"Calmon Divulga\u00e7\u00f5es\"},\"image\":{\"@id\":\"https:\\\/\\\/calmondivulgacoes.com.br\\\/#\\\/schema\\\/logo\\\/image\\\/\"},\"sameAs\":[\"https:\\\/\\\/www.facebook.com\\\/calmondivulgacoes\",\"https:\\\/\\\/www.instagram.com\\\/calmondivulgacoes\\\/\"]},{\"@type\":\"Person\",\"@id\":\"https:\\\/\\\/calmondivulgacoes.com.br\\\/#\\\/schema\\\/person\\\/f51b6a75a3e31b01ea8f6fea23fc01fa\",\"name\":\"Calmon Divulga\u00e7\u00f5es\",\"image\":{\"@type\":\"ImageObject\",\"inLanguage\":\"en-US\",\"@id\":\"https:\\\/\\\/calmondivulgacoes.com.br\\\/wp-content\\\/litespeed\\\/avatar\\\/70d8f8af3b6e7945511481b97d22e67c.jpg?ver=1777223803\",\"url\":\"https:\\\/\\\/calmondivulgacoes.com.br\\\/wp-content\\\/litespeed\\\/avatar\\\/70d8f8af3b6e7945511481b97d22e67c.jpg?ver=1777223803\",\"contentUrl\":\"https:\\\/\\\/calmondivulgacoes.com.br\\\/wp-content\\\/litespeed\\\/avatar\\\/70d8f8af3b6e7945511481b97d22e67c.jpg?ver=1777223803\",\"caption\":\"Calmon Divulga\u00e7\u00f5es\"},\"sameAs\":[\"http:\\\/\\\/calmondivulgacoes.com.br\"],\"url\":\"https:\\\/\\\/calmondivulgacoes.com.br\\\/en\\\/autor\\\/calmondivulgacoesgmail-com\\\/\"}]}<\/script>\n<!-- \/ Yoast SEO plugin. -->","yoast_head_json":{"title":"\"T\u00f4 com Dr. Wagner e sou pr\u00e9-candidato\", Novinho diz na entrevista na FM 87,9 - 09\/04\/2026 - Calmon Divulga\u00e7\u00f5es","robots":{"index":"index","follow":"follow","max-snippet":"max-snippet:-1","max-image-preview":"max-image-preview:large","max-video-preview":"max-video-preview:-1"},"canonical":"https:\/\/calmondivulgacoes.com.br\/en\/to-com-dr-wagner-e-sou-pre-candidato-novinho-diz-na-entrevista-na-fm-879-09-04-2026\/","og_locale":"en_US","og_type":"article","og_title":"\"T\u00f4 com Dr. Wagner e sou pr\u00e9-candidato\", Novinho diz na entrevista na FM 87,9 - 09\/04\/2026 - Calmon Divulga\u00e7\u00f5es","og_description":"Na tarde desta quinta-feira (09), a r\u00e1dio&nbsp;Canabrava FM 87,9&nbsp;recebeu em entrevista&nbsp;Jos\u00e9 Augusto Melo de Carvalho, conhecido popularmente como&nbsp;\u201cNovinho\u201d, t\u00e9cnico de enfermagem com forma\u00e7\u00e3o em ortopedia e suplente no cen\u00e1rio pol\u00edtico local. Nascido em&nbsp;1\u00ba de novembro de 1975,&nbsp;Novinho&nbsp;\u00e9 esposo de&nbsp;Viviane Carvalho&nbsp;e atua como&nbsp;t\u00e9cnico em enfermagem no Hospital Portugu\u00eas. Durante a entrevista, ele relembrou sua participa\u00e7\u00e3o pol\u00edtica [&hellip;]","og_url":"https:\/\/calmondivulgacoes.com.br\/en\/to-com-dr-wagner-e-sou-pre-candidato-novinho-diz-na-entrevista-na-fm-879-09-04-2026\/","og_site_name":"Calmon Divulga\u00e7\u00f5es","article_publisher":"https:\/\/www.facebook.com\/calmondivulgacoes","article_published_time":"2026-04-13T00:54:22+00:00","article_modified_time":"2026-04-16T23:48:29+00:00","og_image":[{"width":1440,"height":2560,"url":"https:\/\/calmondivulgacoes.com.br\/wp-content\/uploads\/2026\/04\/52A43E59-9945-4B0E-BE22-6501239CFB15-scaled.jpeg","type":"image\/jpeg"}],"author":"Calmon Divulga\u00e7\u00f5es","twitter_card":"summary_large_image","twitter_misc":{"Written by":"Calmon Divulga\u00e7\u00f5es","Est. reading time":"3 minutes"},"schema":{"@context":"https:\/\/schema.org","@graph":[{"@type":"Article","@id":"https:\/\/calmondivulgacoes.com.br\/to-com-dr-wagner-e-sou-pre-candidato-novinho-diz-na-entrevista-na-fm-879-09-04-2026\/#article","isPartOf":{"@id":"https:\/\/calmondivulgacoes.com.br\/to-com-dr-wagner-e-sou-pre-candidato-novinho-diz-na-entrevista-na-fm-879-09-04-2026\/"},"author":{"name":"Calmon Divulga\u00e7\u00f5es","@id":"https:\/\/calmondivulgacoes.com.br\/#\/schema\/person\/f51b6a75a3e31b01ea8f6fea23fc01fa"},"headline":"&#8220;T\u00f4 com Dr. Wagner e sou pr\u00e9-candidato&#8221;, Novinho diz na entrevista na FM 87,9 &#8211; 09\/04\/2026","datePublished":"2026-04-13T00:54:22+00:00","dateModified":"2026-04-16T23:48:29+00:00","mainEntityOfPage":{"@id":"https:\/\/calmondivulgacoes.com.br\/to-com-dr-wagner-e-sou-pre-candidato-novinho-diz-na-entrevista-na-fm-879-09-04-2026\/"},"wordCount":530,"publisher":{"@id":"https:\/\/calmondivulgacoes.com.br\/#organization"},"image":{"@id":"https:\/\/calmondivulgacoes.com.br\/to-com-dr-wagner-e-sou-pre-candidato-novinho-diz-na-entrevista-na-fm-879-09-04-2026\/#primaryimage"},"thumbnailUrl":"https:\/\/calmondivulgacoes.com.br\/wp-content\/uploads\/2026\/04\/52A43E59-9945-4B0E-BE22-6501239CFB15-scaled.jpeg","articleSection":["Pol\u00edtica"],"inLanguage":"en-US"},{"@type":"WebPage","@id":"https:\/\/calmondivulgacoes.com.br\/to-com-dr-wagner-e-sou-pre-candidato-novinho-diz-na-entrevista-na-fm-879-09-04-2026\/","url":"https:\/\/calmondivulgacoes.com.br\/to-com-dr-wagner-e-sou-pre-candidato-novinho-diz-na-entrevista-na-fm-879-09-04-2026\/","name":"\"T\u00f4 com Dr. Wagner e sou pr\u00e9-candidato\", Novinho diz na entrevista na FM 87,9 - 09\/04\/2026 - Calmon Divulga\u00e7\u00f5es","isPartOf":{"@id":"https:\/\/calmondivulgacoes.com.br\/#website"},"primaryImageOfPage":{"@id":"https:\/\/calmondivulgacoes.com.br\/to-com-dr-wagner-e-sou-pre-candidato-novinho-diz-na-entrevista-na-fm-879-09-04-2026\/#primaryimage"},"image":{"@id":"https:\/\/calmondivulgacoes.com.br\/to-com-dr-wagner-e-sou-pre-candidato-novinho-diz-na-entrevista-na-fm-879-09-04-2026\/#primaryimage"},"thumbnailUrl":"https:\/\/calmondivulgacoes.com.br\/wp-content\/uploads\/2026\/04\/52A43E59-9945-4B0E-BE22-6501239CFB15-scaled.jpeg","datePublished":"2026-04-13T00:54:22+00:00","dateModified":"2026-04-16T23:48:29+00:00","breadcrumb":{"@id":"https:\/\/calmondivulgacoes.com.br\/to-com-dr-wagner-e-sou-pre-candidato-novinho-diz-na-entrevista-na-fm-879-09-04-2026\/#breadcrumb"},"inLanguage":"en-US","potentialAction":[{"@type":"ReadAction","target":["https:\/\/calmondivulgacoes.com.br\/to-com-dr-wagner-e-sou-pre-candidato-novinho-diz-na-entrevista-na-fm-879-09-04-2026\/"]}]},{"@type":"ImageObject","inLanguage":"en-US","@id":"https:\/\/calmondivulgacoes.com.br\/to-com-dr-wagner-e-sou-pre-candidato-novinho-diz-na-entrevista-na-fm-879-09-04-2026\/#primaryimage","url":"https:\/\/calmondivulgacoes.com.br\/wp-content\/uploads\/2026\/04\/52A43E59-9945-4B0E-BE22-6501239CFB15-scaled.jpeg","contentUrl":"https:\/\/calmondivulgacoes.com.br\/wp-content\/uploads\/2026\/04\/52A43E59-9945-4B0E-BE22-6501239CFB15-scaled.jpeg","width":1440,"height":2560},{"@type":"BreadcrumbList","@id":"https:\/\/calmondivulgacoes.com.br\/to-com-dr-wagner-e-sou-pre-candidato-novinho-diz-na-entrevista-na-fm-879-09-04-2026\/#breadcrumb","itemListElement":[{"@type":"ListItem","position":1,"name":"In\u00edcio","item":"https:\/\/calmondivulgacoes.com.br\/"},{"@type":"ListItem","position":2,"name":"&#8220;T\u00f4 com Dr. Wagner e sou pr\u00e9-candidato&#8221;, Novinho diz na entrevista na FM 87,9 &#8211; 09\/04\/2026"}]},{"@type":"WebSite","@id":"https:\/\/calmondivulgacoes.com.br\/#website","url":"https:\/\/calmondivulgacoes.com.br\/","name":"Calmon Divulga\u00e7\u00f5es","description":"e Not\u00edcias","publisher":{"@id":"https:\/\/calmondivulgacoes.com.br\/#organization"},"potentialAction":[{"@type":"SearchAction","target":{"@type":"EntryPoint","urlTemplate":"https:\/\/calmondivulgacoes.com.br\/?s={search_term_string}"},"query-input":{"@type":"PropertyValueSpecification","valueRequired":true,"valueName":"search_term_string"}}],"inLanguage":"en-US"},{"@type":"Organization","@id":"https:\/\/calmondivulgacoes.com.br\/#organization","name":"Calmon Divulga\u00e7\u00f5es","url":"https:\/\/calmondivulgacoes.com.br\/","logo":{"@type":"ImageObject","inLanguage":"en-US","@id":"https:\/\/calmondivulgacoes.com.br\/#\/schema\/logo\/image\/","url":"https:\/\/calmondivulgacoes.com.br\/wp-content\/uploads\/2026\/04\/cropped-WhatsApp_Image_2025-12-02_at_20.44.08-removebg-preview.png","contentUrl":"https:\/\/calmondivulgacoes.com.br\/wp-content\/uploads\/2026\/04\/cropped-WhatsApp_Image_2025-12-02_at_20.44.08-removebg-preview.png","width":120,"height":120,"caption":"Calmon Divulga\u00e7\u00f5es"},"image":{"@id":"https:\/\/calmondivulgacoes.com.br\/#\/schema\/logo\/image\/"},"sameAs":["https:\/\/www.facebook.com\/calmondivulgacoes","https:\/\/www.instagram.com\/calmondivulgacoes\/"]},{"@type":"Person","@id":"https:\/\/calmondivulgacoes.com.br\/#\/schema\/person\/f51b6a75a3e31b01ea8f6fea23fc01fa","name":"Calmon Divulga\u00e7\u00f5es","image":{"@type":"ImageObject","inLanguage":"en-US","@id":"https:\/\/calmondivulgacoes.com.br\/wp-content\/litespeed\/avatar\/70d8f8af3b6e7945511481b97d22e67c.jpg?ver=1777223803","url":"https:\/\/calmondivulgacoes.com.br\/wp-content\/litespeed\/avatar\/70d8f8af3b6e7945511481b97d22e67c.jpg?ver=1777223803","contentUrl":"https:\/\/calmondivulgacoes.com.br\/wp-content\/litespeed\/avatar\/70d8f8af3b6e7945511481b97d22e67c.jpg?ver=1777223803","caption":"Calmon Divulga\u00e7\u00f5es"},"sameAs":["http:\/\/calmondivulgacoes.com.br"],"url":"https:\/\/calmondivulgacoes.com.br\/en\/autor\/calmondivulgacoesgmail-com\/"}]}},"uagb_featured_image_src":{"full":["https:\/\/calmondivulgacoes.com.br\/wp-content\/uploads\/2026\/04\/52A43E59-9945-4B0E-BE22-6501239CFB15-scaled.jpeg",1440,2560,false],"thumbnail":["https:\/\/calmondivulgacoes.com.br\/wp-content\/uploads\/2026\/04\/52A43E59-9945-4B0E-BE22-6501239CFB15-84x150.jpeg",84,150,true],"medium":["https:\/\/calmondivulgacoes.com.br\/wp-content\/uploads\/2026\/04\/52A43E59-9945-4B0E-BE22-6501239CFB15-169x300.jpeg",169,300,true],"medium_large":["https:\/\/calmondivulgacoes.com.br\/wp-content\/uploads\/2026\/04\/52A43E59-9945-4B0E-BE22-6501239CFB15-768x1365.jpeg",640,1138,true],"large":["https:\/\/calmondivulgacoes.com.br\/wp-content\/uploads\/2026\/04\/52A43E59-9945-4B0E-BE22-6501239CFB15-576x1024.jpeg",576,1024,true],"1536x1536":["https:\/\/calmondivulgacoes.com.br\/wp-content\/uploads\/2026\/04\/52A43E59-9945-4B0E-BE22-6501239CFB15-864x1536.jpeg",864,1536,true],"2048x2048":["https:\/\/calmondivulgacoes.com.br\/wp-content\/uploads\/2026\/04\/52A43E59-9945-4B0E-BE22-6501239CFB15-1152x2048.jpeg",1152,2048,true],"trp-custom-language-flag":["https:\/\/calmondivulgacoes.com.br\/wp-content\/uploads\/2026\/04\/52A43E59-9945-4B0E-BE22-6501239CFB15-scaled.jpeg",7,12,false],"cvmm-medium":["https:\/\/calmondivulgacoes.com.br\/wp-content\/uploads\/2026\/04\/52A43E59-9945-4B0E-BE22-6501239CFB15-300x300.jpeg",300,300,true],"cvmm-medium-plus":["https:\/\/calmondivulgacoes.com.br\/wp-content\/uploads\/2026\/04\/52A43E59-9945-4B0E-BE22-6501239CFB15-305x207.jpeg",305,207,true],"cvmm-portrait":["https:\/\/calmondivulgacoes.com.br\/wp-content\/uploads\/2026\/04\/52A43E59-9945-4B0E-BE22-6501239CFB15-400x600.jpeg",400,600,true],"cvmm-medium-square":["https:\/\/calmondivulgacoes.com.br\/wp-content\/uploads\/2026\/04\/52A43E59-9945-4B0E-BE22-6501239CFB15-600x600.jpeg",600,600,true],"cvmm-large":["https:\/\/calmondivulgacoes.com.br\/wp-content\/uploads\/2026\/04\/52A43E59-9945-4B0E-BE22-6501239CFB15-1024x1024.jpeg",1024,1024,true],"cvmm-small":["https:\/\/calmondivulgacoes.com.br\/wp-content\/uploads\/2026\/04\/52A43E59-9945-4B0E-BE22-6501239CFB15-130x95.jpeg",130,95,true]},"uagb_author_info":{"display_name":"Calmon Divulga\u00e7\u00f5es","author_link":"https:\/\/calmondivulgacoes.com.br\/en\/autor\/calmondivulgacoesgmail-com\/"},"uagb_comment_info":0,"uagb_excerpt":"Na tarde desta quinta-feira (09), a r\u00e1dio&nbsp;Canabrava FM 87,9&nbsp;recebeu em entrevista&nbsp;Jos\u00e9 Augusto Melo de Carvalho, conhecido popularmente como&nbsp;\u201cNovinho\u201d, t\u00e9cnico de enfermagem com forma\u00e7\u00e3o em ortopedia e suplente no cen\u00e1rio pol\u00edtico local. Nascido em&nbsp;1\u00ba de novembro de 1975,&nbsp;Novinho&nbsp;\u00e9 esposo de&nbsp;Viviane Carvalho&nbsp;e atua como&nbsp;t\u00e9cnico em enfermagem no Hospital Portugu\u00eas. Durante a entrevista, ele relembrou sua participa\u00e7\u00e3o pol\u00edtica&hellip;","blog_post_layout_featured_media_urls":{"thumbnail":["https:\/\/calmondivulgacoes.com.br\/wp-content\/uploads\/2026\/04\/52A43E59-9945-4B0E-BE22-6501239CFB15-84x150.jpeg",84,150,true],"full":["https:\/\/calmondivulgacoes.com.br\/wp-content\/uploads\/2026\/04\/52A43E59-9945-4B0E-BE22-6501239CFB15-scaled.jpeg",1440,2560,false]},"categories_names":{"39":{"name":"Pol\u00edtica","link":"https:\/\/calmondivulgacoes.com.br\/en\/category\/politica\/"}},"tags_names":[],"comments_number":"0","wpmagazine_modules_lite_featured_media_urls":{"thumbnail":["https:\/\/calmondivulgacoes.com.br\/wp-content\/uploads\/2026\/04\/52A43E59-9945-4B0E-BE22-6501239CFB15-84x150.jpeg",84,150,true],"cvmm-medium":["https:\/\/calmondivulgacoes.com.br\/wp-content\/uploads\/2026\/04\/52A43E59-9945-4B0E-BE22-6501239CFB15-300x300.jpeg",300,300,true],"cvmm-medium-plus":["https:\/\/calmondivulgacoes.com.br\/wp-content\/uploads\/2026\/04\/52A43E59-9945-4B0E-BE22-6501239CFB15-305x207.jpeg",305,207,true],"cvmm-portrait":["https:\/\/calmondivulgacoes.com.br\/wp-content\/uploads\/2026\/04\/52A43E59-9945-4B0E-BE22-6501239CFB15-400x600.jpeg",400,600,true],"cvmm-medium-square":["https:\/\/calmondivulgacoes.com.br\/wp-content\/uploads\/2026\/04\/52A43E59-9945-4B0E-BE22-6501239CFB15-600x600.jpeg",600,600,true],"cvmm-large":["https:\/\/calmondivulgacoes.com.br\/wp-content\/uploads\/2026\/04\/52A43E59-9945-4B0E-BE22-6501239CFB15-1024x1024.jpeg",1024,1024,true],"cvmm-small":["https:\/\/calmondivulgacoes.com.br\/wp-content\/uploads\/2026\/04\/52A43E59-9945-4B0E-BE22-6501239CFB15-130x95.jpeg",130,95,true],"full":["https:\/\/calmondivulgacoes.com.br\/wp-content\/uploads\/2026\/04\/52A43E59-9945-4B0E-BE22-6501239CFB15-scaled.jpeg",1440,2560,false]},"_links":{"self":[{"href":"https:\/\/calmondivulgacoes.com.br\/en\/wp-json\/wp\/v2\/posts\/2953","targetHints":{"allow":["GET"]}}],"collection":[{"href":"https:\/\/calmondivulgacoes.com.br\/en\/wp-json\/wp\/v2\/posts"}],"about":[{"href":"https:\/\/calmondivulgacoes.com.br\/en\/wp-json\/wp\/v2\/types\/post"}],"author":[{"embeddable":true,"href":"https:\/\/calmondivulgacoes.com.br\/en\/wp-json\/wp\/v2\/users\/1"}],"replies":[{"embeddable":true,"href":"https:\/\/calmondivulgacoes.com.br\/en\/wp-json\/wp\/v2\/comments?post=2953"}],"version-history":[{"count":1,"href":"https:\/\/calmondivulgacoes.com.br\/en\/wp-json\/wp\/v2\/posts\/2953\/revisions"}],"predecessor-version":[{"id":2956,"href":"https:\/\/calmondivulgacoes.com.br\/en\/wp-json\/wp\/v2\/posts\/2953\/revisions\/2956"}],"wp:featuredmedia":[{"embeddable":true,"href":"https:\/\/calmondivulgacoes.com.br\/en\/wp-json\/wp\/v2\/media\/2955"}],"wp:attachment":[{"href":"https:\/\/calmondivulgacoes.com.br\/en\/wp-json\/wp\/v2\/media?parent=2953"}],"wp:term":[{"taxonomy":"category","embeddable":true,"href":"https:\/\/calmondivulgacoes.com.br\/en\/wp-json\/wp\/v2\/categories?post=2953"},{"taxonomy":"post_tag","embeddable":true,"href":"https:\/\/calmondivulgacoes.com.br\/en\/wp-json\/wp\/v2\/tags?post=2953"}],"curies":[{"name":"wp","href":"https:\/\/api.w.org\/{rel}","templated":true}]}}