{"id":2899,"date":"2026-04-12T03:39:25","date_gmt":"2026-04-12T03:39:25","guid":{"rendered":"https:\/\/calmondivulgacoes.com.br\/?p=2899"},"modified":"2026-04-12T19:09:45","modified_gmt":"2026-04-12T22:09:45","slug":"prefeito-sampaio-foi-convidado-para-uma-entrevista-na-radio-comunitaria-canabrava-fm-879","status":"publish","type":"post","link":"https:\/\/calmondivulgacoes.com.br\/en\/prefeito-sampaio-foi-convidado-para-uma-entrevista-na-radio-comunitaria-canabrava-fm-879\/","title":{"rendered":"Prefeito Sampaio foi convidado para uma entrevista na R\u00e1dio Comunit\u00e1ria Canabrava FM 87,9"},"content":{"rendered":"<p>CONVITE ESPECIAL<\/p>\n\n\n\n<p>A R\u00e1dio Comunit\u00e1ria Canabrava FM 87,9, em parceria com a Calmon Divulga\u00e7\u00f5es, tem a honra de convidar o Excelent\u00edssimo Senhor Prefeito Marinaldo Sampaio para uma entrevista especial no programa Tribuna Livre.<\/p>\n\n\n\n<p>\ud83d\uddd3 Data: A combinar<br>Datas: Entre 13 a 17 de Abril, ou outra data neste m\u00eas de abril<br>\u23f0 Hor\u00e1rio: 17h (de segunda a sexta-feira)<br>\ud83d\udcfb Local: Est\u00fadio da Canabrava FM 87,9<\/p>\n\n\n\n<p>\ud83c\udf99 Apresenta\u00e7\u00e3o:<br>Mario Augusto | William Sales<\/p>\n\n\n\n<p>Temas a serem abordados:<\/p>\n\n\n\n<p>Conjuntura pol\u00edtica atual;<br>Avan\u00e7os administrativos da gest\u00e3o;<br>Dificuldades enfrentadas pela administra\u00e7\u00e3o;<br>Perspectivas para as elei\u00e7\u00f5es de 2026;<br>Festas;<br>Rela\u00e7\u00e3o pol\u00edtica com o grupo pol\u00edtico.<\/p>\n\n\n\n<p>Ser\u00e1 uma oportunidade importante para que a popula\u00e7\u00e3o de Miguel Calmon acompanhe de perto as a\u00e7\u00f5es, desafios e projetos da atual gest\u00e3o municipal.<\/p>\n\n\n\n<p>Desde j\u00e1, agradecemos a aten\u00e7\u00e3o e esperamos contar com sua valiosa presen\u00e7a. Convite feito pelo WhatsApp (Chefe de gabinete e prefeito) e ouvidoria. <\/p>\n\n\n\n<p>Atenciosamente,<br>R\u00e1dio Canabrava FM 87,9<br>Calmon Divulga\u00e7\u00f5es<\/p>\n\n\n\n<figure class=\"wp-block-image size-full is-resized\"><img decoding=\"async\" width=\"161\" height=\"225\" src=\"https:\/\/calmondivulgacoes.com.br\/wp-content\/uploads\/2026\/04\/ssampaio.jpg\" alt=\"\" class=\"wp-image-2936\" style=\"width:161px;height:auto\" srcset=\"https:\/\/calmondivulgacoes.com.br\/wp-content\/uploads\/2026\/04\/ssampaio.jpg 161w, https:\/\/calmondivulgacoes.com.br\/wp-content\/uploads\/2026\/04\/ssampaio-107x150.jpg 107w\" sizes=\"(max-width: 161px) 100vw, 161px\" \/><\/figure>\n\n\n\n<p><\/p>","protected":false},"excerpt":{"rendered":"<p>CONVITE ESPECIAL A R\u00e1dio Comunit\u00e1ria Canabrava FM 87,9, em parceria com a Calmon Divulga\u00e7\u00f5es, tem a honra de convidar o Excelent\u00edssimo Senhor Prefeito Marinaldo Sampaio para uma entrevista especial no programa Tribuna Livre. \ud83d\uddd3 Data: A combinarDatas: Entre 13 a 17 de Abril, ou outra data neste m\u00eas de abril\u23f0 Hor\u00e1rio: 17h (de segunda a [&hellip;]<\/p>\n","protected":false},"author":1,"featured_media":2936,"comment_status":"open","ping_status":"open","sticky":false,"template":"","format":"standard","meta":{"_uag_custom_page_level_css":"","_monsterinsights_skip_tracking":false,"_monsterinsights_sitenote_active":false,"_monsterinsights_sitenote_note":"","_monsterinsights_sitenote_category":0,"maa_idioma":"pt-BR","maa_pais":"Brasil","footnotes":""},"categories":[40],"tags":[],"class_list":["post-2899","post","type-post","status-publish","format-standard","has-post-thumbnail","hentry","category-miguel-calmon"],"yoast_head":"<!-- This site is optimized with the Yoast SEO plugin v27.4 - https:\/\/yoast.com\/product\/yoast-seo-wordpress\/ -->\n<title>Prefeito Sampaio foi convidado para uma entrevista na R\u00e1dio Comunit\u00e1ria Canabrava FM 87,9 - Calmon Divulga\u00e7\u00f5es<\/title>\n<meta name=\"robots\" content=\"index, follow, max-snippet:-1, max-image-preview:large, max-video-preview:-1\" \/>\n<link rel=\"canonical\" href=\"https:\/\/calmondivulgacoes.com.br\/en\/prefeito-sampaio-foi-convidado-para-uma-entrevista-na-radio-comunitaria-canabrava-fm-879\/\" \/>\n<meta property=\"og:locale\" content=\"en_US\" \/>\n<meta property=\"og:type\" content=\"article\" \/>\n<meta property=\"og:title\" content=\"Prefeito Sampaio foi convidado para uma entrevista na R\u00e1dio Comunit\u00e1ria Canabrava FM 87,9 - Calmon Divulga\u00e7\u00f5es\" \/>\n<meta property=\"og:description\" content=\"CONVITE ESPECIAL A R\u00e1dio Comunit\u00e1ria Canabrava FM 87,9, em parceria com a Calmon Divulga\u00e7\u00f5es, tem a honra de convidar o Excelent\u00edssimo Senhor Prefeito Marinaldo Sampaio para uma entrevista especial no programa Tribuna Livre. \ud83d\uddd3 Data: A combinarDatas: Entre 13 a 17 de Abril, ou outra data neste m\u00eas de abril\u23f0 Hor\u00e1rio: 17h (de segunda a [&hellip;]\" \/>\n<meta property=\"og:url\" content=\"https:\/\/calmondivulgacoes.com.br\/en\/prefeito-sampaio-foi-convidado-para-uma-entrevista-na-radio-comunitaria-canabrava-fm-879\/\" \/>\n<meta property=\"og:site_name\" content=\"Calmon Divulga\u00e7\u00f5es\" \/>\n<meta property=\"article:publisher\" content=\"https:\/\/www.facebook.com\/calmondivulgacoes\" \/>\n<meta property=\"article:published_time\" content=\"2026-04-12T03:39:25+00:00\" \/>\n<meta property=\"article:modified_time\" content=\"2026-04-12T22:09:45+00:00\" \/>\n<meta property=\"og:image\" content=\"https:\/\/calmondivulgacoes.com.br\/wp-content\/uploads\/2026\/04\/ssampaio.jpg\" \/>\n\t<meta property=\"og:image:width\" content=\"161\" \/>\n\t<meta property=\"og:image:height\" content=\"225\" \/>\n\t<meta property=\"og:image:type\" content=\"image\/jpeg\" \/>\n<meta name=\"author\" content=\"Calmon Divulga\u00e7\u00f5es\" \/>\n<meta name=\"twitter:card\" content=\"summary_large_image\" \/>\n<meta name=\"twitter:label1\" content=\"Written by\" \/>\n\t<meta name=\"twitter:data1\" content=\"Calmon Divulga\u00e7\u00f5es\" \/>\n\t<meta name=\"twitter:label2\" content=\"Est. reading time\" \/>\n\t<meta name=\"twitter:data2\" content=\"1 minute\" \/>\n<script type=\"application\/ld+json\" class=\"yoast-schema-graph\">{\"@context\":\"https:\\\/\\\/schema.org\",\"@graph\":[{\"@type\":\"Article\",\"@id\":\"https:\\\/\\\/calmondivulgacoes.com.br\\\/prefeito-sampaio-foi-convidado-para-uma-entrevista-na-radio-comunitaria-canabrava-fm-879\\\/#article\",\"isPartOf\":{\"@id\":\"https:\\\/\\\/calmondivulgacoes.com.br\\\/prefeito-sampaio-foi-convidado-para-uma-entrevista-na-radio-comunitaria-canabrava-fm-879\\\/\"},\"author\":{\"name\":\"Calmon Divulga\u00e7\u00f5es\",\"@id\":\"https:\\\/\\\/calmondivulgacoes.com.br\\\/#\\\/schema\\\/person\\\/f51b6a75a3e31b01ea8f6fea23fc01fa\"},\"headline\":\"Prefeito Sampaio foi convidado para uma entrevista na R\u00e1dio Comunit\u00e1ria Canabrava FM 87,9\",\"datePublished\":\"2026-04-12T03:39:25+00:00\",\"dateModified\":\"2026-04-12T22:09:45+00:00\",\"mainEntityOfPage\":{\"@id\":\"https:\\\/\\\/calmondivulgacoes.com.br\\\/prefeito-sampaio-foi-convidado-para-uma-entrevista-na-radio-comunitaria-canabrava-fm-879\\\/\"},\"wordCount\":178,\"commentCount\":0,\"publisher\":{\"@id\":\"https:\\\/\\\/calmondivulgacoes.com.br\\\/#organization\"},\"image\":{\"@id\":\"https:\\\/\\\/calmondivulgacoes.com.br\\\/prefeito-sampaio-foi-convidado-para-uma-entrevista-na-radio-comunitaria-canabrava-fm-879\\\/#primaryimage\"},\"thumbnailUrl\":\"https:\\\/\\\/calmondivulgacoes.com.br\\\/wp-content\\\/uploads\\\/2026\\\/04\\\/ssampaio.jpg\",\"articleSection\":[\"Miguel Calmon\"],\"inLanguage\":\"en-US\",\"potentialAction\":[{\"@type\":\"CommentAction\",\"name\":\"Comment\",\"target\":[\"https:\\\/\\\/calmondivulgacoes.com.br\\\/prefeito-sampaio-foi-convidado-para-uma-entrevista-na-radio-comunitaria-canabrava-fm-879\\\/#respond\"]}]},{\"@type\":\"WebPage\",\"@id\":\"https:\\\/\\\/calmondivulgacoes.com.br\\\/prefeito-sampaio-foi-convidado-para-uma-entrevista-na-radio-comunitaria-canabrava-fm-879\\\/\",\"url\":\"https:\\\/\\\/calmondivulgacoes.com.br\\\/prefeito-sampaio-foi-convidado-para-uma-entrevista-na-radio-comunitaria-canabrava-fm-879\\\/\",\"name\":\"Prefeito Sampaio foi convidado para uma entrevista na R\u00e1dio Comunit\u00e1ria Canabrava FM 87,9 - Calmon Divulga\u00e7\u00f5es\",\"isPartOf\":{\"@id\":\"https:\\\/\\\/calmondivulgacoes.com.br\\\/#website\"},\"primaryImageOfPage\":{\"@id\":\"https:\\\/\\\/calmondivulgacoes.com.br\\\/prefeito-sampaio-foi-convidado-para-uma-entrevista-na-radio-comunitaria-canabrava-fm-879\\\/#primaryimage\"},\"image\":{\"@id\":\"https:\\\/\\\/calmondivulgacoes.com.br\\\/prefeito-sampaio-foi-convidado-para-uma-entrevista-na-radio-comunitaria-canabrava-fm-879\\\/#primaryimage\"},\"thumbnailUrl\":\"https:\\\/\\\/calmondivulgacoes.com.br\\\/wp-content\\\/uploads\\\/2026\\\/04\\\/ssampaio.jpg\",\"datePublished\":\"2026-04-12T03:39:25+00:00\",\"dateModified\":\"2026-04-12T22:09:45+00:00\",\"breadcrumb\":{\"@id\":\"https:\\\/\\\/calmondivulgacoes.com.br\\\/prefeito-sampaio-foi-convidado-para-uma-entrevista-na-radio-comunitaria-canabrava-fm-879\\\/#breadcrumb\"},\"inLanguage\":\"en-US\",\"potentialAction\":[{\"@type\":\"ReadAction\",\"target\":[\"https:\\\/\\\/calmondivulgacoes.com.br\\\/prefeito-sampaio-foi-convidado-para-uma-entrevista-na-radio-comunitaria-canabrava-fm-879\\\/\"]}]},{\"@type\":\"ImageObject\",\"inLanguage\":\"en-US\",\"@id\":\"https:\\\/\\\/calmondivulgacoes.com.br\\\/prefeito-sampaio-foi-convidado-para-uma-entrevista-na-radio-comunitaria-canabrava-fm-879\\\/#primaryimage\",\"url\":\"https:\\\/\\\/calmondivulgacoes.com.br\\\/wp-content\\\/uploads\\\/2026\\\/04\\\/ssampaio.jpg\",\"contentUrl\":\"https:\\\/\\\/calmondivulgacoes.com.br\\\/wp-content\\\/uploads\\\/2026\\\/04\\\/ssampaio.jpg\",\"width\":161,\"height\":225},{\"@type\":\"BreadcrumbList\",\"@id\":\"https:\\\/\\\/calmondivulgacoes.com.br\\\/prefeito-sampaio-foi-convidado-para-uma-entrevista-na-radio-comunitaria-canabrava-fm-879\\\/#breadcrumb\",\"itemListElement\":[{\"@type\":\"ListItem\",\"position\":1,\"name\":\"In\u00edcio\",\"item\":\"https:\\\/\\\/calmondivulgacoes.com.br\\\/\"},{\"@type\":\"ListItem\",\"position\":2,\"name\":\"Prefeito Sampaio foi convidado para uma entrevista na R\u00e1dio Comunit\u00e1ria Canabrava FM 87,9\"}]},{\"@type\":\"WebSite\",\"@id\":\"https:\\\/\\\/calmondivulgacoes.com.br\\\/#website\",\"url\":\"https:\\\/\\\/calmondivulgacoes.com.br\\\/\",\"name\":\"Calmon Divulga\u00e7\u00f5es\",\"description\":\"e Not\u00edcias\",\"publisher\":{\"@id\":\"https:\\\/\\\/calmondivulgacoes.com.br\\\/#organization\"},\"potentialAction\":[{\"@type\":\"SearchAction\",\"target\":{\"@type\":\"EntryPoint\",\"urlTemplate\":\"https:\\\/\\\/calmondivulgacoes.com.br\\\/?s={search_term_string}\"},\"query-input\":{\"@type\":\"PropertyValueSpecification\",\"valueRequired\":true,\"valueName\":\"search_term_string\"}}],\"inLanguage\":\"en-US\"},{\"@type\":\"Organization\",\"@id\":\"https:\\\/\\\/calmondivulgacoes.com.br\\\/#organization\",\"name\":\"Calmon Divulga\u00e7\u00f5es\",\"url\":\"https:\\\/\\\/calmondivulgacoes.com.br\\\/\",\"logo\":{\"@type\":\"ImageObject\",\"inLanguage\":\"en-US\",\"@id\":\"https:\\\/\\\/calmondivulgacoes.com.br\\\/#\\\/schema\\\/logo\\\/image\\\/\",\"url\":\"https:\\\/\\\/calmondivulgacoes.com.br\\\/wp-content\\\/uploads\\\/2026\\\/04\\\/cropped-WhatsApp_Image_2025-12-02_at_20.44.08-removebg-preview.png\",\"contentUrl\":\"https:\\\/\\\/calmondivulgacoes.com.br\\\/wp-content\\\/uploads\\\/2026\\\/04\\\/cropped-WhatsApp_Image_2025-12-02_at_20.44.08-removebg-preview.png\",\"width\":120,\"height\":120,\"caption\":\"Calmon Divulga\u00e7\u00f5es\"},\"image\":{\"@id\":\"https:\\\/\\\/calmondivulgacoes.com.br\\\/#\\\/schema\\\/logo\\\/image\\\/\"},\"sameAs\":[\"https:\\\/\\\/www.facebook.com\\\/calmondivulgacoes\",\"https:\\\/\\\/www.instagram.com\\\/calmondivulgacoes\\\/\"]},{\"@type\":\"Person\",\"@id\":\"https:\\\/\\\/calmondivulgacoes.com.br\\\/#\\\/schema\\\/person\\\/f51b6a75a3e31b01ea8f6fea23fc01fa\",\"name\":\"Calmon Divulga\u00e7\u00f5es\",\"image\":{\"@type\":\"ImageObject\",\"inLanguage\":\"en-US\",\"@id\":\"https:\\\/\\\/calmondivulgacoes.com.br\\\/wp-content\\\/litespeed\\\/avatar\\\/70d8f8af3b6e7945511481b97d22e67c.jpg?ver=1777223803\",\"url\":\"https:\\\/\\\/calmondivulgacoes.com.br\\\/wp-content\\\/litespeed\\\/avatar\\\/70d8f8af3b6e7945511481b97d22e67c.jpg?ver=1777223803\",\"contentUrl\":\"https:\\\/\\\/calmondivulgacoes.com.br\\\/wp-content\\\/litespeed\\\/avatar\\\/70d8f8af3b6e7945511481b97d22e67c.jpg?ver=1777223803\",\"caption\":\"Calmon Divulga\u00e7\u00f5es\"},\"sameAs\":[\"http:\\\/\\\/calmondivulgacoes.com.br\"],\"url\":\"https:\\\/\\\/calmondivulgacoes.com.br\\\/en\\\/autor\\\/calmondivulgacoesgmail-com\\\/\"}]}<\/script>\n<!-- \/ Yoast SEO plugin. -->","yoast_head_json":{"title":"Prefeito Sampaio foi convidado para uma entrevista na R\u00e1dio Comunit\u00e1ria Canabrava FM 87,9 - Calmon Divulga\u00e7\u00f5es","robots":{"index":"index","follow":"follow","max-snippet":"max-snippet:-1","max-image-preview":"max-image-preview:large","max-video-preview":"max-video-preview:-1"},"canonical":"https:\/\/calmondivulgacoes.com.br\/en\/prefeito-sampaio-foi-convidado-para-uma-entrevista-na-radio-comunitaria-canabrava-fm-879\/","og_locale":"en_US","og_type":"article","og_title":"Prefeito Sampaio foi convidado para uma entrevista na R\u00e1dio Comunit\u00e1ria Canabrava FM 87,9 - Calmon Divulga\u00e7\u00f5es","og_description":"CONVITE ESPECIAL A R\u00e1dio Comunit\u00e1ria Canabrava FM 87,9, em parceria com a Calmon Divulga\u00e7\u00f5es, tem a honra de convidar o Excelent\u00edssimo Senhor Prefeito Marinaldo Sampaio para uma entrevista especial no programa Tribuna Livre. \ud83d\uddd3 Data: A combinarDatas: Entre 13 a 17 de Abril, ou outra data neste m\u00eas de abril\u23f0 Hor\u00e1rio: 17h (de segunda a [&hellip;]","og_url":"https:\/\/calmondivulgacoes.com.br\/en\/prefeito-sampaio-foi-convidado-para-uma-entrevista-na-radio-comunitaria-canabrava-fm-879\/","og_site_name":"Calmon Divulga\u00e7\u00f5es","article_publisher":"https:\/\/www.facebook.com\/calmondivulgacoes","article_published_time":"2026-04-12T03:39:25+00:00","article_modified_time":"2026-04-12T22:09:45+00:00","og_image":[{"width":161,"height":225,"url":"https:\/\/calmondivulgacoes.com.br\/wp-content\/uploads\/2026\/04\/ssampaio.jpg","type":"image\/jpeg"}],"author":"Calmon Divulga\u00e7\u00f5es","twitter_card":"summary_large_image","twitter_misc":{"Written by":"Calmon Divulga\u00e7\u00f5es","Est. reading time":"1 minute"},"schema":{"@context":"https:\/\/schema.org","@graph":[{"@type":"Article","@id":"https:\/\/calmondivulgacoes.com.br\/prefeito-sampaio-foi-convidado-para-uma-entrevista-na-radio-comunitaria-canabrava-fm-879\/#article","isPartOf":{"@id":"https:\/\/calmondivulgacoes.com.br\/prefeito-sampaio-foi-convidado-para-uma-entrevista-na-radio-comunitaria-canabrava-fm-879\/"},"author":{"name":"Calmon Divulga\u00e7\u00f5es","@id":"https:\/\/calmondivulgacoes.com.br\/#\/schema\/person\/f51b6a75a3e31b01ea8f6fea23fc01fa"},"headline":"Prefeito Sampaio foi convidado para uma entrevista na R\u00e1dio Comunit\u00e1ria Canabrava FM 87,9","datePublished":"2026-04-12T03:39:25+00:00","dateModified":"2026-04-12T22:09:45+00:00","mainEntityOfPage":{"@id":"https:\/\/calmondivulgacoes.com.br\/prefeito-sampaio-foi-convidado-para-uma-entrevista-na-radio-comunitaria-canabrava-fm-879\/"},"wordCount":178,"commentCount":0,"publisher":{"@id":"https:\/\/calmondivulgacoes.com.br\/#organization"},"image":{"@id":"https:\/\/calmondivulgacoes.com.br\/prefeito-sampaio-foi-convidado-para-uma-entrevista-na-radio-comunitaria-canabrava-fm-879\/#primaryimage"},"thumbnailUrl":"https:\/\/calmondivulgacoes.com.br\/wp-content\/uploads\/2026\/04\/ssampaio.jpg","articleSection":["Miguel Calmon"],"inLanguage":"en-US","potentialAction":[{"@type":"CommentAction","name":"Comment","target":["https:\/\/calmondivulgacoes.com.br\/prefeito-sampaio-foi-convidado-para-uma-entrevista-na-radio-comunitaria-canabrava-fm-879\/#respond"]}]},{"@type":"WebPage","@id":"https:\/\/calmondivulgacoes.com.br\/prefeito-sampaio-foi-convidado-para-uma-entrevista-na-radio-comunitaria-canabrava-fm-879\/","url":"https:\/\/calmondivulgacoes.com.br\/prefeito-sampaio-foi-convidado-para-uma-entrevista-na-radio-comunitaria-canabrava-fm-879\/","name":"Prefeito Sampaio foi convidado para uma entrevista na R\u00e1dio Comunit\u00e1ria Canabrava FM 87,9 - Calmon Divulga\u00e7\u00f5es","isPartOf":{"@id":"https:\/\/calmondivulgacoes.com.br\/#website"},"primaryImageOfPage":{"@id":"https:\/\/calmondivulgacoes.com.br\/prefeito-sampaio-foi-convidado-para-uma-entrevista-na-radio-comunitaria-canabrava-fm-879\/#primaryimage"},"image":{"@id":"https:\/\/calmondivulgacoes.com.br\/prefeito-sampaio-foi-convidado-para-uma-entrevista-na-radio-comunitaria-canabrava-fm-879\/#primaryimage"},"thumbnailUrl":"https:\/\/calmondivulgacoes.com.br\/wp-content\/uploads\/2026\/04\/ssampaio.jpg","datePublished":"2026-04-12T03:39:25+00:00","dateModified":"2026-04-12T22:09:45+00:00","breadcrumb":{"@id":"https:\/\/calmondivulgacoes.com.br\/prefeito-sampaio-foi-convidado-para-uma-entrevista-na-radio-comunitaria-canabrava-fm-879\/#breadcrumb"},"inLanguage":"en-US","potentialAction":[{"@type":"ReadAction","target":["https:\/\/calmondivulgacoes.com.br\/prefeito-sampaio-foi-convidado-para-uma-entrevista-na-radio-comunitaria-canabrava-fm-879\/"]}]},{"@type":"ImageObject","inLanguage":"en-US","@id":"https:\/\/calmondivulgacoes.com.br\/prefeito-sampaio-foi-convidado-para-uma-entrevista-na-radio-comunitaria-canabrava-fm-879\/#primaryimage","url":"https:\/\/calmondivulgacoes.com.br\/wp-content\/uploads\/2026\/04\/ssampaio.jpg","contentUrl":"https:\/\/calmondivulgacoes.com.br\/wp-content\/uploads\/2026\/04\/ssampaio.jpg","width":161,"height":225},{"@type":"BreadcrumbList","@id":"https:\/\/calmondivulgacoes.com.br\/prefeito-sampaio-foi-convidado-para-uma-entrevista-na-radio-comunitaria-canabrava-fm-879\/#breadcrumb","itemListElement":[{"@type":"ListItem","position":1,"name":"In\u00edcio","item":"https:\/\/calmondivulgacoes.com.br\/"},{"@type":"ListItem","position":2,"name":"Prefeito Sampaio foi convidado para uma entrevista na R\u00e1dio Comunit\u00e1ria Canabrava FM 87,9"}]},{"@type":"WebSite","@id":"https:\/\/calmondivulgacoes.com.br\/#website","url":"https:\/\/calmondivulgacoes.com.br\/","name":"Calmon Divulga\u00e7\u00f5es","description":"e Not\u00edcias","publisher":{"@id":"https:\/\/calmondivulgacoes.com.br\/#organization"},"potentialAction":[{"@type":"SearchAction","target":{"@type":"EntryPoint","urlTemplate":"https:\/\/calmondivulgacoes.com.br\/?s={search_term_string}"},"query-input":{"@type":"PropertyValueSpecification","valueRequired":true,"valueName":"search_term_string"}}],"inLanguage":"en-US"},{"@type":"Organization","@id":"https:\/\/calmondivulgacoes.com.br\/#organization","name":"Calmon Divulga\u00e7\u00f5es","url":"https:\/\/calmondivulgacoes.com.br\/","logo":{"@type":"ImageObject","inLanguage":"en-US","@id":"https:\/\/calmondivulgacoes.com.br\/#\/schema\/logo\/image\/","url":"https:\/\/calmondivulgacoes.com.br\/wp-content\/uploads\/2026\/04\/cropped-WhatsApp_Image_2025-12-02_at_20.44.08-removebg-preview.png","contentUrl":"https:\/\/calmondivulgacoes.com.br\/wp-content\/uploads\/2026\/04\/cropped-WhatsApp_Image_2025-12-02_at_20.44.08-removebg-preview.png","width":120,"height":120,"caption":"Calmon Divulga\u00e7\u00f5es"},"image":{"@id":"https:\/\/calmondivulgacoes.com.br\/#\/schema\/logo\/image\/"},"sameAs":["https:\/\/www.facebook.com\/calmondivulgacoes","https:\/\/www.instagram.com\/calmondivulgacoes\/"]},{"@type":"Person","@id":"https:\/\/calmondivulgacoes.com.br\/#\/schema\/person\/f51b6a75a3e31b01ea8f6fea23fc01fa","name":"Calmon Divulga\u00e7\u00f5es","image":{"@type":"ImageObject","inLanguage":"en-US","@id":"https:\/\/calmondivulgacoes.com.br\/wp-content\/litespeed\/avatar\/70d8f8af3b6e7945511481b97d22e67c.jpg?ver=1777223803","url":"https:\/\/calmondivulgacoes.com.br\/wp-content\/litespeed\/avatar\/70d8f8af3b6e7945511481b97d22e67c.jpg?ver=1777223803","contentUrl":"https:\/\/calmondivulgacoes.com.br\/wp-content\/litespeed\/avatar\/70d8f8af3b6e7945511481b97d22e67c.jpg?ver=1777223803","caption":"Calmon Divulga\u00e7\u00f5es"},"sameAs":["http:\/\/calmondivulgacoes.com.br"],"url":"https:\/\/calmondivulgacoes.com.br\/en\/autor\/calmondivulgacoesgmail-com\/"}]}},"uagb_featured_image_src":{"full":["https:\/\/calmondivulgacoes.com.br\/wp-content\/uploads\/2026\/04\/ssampaio.jpg",161,225,false],"thumbnail":["https:\/\/calmondivulgacoes.com.br\/wp-content\/uploads\/2026\/04\/ssampaio-107x150.jpg",107,150,true],"medium":["https:\/\/calmondivulgacoes.com.br\/wp-content\/uploads\/2026\/04\/ssampaio.jpg",161,225,false],"medium_large":["https:\/\/calmondivulgacoes.com.br\/wp-content\/uploads\/2026\/04\/ssampaio.jpg",161,225,false],"large":["https:\/\/calmondivulgacoes.com.br\/wp-content\/uploads\/2026\/04\/ssampaio.jpg",161,225,false],"1536x1536":["https:\/\/calmondivulgacoes.com.br\/wp-content\/uploads\/2026\/04\/ssampaio.jpg",161,225,false],"2048x2048":["https:\/\/calmondivulgacoes.com.br\/wp-content\/uploads\/2026\/04\/ssampaio.jpg",161,225,false],"trp-custom-language-flag":["https:\/\/calmondivulgacoes.com.br\/wp-content\/uploads\/2026\/04\/ssampaio.jpg",9,12,false],"cvmm-medium":["https:\/\/calmondivulgacoes.com.br\/wp-content\/uploads\/2026\/04\/ssampaio.jpg",161,225,false],"cvmm-medium-plus":["https:\/\/calmondivulgacoes.com.br\/wp-content\/uploads\/2026\/04\/ssampaio-161x207.jpg",161,207,true],"cvmm-portrait":["https:\/\/calmondivulgacoes.com.br\/wp-content\/uploads\/2026\/04\/ssampaio.jpg",161,225,false],"cvmm-medium-square":["https:\/\/calmondivulgacoes.com.br\/wp-content\/uploads\/2026\/04\/ssampaio.jpg",161,225,false],"cvmm-large":["https:\/\/calmondivulgacoes.com.br\/wp-content\/uploads\/2026\/04\/ssampaio.jpg",161,225,false],"cvmm-small":["https:\/\/calmondivulgacoes.com.br\/wp-content\/uploads\/2026\/04\/ssampaio-130x95.jpg",130,95,true]},"uagb_author_info":{"display_name":"Calmon Divulga\u00e7\u00f5es","author_link":"https:\/\/calmondivulgacoes.com.br\/en\/autor\/calmondivulgacoesgmail-com\/"},"uagb_comment_info":0,"uagb_excerpt":"CONVITE ESPECIAL A R\u00e1dio Comunit\u00e1ria Canabrava FM 87,9, em parceria com a Calmon Divulga\u00e7\u00f5es, tem a honra de convidar o Excelent\u00edssimo Senhor Prefeito Marinaldo Sampaio para uma entrevista especial no programa Tribuna Livre. \ud83d\uddd3 Data: A combinarDatas: Entre 13 a 17 de Abril, ou outra data neste m\u00eas de abril\u23f0 Hor\u00e1rio: 17h (de segunda a&hellip;","blog_post_layout_featured_media_urls":{"thumbnail":["https:\/\/calmondivulgacoes.com.br\/wp-content\/uploads\/2026\/04\/ssampaio-107x150.jpg",107,150,true],"full":["https:\/\/calmondivulgacoes.com.br\/wp-content\/uploads\/2026\/04\/ssampaio.jpg",161,225,false]},"categories_names":{"40":{"name":"Miguel Calmon","link":"https:\/\/calmondivulgacoes.com.br\/en\/category\/miguel-calmon\/"}},"tags_names":[],"comments_number":"0","wpmagazine_modules_lite_featured_media_urls":{"thumbnail":["https:\/\/calmondivulgacoes.com.br\/wp-content\/uploads\/2026\/04\/ssampaio-107x150.jpg",107,150,true],"cvmm-medium":["https:\/\/calmondivulgacoes.com.br\/wp-content\/uploads\/2026\/04\/ssampaio.jpg",161,225,false],"cvmm-medium-plus":["https:\/\/calmondivulgacoes.com.br\/wp-content\/uploads\/2026\/04\/ssampaio-161x207.jpg",161,207,true],"cvmm-portrait":["https:\/\/calmondivulgacoes.com.br\/wp-content\/uploads\/2026\/04\/ssampaio.jpg",161,225,false],"cvmm-medium-square":["https:\/\/calmondivulgacoes.com.br\/wp-content\/uploads\/2026\/04\/ssampaio.jpg",161,225,false],"cvmm-large":["https:\/\/calmondivulgacoes.com.br\/wp-content\/uploads\/2026\/04\/ssampaio.jpg",161,225,false],"cvmm-small":["https:\/\/calmondivulgacoes.com.br\/wp-content\/uploads\/2026\/04\/ssampaio-130x95.jpg",130,95,true],"full":["https:\/\/calmondivulgacoes.com.br\/wp-content\/uploads\/2026\/04\/ssampaio.jpg",161,225,false]},"_links":{"self":[{"href":"https:\/\/calmondivulgacoes.com.br\/en\/wp-json\/wp\/v2\/posts\/2899","targetHints":{"allow":["GET"]}}],"collection":[{"href":"https:\/\/calmondivulgacoes.com.br\/en\/wp-json\/wp\/v2\/posts"}],"about":[{"href":"https:\/\/calmondivulgacoes.com.br\/en\/wp-json\/wp\/v2\/types\/post"}],"author":[{"embeddable":true,"href":"https:\/\/calmondivulgacoes.com.br\/en\/wp-json\/wp\/v2\/users\/1"}],"replies":[{"embeddable":true,"href":"https:\/\/calmondivulgacoes.com.br\/en\/wp-json\/wp\/v2\/comments?post=2899"}],"version-history":[{"count":3,"href":"https:\/\/calmondivulgacoes.com.br\/en\/wp-json\/wp\/v2\/posts\/2899\/revisions"}],"predecessor-version":[{"id":2937,"href":"https:\/\/calmondivulgacoes.com.br\/en\/wp-json\/wp\/v2\/posts\/2899\/revisions\/2937"}],"wp:featuredmedia":[{"embeddable":true,"href":"https:\/\/calmondivulgacoes.com.br\/en\/wp-json\/wp\/v2\/media\/2936"}],"wp:attachment":[{"href":"https:\/\/calmondivulgacoes.com.br\/en\/wp-json\/wp\/v2\/media?parent=2899"}],"wp:term":[{"taxonomy":"category","embeddable":true,"href":"https:\/\/calmondivulgacoes.com.br\/en\/wp-json\/wp\/v2\/categories?post=2899"},{"taxonomy":"post_tag","embeddable":true,"href":"https:\/\/calmondivulgacoes.com.br\/en\/wp-json\/wp\/v2\/tags?post=2899"}],"curies":[{"name":"wp","href":"https:\/\/api.w.org\/{rel}","templated":true}]}}