{"id":2895,"date":"2026-04-12T03:37:09","date_gmt":"2026-04-12T03:37:09","guid":{"rendered":"https:\/\/calmondivulgacoes.com.br\/?p=2895"},"modified":"2026-04-12T19:08:04","modified_gmt":"2026-04-12T22:08:04","slug":"festa-do-brejo-grande-em-miguel-calmon-tem-chamado-a-atencao-em-2026","status":"publish","type":"post","link":"https:\/\/calmondivulgacoes.com.br\/en\/festa-do-brejo-grande-em-miguel-calmon-tem-chamado-a-atencao-em-2026\/","title":{"rendered":"Festa do Brejo Grande em Miguel Calmon tem chamado a aten\u00e7\u00e3o em 2026"},"content":{"rendered":"<p>A festa do Brejo Grande em Miguel Calmon tem chamado a aten\u00e7\u00e3o devido a altera\u00e7\u00e3o no formato tradicional do S\u00e3o Jo\u00e3o deste distrito.<\/p>\n\n\n\n<p>Ao longo dos anos, a festa no distrito sempre foi marcada por, no m\u00ednimo, dois dias de celebra\u00e7\u00e3o, realizada uma semana antes do Arrai\u00e1 da sede, preservando sua autonomia cultural e fortalecendo a identidade local. Contudo, em 2026, esse modelo foi modificado.<\/p>\n\n\n\n<p>Segundo pol\u00edticos e reportagens locais, S\u00e3o Jo\u00e3o do Brejo Grande ocorrer\u00e1 apenas no s\u00e1bado, dia 20 de junho, concentrando toda a programa\u00e7\u00e3o em uma \u00fanica noite.<\/p>\n\n\n\n<p>Al\u00e9m disso, pela primeira vez, o evento deixar\u00e1 de anteceder o Arrai\u00e1 Cal\u00e7a-Curta e passar\u00e1 a acontecer de forma consecutiva \u00e0 programa\u00e7\u00e3o da sede, sendo \u201cemendado\u201d com os dias 21, 22 e 23.<\/p>\n\n\n\n<p>A decis\u00e3o pode representar uma redu\u00e7\u00e3o significativa na dura\u00e7\u00e3o da festa do distrito e romper com um calend\u00e1rio que j\u00e1 era tradi\u00e7\u00e3o entre moradores e visitantes.<\/p>\n\n\n\n<p>Para muitos, a mudan\u00e7a n\u00e3o \u00e9 apenas uma quest\u00e3o de datas, mas uma descaracteriza\u00e7\u00e3o de um evento que sempre teve espa\u00e7o pr\u00f3prio no ciclo junino do munic\u00edpio.<\/p>\n\n\n\n<p>Brejo Grande ter\u00e1 sua comemora\u00e7\u00e3o limitada a um \u00fanico dia, o que levanta questionamentos sobre a valoriza\u00e7\u00e3o das suas manifesta\u00e7\u00f5es culturais.<\/p>\n\n\n\n<p>At\u00e9 o momento, n\u00e3o foram observados esclarecimentos oficiais por parte da prefeitura ou notas informativas detalhadas sobre os motivos que levaram \u00e0 reformula\u00e7\u00e3o do S\u00e3o Jo\u00e3o de Brejo Grande neste ano de 2026.<\/p>\n\n\n\n<p><\/p>\n\n\n\n<div class=\"wp-block-uagb-image uagb-block-8c6a10b2 wp-block-uagb-image--layout-default wp-block-uagb-image--effect-static wp-block-uagb-image--align-none\"><figure class=\"wp-block-uagb-image__figure\"><img loading=\"lazy\" decoding=\"async\" srcset=\"https:\/\/calmondivulgacoes.com.br\/wp-content\/uploads\/2026\/04\/BJ-2024.png ,https:\/\/calmondivulgacoes.com.br\/wp-content\/uploads\/2026\/04\/BJ-2024.png 780w, https:\/\/calmondivulgacoes.com.br\/wp-content\/uploads\/2026\/04\/BJ-2024.png 360w\" sizes=\"auto, (max-width: 480px) 150px\" src=\"https:\/\/calmondivulgacoes.com.br\/wp-content\/uploads\/2026\/04\/BJ-2024.png\" alt=\"\" class=\"uag-image-2896\" width=\"479\" height=\"562\" title=\"BJ 2024\" role=\"img\"\/><\/figure><\/div>\n\n\n\n<div class=\"wp-block-uagb-image uagb-block-0e7ff07b wp-block-uagb-image--layout-default wp-block-uagb-image--effect-static wp-block-uagb-image--align-none\"><figure class=\"wp-block-uagb-image__figure\"><img loading=\"lazy\" decoding=\"async\" srcset=\"https:\/\/calmondivulgacoes.com.br\/wp-content\/uploads\/2026\/04\/BJ-2025.png ,https:\/\/calmondivulgacoes.com.br\/wp-content\/uploads\/2026\/04\/BJ-2025.png 780w, https:\/\/calmondivulgacoes.com.br\/wp-content\/uploads\/2026\/04\/BJ-2025.png 360w\" sizes=\"auto, (max-width: 480px) 150px\" src=\"https:\/\/calmondivulgacoes.com.br\/wp-content\/uploads\/2026\/04\/BJ-2025.png\" alt=\"\" class=\"uag-image-2897\" width=\"434\" height=\"542\" title=\"BJ 2025\" role=\"img\"\/><\/figure><\/div>\n\n\n\n<p><\/p>","protected":false},"excerpt":{"rendered":"<p>A festa do Brejo Grande em Miguel Calmon tem chamado a aten\u00e7\u00e3o devido a altera\u00e7\u00e3o no formato tradicional do S\u00e3o Jo\u00e3o deste distrito. Ao longo dos anos, a festa no distrito sempre foi marcada por, no m\u00ednimo, dois dias de celebra\u00e7\u00e3o, realizada uma semana antes do Arrai\u00e1 da sede, preservando sua autonomia cultural e fortalecendo [&hellip;]<\/p>\n","protected":false},"author":1,"featured_media":2950,"comment_status":"open","ping_status":"open","sticky":false,"template":"","format":"standard","meta":{"_uag_custom_page_level_css":"","_monsterinsights_skip_tracking":false,"_monsterinsights_sitenote_active":false,"_monsterinsights_sitenote_note":"","_monsterinsights_sitenote_category":0,"maa_idioma":"","maa_pais":"","footnotes":""},"categories":[40],"tags":[],"class_list":["post-2895","post","type-post","status-publish","format-standard","has-post-thumbnail","hentry","category-miguel-calmon"],"yoast_head":"<!-- This site is optimized with the Yoast SEO plugin v27.4 - https:\/\/yoast.com\/product\/yoast-seo-wordpress\/ -->\n<title>Festa do Brejo Grande em Miguel Calmon tem chamado a aten\u00e7\u00e3o em 2026 - Calmon Divulga\u00e7\u00f5es<\/title>\n<meta name=\"robots\" content=\"index, follow, max-snippet:-1, max-image-preview:large, max-video-preview:-1\" \/>\n<link rel=\"canonical\" href=\"https:\/\/calmondivulgacoes.com.br\/en\/festa-do-brejo-grande-em-miguel-calmon-tem-chamado-a-atencao-em-2026\/\" \/>\n<meta property=\"og:locale\" content=\"en_US\" \/>\n<meta property=\"og:type\" content=\"article\" \/>\n<meta property=\"og:title\" content=\"Festa do Brejo Grande em Miguel Calmon tem chamado a aten\u00e7\u00e3o em 2026 - Calmon Divulga\u00e7\u00f5es\" \/>\n<meta property=\"og:description\" content=\"A festa do Brejo Grande em Miguel Calmon tem chamado a aten\u00e7\u00e3o devido a altera\u00e7\u00e3o no formato tradicional do S\u00e3o Jo\u00e3o deste distrito. Ao longo dos anos, a festa no distrito sempre foi marcada por, no m\u00ednimo, dois dias de celebra\u00e7\u00e3o, realizada uma semana antes do Arrai\u00e1 da sede, preservando sua autonomia cultural e fortalecendo [&hellip;]\" \/>\n<meta property=\"og:url\" content=\"https:\/\/calmondivulgacoes.com.br\/en\/festa-do-brejo-grande-em-miguel-calmon-tem-chamado-a-atencao-em-2026\/\" \/>\n<meta property=\"og:site_name\" content=\"Calmon Divulga\u00e7\u00f5es\" \/>\n<meta property=\"article:publisher\" content=\"https:\/\/www.facebook.com\/calmondivulgacoes\" \/>\n<meta property=\"article:published_time\" content=\"2026-04-12T03:37:09+00:00\" \/>\n<meta property=\"article:modified_time\" content=\"2026-04-12T22:08:04+00:00\" \/>\n<meta property=\"og:image\" content=\"https:\/\/calmondivulgacoes.com.br\/wp-content\/uploads\/2026\/04\/BJ-000.png\" \/>\n\t<meta property=\"og:image:width\" content=\"203\" \/>\n\t<meta property=\"og:image:height\" content=\"159\" \/>\n\t<meta property=\"og:image:type\" content=\"image\/png\" \/>\n<meta name=\"author\" content=\"Calmon Divulga\u00e7\u00f5es\" \/>\n<meta name=\"twitter:card\" content=\"summary_large_image\" \/>\n<meta name=\"twitter:label1\" content=\"Written by\" \/>\n\t<meta name=\"twitter:data1\" content=\"Calmon Divulga\u00e7\u00f5es\" \/>\n\t<meta name=\"twitter:label2\" content=\"Est. reading time\" \/>\n\t<meta name=\"twitter:data2\" content=\"1 minute\" \/>\n<script type=\"application\/ld+json\" class=\"yoast-schema-graph\">{\"@context\":\"https:\\\/\\\/schema.org\",\"@graph\":[{\"@type\":\"Article\",\"@id\":\"https:\\\/\\\/calmondivulgacoes.com.br\\\/festa-do-brejo-grande-em-miguel-calmon-tem-chamado-a-atencao-em-2026\\\/#article\",\"isPartOf\":{\"@id\":\"https:\\\/\\\/calmondivulgacoes.com.br\\\/festa-do-brejo-grande-em-miguel-calmon-tem-chamado-a-atencao-em-2026\\\/\"},\"author\":{\"name\":\"Calmon Divulga\u00e7\u00f5es\",\"@id\":\"https:\\\/\\\/calmondivulgacoes.com.br\\\/#\\\/schema\\\/person\\\/f51b6a75a3e31b01ea8f6fea23fc01fa\"},\"headline\":\"Festa do Brejo Grande em Miguel Calmon tem chamado a aten\u00e7\u00e3o em 2026\",\"datePublished\":\"2026-04-12T03:37:09+00:00\",\"dateModified\":\"2026-04-12T22:08:04+00:00\",\"mainEntityOfPage\":{\"@id\":\"https:\\\/\\\/calmondivulgacoes.com.br\\\/festa-do-brejo-grande-em-miguel-calmon-tem-chamado-a-atencao-em-2026\\\/\"},\"wordCount\":268,\"commentCount\":0,\"publisher\":{\"@id\":\"https:\\\/\\\/calmondivulgacoes.com.br\\\/#organization\"},\"image\":{\"@id\":\"https:\\\/\\\/calmondivulgacoes.com.br\\\/festa-do-brejo-grande-em-miguel-calmon-tem-chamado-a-atencao-em-2026\\\/#primaryimage\"},\"thumbnailUrl\":\"https:\\\/\\\/calmondivulgacoes.com.br\\\/wp-content\\\/uploads\\\/2026\\\/04\\\/BJ-000.png\",\"articleSection\":[\"Miguel Calmon\"],\"inLanguage\":\"en-US\",\"potentialAction\":[{\"@type\":\"CommentAction\",\"name\":\"Comment\",\"target\":[\"https:\\\/\\\/calmondivulgacoes.com.br\\\/festa-do-brejo-grande-em-miguel-calmon-tem-chamado-a-atencao-em-2026\\\/#respond\"]}]},{\"@type\":\"WebPage\",\"@id\":\"https:\\\/\\\/calmondivulgacoes.com.br\\\/festa-do-brejo-grande-em-miguel-calmon-tem-chamado-a-atencao-em-2026\\\/\",\"url\":\"https:\\\/\\\/calmondivulgacoes.com.br\\\/festa-do-brejo-grande-em-miguel-calmon-tem-chamado-a-atencao-em-2026\\\/\",\"name\":\"Festa do Brejo Grande em Miguel Calmon tem chamado a aten\u00e7\u00e3o em 2026 - Calmon Divulga\u00e7\u00f5es\",\"isPartOf\":{\"@id\":\"https:\\\/\\\/calmondivulgacoes.com.br\\\/#website\"},\"primaryImageOfPage\":{\"@id\":\"https:\\\/\\\/calmondivulgacoes.com.br\\\/festa-do-brejo-grande-em-miguel-calmon-tem-chamado-a-atencao-em-2026\\\/#primaryimage\"},\"image\":{\"@id\":\"https:\\\/\\\/calmondivulgacoes.com.br\\\/festa-do-brejo-grande-em-miguel-calmon-tem-chamado-a-atencao-em-2026\\\/#primaryimage\"},\"thumbnailUrl\":\"https:\\\/\\\/calmondivulgacoes.com.br\\\/wp-content\\\/uploads\\\/2026\\\/04\\\/BJ-000.png\",\"datePublished\":\"2026-04-12T03:37:09+00:00\",\"dateModified\":\"2026-04-12T22:08:04+00:00\",\"breadcrumb\":{\"@id\":\"https:\\\/\\\/calmondivulgacoes.com.br\\\/festa-do-brejo-grande-em-miguel-calmon-tem-chamado-a-atencao-em-2026\\\/#breadcrumb\"},\"inLanguage\":\"en-US\",\"potentialAction\":[{\"@type\":\"ReadAction\",\"target\":[\"https:\\\/\\\/calmondivulgacoes.com.br\\\/festa-do-brejo-grande-em-miguel-calmon-tem-chamado-a-atencao-em-2026\\\/\"]}]},{\"@type\":\"ImageObject\",\"inLanguage\":\"en-US\",\"@id\":\"https:\\\/\\\/calmondivulgacoes.com.br\\\/festa-do-brejo-grande-em-miguel-calmon-tem-chamado-a-atencao-em-2026\\\/#primaryimage\",\"url\":\"https:\\\/\\\/calmondivulgacoes.com.br\\\/wp-content\\\/uploads\\\/2026\\\/04\\\/BJ-000.png\",\"contentUrl\":\"https:\\\/\\\/calmondivulgacoes.com.br\\\/wp-content\\\/uploads\\\/2026\\\/04\\\/BJ-000.png\",\"width\":203,\"height\":159},{\"@type\":\"BreadcrumbList\",\"@id\":\"https:\\\/\\\/calmondivulgacoes.com.br\\\/festa-do-brejo-grande-em-miguel-calmon-tem-chamado-a-atencao-em-2026\\\/#breadcrumb\",\"itemListElement\":[{\"@type\":\"ListItem\",\"position\":1,\"name\":\"In\u00edcio\",\"item\":\"https:\\\/\\\/calmondivulgacoes.com.br\\\/\"},{\"@type\":\"ListItem\",\"position\":2,\"name\":\"Festa do Brejo Grande em Miguel Calmon tem chamado a aten\u00e7\u00e3o em 2026\"}]},{\"@type\":\"WebSite\",\"@id\":\"https:\\\/\\\/calmondivulgacoes.com.br\\\/#website\",\"url\":\"https:\\\/\\\/calmondivulgacoes.com.br\\\/\",\"name\":\"Calmon Divulga\u00e7\u00f5es\",\"description\":\"e Not\u00edcias\",\"publisher\":{\"@id\":\"https:\\\/\\\/calmondivulgacoes.com.br\\\/#organization\"},\"potentialAction\":[{\"@type\":\"SearchAction\",\"target\":{\"@type\":\"EntryPoint\",\"urlTemplate\":\"https:\\\/\\\/calmondivulgacoes.com.br\\\/?s={search_term_string}\"},\"query-input\":{\"@type\":\"PropertyValueSpecification\",\"valueRequired\":true,\"valueName\":\"search_term_string\"}}],\"inLanguage\":\"en-US\"},{\"@type\":\"Organization\",\"@id\":\"https:\\\/\\\/calmondivulgacoes.com.br\\\/#organization\",\"name\":\"Calmon Divulga\u00e7\u00f5es\",\"url\":\"https:\\\/\\\/calmondivulgacoes.com.br\\\/\",\"logo\":{\"@type\":\"ImageObject\",\"inLanguage\":\"en-US\",\"@id\":\"https:\\\/\\\/calmondivulgacoes.com.br\\\/#\\\/schema\\\/logo\\\/image\\\/\",\"url\":\"https:\\\/\\\/calmondivulgacoes.com.br\\\/wp-content\\\/uploads\\\/2026\\\/04\\\/cropped-WhatsApp_Image_2025-12-02_at_20.44.08-removebg-preview.png\",\"contentUrl\":\"https:\\\/\\\/calmondivulgacoes.com.br\\\/wp-content\\\/uploads\\\/2026\\\/04\\\/cropped-WhatsApp_Image_2025-12-02_at_20.44.08-removebg-preview.png\",\"width\":120,\"height\":120,\"caption\":\"Calmon Divulga\u00e7\u00f5es\"},\"image\":{\"@id\":\"https:\\\/\\\/calmondivulgacoes.com.br\\\/#\\\/schema\\\/logo\\\/image\\\/\"},\"sameAs\":[\"https:\\\/\\\/www.facebook.com\\\/calmondivulgacoes\",\"https:\\\/\\\/www.instagram.com\\\/calmondivulgacoes\\\/\"]},{\"@type\":\"Person\",\"@id\":\"https:\\\/\\\/calmondivulgacoes.com.br\\\/#\\\/schema\\\/person\\\/f51b6a75a3e31b01ea8f6fea23fc01fa\",\"name\":\"Calmon Divulga\u00e7\u00f5es\",\"image\":{\"@type\":\"ImageObject\",\"inLanguage\":\"en-US\",\"@id\":\"https:\\\/\\\/calmondivulgacoes.com.br\\\/wp-content\\\/litespeed\\\/avatar\\\/70d8f8af3b6e7945511481b97d22e67c.jpg?ver=1777223803\",\"url\":\"https:\\\/\\\/calmondivulgacoes.com.br\\\/wp-content\\\/litespeed\\\/avatar\\\/70d8f8af3b6e7945511481b97d22e67c.jpg?ver=1777223803\",\"contentUrl\":\"https:\\\/\\\/calmondivulgacoes.com.br\\\/wp-content\\\/litespeed\\\/avatar\\\/70d8f8af3b6e7945511481b97d22e67c.jpg?ver=1777223803\",\"caption\":\"Calmon Divulga\u00e7\u00f5es\"},\"sameAs\":[\"http:\\\/\\\/calmondivulgacoes.com.br\"],\"url\":\"https:\\\/\\\/calmondivulgacoes.com.br\\\/en\\\/autor\\\/calmondivulgacoesgmail-com\\\/\"}]}<\/script>\n<!-- \/ Yoast SEO plugin. -->","yoast_head_json":{"title":"Festa do Brejo Grande em Miguel Calmon tem chamado a aten\u00e7\u00e3o em 2026 - Calmon Divulga\u00e7\u00f5es","robots":{"index":"index","follow":"follow","max-snippet":"max-snippet:-1","max-image-preview":"max-image-preview:large","max-video-preview":"max-video-preview:-1"},"canonical":"https:\/\/calmondivulgacoes.com.br\/en\/festa-do-brejo-grande-em-miguel-calmon-tem-chamado-a-atencao-em-2026\/","og_locale":"en_US","og_type":"article","og_title":"Festa do Brejo Grande em Miguel Calmon tem chamado a aten\u00e7\u00e3o em 2026 - Calmon Divulga\u00e7\u00f5es","og_description":"A festa do Brejo Grande em Miguel Calmon tem chamado a aten\u00e7\u00e3o devido a altera\u00e7\u00e3o no formato tradicional do S\u00e3o Jo\u00e3o deste distrito. Ao longo dos anos, a festa no distrito sempre foi marcada por, no m\u00ednimo, dois dias de celebra\u00e7\u00e3o, realizada uma semana antes do Arrai\u00e1 da sede, preservando sua autonomia cultural e fortalecendo [&hellip;]","og_url":"https:\/\/calmondivulgacoes.com.br\/en\/festa-do-brejo-grande-em-miguel-calmon-tem-chamado-a-atencao-em-2026\/","og_site_name":"Calmon Divulga\u00e7\u00f5es","article_publisher":"https:\/\/www.facebook.com\/calmondivulgacoes","article_published_time":"2026-04-12T03:37:09+00:00","article_modified_time":"2026-04-12T22:08:04+00:00","og_image":[{"width":203,"height":159,"url":"https:\/\/calmondivulgacoes.com.br\/wp-content\/uploads\/2026\/04\/BJ-000.png","type":"image\/png"}],"author":"Calmon Divulga\u00e7\u00f5es","twitter_card":"summary_large_image","twitter_misc":{"Written by":"Calmon Divulga\u00e7\u00f5es","Est. reading time":"1 minute"},"schema":{"@context":"https:\/\/schema.org","@graph":[{"@type":"Article","@id":"https:\/\/calmondivulgacoes.com.br\/festa-do-brejo-grande-em-miguel-calmon-tem-chamado-a-atencao-em-2026\/#article","isPartOf":{"@id":"https:\/\/calmondivulgacoes.com.br\/festa-do-brejo-grande-em-miguel-calmon-tem-chamado-a-atencao-em-2026\/"},"author":{"name":"Calmon Divulga\u00e7\u00f5es","@id":"https:\/\/calmondivulgacoes.com.br\/#\/schema\/person\/f51b6a75a3e31b01ea8f6fea23fc01fa"},"headline":"Festa do Brejo Grande em Miguel Calmon tem chamado a aten\u00e7\u00e3o em 2026","datePublished":"2026-04-12T03:37:09+00:00","dateModified":"2026-04-12T22:08:04+00:00","mainEntityOfPage":{"@id":"https:\/\/calmondivulgacoes.com.br\/festa-do-brejo-grande-em-miguel-calmon-tem-chamado-a-atencao-em-2026\/"},"wordCount":268,"commentCount":0,"publisher":{"@id":"https:\/\/calmondivulgacoes.com.br\/#organization"},"image":{"@id":"https:\/\/calmondivulgacoes.com.br\/festa-do-brejo-grande-em-miguel-calmon-tem-chamado-a-atencao-em-2026\/#primaryimage"},"thumbnailUrl":"https:\/\/calmondivulgacoes.com.br\/wp-content\/uploads\/2026\/04\/BJ-000.png","articleSection":["Miguel Calmon"],"inLanguage":"en-US","potentialAction":[{"@type":"CommentAction","name":"Comment","target":["https:\/\/calmondivulgacoes.com.br\/festa-do-brejo-grande-em-miguel-calmon-tem-chamado-a-atencao-em-2026\/#respond"]}]},{"@type":"WebPage","@id":"https:\/\/calmondivulgacoes.com.br\/festa-do-brejo-grande-em-miguel-calmon-tem-chamado-a-atencao-em-2026\/","url":"https:\/\/calmondivulgacoes.com.br\/festa-do-brejo-grande-em-miguel-calmon-tem-chamado-a-atencao-em-2026\/","name":"Festa do Brejo Grande em Miguel Calmon tem chamado a aten\u00e7\u00e3o em 2026 - Calmon Divulga\u00e7\u00f5es","isPartOf":{"@id":"https:\/\/calmondivulgacoes.com.br\/#website"},"primaryImageOfPage":{"@id":"https:\/\/calmondivulgacoes.com.br\/festa-do-brejo-grande-em-miguel-calmon-tem-chamado-a-atencao-em-2026\/#primaryimage"},"image":{"@id":"https:\/\/calmondivulgacoes.com.br\/festa-do-brejo-grande-em-miguel-calmon-tem-chamado-a-atencao-em-2026\/#primaryimage"},"thumbnailUrl":"https:\/\/calmondivulgacoes.com.br\/wp-content\/uploads\/2026\/04\/BJ-000.png","datePublished":"2026-04-12T03:37:09+00:00","dateModified":"2026-04-12T22:08:04+00:00","breadcrumb":{"@id":"https:\/\/calmondivulgacoes.com.br\/festa-do-brejo-grande-em-miguel-calmon-tem-chamado-a-atencao-em-2026\/#breadcrumb"},"inLanguage":"en-US","potentialAction":[{"@type":"ReadAction","target":["https:\/\/calmondivulgacoes.com.br\/festa-do-brejo-grande-em-miguel-calmon-tem-chamado-a-atencao-em-2026\/"]}]},{"@type":"ImageObject","inLanguage":"en-US","@id":"https:\/\/calmondivulgacoes.com.br\/festa-do-brejo-grande-em-miguel-calmon-tem-chamado-a-atencao-em-2026\/#primaryimage","url":"https:\/\/calmondivulgacoes.com.br\/wp-content\/uploads\/2026\/04\/BJ-000.png","contentUrl":"https:\/\/calmondivulgacoes.com.br\/wp-content\/uploads\/2026\/04\/BJ-000.png","width":203,"height":159},{"@type":"BreadcrumbList","@id":"https:\/\/calmondivulgacoes.com.br\/festa-do-brejo-grande-em-miguel-calmon-tem-chamado-a-atencao-em-2026\/#breadcrumb","itemListElement":[{"@type":"ListItem","position":1,"name":"In\u00edcio","item":"https:\/\/calmondivulgacoes.com.br\/"},{"@type":"ListItem","position":2,"name":"Festa do Brejo Grande em Miguel Calmon tem chamado a aten\u00e7\u00e3o em 2026"}]},{"@type":"WebSite","@id":"https:\/\/calmondivulgacoes.com.br\/#website","url":"https:\/\/calmondivulgacoes.com.br\/","name":"Calmon Divulga\u00e7\u00f5es","description":"e Not\u00edcias","publisher":{"@id":"https:\/\/calmondivulgacoes.com.br\/#organization"},"potentialAction":[{"@type":"SearchAction","target":{"@type":"EntryPoint","urlTemplate":"https:\/\/calmondivulgacoes.com.br\/?s={search_term_string}"},"query-input":{"@type":"PropertyValueSpecification","valueRequired":true,"valueName":"search_term_string"}}],"inLanguage":"en-US"},{"@type":"Organization","@id":"https:\/\/calmondivulgacoes.com.br\/#organization","name":"Calmon Divulga\u00e7\u00f5es","url":"https:\/\/calmondivulgacoes.com.br\/","logo":{"@type":"ImageObject","inLanguage":"en-US","@id":"https:\/\/calmondivulgacoes.com.br\/#\/schema\/logo\/image\/","url":"https:\/\/calmondivulgacoes.com.br\/wp-content\/uploads\/2026\/04\/cropped-WhatsApp_Image_2025-12-02_at_20.44.08-removebg-preview.png","contentUrl":"https:\/\/calmondivulgacoes.com.br\/wp-content\/uploads\/2026\/04\/cropped-WhatsApp_Image_2025-12-02_at_20.44.08-removebg-preview.png","width":120,"height":120,"caption":"Calmon Divulga\u00e7\u00f5es"},"image":{"@id":"https:\/\/calmondivulgacoes.com.br\/#\/schema\/logo\/image\/"},"sameAs":["https:\/\/www.facebook.com\/calmondivulgacoes","https:\/\/www.instagram.com\/calmondivulgacoes\/"]},{"@type":"Person","@id":"https:\/\/calmondivulgacoes.com.br\/#\/schema\/person\/f51b6a75a3e31b01ea8f6fea23fc01fa","name":"Calmon Divulga\u00e7\u00f5es","image":{"@type":"ImageObject","inLanguage":"en-US","@id":"https:\/\/calmondivulgacoes.com.br\/wp-content\/litespeed\/avatar\/70d8f8af3b6e7945511481b97d22e67c.jpg?ver=1777223803","url":"https:\/\/calmondivulgacoes.com.br\/wp-content\/litespeed\/avatar\/70d8f8af3b6e7945511481b97d22e67c.jpg?ver=1777223803","contentUrl":"https:\/\/calmondivulgacoes.com.br\/wp-content\/litespeed\/avatar\/70d8f8af3b6e7945511481b97d22e67c.jpg?ver=1777223803","caption":"Calmon Divulga\u00e7\u00f5es"},"sameAs":["http:\/\/calmondivulgacoes.com.br"],"url":"https:\/\/calmondivulgacoes.com.br\/en\/autor\/calmondivulgacoesgmail-com\/"}]}},"uagb_featured_image_src":{"full":["https:\/\/calmondivulgacoes.com.br\/wp-content\/uploads\/2026\/04\/BJ-000.png",203,159,false],"thumbnail":["https:\/\/calmondivulgacoes.com.br\/wp-content\/uploads\/2026\/04\/BJ-000-150x117.png",150,117,true],"medium":["https:\/\/calmondivulgacoes.com.br\/wp-content\/uploads\/2026\/04\/BJ-000.png",203,159,false],"medium_large":["https:\/\/calmondivulgacoes.com.br\/wp-content\/uploads\/2026\/04\/BJ-000.png",203,159,false],"large":["https:\/\/calmondivulgacoes.com.br\/wp-content\/uploads\/2026\/04\/BJ-000.png",203,159,false],"1536x1536":["https:\/\/calmondivulgacoes.com.br\/wp-content\/uploads\/2026\/04\/BJ-000.png",203,159,false],"2048x2048":["https:\/\/calmondivulgacoes.com.br\/wp-content\/uploads\/2026\/04\/BJ-000.png",203,159,false],"trp-custom-language-flag":["https:\/\/calmondivulgacoes.com.br\/wp-content\/uploads\/2026\/04\/BJ-000.png",15,12,false],"cvmm-medium":["https:\/\/calmondivulgacoes.com.br\/wp-content\/uploads\/2026\/04\/BJ-000.png",203,159,false],"cvmm-medium-plus":["https:\/\/calmondivulgacoes.com.br\/wp-content\/uploads\/2026\/04\/BJ-000.png",203,159,false],"cvmm-portrait":["https:\/\/calmondivulgacoes.com.br\/wp-content\/uploads\/2026\/04\/BJ-000.png",203,159,false],"cvmm-medium-square":["https:\/\/calmondivulgacoes.com.br\/wp-content\/uploads\/2026\/04\/BJ-000.png",203,159,false],"cvmm-large":["https:\/\/calmondivulgacoes.com.br\/wp-content\/uploads\/2026\/04\/BJ-000.png",203,159,false],"cvmm-small":["https:\/\/calmondivulgacoes.com.br\/wp-content\/uploads\/2026\/04\/BJ-000-130x95.png",130,95,true]},"uagb_author_info":{"display_name":"Calmon Divulga\u00e7\u00f5es","author_link":"https:\/\/calmondivulgacoes.com.br\/en\/autor\/calmondivulgacoesgmail-com\/"},"uagb_comment_info":0,"uagb_excerpt":"A festa do Brejo Grande em Miguel Calmon tem chamado a aten\u00e7\u00e3o devido a altera\u00e7\u00e3o no formato tradicional do S\u00e3o Jo\u00e3o deste distrito. Ao longo dos anos, a festa no distrito sempre foi marcada por, no m\u00ednimo, dois dias de celebra\u00e7\u00e3o, realizada uma semana antes do Arrai\u00e1 da sede, preservando sua autonomia cultural e fortalecendo&hellip;","blog_post_layout_featured_media_urls":{"thumbnail":["https:\/\/calmondivulgacoes.com.br\/wp-content\/uploads\/2026\/04\/BJ-000-150x117.png",150,117,true],"full":["https:\/\/calmondivulgacoes.com.br\/wp-content\/uploads\/2026\/04\/BJ-000.png",203,159,false]},"categories_names":{"40":{"name":"Miguel Calmon","link":"https:\/\/calmondivulgacoes.com.br\/en\/category\/miguel-calmon\/"}},"tags_names":[],"comments_number":"0","wpmagazine_modules_lite_featured_media_urls":{"thumbnail":["https:\/\/calmondivulgacoes.com.br\/wp-content\/uploads\/2026\/04\/BJ-000-150x117.png",150,117,true],"cvmm-medium":["https:\/\/calmondivulgacoes.com.br\/wp-content\/uploads\/2026\/04\/BJ-000.png",203,159,false],"cvmm-medium-plus":["https:\/\/calmondivulgacoes.com.br\/wp-content\/uploads\/2026\/04\/BJ-000.png",203,159,false],"cvmm-portrait":["https:\/\/calmondivulgacoes.com.br\/wp-content\/uploads\/2026\/04\/BJ-000.png",203,159,false],"cvmm-medium-square":["https:\/\/calmondivulgacoes.com.br\/wp-content\/uploads\/2026\/04\/BJ-000.png",203,159,false],"cvmm-large":["https:\/\/calmondivulgacoes.com.br\/wp-content\/uploads\/2026\/04\/BJ-000.png",203,159,false],"cvmm-small":["https:\/\/calmondivulgacoes.com.br\/wp-content\/uploads\/2026\/04\/BJ-000-130x95.png",130,95,true],"full":["https:\/\/calmondivulgacoes.com.br\/wp-content\/uploads\/2026\/04\/BJ-000.png",203,159,false]},"_links":{"self":[{"href":"https:\/\/calmondivulgacoes.com.br\/en\/wp-json\/wp\/v2\/posts\/2895","targetHints":{"allow":["GET"]}}],"collection":[{"href":"https:\/\/calmondivulgacoes.com.br\/en\/wp-json\/wp\/v2\/posts"}],"about":[{"href":"https:\/\/calmondivulgacoes.com.br\/en\/wp-json\/wp\/v2\/types\/post"}],"author":[{"embeddable":true,"href":"https:\/\/calmondivulgacoes.com.br\/en\/wp-json\/wp\/v2\/users\/1"}],"replies":[{"embeddable":true,"href":"https:\/\/calmondivulgacoes.com.br\/en\/wp-json\/wp\/v2\/comments?post=2895"}],"version-history":[{"count":2,"href":"https:\/\/calmondivulgacoes.com.br\/en\/wp-json\/wp\/v2\/posts\/2895\/revisions"}],"predecessor-version":[{"id":2951,"href":"https:\/\/calmondivulgacoes.com.br\/en\/wp-json\/wp\/v2\/posts\/2895\/revisions\/2951"}],"wp:featuredmedia":[{"embeddable":true,"href":"https:\/\/calmondivulgacoes.com.br\/en\/wp-json\/wp\/v2\/media\/2950"}],"wp:attachment":[{"href":"https:\/\/calmondivulgacoes.com.br\/en\/wp-json\/wp\/v2\/media?parent=2895"}],"wp:term":[{"taxonomy":"category","embeddable":true,"href":"https:\/\/calmondivulgacoes.com.br\/en\/wp-json\/wp\/v2\/categories?post=2895"},{"taxonomy":"post_tag","embeddable":true,"href":"https:\/\/calmondivulgacoes.com.br\/en\/wp-json\/wp\/v2\/tags?post=2895"}],"curies":[{"name":"wp","href":"https:\/\/api.w.org\/{rel}","templated":true}]}}