{"id":2891,"date":"2026-04-12T03:34:51","date_gmt":"2026-04-12T03:34:51","guid":{"rendered":"https:\/\/calmondivulgacoes.com.br\/?p=2891"},"modified":"2026-04-12T19:19:27","modified_gmt":"2026-04-12T22:19:27","slug":"abril-mes-dos-povos-indigenas-aacc-promove-varias-acoes-culturais-em-miguel-calmon","status":"publish","type":"post","link":"https:\/\/calmondivulgacoes.com.br\/en\/abril-mes-dos-povos-indigenas-aacc-promove-varias-acoes-culturais-em-miguel-calmon\/","title":{"rendered":"Abril, m\u00eas dos povos ind\u00edgenas, AACC promove v\u00e1rias a\u00e7\u00f5es culturais em Miguel Calmon"},"content":{"rendered":"<p>O presidente da Associa\u00e7\u00e3o Art\u00edstica e Cultural Calmonense (AACC), Iwison Ricardo, participou de entrevista na R\u00e1dio Canabrava FM 87,9, onde destacou uma s\u00e9rie de a\u00e7\u00f5es desenvolvidas em alus\u00e3o ao m\u00eas dedicado aos povos ind\u00edgenas.<\/p>\n\n\n\n<p>Durante a conversa com os apresentadores William Sales e M\u00e1rio Augusto, foram abordados temas relacionados \u00e0 valoriza\u00e7\u00e3o da mem\u00f3ria, identidade e resist\u00eancia ind\u00edgena, especialmente nas datas simb\u00f3licas de 1\u00ba de abril (Dia da Aboli\u00e7\u00e3o da Escravid\u00e3o dos \u00cdndios em 1680) e 19 de abril (Dia dos Povos Ind\u00edgenas).<\/p>\n\n\n\n<p>Iwison Ricardo ressaltou a import\u00e2ncia de manter viva a hist\u00f3ria dos povos origin\u00e1rios, refor\u00e7ando que a cultura ind\u00edgena n\u00e3o pertence apenas ao passado, mas segue presente nas tradi\u00e7\u00f5es, nos saberes e na forma\u00e7\u00e3o da identidade local. Segundo ele, o m\u00eas de abril representa um momento de reflex\u00e3o, reconhecimento e fortalecimento das ra\u00edzes ancestrais.<\/p>\n\n\n\n<p>Entre as iniciativas destacadas est\u00e3o a\u00e7\u00f5es culturais, exposi\u00e7\u00f5es tem\u00e1ticas e atividades educativas promovidas pela AACC do dia 12 a 22 de Abril 2026, com o objetivo de ampliar o di\u00e1logo sobre ancestralidade, territ\u00f3rio e pertencimento. O presidente tamb\u00e9m comentou sobre a atua\u00e7\u00e3o institucional do poder p\u00fablico municipal, citando a Prefeitura e a C\u00e2mara de Vereadores.<\/p>\n\n\n\n<p>A entrevista proporcionou um espa\u00e7o de debate sobre pol\u00edticas culturais, reconhecimento hist\u00f3rico e a necessidade de continuidade das a\u00e7\u00f5es de valoriza\u00e7\u00e3o dos povos origin\u00e1rios.Todos os detalhes da participa\u00e7\u00e3o de Iwison Ricardo est\u00e3o dispon\u00edveis na live transmitida pelo Instagram oficial da R\u00e1dio Canabrava FM 87,9, onde a \u00edntegra da entrevista pode ser conferida pelo p\u00fablico.<\/p>\n\n\n\n<p><\/p>\n\n\n\n<div class=\"wp-block-uagb-image uagb-block-12e71bd2 wp-block-uagb-image--layout-default wp-block-uagb-image--effect-static wp-block-uagb-image--align-none\"><figure class=\"wp-block-uagb-image__figure\"><img loading=\"lazy\" decoding=\"async\" srcset=\"https:\/\/calmondivulgacoes.com.br\/wp-content\/uploads\/2026\/04\/IMG_3321-768x1024.jpeg ,https:\/\/calmondivulgacoes.com.br\/wp-content\/uploads\/2026\/04\/IMG_3321-scaled.jpeg 780w, https:\/\/calmondivulgacoes.com.br\/wp-content\/uploads\/2026\/04\/IMG_3321-scaled.jpeg 360w\" sizes=\"auto, (max-width: 480px) 150px\" src=\"https:\/\/calmondivulgacoes.com.br\/wp-content\/uploads\/2026\/04\/IMG_3321-768x1024.jpeg\" alt=\"\" class=\"uag-image-2892\" width=\"3024\" height=\"4032\" title=\"IMG_3321\" role=\"img\"\/><\/figure><\/div>\n\n\n\n<div class=\"wp-block-uagb-image uagb-block-7bb215bf wp-block-uagb-image--layout-default wp-block-uagb-image--effect-static wp-block-uagb-image--align-none\"><figure class=\"wp-block-uagb-image__figure\"><img loading=\"lazy\" decoding=\"async\" srcset=\"https:\/\/calmondivulgacoes.com.br\/wp-content\/uploads\/2026\/04\/indigena.png ,https:\/\/calmondivulgacoes.com.br\/wp-content\/uploads\/2026\/04\/indigena.png 780w, https:\/\/calmondivulgacoes.com.br\/wp-content\/uploads\/2026\/04\/indigena.png 360w\" sizes=\"auto, (max-width: 480px) 150px\" src=\"https:\/\/calmondivulgacoes.com.br\/wp-content\/uploads\/2026\/04\/indigena.png\" alt=\"\" class=\"uag-image-2893\" width=\"519\" height=\"583\" title=\"indigena\" role=\"img\"\/><\/figure><\/div>","protected":false},"excerpt":{"rendered":"<p>O presidente da Associa\u00e7\u00e3o Art\u00edstica e Cultural Calmonense (AACC), Iwison Ricardo, participou de entrevista na R\u00e1dio Canabrava FM 87,9, onde destacou uma s\u00e9rie de a\u00e7\u00f5es desenvolvidas em alus\u00e3o ao m\u00eas dedicado aos povos ind\u00edgenas. Durante a conversa com os apresentadores William Sales e M\u00e1rio Augusto, foram abordados temas relacionados \u00e0 valoriza\u00e7\u00e3o da mem\u00f3ria, identidade e [&hellip;]<\/p>\n","protected":false},"author":1,"featured_media":2907,"comment_status":"open","ping_status":"open","sticky":false,"template":"","format":"standard","meta":{"_uag_custom_page_level_css":"","_monsterinsights_skip_tracking":false,"_monsterinsights_sitenote_active":false,"_monsterinsights_sitenote_note":"","_monsterinsights_sitenote_category":0,"maa_idioma":"","maa_pais":"","footnotes":""},"categories":[40],"tags":[],"class_list":["post-2891","post","type-post","status-publish","format-standard","has-post-thumbnail","hentry","category-miguel-calmon"],"yoast_head":"<!-- This site is optimized with the Yoast SEO plugin v27.4 - https:\/\/yoast.com\/product\/yoast-seo-wordpress\/ -->\n<title>Abril, m\u00eas dos povos ind\u00edgenas, AACC promove v\u00e1rias a\u00e7\u00f5es culturais em Miguel Calmon - Calmon Divulga\u00e7\u00f5es<\/title>\n<meta name=\"robots\" content=\"index, follow, max-snippet:-1, max-image-preview:large, max-video-preview:-1\" \/>\n<link rel=\"canonical\" href=\"https:\/\/calmondivulgacoes.com.br\/en\/abril-mes-dos-povos-indigenas-aacc-promove-varias-acoes-culturais-em-miguel-calmon\/\" \/>\n<meta property=\"og:locale\" content=\"en_US\" \/>\n<meta property=\"og:type\" content=\"article\" \/>\n<meta property=\"og:title\" content=\"Abril, m\u00eas dos povos ind\u00edgenas, AACC promove v\u00e1rias a\u00e7\u00f5es culturais em Miguel Calmon - Calmon Divulga\u00e7\u00f5es\" \/>\n<meta property=\"og:description\" content=\"O presidente da Associa\u00e7\u00e3o Art\u00edstica e Cultural Calmonense (AACC), Iwison Ricardo, participou de entrevista na R\u00e1dio Canabrava FM 87,9, onde destacou uma s\u00e9rie de a\u00e7\u00f5es desenvolvidas em alus\u00e3o ao m\u00eas dedicado aos povos ind\u00edgenas. Durante a conversa com os apresentadores William Sales e M\u00e1rio Augusto, foram abordados temas relacionados \u00e0 valoriza\u00e7\u00e3o da mem\u00f3ria, identidade e [&hellip;]\" \/>\n<meta property=\"og:url\" content=\"https:\/\/calmondivulgacoes.com.br\/en\/abril-mes-dos-povos-indigenas-aacc-promove-varias-acoes-culturais-em-miguel-calmon\/\" \/>\n<meta property=\"og:site_name\" content=\"Calmon Divulga\u00e7\u00f5es\" \/>\n<meta property=\"article:publisher\" content=\"https:\/\/www.facebook.com\/calmondivulgacoes\" \/>\n<meta property=\"article:published_time\" content=\"2026-04-12T03:34:51+00:00\" \/>\n<meta property=\"article:modified_time\" content=\"2026-04-12T22:19:27+00:00\" \/>\n<meta property=\"og:image\" content=\"https:\/\/calmondivulgacoes.com.br\/wp-content\/uploads\/2026\/04\/indigena-1.png\" \/>\n\t<meta property=\"og:image:width\" content=\"519\" \/>\n\t<meta property=\"og:image:height\" content=\"583\" \/>\n\t<meta property=\"og:image:type\" content=\"image\/png\" \/>\n<meta name=\"author\" content=\"Calmon Divulga\u00e7\u00f5es\" \/>\n<meta name=\"twitter:card\" content=\"summary_large_image\" \/>\n<meta name=\"twitter:label1\" content=\"Written by\" \/>\n\t<meta name=\"twitter:data1\" content=\"Calmon Divulga\u00e7\u00f5es\" \/>\n\t<meta name=\"twitter:label2\" content=\"Est. reading time\" \/>\n\t<meta name=\"twitter:data2\" content=\"1 minute\" \/>\n<script type=\"application\/ld+json\" class=\"yoast-schema-graph\">{\"@context\":\"https:\\\/\\\/schema.org\",\"@graph\":[{\"@type\":\"Article\",\"@id\":\"https:\\\/\\\/calmondivulgacoes.com.br\\\/abril-mes-dos-povos-indigenas-aacc-promove-varias-acoes-culturais-em-miguel-calmon\\\/#article\",\"isPartOf\":{\"@id\":\"https:\\\/\\\/calmondivulgacoes.com.br\\\/abril-mes-dos-povos-indigenas-aacc-promove-varias-acoes-culturais-em-miguel-calmon\\\/\"},\"author\":{\"name\":\"Calmon Divulga\u00e7\u00f5es\",\"@id\":\"https:\\\/\\\/calmondivulgacoes.com.br\\\/#\\\/schema\\\/person\\\/f51b6a75a3e31b01ea8f6fea23fc01fa\"},\"headline\":\"Abril, m\u00eas dos povos ind\u00edgenas, AACC promove v\u00e1rias a\u00e7\u00f5es culturais em Miguel Calmon\",\"datePublished\":\"2026-04-12T03:34:51+00:00\",\"dateModified\":\"2026-04-12T22:19:27+00:00\",\"mainEntityOfPage\":{\"@id\":\"https:\\\/\\\/calmondivulgacoes.com.br\\\/abril-mes-dos-povos-indigenas-aacc-promove-varias-acoes-culturais-em-miguel-calmon\\\/\"},\"wordCount\":302,\"commentCount\":0,\"publisher\":{\"@id\":\"https:\\\/\\\/calmondivulgacoes.com.br\\\/#organization\"},\"image\":{\"@id\":\"https:\\\/\\\/calmondivulgacoes.com.br\\\/abril-mes-dos-povos-indigenas-aacc-promove-varias-acoes-culturais-em-miguel-calmon\\\/#primaryimage\"},\"thumbnailUrl\":\"https:\\\/\\\/calmondivulgacoes.com.br\\\/wp-content\\\/uploads\\\/2026\\\/04\\\/indigena-1.png\",\"articleSection\":[\"Miguel Calmon\"],\"inLanguage\":\"en-US\",\"potentialAction\":[{\"@type\":\"CommentAction\",\"name\":\"Comment\",\"target\":[\"https:\\\/\\\/calmondivulgacoes.com.br\\\/abril-mes-dos-povos-indigenas-aacc-promove-varias-acoes-culturais-em-miguel-calmon\\\/#respond\"]}]},{\"@type\":\"WebPage\",\"@id\":\"https:\\\/\\\/calmondivulgacoes.com.br\\\/abril-mes-dos-povos-indigenas-aacc-promove-varias-acoes-culturais-em-miguel-calmon\\\/\",\"url\":\"https:\\\/\\\/calmondivulgacoes.com.br\\\/abril-mes-dos-povos-indigenas-aacc-promove-varias-acoes-culturais-em-miguel-calmon\\\/\",\"name\":\"Abril, m\u00eas dos povos ind\u00edgenas, AACC promove v\u00e1rias a\u00e7\u00f5es culturais em Miguel Calmon - Calmon Divulga\u00e7\u00f5es\",\"isPartOf\":{\"@id\":\"https:\\\/\\\/calmondivulgacoes.com.br\\\/#website\"},\"primaryImageOfPage\":{\"@id\":\"https:\\\/\\\/calmondivulgacoes.com.br\\\/abril-mes-dos-povos-indigenas-aacc-promove-varias-acoes-culturais-em-miguel-calmon\\\/#primaryimage\"},\"image\":{\"@id\":\"https:\\\/\\\/calmondivulgacoes.com.br\\\/abril-mes-dos-povos-indigenas-aacc-promove-varias-acoes-culturais-em-miguel-calmon\\\/#primaryimage\"},\"thumbnailUrl\":\"https:\\\/\\\/calmondivulgacoes.com.br\\\/wp-content\\\/uploads\\\/2026\\\/04\\\/indigena-1.png\",\"datePublished\":\"2026-04-12T03:34:51+00:00\",\"dateModified\":\"2026-04-12T22:19:27+00:00\",\"breadcrumb\":{\"@id\":\"https:\\\/\\\/calmondivulgacoes.com.br\\\/abril-mes-dos-povos-indigenas-aacc-promove-varias-acoes-culturais-em-miguel-calmon\\\/#breadcrumb\"},\"inLanguage\":\"en-US\",\"potentialAction\":[{\"@type\":\"ReadAction\",\"target\":[\"https:\\\/\\\/calmondivulgacoes.com.br\\\/abril-mes-dos-povos-indigenas-aacc-promove-varias-acoes-culturais-em-miguel-calmon\\\/\"]}]},{\"@type\":\"ImageObject\",\"inLanguage\":\"en-US\",\"@id\":\"https:\\\/\\\/calmondivulgacoes.com.br\\\/abril-mes-dos-povos-indigenas-aacc-promove-varias-acoes-culturais-em-miguel-calmon\\\/#primaryimage\",\"url\":\"https:\\\/\\\/calmondivulgacoes.com.br\\\/wp-content\\\/uploads\\\/2026\\\/04\\\/indigena-1.png\",\"contentUrl\":\"https:\\\/\\\/calmondivulgacoes.com.br\\\/wp-content\\\/uploads\\\/2026\\\/04\\\/indigena-1.png\",\"width\":519,\"height\":583},{\"@type\":\"BreadcrumbList\",\"@id\":\"https:\\\/\\\/calmondivulgacoes.com.br\\\/abril-mes-dos-povos-indigenas-aacc-promove-varias-acoes-culturais-em-miguel-calmon\\\/#breadcrumb\",\"itemListElement\":[{\"@type\":\"ListItem\",\"position\":1,\"name\":\"In\u00edcio\",\"item\":\"https:\\\/\\\/calmondivulgacoes.com.br\\\/\"},{\"@type\":\"ListItem\",\"position\":2,\"name\":\"Abril, m\u00eas dos povos ind\u00edgenas, AACC promove v\u00e1rias a\u00e7\u00f5es culturais em Miguel Calmon\"}]},{\"@type\":\"WebSite\",\"@id\":\"https:\\\/\\\/calmondivulgacoes.com.br\\\/#website\",\"url\":\"https:\\\/\\\/calmondivulgacoes.com.br\\\/\",\"name\":\"Calmon Divulga\u00e7\u00f5es\",\"description\":\"e Not\u00edcias\",\"publisher\":{\"@id\":\"https:\\\/\\\/calmondivulgacoes.com.br\\\/#organization\"},\"potentialAction\":[{\"@type\":\"SearchAction\",\"target\":{\"@type\":\"EntryPoint\",\"urlTemplate\":\"https:\\\/\\\/calmondivulgacoes.com.br\\\/?s={search_term_string}\"},\"query-input\":{\"@type\":\"PropertyValueSpecification\",\"valueRequired\":true,\"valueName\":\"search_term_string\"}}],\"inLanguage\":\"en-US\"},{\"@type\":\"Organization\",\"@id\":\"https:\\\/\\\/calmondivulgacoes.com.br\\\/#organization\",\"name\":\"Calmon Divulga\u00e7\u00f5es\",\"url\":\"https:\\\/\\\/calmondivulgacoes.com.br\\\/\",\"logo\":{\"@type\":\"ImageObject\",\"inLanguage\":\"en-US\",\"@id\":\"https:\\\/\\\/calmondivulgacoes.com.br\\\/#\\\/schema\\\/logo\\\/image\\\/\",\"url\":\"https:\\\/\\\/calmondivulgacoes.com.br\\\/wp-content\\\/uploads\\\/2026\\\/04\\\/cropped-WhatsApp_Image_2025-12-02_at_20.44.08-removebg-preview.png\",\"contentUrl\":\"https:\\\/\\\/calmondivulgacoes.com.br\\\/wp-content\\\/uploads\\\/2026\\\/04\\\/cropped-WhatsApp_Image_2025-12-02_at_20.44.08-removebg-preview.png\",\"width\":120,\"height\":120,\"caption\":\"Calmon Divulga\u00e7\u00f5es\"},\"image\":{\"@id\":\"https:\\\/\\\/calmondivulgacoes.com.br\\\/#\\\/schema\\\/logo\\\/image\\\/\"},\"sameAs\":[\"https:\\\/\\\/www.facebook.com\\\/calmondivulgacoes\",\"https:\\\/\\\/www.instagram.com\\\/calmondivulgacoes\\\/\"]},{\"@type\":\"Person\",\"@id\":\"https:\\\/\\\/calmondivulgacoes.com.br\\\/#\\\/schema\\\/person\\\/f51b6a75a3e31b01ea8f6fea23fc01fa\",\"name\":\"Calmon Divulga\u00e7\u00f5es\",\"image\":{\"@type\":\"ImageObject\",\"inLanguage\":\"en-US\",\"@id\":\"https:\\\/\\\/calmondivulgacoes.com.br\\\/wp-content\\\/litespeed\\\/avatar\\\/70d8f8af3b6e7945511481b97d22e67c.jpg?ver=1777223803\",\"url\":\"https:\\\/\\\/calmondivulgacoes.com.br\\\/wp-content\\\/litespeed\\\/avatar\\\/70d8f8af3b6e7945511481b97d22e67c.jpg?ver=1777223803\",\"contentUrl\":\"https:\\\/\\\/calmondivulgacoes.com.br\\\/wp-content\\\/litespeed\\\/avatar\\\/70d8f8af3b6e7945511481b97d22e67c.jpg?ver=1777223803\",\"caption\":\"Calmon Divulga\u00e7\u00f5es\"},\"sameAs\":[\"http:\\\/\\\/calmondivulgacoes.com.br\"],\"url\":\"https:\\\/\\\/calmondivulgacoes.com.br\\\/en\\\/autor\\\/calmondivulgacoesgmail-com\\\/\"}]}<\/script>\n<!-- \/ Yoast SEO plugin. -->","yoast_head_json":{"title":"Abril, m\u00eas dos povos ind\u00edgenas, AACC promove v\u00e1rias a\u00e7\u00f5es culturais em Miguel Calmon - Calmon Divulga\u00e7\u00f5es","robots":{"index":"index","follow":"follow","max-snippet":"max-snippet:-1","max-image-preview":"max-image-preview:large","max-video-preview":"max-video-preview:-1"},"canonical":"https:\/\/calmondivulgacoes.com.br\/en\/abril-mes-dos-povos-indigenas-aacc-promove-varias-acoes-culturais-em-miguel-calmon\/","og_locale":"en_US","og_type":"article","og_title":"Abril, m\u00eas dos povos ind\u00edgenas, AACC promove v\u00e1rias a\u00e7\u00f5es culturais em Miguel Calmon - Calmon Divulga\u00e7\u00f5es","og_description":"O presidente da Associa\u00e7\u00e3o Art\u00edstica e Cultural Calmonense (AACC), Iwison Ricardo, participou de entrevista na R\u00e1dio Canabrava FM 87,9, onde destacou uma s\u00e9rie de a\u00e7\u00f5es desenvolvidas em alus\u00e3o ao m\u00eas dedicado aos povos ind\u00edgenas. Durante a conversa com os apresentadores William Sales e M\u00e1rio Augusto, foram abordados temas relacionados \u00e0 valoriza\u00e7\u00e3o da mem\u00f3ria, identidade e [&hellip;]","og_url":"https:\/\/calmondivulgacoes.com.br\/en\/abril-mes-dos-povos-indigenas-aacc-promove-varias-acoes-culturais-em-miguel-calmon\/","og_site_name":"Calmon Divulga\u00e7\u00f5es","article_publisher":"https:\/\/www.facebook.com\/calmondivulgacoes","article_published_time":"2026-04-12T03:34:51+00:00","article_modified_time":"2026-04-12T22:19:27+00:00","og_image":[{"width":519,"height":583,"url":"https:\/\/calmondivulgacoes.com.br\/wp-content\/uploads\/2026\/04\/indigena-1.png","type":"image\/png"}],"author":"Calmon Divulga\u00e7\u00f5es","twitter_card":"summary_large_image","twitter_misc":{"Written by":"Calmon Divulga\u00e7\u00f5es","Est. reading time":"1 minute"},"schema":{"@context":"https:\/\/schema.org","@graph":[{"@type":"Article","@id":"https:\/\/calmondivulgacoes.com.br\/abril-mes-dos-povos-indigenas-aacc-promove-varias-acoes-culturais-em-miguel-calmon\/#article","isPartOf":{"@id":"https:\/\/calmondivulgacoes.com.br\/abril-mes-dos-povos-indigenas-aacc-promove-varias-acoes-culturais-em-miguel-calmon\/"},"author":{"name":"Calmon Divulga\u00e7\u00f5es","@id":"https:\/\/calmondivulgacoes.com.br\/#\/schema\/person\/f51b6a75a3e31b01ea8f6fea23fc01fa"},"headline":"Abril, m\u00eas dos povos ind\u00edgenas, AACC promove v\u00e1rias a\u00e7\u00f5es culturais em Miguel Calmon","datePublished":"2026-04-12T03:34:51+00:00","dateModified":"2026-04-12T22:19:27+00:00","mainEntityOfPage":{"@id":"https:\/\/calmondivulgacoes.com.br\/abril-mes-dos-povos-indigenas-aacc-promove-varias-acoes-culturais-em-miguel-calmon\/"},"wordCount":302,"commentCount":0,"publisher":{"@id":"https:\/\/calmondivulgacoes.com.br\/#organization"},"image":{"@id":"https:\/\/calmondivulgacoes.com.br\/abril-mes-dos-povos-indigenas-aacc-promove-varias-acoes-culturais-em-miguel-calmon\/#primaryimage"},"thumbnailUrl":"https:\/\/calmondivulgacoes.com.br\/wp-content\/uploads\/2026\/04\/indigena-1.png","articleSection":["Miguel Calmon"],"inLanguage":"en-US","potentialAction":[{"@type":"CommentAction","name":"Comment","target":["https:\/\/calmondivulgacoes.com.br\/abril-mes-dos-povos-indigenas-aacc-promove-varias-acoes-culturais-em-miguel-calmon\/#respond"]}]},{"@type":"WebPage","@id":"https:\/\/calmondivulgacoes.com.br\/abril-mes-dos-povos-indigenas-aacc-promove-varias-acoes-culturais-em-miguel-calmon\/","url":"https:\/\/calmondivulgacoes.com.br\/abril-mes-dos-povos-indigenas-aacc-promove-varias-acoes-culturais-em-miguel-calmon\/","name":"Abril, m\u00eas dos povos ind\u00edgenas, AACC promove v\u00e1rias a\u00e7\u00f5es culturais em Miguel Calmon - Calmon Divulga\u00e7\u00f5es","isPartOf":{"@id":"https:\/\/calmondivulgacoes.com.br\/#website"},"primaryImageOfPage":{"@id":"https:\/\/calmondivulgacoes.com.br\/abril-mes-dos-povos-indigenas-aacc-promove-varias-acoes-culturais-em-miguel-calmon\/#primaryimage"},"image":{"@id":"https:\/\/calmondivulgacoes.com.br\/abril-mes-dos-povos-indigenas-aacc-promove-varias-acoes-culturais-em-miguel-calmon\/#primaryimage"},"thumbnailUrl":"https:\/\/calmondivulgacoes.com.br\/wp-content\/uploads\/2026\/04\/indigena-1.png","datePublished":"2026-04-12T03:34:51+00:00","dateModified":"2026-04-12T22:19:27+00:00","breadcrumb":{"@id":"https:\/\/calmondivulgacoes.com.br\/abril-mes-dos-povos-indigenas-aacc-promove-varias-acoes-culturais-em-miguel-calmon\/#breadcrumb"},"inLanguage":"en-US","potentialAction":[{"@type":"ReadAction","target":["https:\/\/calmondivulgacoes.com.br\/abril-mes-dos-povos-indigenas-aacc-promove-varias-acoes-culturais-em-miguel-calmon\/"]}]},{"@type":"ImageObject","inLanguage":"en-US","@id":"https:\/\/calmondivulgacoes.com.br\/abril-mes-dos-povos-indigenas-aacc-promove-varias-acoes-culturais-em-miguel-calmon\/#primaryimage","url":"https:\/\/calmondivulgacoes.com.br\/wp-content\/uploads\/2026\/04\/indigena-1.png","contentUrl":"https:\/\/calmondivulgacoes.com.br\/wp-content\/uploads\/2026\/04\/indigena-1.png","width":519,"height":583},{"@type":"BreadcrumbList","@id":"https:\/\/calmondivulgacoes.com.br\/abril-mes-dos-povos-indigenas-aacc-promove-varias-acoes-culturais-em-miguel-calmon\/#breadcrumb","itemListElement":[{"@type":"ListItem","position":1,"name":"In\u00edcio","item":"https:\/\/calmondivulgacoes.com.br\/"},{"@type":"ListItem","position":2,"name":"Abril, m\u00eas dos povos ind\u00edgenas, AACC promove v\u00e1rias a\u00e7\u00f5es culturais em Miguel Calmon"}]},{"@type":"WebSite","@id":"https:\/\/calmondivulgacoes.com.br\/#website","url":"https:\/\/calmondivulgacoes.com.br\/","name":"Calmon Divulga\u00e7\u00f5es","description":"e Not\u00edcias","publisher":{"@id":"https:\/\/calmondivulgacoes.com.br\/#organization"},"potentialAction":[{"@type":"SearchAction","target":{"@type":"EntryPoint","urlTemplate":"https:\/\/calmondivulgacoes.com.br\/?s={search_term_string}"},"query-input":{"@type":"PropertyValueSpecification","valueRequired":true,"valueName":"search_term_string"}}],"inLanguage":"en-US"},{"@type":"Organization","@id":"https:\/\/calmondivulgacoes.com.br\/#organization","name":"Calmon Divulga\u00e7\u00f5es","url":"https:\/\/calmondivulgacoes.com.br\/","logo":{"@type":"ImageObject","inLanguage":"en-US","@id":"https:\/\/calmondivulgacoes.com.br\/#\/schema\/logo\/image\/","url":"https:\/\/calmondivulgacoes.com.br\/wp-content\/uploads\/2026\/04\/cropped-WhatsApp_Image_2025-12-02_at_20.44.08-removebg-preview.png","contentUrl":"https:\/\/calmondivulgacoes.com.br\/wp-content\/uploads\/2026\/04\/cropped-WhatsApp_Image_2025-12-02_at_20.44.08-removebg-preview.png","width":120,"height":120,"caption":"Calmon Divulga\u00e7\u00f5es"},"image":{"@id":"https:\/\/calmondivulgacoes.com.br\/#\/schema\/logo\/image\/"},"sameAs":["https:\/\/www.facebook.com\/calmondivulgacoes","https:\/\/www.instagram.com\/calmondivulgacoes\/"]},{"@type":"Person","@id":"https:\/\/calmondivulgacoes.com.br\/#\/schema\/person\/f51b6a75a3e31b01ea8f6fea23fc01fa","name":"Calmon Divulga\u00e7\u00f5es","image":{"@type":"ImageObject","inLanguage":"en-US","@id":"https:\/\/calmondivulgacoes.com.br\/wp-content\/litespeed\/avatar\/70d8f8af3b6e7945511481b97d22e67c.jpg?ver=1777223803","url":"https:\/\/calmondivulgacoes.com.br\/wp-content\/litespeed\/avatar\/70d8f8af3b6e7945511481b97d22e67c.jpg?ver=1777223803","contentUrl":"https:\/\/calmondivulgacoes.com.br\/wp-content\/litespeed\/avatar\/70d8f8af3b6e7945511481b97d22e67c.jpg?ver=1777223803","caption":"Calmon Divulga\u00e7\u00f5es"},"sameAs":["http:\/\/calmondivulgacoes.com.br"],"url":"https:\/\/calmondivulgacoes.com.br\/en\/autor\/calmondivulgacoesgmail-com\/"}]}},"uagb_featured_image_src":{"full":["https:\/\/calmondivulgacoes.com.br\/wp-content\/uploads\/2026\/04\/indigena-1.png",519,583,false],"thumbnail":["https:\/\/calmondivulgacoes.com.br\/wp-content\/uploads\/2026\/04\/indigena-1-150x150.png",150,150,true],"medium":["https:\/\/calmondivulgacoes.com.br\/wp-content\/uploads\/2026\/04\/indigena-1-267x300.png",267,300,true],"medium_large":["https:\/\/calmondivulgacoes.com.br\/wp-content\/uploads\/2026\/04\/indigena-1.png",519,583,false],"large":["https:\/\/calmondivulgacoes.com.br\/wp-content\/uploads\/2026\/04\/indigena-1.png",519,583,false],"1536x1536":["https:\/\/calmondivulgacoes.com.br\/wp-content\/uploads\/2026\/04\/indigena-1.png",519,583,false],"2048x2048":["https:\/\/calmondivulgacoes.com.br\/wp-content\/uploads\/2026\/04\/indigena-1.png",519,583,false],"trp-custom-language-flag":["https:\/\/calmondivulgacoes.com.br\/wp-content\/uploads\/2026\/04\/indigena-1.png",11,12,false],"cvmm-medium":["https:\/\/calmondivulgacoes.com.br\/wp-content\/uploads\/2026\/04\/indigena-1-300x300.png",300,300,true],"cvmm-medium-plus":["https:\/\/calmondivulgacoes.com.br\/wp-content\/uploads\/2026\/04\/indigena-1-305x207.png",305,207,true],"cvmm-portrait":["https:\/\/calmondivulgacoes.com.br\/wp-content\/uploads\/2026\/04\/indigena-1-400x583.png",400,583,true],"cvmm-medium-square":["https:\/\/calmondivulgacoes.com.br\/wp-content\/uploads\/2026\/04\/indigena-1.png",519,583,false],"cvmm-large":["https:\/\/calmondivulgacoes.com.br\/wp-content\/uploads\/2026\/04\/indigena-1.png",519,583,false],"cvmm-small":["https:\/\/calmondivulgacoes.com.br\/wp-content\/uploads\/2026\/04\/indigena-1-130x95.png",130,95,true]},"uagb_author_info":{"display_name":"Calmon Divulga\u00e7\u00f5es","author_link":"https:\/\/calmondivulgacoes.com.br\/en\/autor\/calmondivulgacoesgmail-com\/"},"uagb_comment_info":0,"uagb_excerpt":"O presidente da Associa\u00e7\u00e3o Art\u00edstica e Cultural Calmonense (AACC), Iwison Ricardo, participou de entrevista na R\u00e1dio Canabrava FM 87,9, onde destacou uma s\u00e9rie de a\u00e7\u00f5es desenvolvidas em alus\u00e3o ao m\u00eas dedicado aos povos ind\u00edgenas. Durante a conversa com os apresentadores William Sales e M\u00e1rio Augusto, foram abordados temas relacionados \u00e0 valoriza\u00e7\u00e3o da mem\u00f3ria, identidade e&hellip;","blog_post_layout_featured_media_urls":{"thumbnail":["https:\/\/calmondivulgacoes.com.br\/wp-content\/uploads\/2026\/04\/indigena-1-150x150.png",150,150,true],"full":["https:\/\/calmondivulgacoes.com.br\/wp-content\/uploads\/2026\/04\/indigena-1.png",519,583,false]},"categories_names":{"40":{"name":"Miguel Calmon","link":"https:\/\/calmondivulgacoes.com.br\/en\/category\/miguel-calmon\/"}},"tags_names":[],"comments_number":"0","wpmagazine_modules_lite_featured_media_urls":{"thumbnail":["https:\/\/calmondivulgacoes.com.br\/wp-content\/uploads\/2026\/04\/indigena-1-150x150.png",150,150,true],"cvmm-medium":["https:\/\/calmondivulgacoes.com.br\/wp-content\/uploads\/2026\/04\/indigena-1-300x300.png",300,300,true],"cvmm-medium-plus":["https:\/\/calmondivulgacoes.com.br\/wp-content\/uploads\/2026\/04\/indigena-1-305x207.png",305,207,true],"cvmm-portrait":["https:\/\/calmondivulgacoes.com.br\/wp-content\/uploads\/2026\/04\/indigena-1-400x583.png",400,583,true],"cvmm-medium-square":["https:\/\/calmondivulgacoes.com.br\/wp-content\/uploads\/2026\/04\/indigena-1.png",519,583,false],"cvmm-large":["https:\/\/calmondivulgacoes.com.br\/wp-content\/uploads\/2026\/04\/indigena-1.png",519,583,false],"cvmm-small":["https:\/\/calmondivulgacoes.com.br\/wp-content\/uploads\/2026\/04\/indigena-1-130x95.png",130,95,true],"full":["https:\/\/calmondivulgacoes.com.br\/wp-content\/uploads\/2026\/04\/indigena-1.png",519,583,false]},"_links":{"self":[{"href":"https:\/\/calmondivulgacoes.com.br\/en\/wp-json\/wp\/v2\/posts\/2891","targetHints":{"allow":["GET"]}}],"collection":[{"href":"https:\/\/calmondivulgacoes.com.br\/en\/wp-json\/wp\/v2\/posts"}],"about":[{"href":"https:\/\/calmondivulgacoes.com.br\/en\/wp-json\/wp\/v2\/types\/post"}],"author":[{"embeddable":true,"href":"https:\/\/calmondivulgacoes.com.br\/en\/wp-json\/wp\/v2\/users\/1"}],"replies":[{"embeddable":true,"href":"https:\/\/calmondivulgacoes.com.br\/en\/wp-json\/wp\/v2\/comments?post=2891"}],"version-history":[{"count":1,"href":"https:\/\/calmondivulgacoes.com.br\/en\/wp-json\/wp\/v2\/posts\/2891\/revisions"}],"predecessor-version":[{"id":2894,"href":"https:\/\/calmondivulgacoes.com.br\/en\/wp-json\/wp\/v2\/posts\/2891\/revisions\/2894"}],"wp:featuredmedia":[{"embeddable":true,"href":"https:\/\/calmondivulgacoes.com.br\/en\/wp-json\/wp\/v2\/media\/2907"}],"wp:attachment":[{"href":"https:\/\/calmondivulgacoes.com.br\/en\/wp-json\/wp\/v2\/media?parent=2891"}],"wp:term":[{"taxonomy":"category","embeddable":true,"href":"https:\/\/calmondivulgacoes.com.br\/en\/wp-json\/wp\/v2\/categories?post=2891"},{"taxonomy":"post_tag","embeddable":true,"href":"https:\/\/calmondivulgacoes.com.br\/en\/wp-json\/wp\/v2\/tags?post=2891"}],"curies":[{"name":"wp","href":"https:\/\/api.w.org\/{rel}","templated":true}]}}