{"id":2888,"date":"2026-04-12T03:30:06","date_gmt":"2026-04-12T03:30:06","guid":{"rendered":"https:\/\/calmondivulgacoes.com.br\/?p=2888"},"modified":"2026-04-12T19:15:39","modified_gmt":"2026-04-12T22:15:39","slug":"associacao-calmonense-de-arbitros-aca-lamenta-falecimento-de-valtemir-silva-nascimento-de-miguel-calmon","status":"publish","type":"post","link":"https:\/\/calmondivulgacoes.com.br\/en\/associacao-calmonense-de-arbitros-aca-lamenta-falecimento-de-valtemir-silva-nascimento-de-miguel-calmon\/","title":{"rendered":"Associa\u00e7\u00e3o Calmonense de \u00c1rbitros (ACA) lamenta falecimento de Valtemir Silva Nascimento de Miguel Calmon"},"content":{"rendered":"<p>Faleceu neste s\u00e1bado, 11 de abril de 2026, o senhor Valtemir Nascimento da Silva, carinhosamente conhecido como Zico goleiro, aos 69 anos. A Associa\u00e7\u00e3o Calmonense de \u00c1rbitros (ACA) divulgou uma nota de pesar comunicando o falecimento de Valtemir Silva Nascimento, ocorrido recentemente. A entidade manifestou profundo pesar pela perda e prestou solidariedade aos familiares e amigos neste momento de dor.<\/p>\n\n\n\n<p>Em nota oficial, a associa\u00e7\u00e3o destacou que Valtemir deixa lembran\u00e7as marcantes e um legado que jamais ser\u00e1 esquecido por aqueles que tiveram o privil\u00e9gio de conhec\u00ea-lo. A ACA tamb\u00e9m expressou votos de conforto e serenidade aos familiares, rogando a Deus for\u00e7a para enfrentar essa perda irrepar\u00e1vel.<\/p>\n\n\n\n<p>Valtemir era conhecido no meio esportivo local e sua partida gerou como\u00e7\u00e3o entre colegas, amigos e membros da comunidade.<\/p>\n\n\n\n<p>O vel\u00f3rio e o sepultamento dever\u00e3o reunir familiares, amigos e representantes do esporte local em homenagem \u00e0 sua trajet\u00f3ria.<\/p>\n\n\n\n<p><\/p>\n\n\n\n<div class=\"wp-block-uagb-image uagb-block-d47ee4d5 wp-block-uagb-image--layout-default wp-block-uagb-image--effect-static wp-block-uagb-image--align-none\"><figure class=\"wp-block-uagb-image__figure\"><img loading=\"lazy\" decoding=\"async\" srcset=\"https:\/\/calmondivulgacoes.com.br\/wp-content\/uploads\/2026\/04\/1212121212.png ,https:\/\/calmondivulgacoes.com.br\/wp-content\/uploads\/2026\/04\/1212121212.png 780w, https:\/\/calmondivulgacoes.com.br\/wp-content\/uploads\/2026\/04\/1212121212.png 360w\" sizes=\"auto, (max-width: 480px) 150px\" src=\"https:\/\/calmondivulgacoes.com.br\/wp-content\/uploads\/2026\/04\/1212121212.png\" alt=\"\" class=\"uag-image-2889\" width=\"437\" height=\"581\" title=\"1212121212\" role=\"img\"\/><\/figure><\/div>","protected":false},"excerpt":{"rendered":"<p>Faleceu neste s\u00e1bado, 11 de abril de 2026, o senhor Valtemir Nascimento da Silva, carinhosamente conhecido como Zico goleiro, aos 69 anos. A Associa\u00e7\u00e3o Calmonense de \u00c1rbitros (ACA) divulgou uma nota de pesar comunicando o falecimento de Valtemir Silva Nascimento, ocorrido recentemente. A entidade manifestou profundo pesar pela perda e prestou solidariedade aos familiares e [&hellip;]<\/p>\n","protected":false},"author":1,"featured_media":2906,"comment_status":"open","ping_status":"open","sticky":false,"template":"","format":"standard","meta":{"_uag_custom_page_level_css":"","_monsterinsights_skip_tracking":false,"_monsterinsights_sitenote_active":false,"_monsterinsights_sitenote_note":"","_monsterinsights_sitenote_category":0,"maa_idioma":"","maa_pais":"","footnotes":""},"categories":[40],"tags":[],"class_list":["post-2888","post","type-post","status-publish","format-standard","has-post-thumbnail","hentry","category-miguel-calmon"],"yoast_head":"<!-- This site is optimized with the Yoast SEO plugin v27.4 - https:\/\/yoast.com\/product\/yoast-seo-wordpress\/ -->\n<title>Associa\u00e7\u00e3o Calmonense de \u00c1rbitros (ACA) lamenta falecimento de Valtemir Silva Nascimento de Miguel Calmon - Calmon Divulga\u00e7\u00f5es<\/title>\n<meta name=\"robots\" content=\"index, follow, max-snippet:-1, max-image-preview:large, max-video-preview:-1\" \/>\n<link rel=\"canonical\" href=\"https:\/\/calmondivulgacoes.com.br\/en\/associacao-calmonense-de-arbitros-aca-lamenta-falecimento-de-valtemir-silva-nascimento-de-miguel-calmon\/\" \/>\n<meta property=\"og:locale\" content=\"en_US\" \/>\n<meta property=\"og:type\" content=\"article\" \/>\n<meta property=\"og:title\" content=\"Associa\u00e7\u00e3o Calmonense de \u00c1rbitros (ACA) lamenta falecimento de Valtemir Silva Nascimento de Miguel Calmon - Calmon Divulga\u00e7\u00f5es\" \/>\n<meta property=\"og:description\" content=\"Faleceu neste s\u00e1bado, 11 de abril de 2026, o senhor Valtemir Nascimento da Silva, carinhosamente conhecido como Zico goleiro, aos 69 anos. A Associa\u00e7\u00e3o Calmonense de \u00c1rbitros (ACA) divulgou uma nota de pesar comunicando o falecimento de Valtemir Silva Nascimento, ocorrido recentemente. A entidade manifestou profundo pesar pela perda e prestou solidariedade aos familiares e [&hellip;]\" \/>\n<meta property=\"og:url\" content=\"https:\/\/calmondivulgacoes.com.br\/en\/associacao-calmonense-de-arbitros-aca-lamenta-falecimento-de-valtemir-silva-nascimento-de-miguel-calmon\/\" \/>\n<meta property=\"og:site_name\" content=\"Calmon Divulga\u00e7\u00f5es\" \/>\n<meta property=\"article:publisher\" content=\"https:\/\/www.facebook.com\/calmondivulgacoes\" \/>\n<meta property=\"article:published_time\" content=\"2026-04-12T03:30:06+00:00\" \/>\n<meta property=\"article:modified_time\" content=\"2026-04-12T22:15:39+00:00\" \/>\n<meta property=\"og:image\" content=\"https:\/\/calmondivulgacoes.com.br\/wp-content\/uploads\/2026\/04\/1212121212-1-e1776032125235.png\" \/>\n\t<meta property=\"og:image:width\" content=\"105\" \/>\n\t<meta property=\"og:image:height\" content=\"203\" \/>\n\t<meta property=\"og:image:type\" content=\"image\/png\" \/>\n<meta name=\"author\" content=\"Calmon Divulga\u00e7\u00f5es\" \/>\n<meta name=\"twitter:card\" content=\"summary_large_image\" \/>\n<meta name=\"twitter:label1\" content=\"Written by\" \/>\n\t<meta name=\"twitter:data1\" content=\"Calmon Divulga\u00e7\u00f5es\" \/>\n\t<meta name=\"twitter:label2\" content=\"Est. reading time\" \/>\n\t<meta name=\"twitter:data2\" content=\"1 minute\" \/>\n<script type=\"application\/ld+json\" class=\"yoast-schema-graph\">{\"@context\":\"https:\\\/\\\/schema.org\",\"@graph\":[{\"@type\":\"Article\",\"@id\":\"https:\\\/\\\/calmondivulgacoes.com.br\\\/associacao-calmonense-de-arbitros-aca-lamenta-falecimento-de-valtemir-silva-nascimento-de-miguel-calmon\\\/#article\",\"isPartOf\":{\"@id\":\"https:\\\/\\\/calmondivulgacoes.com.br\\\/associacao-calmonense-de-arbitros-aca-lamenta-falecimento-de-valtemir-silva-nascimento-de-miguel-calmon\\\/\"},\"author\":{\"name\":\"Calmon Divulga\u00e7\u00f5es\",\"@id\":\"https:\\\/\\\/calmondivulgacoes.com.br\\\/#\\\/schema\\\/person\\\/f51b6a75a3e31b01ea8f6fea23fc01fa\"},\"headline\":\"Associa\u00e7\u00e3o Calmonense de \u00c1rbitros (ACA) lamenta falecimento de Valtemir Silva Nascimento de Miguel Calmon\",\"datePublished\":\"2026-04-12T03:30:06+00:00\",\"dateModified\":\"2026-04-12T22:15:39+00:00\",\"mainEntityOfPage\":{\"@id\":\"https:\\\/\\\/calmondivulgacoes.com.br\\\/associacao-calmonense-de-arbitros-aca-lamenta-falecimento-de-valtemir-silva-nascimento-de-miguel-calmon\\\/\"},\"wordCount\":168,\"commentCount\":0,\"publisher\":{\"@id\":\"https:\\\/\\\/calmondivulgacoes.com.br\\\/#organization\"},\"image\":{\"@id\":\"https:\\\/\\\/calmondivulgacoes.com.br\\\/associacao-calmonense-de-arbitros-aca-lamenta-falecimento-de-valtemir-silva-nascimento-de-miguel-calmon\\\/#primaryimage\"},\"thumbnailUrl\":\"https:\\\/\\\/calmondivulgacoes.com.br\\\/wp-content\\\/uploads\\\/2026\\\/04\\\/1212121212-1-e1776032125235.png\",\"articleSection\":[\"Miguel Calmon\"],\"inLanguage\":\"en-US\",\"potentialAction\":[{\"@type\":\"CommentAction\",\"name\":\"Comment\",\"target\":[\"https:\\\/\\\/calmondivulgacoes.com.br\\\/associacao-calmonense-de-arbitros-aca-lamenta-falecimento-de-valtemir-silva-nascimento-de-miguel-calmon\\\/#respond\"]}]},{\"@type\":\"WebPage\",\"@id\":\"https:\\\/\\\/calmondivulgacoes.com.br\\\/associacao-calmonense-de-arbitros-aca-lamenta-falecimento-de-valtemir-silva-nascimento-de-miguel-calmon\\\/\",\"url\":\"https:\\\/\\\/calmondivulgacoes.com.br\\\/associacao-calmonense-de-arbitros-aca-lamenta-falecimento-de-valtemir-silva-nascimento-de-miguel-calmon\\\/\",\"name\":\"Associa\u00e7\u00e3o Calmonense de \u00c1rbitros (ACA) lamenta falecimento de Valtemir Silva Nascimento de Miguel Calmon - Calmon Divulga\u00e7\u00f5es\",\"isPartOf\":{\"@id\":\"https:\\\/\\\/calmondivulgacoes.com.br\\\/#website\"},\"primaryImageOfPage\":{\"@id\":\"https:\\\/\\\/calmondivulgacoes.com.br\\\/associacao-calmonense-de-arbitros-aca-lamenta-falecimento-de-valtemir-silva-nascimento-de-miguel-calmon\\\/#primaryimage\"},\"image\":{\"@id\":\"https:\\\/\\\/calmondivulgacoes.com.br\\\/associacao-calmonense-de-arbitros-aca-lamenta-falecimento-de-valtemir-silva-nascimento-de-miguel-calmon\\\/#primaryimage\"},\"thumbnailUrl\":\"https:\\\/\\\/calmondivulgacoes.com.br\\\/wp-content\\\/uploads\\\/2026\\\/04\\\/1212121212-1-e1776032125235.png\",\"datePublished\":\"2026-04-12T03:30:06+00:00\",\"dateModified\":\"2026-04-12T22:15:39+00:00\",\"breadcrumb\":{\"@id\":\"https:\\\/\\\/calmondivulgacoes.com.br\\\/associacao-calmonense-de-arbitros-aca-lamenta-falecimento-de-valtemir-silva-nascimento-de-miguel-calmon\\\/#breadcrumb\"},\"inLanguage\":\"en-US\",\"potentialAction\":[{\"@type\":\"ReadAction\",\"target\":[\"https:\\\/\\\/calmondivulgacoes.com.br\\\/associacao-calmonense-de-arbitros-aca-lamenta-falecimento-de-valtemir-silva-nascimento-de-miguel-calmon\\\/\"]}]},{\"@type\":\"ImageObject\",\"inLanguage\":\"en-US\",\"@id\":\"https:\\\/\\\/calmondivulgacoes.com.br\\\/associacao-calmonense-de-arbitros-aca-lamenta-falecimento-de-valtemir-silva-nascimento-de-miguel-calmon\\\/#primaryimage\",\"url\":\"https:\\\/\\\/calmondivulgacoes.com.br\\\/wp-content\\\/uploads\\\/2026\\\/04\\\/1212121212-1-e1776032125235.png\",\"contentUrl\":\"https:\\\/\\\/calmondivulgacoes.com.br\\\/wp-content\\\/uploads\\\/2026\\\/04\\\/1212121212-1-e1776032125235.png\",\"width\":105,\"height\":203},{\"@type\":\"BreadcrumbList\",\"@id\":\"https:\\\/\\\/calmondivulgacoes.com.br\\\/associacao-calmonense-de-arbitros-aca-lamenta-falecimento-de-valtemir-silva-nascimento-de-miguel-calmon\\\/#breadcrumb\",\"itemListElement\":[{\"@type\":\"ListItem\",\"position\":1,\"name\":\"In\u00edcio\",\"item\":\"https:\\\/\\\/calmondivulgacoes.com.br\\\/\"},{\"@type\":\"ListItem\",\"position\":2,\"name\":\"Associa\u00e7\u00e3o Calmonense de \u00c1rbitros (ACA) lamenta falecimento de Valtemir Silva Nascimento de Miguel Calmon\"}]},{\"@type\":\"WebSite\",\"@id\":\"https:\\\/\\\/calmondivulgacoes.com.br\\\/#website\",\"url\":\"https:\\\/\\\/calmondivulgacoes.com.br\\\/\",\"name\":\"Calmon Divulga\u00e7\u00f5es\",\"description\":\"e Not\u00edcias\",\"publisher\":{\"@id\":\"https:\\\/\\\/calmondivulgacoes.com.br\\\/#organization\"},\"potentialAction\":[{\"@type\":\"SearchAction\",\"target\":{\"@type\":\"EntryPoint\",\"urlTemplate\":\"https:\\\/\\\/calmondivulgacoes.com.br\\\/?s={search_term_string}\"},\"query-input\":{\"@type\":\"PropertyValueSpecification\",\"valueRequired\":true,\"valueName\":\"search_term_string\"}}],\"inLanguage\":\"en-US\"},{\"@type\":\"Organization\",\"@id\":\"https:\\\/\\\/calmondivulgacoes.com.br\\\/#organization\",\"name\":\"Calmon Divulga\u00e7\u00f5es\",\"url\":\"https:\\\/\\\/calmondivulgacoes.com.br\\\/\",\"logo\":{\"@type\":\"ImageObject\",\"inLanguage\":\"en-US\",\"@id\":\"https:\\\/\\\/calmondivulgacoes.com.br\\\/#\\\/schema\\\/logo\\\/image\\\/\",\"url\":\"https:\\\/\\\/calmondivulgacoes.com.br\\\/wp-content\\\/uploads\\\/2026\\\/04\\\/cropped-WhatsApp_Image_2025-12-02_at_20.44.08-removebg-preview.png\",\"contentUrl\":\"https:\\\/\\\/calmondivulgacoes.com.br\\\/wp-content\\\/uploads\\\/2026\\\/04\\\/cropped-WhatsApp_Image_2025-12-02_at_20.44.08-removebg-preview.png\",\"width\":120,\"height\":120,\"caption\":\"Calmon Divulga\u00e7\u00f5es\"},\"image\":{\"@id\":\"https:\\\/\\\/calmondivulgacoes.com.br\\\/#\\\/schema\\\/logo\\\/image\\\/\"},\"sameAs\":[\"https:\\\/\\\/www.facebook.com\\\/calmondivulgacoes\",\"https:\\\/\\\/www.instagram.com\\\/calmondivulgacoes\\\/\"]},{\"@type\":\"Person\",\"@id\":\"https:\\\/\\\/calmondivulgacoes.com.br\\\/#\\\/schema\\\/person\\\/f51b6a75a3e31b01ea8f6fea23fc01fa\",\"name\":\"Calmon Divulga\u00e7\u00f5es\",\"image\":{\"@type\":\"ImageObject\",\"inLanguage\":\"en-US\",\"@id\":\"https:\\\/\\\/calmondivulgacoes.com.br\\\/wp-content\\\/litespeed\\\/avatar\\\/70d8f8af3b6e7945511481b97d22e67c.jpg?ver=1777223803\",\"url\":\"https:\\\/\\\/calmondivulgacoes.com.br\\\/wp-content\\\/litespeed\\\/avatar\\\/70d8f8af3b6e7945511481b97d22e67c.jpg?ver=1777223803\",\"contentUrl\":\"https:\\\/\\\/calmondivulgacoes.com.br\\\/wp-content\\\/litespeed\\\/avatar\\\/70d8f8af3b6e7945511481b97d22e67c.jpg?ver=1777223803\",\"caption\":\"Calmon Divulga\u00e7\u00f5es\"},\"sameAs\":[\"http:\\\/\\\/calmondivulgacoes.com.br\"],\"url\":\"https:\\\/\\\/calmondivulgacoes.com.br\\\/en\\\/autor\\\/calmondivulgacoesgmail-com\\\/\"}]}<\/script>\n<!-- \/ Yoast SEO plugin. -->","yoast_head_json":{"title":"Associa\u00e7\u00e3o Calmonense de \u00c1rbitros (ACA) lamenta falecimento de Valtemir Silva Nascimento de Miguel Calmon - Calmon Divulga\u00e7\u00f5es","robots":{"index":"index","follow":"follow","max-snippet":"max-snippet:-1","max-image-preview":"max-image-preview:large","max-video-preview":"max-video-preview:-1"},"canonical":"https:\/\/calmondivulgacoes.com.br\/en\/associacao-calmonense-de-arbitros-aca-lamenta-falecimento-de-valtemir-silva-nascimento-de-miguel-calmon\/","og_locale":"en_US","og_type":"article","og_title":"Associa\u00e7\u00e3o Calmonense de \u00c1rbitros (ACA) lamenta falecimento de Valtemir Silva Nascimento de Miguel Calmon - Calmon Divulga\u00e7\u00f5es","og_description":"Faleceu neste s\u00e1bado, 11 de abril de 2026, o senhor Valtemir Nascimento da Silva, carinhosamente conhecido como Zico goleiro, aos 69 anos. A Associa\u00e7\u00e3o Calmonense de \u00c1rbitros (ACA) divulgou uma nota de pesar comunicando o falecimento de Valtemir Silva Nascimento, ocorrido recentemente. A entidade manifestou profundo pesar pela perda e prestou solidariedade aos familiares e [&hellip;]","og_url":"https:\/\/calmondivulgacoes.com.br\/en\/associacao-calmonense-de-arbitros-aca-lamenta-falecimento-de-valtemir-silva-nascimento-de-miguel-calmon\/","og_site_name":"Calmon Divulga\u00e7\u00f5es","article_publisher":"https:\/\/www.facebook.com\/calmondivulgacoes","article_published_time":"2026-04-12T03:30:06+00:00","article_modified_time":"2026-04-12T22:15:39+00:00","og_image":[{"width":105,"height":203,"url":"https:\/\/calmondivulgacoes.com.br\/wp-content\/uploads\/2026\/04\/1212121212-1-e1776032125235.png","type":"image\/png"}],"author":"Calmon Divulga\u00e7\u00f5es","twitter_card":"summary_large_image","twitter_misc":{"Written by":"Calmon Divulga\u00e7\u00f5es","Est. reading time":"1 minute"},"schema":{"@context":"https:\/\/schema.org","@graph":[{"@type":"Article","@id":"https:\/\/calmondivulgacoes.com.br\/associacao-calmonense-de-arbitros-aca-lamenta-falecimento-de-valtemir-silva-nascimento-de-miguel-calmon\/#article","isPartOf":{"@id":"https:\/\/calmondivulgacoes.com.br\/associacao-calmonense-de-arbitros-aca-lamenta-falecimento-de-valtemir-silva-nascimento-de-miguel-calmon\/"},"author":{"name":"Calmon Divulga\u00e7\u00f5es","@id":"https:\/\/calmondivulgacoes.com.br\/#\/schema\/person\/f51b6a75a3e31b01ea8f6fea23fc01fa"},"headline":"Associa\u00e7\u00e3o Calmonense de \u00c1rbitros (ACA) lamenta falecimento de Valtemir Silva Nascimento de Miguel Calmon","datePublished":"2026-04-12T03:30:06+00:00","dateModified":"2026-04-12T22:15:39+00:00","mainEntityOfPage":{"@id":"https:\/\/calmondivulgacoes.com.br\/associacao-calmonense-de-arbitros-aca-lamenta-falecimento-de-valtemir-silva-nascimento-de-miguel-calmon\/"},"wordCount":168,"commentCount":0,"publisher":{"@id":"https:\/\/calmondivulgacoes.com.br\/#organization"},"image":{"@id":"https:\/\/calmondivulgacoes.com.br\/associacao-calmonense-de-arbitros-aca-lamenta-falecimento-de-valtemir-silva-nascimento-de-miguel-calmon\/#primaryimage"},"thumbnailUrl":"https:\/\/calmondivulgacoes.com.br\/wp-content\/uploads\/2026\/04\/1212121212-1-e1776032125235.png","articleSection":["Miguel Calmon"],"inLanguage":"en-US","potentialAction":[{"@type":"CommentAction","name":"Comment","target":["https:\/\/calmondivulgacoes.com.br\/associacao-calmonense-de-arbitros-aca-lamenta-falecimento-de-valtemir-silva-nascimento-de-miguel-calmon\/#respond"]}]},{"@type":"WebPage","@id":"https:\/\/calmondivulgacoes.com.br\/associacao-calmonense-de-arbitros-aca-lamenta-falecimento-de-valtemir-silva-nascimento-de-miguel-calmon\/","url":"https:\/\/calmondivulgacoes.com.br\/associacao-calmonense-de-arbitros-aca-lamenta-falecimento-de-valtemir-silva-nascimento-de-miguel-calmon\/","name":"Associa\u00e7\u00e3o Calmonense de \u00c1rbitros (ACA) lamenta falecimento de Valtemir Silva Nascimento de Miguel Calmon - Calmon Divulga\u00e7\u00f5es","isPartOf":{"@id":"https:\/\/calmondivulgacoes.com.br\/#website"},"primaryImageOfPage":{"@id":"https:\/\/calmondivulgacoes.com.br\/associacao-calmonense-de-arbitros-aca-lamenta-falecimento-de-valtemir-silva-nascimento-de-miguel-calmon\/#primaryimage"},"image":{"@id":"https:\/\/calmondivulgacoes.com.br\/associacao-calmonense-de-arbitros-aca-lamenta-falecimento-de-valtemir-silva-nascimento-de-miguel-calmon\/#primaryimage"},"thumbnailUrl":"https:\/\/calmondivulgacoes.com.br\/wp-content\/uploads\/2026\/04\/1212121212-1-e1776032125235.png","datePublished":"2026-04-12T03:30:06+00:00","dateModified":"2026-04-12T22:15:39+00:00","breadcrumb":{"@id":"https:\/\/calmondivulgacoes.com.br\/associacao-calmonense-de-arbitros-aca-lamenta-falecimento-de-valtemir-silva-nascimento-de-miguel-calmon\/#breadcrumb"},"inLanguage":"en-US","potentialAction":[{"@type":"ReadAction","target":["https:\/\/calmondivulgacoes.com.br\/associacao-calmonense-de-arbitros-aca-lamenta-falecimento-de-valtemir-silva-nascimento-de-miguel-calmon\/"]}]},{"@type":"ImageObject","inLanguage":"en-US","@id":"https:\/\/calmondivulgacoes.com.br\/associacao-calmonense-de-arbitros-aca-lamenta-falecimento-de-valtemir-silva-nascimento-de-miguel-calmon\/#primaryimage","url":"https:\/\/calmondivulgacoes.com.br\/wp-content\/uploads\/2026\/04\/1212121212-1-e1776032125235.png","contentUrl":"https:\/\/calmondivulgacoes.com.br\/wp-content\/uploads\/2026\/04\/1212121212-1-e1776032125235.png","width":105,"height":203},{"@type":"BreadcrumbList","@id":"https:\/\/calmondivulgacoes.com.br\/associacao-calmonense-de-arbitros-aca-lamenta-falecimento-de-valtemir-silva-nascimento-de-miguel-calmon\/#breadcrumb","itemListElement":[{"@type":"ListItem","position":1,"name":"In\u00edcio","item":"https:\/\/calmondivulgacoes.com.br\/"},{"@type":"ListItem","position":2,"name":"Associa\u00e7\u00e3o Calmonense de \u00c1rbitros (ACA) lamenta falecimento de Valtemir Silva Nascimento de Miguel Calmon"}]},{"@type":"WebSite","@id":"https:\/\/calmondivulgacoes.com.br\/#website","url":"https:\/\/calmondivulgacoes.com.br\/","name":"Calmon Divulga\u00e7\u00f5es","description":"e Not\u00edcias","publisher":{"@id":"https:\/\/calmondivulgacoes.com.br\/#organization"},"potentialAction":[{"@type":"SearchAction","target":{"@type":"EntryPoint","urlTemplate":"https:\/\/calmondivulgacoes.com.br\/?s={search_term_string}"},"query-input":{"@type":"PropertyValueSpecification","valueRequired":true,"valueName":"search_term_string"}}],"inLanguage":"en-US"},{"@type":"Organization","@id":"https:\/\/calmondivulgacoes.com.br\/#organization","name":"Calmon Divulga\u00e7\u00f5es","url":"https:\/\/calmondivulgacoes.com.br\/","logo":{"@type":"ImageObject","inLanguage":"en-US","@id":"https:\/\/calmondivulgacoes.com.br\/#\/schema\/logo\/image\/","url":"https:\/\/calmondivulgacoes.com.br\/wp-content\/uploads\/2026\/04\/cropped-WhatsApp_Image_2025-12-02_at_20.44.08-removebg-preview.png","contentUrl":"https:\/\/calmondivulgacoes.com.br\/wp-content\/uploads\/2026\/04\/cropped-WhatsApp_Image_2025-12-02_at_20.44.08-removebg-preview.png","width":120,"height":120,"caption":"Calmon Divulga\u00e7\u00f5es"},"image":{"@id":"https:\/\/calmondivulgacoes.com.br\/#\/schema\/logo\/image\/"},"sameAs":["https:\/\/www.facebook.com\/calmondivulgacoes","https:\/\/www.instagram.com\/calmondivulgacoes\/"]},{"@type":"Person","@id":"https:\/\/calmondivulgacoes.com.br\/#\/schema\/person\/f51b6a75a3e31b01ea8f6fea23fc01fa","name":"Calmon Divulga\u00e7\u00f5es","image":{"@type":"ImageObject","inLanguage":"en-US","@id":"https:\/\/calmondivulgacoes.com.br\/wp-content\/litespeed\/avatar\/70d8f8af3b6e7945511481b97d22e67c.jpg?ver=1777223803","url":"https:\/\/calmondivulgacoes.com.br\/wp-content\/litespeed\/avatar\/70d8f8af3b6e7945511481b97d22e67c.jpg?ver=1777223803","contentUrl":"https:\/\/calmondivulgacoes.com.br\/wp-content\/litespeed\/avatar\/70d8f8af3b6e7945511481b97d22e67c.jpg?ver=1777223803","caption":"Calmon Divulga\u00e7\u00f5es"},"sameAs":["http:\/\/calmondivulgacoes.com.br"],"url":"https:\/\/calmondivulgacoes.com.br\/en\/autor\/calmondivulgacoesgmail-com\/"}]}},"uagb_featured_image_src":{"full":["https:\/\/calmondivulgacoes.com.br\/wp-content\/uploads\/2026\/04\/1212121212-1-e1776032125235.png",105,203,false],"thumbnail":["https:\/\/calmondivulgacoes.com.br\/wp-content\/uploads\/2026\/04\/1212121212-1-e1776032125235-78x150.png",78,150,true],"medium":["https:\/\/calmondivulgacoes.com.br\/wp-content\/uploads\/2026\/04\/1212121212-1-226x300.png",226,300,true],"medium_large":["https:\/\/calmondivulgacoes.com.br\/wp-content\/uploads\/2026\/04\/1212121212-1-e1776032125235.png",105,203,false],"large":["https:\/\/calmondivulgacoes.com.br\/wp-content\/uploads\/2026\/04\/1212121212-1-e1776032125235.png",105,203,false],"1536x1536":["https:\/\/calmondivulgacoes.com.br\/wp-content\/uploads\/2026\/04\/1212121212-1-e1776032125235.png",105,203,false],"2048x2048":["https:\/\/calmondivulgacoes.com.br\/wp-content\/uploads\/2026\/04\/1212121212-1-e1776032125235.png",105,203,false],"trp-custom-language-flag":["https:\/\/calmondivulgacoes.com.br\/wp-content\/uploads\/2026\/04\/1212121212-1-e1776032125235.png",6,12,false],"cvmm-medium":["https:\/\/calmondivulgacoes.com.br\/wp-content\/uploads\/2026\/04\/1212121212-1-300x300.png",300,300,true],"cvmm-medium-plus":["https:\/\/calmondivulgacoes.com.br\/wp-content\/uploads\/2026\/04\/1212121212-1-305x207.png",305,207,true],"cvmm-portrait":["https:\/\/calmondivulgacoes.com.br\/wp-content\/uploads\/2026\/04\/1212121212-1-400x581.png",400,581,true],"cvmm-medium-square":["https:\/\/calmondivulgacoes.com.br\/wp-content\/uploads\/2026\/04\/1212121212-1-e1776032125235.png",105,203,false],"cvmm-large":["https:\/\/calmondivulgacoes.com.br\/wp-content\/uploads\/2026\/04\/1212121212-1-e1776032125235.png",105,203,false],"cvmm-small":["https:\/\/calmondivulgacoes.com.br\/wp-content\/uploads\/2026\/04\/1212121212-1-e1776032125235-105x95.png",105,95,true]},"uagb_author_info":{"display_name":"Calmon Divulga\u00e7\u00f5es","author_link":"https:\/\/calmondivulgacoes.com.br\/en\/autor\/calmondivulgacoesgmail-com\/"},"uagb_comment_info":0,"uagb_excerpt":"Faleceu neste s\u00e1bado, 11 de abril de 2026, o senhor Valtemir Nascimento da Silva, carinhosamente conhecido como Zico goleiro, aos 69 anos. A Associa\u00e7\u00e3o Calmonense de \u00c1rbitros (ACA) divulgou uma nota de pesar comunicando o falecimento de Valtemir Silva Nascimento, ocorrido recentemente. A entidade manifestou profundo pesar pela perda e prestou solidariedade aos familiares e&hellip;","blog_post_layout_featured_media_urls":{"thumbnail":["https:\/\/calmondivulgacoes.com.br\/wp-content\/uploads\/2026\/04\/1212121212-1-e1776032125235-78x150.png",78,150,true],"full":["https:\/\/calmondivulgacoes.com.br\/wp-content\/uploads\/2026\/04\/1212121212-1-e1776032125235.png",105,203,false]},"categories_names":{"40":{"name":"Miguel Calmon","link":"https:\/\/calmondivulgacoes.com.br\/en\/category\/miguel-calmon\/"}},"tags_names":[],"comments_number":"0","wpmagazine_modules_lite_featured_media_urls":{"thumbnail":["https:\/\/calmondivulgacoes.com.br\/wp-content\/uploads\/2026\/04\/1212121212-1-e1776032125235-78x150.png",78,150,true],"cvmm-medium":["https:\/\/calmondivulgacoes.com.br\/wp-content\/uploads\/2026\/04\/1212121212-1-300x300.png",300,300,true],"cvmm-medium-plus":["https:\/\/calmondivulgacoes.com.br\/wp-content\/uploads\/2026\/04\/1212121212-1-305x207.png",305,207,true],"cvmm-portrait":["https:\/\/calmondivulgacoes.com.br\/wp-content\/uploads\/2026\/04\/1212121212-1-400x581.png",400,581,true],"cvmm-medium-square":["https:\/\/calmondivulgacoes.com.br\/wp-content\/uploads\/2026\/04\/1212121212-1-e1776032125235.png",105,203,false],"cvmm-large":["https:\/\/calmondivulgacoes.com.br\/wp-content\/uploads\/2026\/04\/1212121212-1-e1776032125235.png",105,203,false],"cvmm-small":["https:\/\/calmondivulgacoes.com.br\/wp-content\/uploads\/2026\/04\/1212121212-1-e1776032125235-105x95.png",105,95,true],"full":["https:\/\/calmondivulgacoes.com.br\/wp-content\/uploads\/2026\/04\/1212121212-1-e1776032125235.png",105,203,false]},"_links":{"self":[{"href":"https:\/\/calmondivulgacoes.com.br\/en\/wp-json\/wp\/v2\/posts\/2888","targetHints":{"allow":["GET"]}}],"collection":[{"href":"https:\/\/calmondivulgacoes.com.br\/en\/wp-json\/wp\/v2\/posts"}],"about":[{"href":"https:\/\/calmondivulgacoes.com.br\/en\/wp-json\/wp\/v2\/types\/post"}],"author":[{"embeddable":true,"href":"https:\/\/calmondivulgacoes.com.br\/en\/wp-json\/wp\/v2\/users\/1"}],"replies":[{"embeddable":true,"href":"https:\/\/calmondivulgacoes.com.br\/en\/wp-json\/wp\/v2\/comments?post=2888"}],"version-history":[{"count":1,"href":"https:\/\/calmondivulgacoes.com.br\/en\/wp-json\/wp\/v2\/posts\/2888\/revisions"}],"predecessor-version":[{"id":2890,"href":"https:\/\/calmondivulgacoes.com.br\/en\/wp-json\/wp\/v2\/posts\/2888\/revisions\/2890"}],"wp:featuredmedia":[{"embeddable":true,"href":"https:\/\/calmondivulgacoes.com.br\/en\/wp-json\/wp\/v2\/media\/2906"}],"wp:attachment":[{"href":"https:\/\/calmondivulgacoes.com.br\/en\/wp-json\/wp\/v2\/media?parent=2888"}],"wp:term":[{"taxonomy":"category","embeddable":true,"href":"https:\/\/calmondivulgacoes.com.br\/en\/wp-json\/wp\/v2\/categories?post=2888"},{"taxonomy":"post_tag","embeddable":true,"href":"https:\/\/calmondivulgacoes.com.br\/en\/wp-json\/wp\/v2\/tags?post=2888"}],"curies":[{"name":"wp","href":"https:\/\/api.w.org\/{rel}","templated":true}]}}