{"id":2881,"date":"2026-04-12T03:20:34","date_gmt":"2026-04-12T03:20:34","guid":{"rendered":"https:\/\/calmondivulgacoes.com.br\/?p=2881"},"modified":"2026-04-19T01:22:36","modified_gmt":"2026-04-19T04:22:36","slug":"prefeito-sampaio-de-miguel-calmon-em-ipira-ba-e-o-governador-jeronimo-rodrigues-tambem11-04-26","status":"publish","type":"post","link":"https:\/\/calmondivulgacoes.com.br\/en\/prefeito-sampaio-de-miguel-calmon-em-ipira-ba-e-o-governador-jeronimo-rodrigues-tambem11-04-26\/","title":{"rendered":"Prefeito Sampaio de Miguel Calmon em Ipir\u00e1-BA, e o Governador Jer\u00f4nimo Rodrigues tamb\u00e9m,11\/04\/26"},"content":{"rendered":"<p><br>Hoje, 11 de abril, s\u00e1bado, o Prefeito Sampaio de Miguel Calmon est\u00e1 em Ipir\u00e1-BA, e o Governador Jer\u00f4nimo Rodrigues tamb\u00e9m.<\/p>\n\n\n\n<p>Sabemos que 2026 \u00e9 um ano de elei\u00e7\u00f5es. A presen\u00e7a de ambos no mesmo munic\u00edpio chama aten\u00e7\u00e3o no cen\u00e1rio pol\u00edtico local, especialmente em ano eleitoral. At\u00e9 o momento, n\u00e3o h\u00e1 posicionamento oficial sobre eventual apoio pol\u00edtico, mas estamos atentos a qualquer novidade e atualiza\u00e7\u00e3o.<\/p>\n\n\n\n<p>Celebrado neste dia, 11 de abril, o Dia do Prefeito refor\u00e7a a relev\u00e2ncia do chefe do Poder Executivo municipal na condu\u00e7\u00e3o dos destinos da cidade. Ser Prefeito requer liderar a Prefeitura com responsabilidade, entre suas principais atribui\u00e7\u00f5es: a gest\u00e3o administrativa do munic\u00edpio, garantindo o funcionamento dos servi\u00e7os essenciais, como sa\u00fade, educa\u00e7\u00e3o, infraestrutura, limpeza p\u00fablica, mobilidade e assist\u00eancia social. N\u00e3o deixar faltar nada ou deixar prec\u00e1rio.<\/p>\n\n\n\n<p>Al\u00e9m disso, cabe ao gestor municipal a arrecada\u00e7\u00e3o e uso correto de impostos e taxas, recursos fundamentais para a realiza\u00e7\u00e3o de obras, manuten\u00e7\u00e3o de servi\u00e7os e investimentos que impactam diretamente a vida da popula\u00e7\u00e3o.<\/p>\n\n\n\n<p>O cargo tamb\u00e9m exige forte atua\u00e7\u00e3o pol\u00edtica e institucional, representando os interesses do munic\u00edpio perante governos estaduais, federais e demais \u00f3rg\u00e3os p\u00fablicos, sempre em defesa do desenvolvimento local e do fortalecimento do municipalismo.<\/p>\n\n\n\n<p>Do ponto de vista legal, a atua\u00e7\u00e3o do prefeito \u00e9 regida por normas espec\u00edficas, com destaque para o Decreto-Lei n\u00ba 201, de 1967, que disp\u00f5e sobre a responsabilidade dos prefeitos e vereadores, estabelecendo crimes de responsabilidade e infra\u00e7\u00f5es pol\u00edtico-administrativas.<\/p>\n\n\n\n<p>Mais do que uma data comemorativa, o Dia do Prefeito representa um momento de reflex\u00e3o sobre a import\u00e2ncia da boa gest\u00e3o p\u00fablica, da transpar\u00eancia administrativa e do compromisso com o bem-estar coletivo.<br><br><\/p>\n\n\n\n<p><\/p>\n\n\n\n<div class=\"wp-block-uagb-image uagb-block-efc0c152 wp-block-uagb-image--layout-default wp-block-uagb-image--effect-static wp-block-uagb-image--align-none\"><figure class=\"wp-block-uagb-image__figure\"><img loading=\"lazy\" decoding=\"async\" srcset=\"https:\/\/calmondivulgacoes.com.br\/wp-content\/uploads\/2026\/04\/B5795755-C817-4942-B7E7-F7D6AD2EEA52-1-1-819x1024.jpeg ,https:\/\/calmondivulgacoes.com.br\/wp-content\/uploads\/2026\/04\/B5795755-C817-4942-B7E7-F7D6AD2EEA52-1-1.jpeg 780w, https:\/\/calmondivulgacoes.com.br\/wp-content\/uploads\/2026\/04\/B5795755-C817-4942-B7E7-F7D6AD2EEA52-1-1.jpeg 360w\" sizes=\"auto, (max-width: 480px) 150px\" src=\"https:\/\/calmondivulgacoes.com.br\/wp-content\/uploads\/2026\/04\/B5795755-C817-4942-B7E7-F7D6AD2EEA52-1-1-819x1024.jpeg\" alt=\"\" class=\"uag-image-2883\" width=\"1080\" height=\"1350\" title=\"B5795755-C817-4942-B7E7-F7D6AD2EEA52 (1)\" role=\"img\"\/><\/figure><\/div>","protected":false},"excerpt":{"rendered":"<p>Hoje, 11 de abril, s\u00e1bado, o Prefeito Sampaio de Miguel Calmon est\u00e1 em Ipir\u00e1-BA, e o Governador Jer\u00f4nimo Rodrigues tamb\u00e9m. Sabemos que 2026 \u00e9 um ano de elei\u00e7\u00f5es. A presen\u00e7a de ambos no mesmo munic\u00edpio chama aten\u00e7\u00e3o no cen\u00e1rio pol\u00edtico local, especialmente em ano eleitoral. At\u00e9 o momento, n\u00e3o h\u00e1 posicionamento oficial sobre eventual apoio [&hellip;]<\/p>\n","protected":false},"author":1,"featured_media":2905,"comment_status":"open","ping_status":"open","sticky":false,"template":"","format":"standard","meta":{"_uag_custom_page_level_css":"","_monsterinsights_skip_tracking":false,"_monsterinsights_sitenote_active":false,"_monsterinsights_sitenote_note":"","_monsterinsights_sitenote_category":0,"maa_idioma":"","maa_pais":"","footnotes":""},"categories":[39],"tags":[],"class_list":["post-2881","post","type-post","status-publish","format-standard","has-post-thumbnail","hentry","category-politica"],"yoast_head":"<!-- This site is optimized with the Yoast SEO plugin v27.4 - https:\/\/yoast.com\/product\/yoast-seo-wordpress\/ -->\n<title>Prefeito Sampaio de Miguel Calmon em Ipir\u00e1-BA, e o Governador Jer\u00f4nimo Rodrigues tamb\u00e9m,11\/04\/26 - Calmon Divulga\u00e7\u00f5es<\/title>\n<meta name=\"robots\" content=\"index, follow, max-snippet:-1, max-image-preview:large, max-video-preview:-1\" \/>\n<link rel=\"canonical\" href=\"https:\/\/calmondivulgacoes.com.br\/en\/prefeito-sampaio-de-miguel-calmon-em-ipira-ba-e-o-governador-jeronimo-rodrigues-tambem11-04-26\/\" \/>\n<meta property=\"og:locale\" content=\"en_US\" \/>\n<meta property=\"og:type\" content=\"article\" \/>\n<meta property=\"og:title\" content=\"Prefeito Sampaio de Miguel Calmon em Ipir\u00e1-BA, e o Governador Jer\u00f4nimo Rodrigues tamb\u00e9m,11\/04\/26 - Calmon Divulga\u00e7\u00f5es\" \/>\n<meta property=\"og:description\" content=\"Hoje, 11 de abril, s\u00e1bado, o Prefeito Sampaio de Miguel Calmon est\u00e1 em Ipir\u00e1-BA, e o Governador Jer\u00f4nimo Rodrigues tamb\u00e9m. Sabemos que 2026 \u00e9 um ano de elei\u00e7\u00f5es. A presen\u00e7a de ambos no mesmo munic\u00edpio chama aten\u00e7\u00e3o no cen\u00e1rio pol\u00edtico local, especialmente em ano eleitoral. At\u00e9 o momento, n\u00e3o h\u00e1 posicionamento oficial sobre eventual apoio [&hellip;]\" \/>\n<meta property=\"og:url\" content=\"https:\/\/calmondivulgacoes.com.br\/en\/prefeito-sampaio-de-miguel-calmon-em-ipira-ba-e-o-governador-jeronimo-rodrigues-tambem11-04-26\/\" \/>\n<meta property=\"og:site_name\" content=\"Calmon Divulga\u00e7\u00f5es\" \/>\n<meta property=\"article:publisher\" content=\"https:\/\/www.facebook.com\/calmondivulgacoes\" \/>\n<meta property=\"article:published_time\" content=\"2026-04-12T03:20:34+00:00\" \/>\n<meta property=\"article:modified_time\" content=\"2026-04-19T04:22:36+00:00\" \/>\n<meta property=\"og:image\" content=\"https:\/\/calmondivulgacoes.com.br\/wp-content\/uploads\/2026\/04\/B5795755-C817-4942-B7E7-F7D6AD2EEA52.jpeg\" \/>\n\t<meta property=\"og:image:width\" content=\"1080\" \/>\n\t<meta property=\"og:image:height\" content=\"1350\" \/>\n\t<meta property=\"og:image:type\" content=\"image\/jpeg\" \/>\n<meta name=\"author\" content=\"Calmon Divulga\u00e7\u00f5es\" \/>\n<meta name=\"twitter:card\" content=\"summary_large_image\" \/>\n<meta name=\"twitter:label1\" content=\"Written by\" \/>\n\t<meta name=\"twitter:data1\" content=\"Calmon Divulga\u00e7\u00f5es\" \/>\n\t<meta name=\"twitter:label2\" content=\"Est. reading time\" \/>\n\t<meta name=\"twitter:data2\" content=\"2 minutes\" \/>\n<script type=\"application\/ld+json\" class=\"yoast-schema-graph\">{\"@context\":\"https:\\\/\\\/schema.org\",\"@graph\":[{\"@type\":\"Article\",\"@id\":\"https:\\\/\\\/calmondivulgacoes.com.br\\\/prefeito-sampaio-de-miguel-calmon-em-ipira-ba-e-o-governador-jeronimo-rodrigues-tambem11-04-26\\\/#article\",\"isPartOf\":{\"@id\":\"https:\\\/\\\/calmondivulgacoes.com.br\\\/prefeito-sampaio-de-miguel-calmon-em-ipira-ba-e-o-governador-jeronimo-rodrigues-tambem11-04-26\\\/\"},\"author\":{\"name\":\"Calmon Divulga\u00e7\u00f5es\",\"@id\":\"https:\\\/\\\/calmondivulgacoes.com.br\\\/#\\\/schema\\\/person\\\/f51b6a75a3e31b01ea8f6fea23fc01fa\"},\"headline\":\"Prefeito Sampaio de Miguel Calmon em Ipir\u00e1-BA, e o Governador Jer\u00f4nimo Rodrigues tamb\u00e9m,11\\\/04\\\/26\",\"datePublished\":\"2026-04-12T03:20:34+00:00\",\"dateModified\":\"2026-04-19T04:22:36+00:00\",\"mainEntityOfPage\":{\"@id\":\"https:\\\/\\\/calmondivulgacoes.com.br\\\/prefeito-sampaio-de-miguel-calmon-em-ipira-ba-e-o-governador-jeronimo-rodrigues-tambem11-04-26\\\/\"},\"wordCount\":324,\"commentCount\":0,\"publisher\":{\"@id\":\"https:\\\/\\\/calmondivulgacoes.com.br\\\/#organization\"},\"image\":{\"@id\":\"https:\\\/\\\/calmondivulgacoes.com.br\\\/prefeito-sampaio-de-miguel-calmon-em-ipira-ba-e-o-governador-jeronimo-rodrigues-tambem11-04-26\\\/#primaryimage\"},\"thumbnailUrl\":\"https:\\\/\\\/calmondivulgacoes.com.br\\\/wp-content\\\/uploads\\\/2026\\\/04\\\/B5795755-C817-4942-B7E7-F7D6AD2EEA52.jpeg\",\"articleSection\":[\"Pol\u00edtica\"],\"inLanguage\":\"en-US\",\"potentialAction\":[{\"@type\":\"CommentAction\",\"name\":\"Comment\",\"target\":[\"https:\\\/\\\/calmondivulgacoes.com.br\\\/prefeito-sampaio-de-miguel-calmon-em-ipira-ba-e-o-governador-jeronimo-rodrigues-tambem11-04-26\\\/#respond\"]}]},{\"@type\":\"WebPage\",\"@id\":\"https:\\\/\\\/calmondivulgacoes.com.br\\\/prefeito-sampaio-de-miguel-calmon-em-ipira-ba-e-o-governador-jeronimo-rodrigues-tambem11-04-26\\\/\",\"url\":\"https:\\\/\\\/calmondivulgacoes.com.br\\\/prefeito-sampaio-de-miguel-calmon-em-ipira-ba-e-o-governador-jeronimo-rodrigues-tambem11-04-26\\\/\",\"name\":\"Prefeito Sampaio de Miguel Calmon em Ipir\u00e1-BA, e o Governador Jer\u00f4nimo Rodrigues tamb\u00e9m,11\\\/04\\\/26 - Calmon Divulga\u00e7\u00f5es\",\"isPartOf\":{\"@id\":\"https:\\\/\\\/calmondivulgacoes.com.br\\\/#website\"},\"primaryImageOfPage\":{\"@id\":\"https:\\\/\\\/calmondivulgacoes.com.br\\\/prefeito-sampaio-de-miguel-calmon-em-ipira-ba-e-o-governador-jeronimo-rodrigues-tambem11-04-26\\\/#primaryimage\"},\"image\":{\"@id\":\"https:\\\/\\\/calmondivulgacoes.com.br\\\/prefeito-sampaio-de-miguel-calmon-em-ipira-ba-e-o-governador-jeronimo-rodrigues-tambem11-04-26\\\/#primaryimage\"},\"thumbnailUrl\":\"https:\\\/\\\/calmondivulgacoes.com.br\\\/wp-content\\\/uploads\\\/2026\\\/04\\\/B5795755-C817-4942-B7E7-F7D6AD2EEA52.jpeg\",\"datePublished\":\"2026-04-12T03:20:34+00:00\",\"dateModified\":\"2026-04-19T04:22:36+00:00\",\"breadcrumb\":{\"@id\":\"https:\\\/\\\/calmondivulgacoes.com.br\\\/prefeito-sampaio-de-miguel-calmon-em-ipira-ba-e-o-governador-jeronimo-rodrigues-tambem11-04-26\\\/#breadcrumb\"},\"inLanguage\":\"en-US\",\"potentialAction\":[{\"@type\":\"ReadAction\",\"target\":[\"https:\\\/\\\/calmondivulgacoes.com.br\\\/prefeito-sampaio-de-miguel-calmon-em-ipira-ba-e-o-governador-jeronimo-rodrigues-tambem11-04-26\\\/\"]}]},{\"@type\":\"ImageObject\",\"inLanguage\":\"en-US\",\"@id\":\"https:\\\/\\\/calmondivulgacoes.com.br\\\/prefeito-sampaio-de-miguel-calmon-em-ipira-ba-e-o-governador-jeronimo-rodrigues-tambem11-04-26\\\/#primaryimage\",\"url\":\"https:\\\/\\\/calmondivulgacoes.com.br\\\/wp-content\\\/uploads\\\/2026\\\/04\\\/B5795755-C817-4942-B7E7-F7D6AD2EEA52.jpeg\",\"contentUrl\":\"https:\\\/\\\/calmondivulgacoes.com.br\\\/wp-content\\\/uploads\\\/2026\\\/04\\\/B5795755-C817-4942-B7E7-F7D6AD2EEA52.jpeg\",\"width\":1080,\"height\":1350},{\"@type\":\"BreadcrumbList\",\"@id\":\"https:\\\/\\\/calmondivulgacoes.com.br\\\/prefeito-sampaio-de-miguel-calmon-em-ipira-ba-e-o-governador-jeronimo-rodrigues-tambem11-04-26\\\/#breadcrumb\",\"itemListElement\":[{\"@type\":\"ListItem\",\"position\":1,\"name\":\"In\u00edcio\",\"item\":\"https:\\\/\\\/calmondivulgacoes.com.br\\\/\"},{\"@type\":\"ListItem\",\"position\":2,\"name\":\"Prefeito Sampaio de Miguel Calmon em Ipir\u00e1-BA, e o Governador Jer\u00f4nimo Rodrigues tamb\u00e9m,11\\\/04\\\/26\"}]},{\"@type\":\"WebSite\",\"@id\":\"https:\\\/\\\/calmondivulgacoes.com.br\\\/#website\",\"url\":\"https:\\\/\\\/calmondivulgacoes.com.br\\\/\",\"name\":\"Calmon Divulga\u00e7\u00f5es\",\"description\":\"e Not\u00edcias\",\"publisher\":{\"@id\":\"https:\\\/\\\/calmondivulgacoes.com.br\\\/#organization\"},\"potentialAction\":[{\"@type\":\"SearchAction\",\"target\":{\"@type\":\"EntryPoint\",\"urlTemplate\":\"https:\\\/\\\/calmondivulgacoes.com.br\\\/?s={search_term_string}\"},\"query-input\":{\"@type\":\"PropertyValueSpecification\",\"valueRequired\":true,\"valueName\":\"search_term_string\"}}],\"inLanguage\":\"en-US\"},{\"@type\":\"Organization\",\"@id\":\"https:\\\/\\\/calmondivulgacoes.com.br\\\/#organization\",\"name\":\"Calmon Divulga\u00e7\u00f5es\",\"url\":\"https:\\\/\\\/calmondivulgacoes.com.br\\\/\",\"logo\":{\"@type\":\"ImageObject\",\"inLanguage\":\"en-US\",\"@id\":\"https:\\\/\\\/calmondivulgacoes.com.br\\\/#\\\/schema\\\/logo\\\/image\\\/\",\"url\":\"https:\\\/\\\/calmondivulgacoes.com.br\\\/wp-content\\\/uploads\\\/2026\\\/04\\\/cropped-WhatsApp_Image_2025-12-02_at_20.44.08-removebg-preview.png\",\"contentUrl\":\"https:\\\/\\\/calmondivulgacoes.com.br\\\/wp-content\\\/uploads\\\/2026\\\/04\\\/cropped-WhatsApp_Image_2025-12-02_at_20.44.08-removebg-preview.png\",\"width\":120,\"height\":120,\"caption\":\"Calmon Divulga\u00e7\u00f5es\"},\"image\":{\"@id\":\"https:\\\/\\\/calmondivulgacoes.com.br\\\/#\\\/schema\\\/logo\\\/image\\\/\"},\"sameAs\":[\"https:\\\/\\\/www.facebook.com\\\/calmondivulgacoes\",\"https:\\\/\\\/www.instagram.com\\\/calmondivulgacoes\\\/\"]},{\"@type\":\"Person\",\"@id\":\"https:\\\/\\\/calmondivulgacoes.com.br\\\/#\\\/schema\\\/person\\\/f51b6a75a3e31b01ea8f6fea23fc01fa\",\"name\":\"Calmon Divulga\u00e7\u00f5es\",\"image\":{\"@type\":\"ImageObject\",\"inLanguage\":\"en-US\",\"@id\":\"https:\\\/\\\/calmondivulgacoes.com.br\\\/wp-content\\\/litespeed\\\/avatar\\\/70d8f8af3b6e7945511481b97d22e67c.jpg?ver=1777223803\",\"url\":\"https:\\\/\\\/calmondivulgacoes.com.br\\\/wp-content\\\/litespeed\\\/avatar\\\/70d8f8af3b6e7945511481b97d22e67c.jpg?ver=1777223803\",\"contentUrl\":\"https:\\\/\\\/calmondivulgacoes.com.br\\\/wp-content\\\/litespeed\\\/avatar\\\/70d8f8af3b6e7945511481b97d22e67c.jpg?ver=1777223803\",\"caption\":\"Calmon Divulga\u00e7\u00f5es\"},\"sameAs\":[\"http:\\\/\\\/calmondivulgacoes.com.br\"],\"url\":\"https:\\\/\\\/calmondivulgacoes.com.br\\\/en\\\/autor\\\/calmondivulgacoesgmail-com\\\/\"}]}<\/script>\n<!-- \/ Yoast SEO plugin. -->","yoast_head_json":{"title":"Prefeito Sampaio de Miguel Calmon em Ipir\u00e1-BA, e o Governador Jer\u00f4nimo Rodrigues tamb\u00e9m,11\/04\/26 - Calmon Divulga\u00e7\u00f5es","robots":{"index":"index","follow":"follow","max-snippet":"max-snippet:-1","max-image-preview":"max-image-preview:large","max-video-preview":"max-video-preview:-1"},"canonical":"https:\/\/calmondivulgacoes.com.br\/en\/prefeito-sampaio-de-miguel-calmon-em-ipira-ba-e-o-governador-jeronimo-rodrigues-tambem11-04-26\/","og_locale":"en_US","og_type":"article","og_title":"Prefeito Sampaio de Miguel Calmon em Ipir\u00e1-BA, e o Governador Jer\u00f4nimo Rodrigues tamb\u00e9m,11\/04\/26 - Calmon Divulga\u00e7\u00f5es","og_description":"Hoje, 11 de abril, s\u00e1bado, o Prefeito Sampaio de Miguel Calmon est\u00e1 em Ipir\u00e1-BA, e o Governador Jer\u00f4nimo Rodrigues tamb\u00e9m. Sabemos que 2026 \u00e9 um ano de elei\u00e7\u00f5es. A presen\u00e7a de ambos no mesmo munic\u00edpio chama aten\u00e7\u00e3o no cen\u00e1rio pol\u00edtico local, especialmente em ano eleitoral. At\u00e9 o momento, n\u00e3o h\u00e1 posicionamento oficial sobre eventual apoio [&hellip;]","og_url":"https:\/\/calmondivulgacoes.com.br\/en\/prefeito-sampaio-de-miguel-calmon-em-ipira-ba-e-o-governador-jeronimo-rodrigues-tambem11-04-26\/","og_site_name":"Calmon Divulga\u00e7\u00f5es","article_publisher":"https:\/\/www.facebook.com\/calmondivulgacoes","article_published_time":"2026-04-12T03:20:34+00:00","article_modified_time":"2026-04-19T04:22:36+00:00","og_image":[{"width":1080,"height":1350,"url":"https:\/\/calmondivulgacoes.com.br\/wp-content\/uploads\/2026\/04\/B5795755-C817-4942-B7E7-F7D6AD2EEA52.jpeg","type":"image\/jpeg"}],"author":"Calmon Divulga\u00e7\u00f5es","twitter_card":"summary_large_image","twitter_misc":{"Written by":"Calmon Divulga\u00e7\u00f5es","Est. reading time":"2 minutes"},"schema":{"@context":"https:\/\/schema.org","@graph":[{"@type":"Article","@id":"https:\/\/calmondivulgacoes.com.br\/prefeito-sampaio-de-miguel-calmon-em-ipira-ba-e-o-governador-jeronimo-rodrigues-tambem11-04-26\/#article","isPartOf":{"@id":"https:\/\/calmondivulgacoes.com.br\/prefeito-sampaio-de-miguel-calmon-em-ipira-ba-e-o-governador-jeronimo-rodrigues-tambem11-04-26\/"},"author":{"name":"Calmon Divulga\u00e7\u00f5es","@id":"https:\/\/calmondivulgacoes.com.br\/#\/schema\/person\/f51b6a75a3e31b01ea8f6fea23fc01fa"},"headline":"Prefeito Sampaio de Miguel Calmon em Ipir\u00e1-BA, e o Governador Jer\u00f4nimo Rodrigues tamb\u00e9m,11\/04\/26","datePublished":"2026-04-12T03:20:34+00:00","dateModified":"2026-04-19T04:22:36+00:00","mainEntityOfPage":{"@id":"https:\/\/calmondivulgacoes.com.br\/prefeito-sampaio-de-miguel-calmon-em-ipira-ba-e-o-governador-jeronimo-rodrigues-tambem11-04-26\/"},"wordCount":324,"commentCount":0,"publisher":{"@id":"https:\/\/calmondivulgacoes.com.br\/#organization"},"image":{"@id":"https:\/\/calmondivulgacoes.com.br\/prefeito-sampaio-de-miguel-calmon-em-ipira-ba-e-o-governador-jeronimo-rodrigues-tambem11-04-26\/#primaryimage"},"thumbnailUrl":"https:\/\/calmondivulgacoes.com.br\/wp-content\/uploads\/2026\/04\/B5795755-C817-4942-B7E7-F7D6AD2EEA52.jpeg","articleSection":["Pol\u00edtica"],"inLanguage":"en-US","potentialAction":[{"@type":"CommentAction","name":"Comment","target":["https:\/\/calmondivulgacoes.com.br\/prefeito-sampaio-de-miguel-calmon-em-ipira-ba-e-o-governador-jeronimo-rodrigues-tambem11-04-26\/#respond"]}]},{"@type":"WebPage","@id":"https:\/\/calmondivulgacoes.com.br\/prefeito-sampaio-de-miguel-calmon-em-ipira-ba-e-o-governador-jeronimo-rodrigues-tambem11-04-26\/","url":"https:\/\/calmondivulgacoes.com.br\/prefeito-sampaio-de-miguel-calmon-em-ipira-ba-e-o-governador-jeronimo-rodrigues-tambem11-04-26\/","name":"Prefeito Sampaio de Miguel Calmon em Ipir\u00e1-BA, e o Governador Jer\u00f4nimo Rodrigues tamb\u00e9m,11\/04\/26 - Calmon Divulga\u00e7\u00f5es","isPartOf":{"@id":"https:\/\/calmondivulgacoes.com.br\/#website"},"primaryImageOfPage":{"@id":"https:\/\/calmondivulgacoes.com.br\/prefeito-sampaio-de-miguel-calmon-em-ipira-ba-e-o-governador-jeronimo-rodrigues-tambem11-04-26\/#primaryimage"},"image":{"@id":"https:\/\/calmondivulgacoes.com.br\/prefeito-sampaio-de-miguel-calmon-em-ipira-ba-e-o-governador-jeronimo-rodrigues-tambem11-04-26\/#primaryimage"},"thumbnailUrl":"https:\/\/calmondivulgacoes.com.br\/wp-content\/uploads\/2026\/04\/B5795755-C817-4942-B7E7-F7D6AD2EEA52.jpeg","datePublished":"2026-04-12T03:20:34+00:00","dateModified":"2026-04-19T04:22:36+00:00","breadcrumb":{"@id":"https:\/\/calmondivulgacoes.com.br\/prefeito-sampaio-de-miguel-calmon-em-ipira-ba-e-o-governador-jeronimo-rodrigues-tambem11-04-26\/#breadcrumb"},"inLanguage":"en-US","potentialAction":[{"@type":"ReadAction","target":["https:\/\/calmondivulgacoes.com.br\/prefeito-sampaio-de-miguel-calmon-em-ipira-ba-e-o-governador-jeronimo-rodrigues-tambem11-04-26\/"]}]},{"@type":"ImageObject","inLanguage":"en-US","@id":"https:\/\/calmondivulgacoes.com.br\/prefeito-sampaio-de-miguel-calmon-em-ipira-ba-e-o-governador-jeronimo-rodrigues-tambem11-04-26\/#primaryimage","url":"https:\/\/calmondivulgacoes.com.br\/wp-content\/uploads\/2026\/04\/B5795755-C817-4942-B7E7-F7D6AD2EEA52.jpeg","contentUrl":"https:\/\/calmondivulgacoes.com.br\/wp-content\/uploads\/2026\/04\/B5795755-C817-4942-B7E7-F7D6AD2EEA52.jpeg","width":1080,"height":1350},{"@type":"BreadcrumbList","@id":"https:\/\/calmondivulgacoes.com.br\/prefeito-sampaio-de-miguel-calmon-em-ipira-ba-e-o-governador-jeronimo-rodrigues-tambem11-04-26\/#breadcrumb","itemListElement":[{"@type":"ListItem","position":1,"name":"In\u00edcio","item":"https:\/\/calmondivulgacoes.com.br\/"},{"@type":"ListItem","position":2,"name":"Prefeito Sampaio de Miguel Calmon em Ipir\u00e1-BA, e o Governador Jer\u00f4nimo Rodrigues tamb\u00e9m,11\/04\/26"}]},{"@type":"WebSite","@id":"https:\/\/calmondivulgacoes.com.br\/#website","url":"https:\/\/calmondivulgacoes.com.br\/","name":"Calmon Divulga\u00e7\u00f5es","description":"e Not\u00edcias","publisher":{"@id":"https:\/\/calmondivulgacoes.com.br\/#organization"},"potentialAction":[{"@type":"SearchAction","target":{"@type":"EntryPoint","urlTemplate":"https:\/\/calmondivulgacoes.com.br\/?s={search_term_string}"},"query-input":{"@type":"PropertyValueSpecification","valueRequired":true,"valueName":"search_term_string"}}],"inLanguage":"en-US"},{"@type":"Organization","@id":"https:\/\/calmondivulgacoes.com.br\/#organization","name":"Calmon Divulga\u00e7\u00f5es","url":"https:\/\/calmondivulgacoes.com.br\/","logo":{"@type":"ImageObject","inLanguage":"en-US","@id":"https:\/\/calmondivulgacoes.com.br\/#\/schema\/logo\/image\/","url":"https:\/\/calmondivulgacoes.com.br\/wp-content\/uploads\/2026\/04\/cropped-WhatsApp_Image_2025-12-02_at_20.44.08-removebg-preview.png","contentUrl":"https:\/\/calmondivulgacoes.com.br\/wp-content\/uploads\/2026\/04\/cropped-WhatsApp_Image_2025-12-02_at_20.44.08-removebg-preview.png","width":120,"height":120,"caption":"Calmon Divulga\u00e7\u00f5es"},"image":{"@id":"https:\/\/calmondivulgacoes.com.br\/#\/schema\/logo\/image\/"},"sameAs":["https:\/\/www.facebook.com\/calmondivulgacoes","https:\/\/www.instagram.com\/calmondivulgacoes\/"]},{"@type":"Person","@id":"https:\/\/calmondivulgacoes.com.br\/#\/schema\/person\/f51b6a75a3e31b01ea8f6fea23fc01fa","name":"Calmon Divulga\u00e7\u00f5es","image":{"@type":"ImageObject","inLanguage":"en-US","@id":"https:\/\/calmondivulgacoes.com.br\/wp-content\/litespeed\/avatar\/70d8f8af3b6e7945511481b97d22e67c.jpg?ver=1777223803","url":"https:\/\/calmondivulgacoes.com.br\/wp-content\/litespeed\/avatar\/70d8f8af3b6e7945511481b97d22e67c.jpg?ver=1777223803","contentUrl":"https:\/\/calmondivulgacoes.com.br\/wp-content\/litespeed\/avatar\/70d8f8af3b6e7945511481b97d22e67c.jpg?ver=1777223803","caption":"Calmon Divulga\u00e7\u00f5es"},"sameAs":["http:\/\/calmondivulgacoes.com.br"],"url":"https:\/\/calmondivulgacoes.com.br\/en\/autor\/calmondivulgacoesgmail-com\/"}]}},"uagb_featured_image_src":{"full":["https:\/\/calmondivulgacoes.com.br\/wp-content\/uploads\/2026\/04\/B5795755-C817-4942-B7E7-F7D6AD2EEA52.jpeg",1080,1350,false],"thumbnail":["https:\/\/calmondivulgacoes.com.br\/wp-content\/uploads\/2026\/04\/B5795755-C817-4942-B7E7-F7D6AD2EEA52-150x150.jpeg",150,150,true],"medium":["https:\/\/calmondivulgacoes.com.br\/wp-content\/uploads\/2026\/04\/B5795755-C817-4942-B7E7-F7D6AD2EEA52-240x300.jpeg",240,300,true],"medium_large":["https:\/\/calmondivulgacoes.com.br\/wp-content\/uploads\/2026\/04\/B5795755-C817-4942-B7E7-F7D6AD2EEA52-768x960.jpeg",640,800,true],"large":["https:\/\/calmondivulgacoes.com.br\/wp-content\/uploads\/2026\/04\/B5795755-C817-4942-B7E7-F7D6AD2EEA52-819x1024.jpeg",640,800,true],"1536x1536":["https:\/\/calmondivulgacoes.com.br\/wp-content\/uploads\/2026\/04\/B5795755-C817-4942-B7E7-F7D6AD2EEA52.jpeg",1080,1350,false],"2048x2048":["https:\/\/calmondivulgacoes.com.br\/wp-content\/uploads\/2026\/04\/B5795755-C817-4942-B7E7-F7D6AD2EEA52.jpeg",1080,1350,false],"trp-custom-language-flag":["https:\/\/calmondivulgacoes.com.br\/wp-content\/uploads\/2026\/04\/B5795755-C817-4942-B7E7-F7D6AD2EEA52.jpeg",10,12,false],"cvmm-medium":["https:\/\/calmondivulgacoes.com.br\/wp-content\/uploads\/2026\/04\/B5795755-C817-4942-B7E7-F7D6AD2EEA52-300x300.jpeg",300,300,true],"cvmm-medium-plus":["https:\/\/calmondivulgacoes.com.br\/wp-content\/uploads\/2026\/04\/B5795755-C817-4942-B7E7-F7D6AD2EEA52-305x207.jpeg",305,207,true],"cvmm-portrait":["https:\/\/calmondivulgacoes.com.br\/wp-content\/uploads\/2026\/04\/B5795755-C817-4942-B7E7-F7D6AD2EEA52-400x600.jpeg",400,600,true],"cvmm-medium-square":["https:\/\/calmondivulgacoes.com.br\/wp-content\/uploads\/2026\/04\/B5795755-C817-4942-B7E7-F7D6AD2EEA52-600x600.jpeg",600,600,true],"cvmm-large":["https:\/\/calmondivulgacoes.com.br\/wp-content\/uploads\/2026\/04\/B5795755-C817-4942-B7E7-F7D6AD2EEA52-1024x1024.jpeg",1024,1024,true],"cvmm-small":["https:\/\/calmondivulgacoes.com.br\/wp-content\/uploads\/2026\/04\/B5795755-C817-4942-B7E7-F7D6AD2EEA52-130x95.jpeg",130,95,true]},"uagb_author_info":{"display_name":"Calmon Divulga\u00e7\u00f5es","author_link":"https:\/\/calmondivulgacoes.com.br\/en\/autor\/calmondivulgacoesgmail-com\/"},"uagb_comment_info":0,"uagb_excerpt":"Hoje, 11 de abril, s\u00e1bado, o Prefeito Sampaio de Miguel Calmon est\u00e1 em Ipir\u00e1-BA, e o Governador Jer\u00f4nimo Rodrigues tamb\u00e9m. Sabemos que 2026 \u00e9 um ano de elei\u00e7\u00f5es. A presen\u00e7a de ambos no mesmo munic\u00edpio chama aten\u00e7\u00e3o no cen\u00e1rio pol\u00edtico local, especialmente em ano eleitoral. At\u00e9 o momento, n\u00e3o h\u00e1 posicionamento oficial sobre eventual apoio&hellip;","blog_post_layout_featured_media_urls":{"thumbnail":["https:\/\/calmondivulgacoes.com.br\/wp-content\/uploads\/2026\/04\/B5795755-C817-4942-B7E7-F7D6AD2EEA52-150x150.jpeg",150,150,true],"full":["https:\/\/calmondivulgacoes.com.br\/wp-content\/uploads\/2026\/04\/B5795755-C817-4942-B7E7-F7D6AD2EEA52.jpeg",1080,1350,false]},"categories_names":{"39":{"name":"Pol\u00edtica","link":"https:\/\/calmondivulgacoes.com.br\/en\/category\/politica\/"}},"tags_names":[],"comments_number":"0","wpmagazine_modules_lite_featured_media_urls":{"thumbnail":["https:\/\/calmondivulgacoes.com.br\/wp-content\/uploads\/2026\/04\/B5795755-C817-4942-B7E7-F7D6AD2EEA52-150x150.jpeg",150,150,true],"cvmm-medium":["https:\/\/calmondivulgacoes.com.br\/wp-content\/uploads\/2026\/04\/B5795755-C817-4942-B7E7-F7D6AD2EEA52-300x300.jpeg",300,300,true],"cvmm-medium-plus":["https:\/\/calmondivulgacoes.com.br\/wp-content\/uploads\/2026\/04\/B5795755-C817-4942-B7E7-F7D6AD2EEA52-305x207.jpeg",305,207,true],"cvmm-portrait":["https:\/\/calmondivulgacoes.com.br\/wp-content\/uploads\/2026\/04\/B5795755-C817-4942-B7E7-F7D6AD2EEA52-400x600.jpeg",400,600,true],"cvmm-medium-square":["https:\/\/calmondivulgacoes.com.br\/wp-content\/uploads\/2026\/04\/B5795755-C817-4942-B7E7-F7D6AD2EEA52-600x600.jpeg",600,600,true],"cvmm-large":["https:\/\/calmondivulgacoes.com.br\/wp-content\/uploads\/2026\/04\/B5795755-C817-4942-B7E7-F7D6AD2EEA52-1024x1024.jpeg",1024,1024,true],"cvmm-small":["https:\/\/calmondivulgacoes.com.br\/wp-content\/uploads\/2026\/04\/B5795755-C817-4942-B7E7-F7D6AD2EEA52-130x95.jpeg",130,95,true],"full":["https:\/\/calmondivulgacoes.com.br\/wp-content\/uploads\/2026\/04\/B5795755-C817-4942-B7E7-F7D6AD2EEA52.jpeg",1080,1350,false]},"_links":{"self":[{"href":"https:\/\/calmondivulgacoes.com.br\/en\/wp-json\/wp\/v2\/posts\/2881","targetHints":{"allow":["GET"]}}],"collection":[{"href":"https:\/\/calmondivulgacoes.com.br\/en\/wp-json\/wp\/v2\/posts"}],"about":[{"href":"https:\/\/calmondivulgacoes.com.br\/en\/wp-json\/wp\/v2\/types\/post"}],"author":[{"embeddable":true,"href":"https:\/\/calmondivulgacoes.com.br\/en\/wp-json\/wp\/v2\/users\/1"}],"replies":[{"embeddable":true,"href":"https:\/\/calmondivulgacoes.com.br\/en\/wp-json\/wp\/v2\/comments?post=2881"}],"version-history":[{"count":1,"href":"https:\/\/calmondivulgacoes.com.br\/en\/wp-json\/wp\/v2\/posts\/2881\/revisions"}],"predecessor-version":[{"id":2885,"href":"https:\/\/calmondivulgacoes.com.br\/en\/wp-json\/wp\/v2\/posts\/2881\/revisions\/2885"}],"wp:featuredmedia":[{"embeddable":true,"href":"https:\/\/calmondivulgacoes.com.br\/en\/wp-json\/wp\/v2\/media\/2905"}],"wp:attachment":[{"href":"https:\/\/calmondivulgacoes.com.br\/en\/wp-json\/wp\/v2\/media?parent=2881"}],"wp:term":[{"taxonomy":"category","embeddable":true,"href":"https:\/\/calmondivulgacoes.com.br\/en\/wp-json\/wp\/v2\/categories?post=2881"},{"taxonomy":"post_tag","embeddable":true,"href":"https:\/\/calmondivulgacoes.com.br\/en\/wp-json\/wp\/v2\/tags?post=2881"}],"curies":[{"name":"wp","href":"https:\/\/api.w.org\/{rel}","templated":true}]}}